{"id":104,"name":"Eduard Par\u00eds","url":"","description":"","link":"https:\/\/radiociutat.com\/es\/author\/eparis\/","slug":"eparis","meta":[],"yoast_head":"<!-- This site is optimized with the Yoast SEO Premium plugin v28.4 (Yoast SEO v28.4) - https:\/\/yoast.com\/product\/yoast-seo-premium-wordpress\/ -->\n<title>Eduard Par\u00eds, Autor a R\u00e0dio Ciutat de Tarragona<\/title>\n<meta name=\"robots\" content=\"index, follow, max-snippet:-1, max-image-preview:large, max-video-preview:-1\" \/>\n<link rel=\"canonical\" href=\"https:\/\/radiociutat.com\/es\/author\/eparis\/\" \/>\n<meta property=\"og:locale\" content=\"es_ES\" \/>\n<meta property=\"og:type\" content=\"profile\" \/>\n<meta property=\"og:title\" content=\"Eduard Par\u00eds\" \/>\n<meta property=\"og:url\" content=\"https:\/\/radiociutat.com\/author\/eparis\/\" \/>\n<meta property=\"og:site_name\" content=\"R\u00e0dio Ciutat de Tarragona\" \/>\n<meta property=\"og:image\" content=\"https:\/\/secure.gravatar.com\/avatar\/fcb54e8d4a400530135ab13edc78116efbfb98751d540f4dee294623d13fa19a?s=500&d=mm&r=g\" \/>\n<meta name=\"twitter:card\" content=\"summary_large_image\" \/>\n<meta name=\"twitter:site\" content=\"@RCTgn\" \/>\n<script type=\"application\/ld+json\" class=\"yoast-schema-graph\">{\"@context\":\"https:\\\/\\\/schema.org\",\"@graph\":[{\"@type\":\"ProfilePage\",\"@id\":\"https:\\\/\\\/radiociutat.com\\\/author\\\/eparis\\\/\",\"url\":\"https:\\\/\\\/radiociutat.com\\\/author\\\/eparis\\\/\",\"name\":\"Eduard Par\u00eds, Autor a R\u00e0dio Ciutat de Tarragona\",\"isPartOf\":{\"@id\":\"https:\\\/\\\/radiociutat.com\\\/es\\\/#website\"},\"breadcrumb\":{\"@id\":\"https:\\\/\\\/radiociutat.com\\\/author\\\/eparis\\\/#breadcrumb\"},\"inLanguage\":\"es\",\"potentialAction\":[{\"@type\":\"ReadAction\",\"target\":[\"https:\\\/\\\/radiociutat.com\\\/author\\\/eparis\\\/\"]}]},{\"@type\":\"BreadcrumbList\",\"@id\":\"https:\\\/\\\/radiociutat.com\\\/author\\\/eparis\\\/#breadcrumb\",\"itemListElement\":[{\"@type\":\"ListItem\",\"position\":1,\"name\":\"Inici\",\"item\":\"https:\\\/\\\/radiociutat.com\\\/es\\\/\"},{\"@type\":\"ListItem\",\"position\":2,\"name\":\"Arxius de Eduard Par\u00eds\"}]},{\"@type\":\"WebSite\",\"@id\":\"https:\\\/\\\/radiociutat.com\\\/es\\\/#website\",\"url\":\"https:\\\/\\\/radiociutat.com\\\/es\\\/\",\"name\":\"R\u00e0dio Ciutat de Tarragona\",\"description\":\"R\u00e0dio Ciutat de Tarragona - RCTgn.cat R\u00e0dio Online\",\"potentialAction\":[{\"@type\":\"SearchAction\",\"target\":{\"@type\":\"EntryPoint\",\"urlTemplate\":\"https:\\\/\\\/radiociutat.com\\\/es\\\/?s={search_term_string}\"},\"query-input\":{\"@type\":\"PropertyValueSpecification\",\"valueRequired\":true,\"valueName\":\"search_term_string\"}}],\"inLanguage\":\"es\"},{\"@type\":\"Person\",\"@id\":\"https:\\\/\\\/radiociutat.com\\\/es\\\/#\\\/schema\\\/person\\\/0e9e2a935ba5449ab0f804a7b413a7ca\",\"name\":\"Eduard Par\u00eds\",\"mainEntityOfPage\":{\"@id\":\"https:\\\/\\\/radiociutat.com\\\/author\\\/eparis\\\/\"}}]}<\/script>\n<!-- \/ Yoast SEO Premium plugin. -->","yoast_head_json":{"title":"Eduard Par\u00eds, Autor a R\u00e0dio Ciutat de Tarragona","robots":{"index":"index","follow":"follow","max-snippet":"max-snippet:-1","max-image-preview":"max-image-preview:large","max-video-preview":"max-video-preview:-1"},"canonical":"https:\/\/radiociutat.com\/es\/author\/eparis\/","og_locale":"es_ES","og_type":"profile","og_title":"Eduard Par\u00eds","og_url":"https:\/\/radiociutat.com\/author\/eparis\/","og_site_name":"R\u00e0dio Ciutat de Tarragona","og_image":[{"url":"https:\/\/secure.gravatar.com\/avatar\/fcb54e8d4a400530135ab13edc78116efbfb98751d540f4dee294623d13fa19a?s=500&d=mm&r=g","type":"","width":"","height":""}],"twitter_card":"summary_large_image","twitter_site":"@RCTgn","schema":{"@context":"https:\/\/schema.org","@graph":[{"@type":"ProfilePage","@id":"https:\/\/radiociutat.com\/author\/eparis\/","url":"https:\/\/radiociutat.com\/author\/eparis\/","name":"Eduard Par\u00eds, Autor a R\u00e0dio Ciutat de Tarragona","isPartOf":{"@id":"https:\/\/radiociutat.com\/es\/#website"},"breadcrumb":{"@id":"https:\/\/radiociutat.com\/author\/eparis\/#breadcrumb"},"inLanguage":"es","potentialAction":[{"@type":"ReadAction","target":["https:\/\/radiociutat.com\/author\/eparis\/"]}]},{"@type":"BreadcrumbList","@id":"https:\/\/radiociutat.com\/author\/eparis\/#breadcrumb","itemListElement":[{"@type":"ListItem","position":1,"name":"Inici","item":"https:\/\/radiociutat.com\/es\/"},{"@type":"ListItem","position":2,"name":"Arxius de Eduard Par\u00eds"}]},{"@type":"WebSite","@id":"https:\/\/radiociutat.com\/es\/#website","url":"https:\/\/radiociutat.com\/es\/","name":"R\u00e0dio Ciutat de Tarragona","description":"R\u00e0dio Ciutat de Tarragona - RCTgn.cat R\u00e0dio Online","potentialAction":[{"@type":"SearchAction","target":{"@type":"EntryPoint","urlTemplate":"https:\/\/radiociutat.com\/es\/?s={search_term_string}"},"query-input":{"@type":"PropertyValueSpecification","valueRequired":true,"valueName":"search_term_string"}}],"inLanguage":"es"},{"@type":"Person","@id":"https:\/\/radiociutat.com\/es\/#\/schema\/person\/0e9e2a935ba5449ab0f804a7b413a7ca","name":"Eduard Par\u00eds","mainEntityOfPage":{"@id":"https:\/\/radiociutat.com\/author\/eparis\/"}}]}},"_links":{"self":[{"href":"https:\/\/radiociutat.com\/es\/wp-json\/wp\/v2\/users\/104","targetHints":{"allow":["GET"]}}],"collection":[{"href":"https:\/\/radiociutat.com\/es\/wp-json\/wp\/v2\/users"}]}}