{"id":379290,"date":"2026-05-01T20:34:45","date_gmt":"2026-05-01T18:34:45","guid":{"rendered":"https:\/\/radiociutat.com\/programes-podcast\/los-sindicatos-destacan-en-tarragona-la-falta-de-inversiones-empresariales-tras-varios-ere-en-la-demarcacion\/"},"modified":"2026-05-01T20:34:45","modified_gmt":"2026-05-01T18:34:45","slug":"los-sindicatos-destacan-en-tarragona-la-falta-de-inversiones-empresariales-tras-varios-ere-en-la-demarcacion","status":"publish","type":"post","link":"https:\/\/radiociutat.com\/es\/ultimas-noticias\/cronicas\/los-sindicatos-destacan-en-tarragona-la-falta-de-inversiones-empresariales-tras-varios-ere-en-la-demarcacion\/","title":{"rendered":"Los sindicatos destacan en Tarragona la falta de inversiones empresariales tras varios ERE en la demarcaci\u00f3n"},"content":{"rendered":"\n<h2 class=\"wp-block-heading\" id=\"h-en-la-manifestacio-del-primer-de-maig-ccoo-i-ugt-reclamen-desencallar-el-conveni-del-sector-del-metall\">En la manifestaci\u00f3n del Primero de Mayo, CCOO y UGT reclaman desencallar el convenio del sector del metal<\/h2>\n\n\n\n<p>Centenares de personas han participado en Tarragona en la manifestaci\u00f3n convocada por UGT y CCOO con motivo del Primero de Mayo. Los sindicatos han puesto el foco en la falta de inversiones empresariales tras varios ERE en la demarcaci\u00f3n, como los planteados por las compa\u00f1\u00edas Nestl\u00e9 e International Paper. \u00abNo vemos inversiones en la qu\u00edmica, sino al contrario. Vemos un pol\u00edgono qu\u00edmico donde se est\u00e1n deshaciendo las empresas, las est\u00e1n haciendo m\u00e1s peque\u00f1as y no llegan las inversiones\u00bb, ha alertado Merc\u00e8 Puig, secretaria general de CCOO en Tarragona. Desde UGT tambi\u00e9n han reclamado desencallar el convenio del sector del metal, cuyas negociaciones se han reanudado hace dos semanas. La marcha ha recorrido el centro de la ciudad bajo el lema &#8216;Paz, techo y salario&#8217;.<\/p>\n\n\n\n<p>La secretaria general de CCOO en Tarragona, Merc\u00e8 Puig, ha se\u00f1alado la preocupaci\u00f3n de los sindicatos a ra\u00edz de los recientes anuncios de expedientes de regulaci\u00f3n de empleo en diversas compa\u00f1\u00edas con sede en las comarcas tarraconenses. De rebote, Puig tambi\u00e9n ha cargado contra la falta de inversiones para reconvertir el tejido empresarial de la zona. \u00abCuando las patronales empiezan a hablar entre ellas de que tendr\u00e1n que hacer ERE porque no llegan, hay cierres como el de International Paper y el paro est\u00e1 subiendo, ves que algo no est\u00e1 funcionando en nuestra casa\u00bb, ha aseverado. Seg\u00fan la \u00faltima Encuesta de Poblaci\u00f3n Activa (EPA),&nbsp;<a href=\"https:\/\/acn-portal.dam4cloud.com\/new\/latur-creix-en-mes-de-12000-persones-mes-al-camp-de-tarragona-i-les-terres-de-lebre-el-primer-trimestre-de-2026\/texts\">12.100 personas m\u00e1s pasaron al paro<\/a>&nbsp;durante el primer trimestre de este 2026 en el Camp de Tarragona y las Terres de l&#8217;Ebre. De esta manera, la cifra de parados se ha situado en 56.500 personas, un crecimiento superior al 28,3%.&nbsp;<\/p>\n\n\n\n<p>Una de las otras demandas territoriales de los sindicatos es desencallar el convenio del metal, dos semanas despu\u00e9s de que se hayan reanudado las negociaciones. \u00abEs un sector que ha sido sin\u00f3nimo de estabilidad para las personas y eso se est\u00e1 perdiendo. Lo que antes era clase media, que trabajaba normalmente en la industria bien pagada, ahora est\u00e1 m\u00e1s precarizada. Las empresas cada vez basan m\u00e1s su competitividad en precarizar a sus trabajadores\u00bb, ha espetado el secretario general de la UGT, Jorge Port\u00e9.<\/p>\n\n\n\n<p><strong>Tres muertos en accidentes laborales en cuatro meses<\/strong><\/p>\n\n\n\n<p>Por otro lado, Port\u00e9 tambi\u00e9n ha instado a las administraciones a actualizar la ley de prevenci\u00f3n de riesgos, despu\u00e9s de que se hayan registrado tres accidentes laborales mortales y m\u00e1s de 2.000 incidentes laborales en las comarcas tarraconenses y ebrenses en los primeros cuatro meses de 2026. En este sentido, ha reclamado endurecer sanciones y reforzar las tareas de inspecci\u00f3n.<\/p>\n\n\n\n<p>En una atenci\u00f3n previa a la marcha de la manifestaci\u00f3n, el delegado de UGT tambi\u00e9n ha pedido \u00abrespeto\u00bb ante el acuerdo alcanzado con el Gobierno en el \u00e1mbito de la educaci\u00f3n, el cual ha calificado de \u00abpositivo\u00bb.<\/p>\n\n\n\n<p>La manifestaci\u00f3n ha salido desde la plaza Imperial Tarraco y ha continuado por la avenida Prat de la Riba, la calle Ram\u00f3n y Cajal y ha culminado en el Monumento a los Ca\u00eddos (Monument dels Despullats), en la Rambla Nova. La convocatoria, amenizada por una batucada, ha reunido a medio millar de personas seg\u00fan fuentes policiales. A la marcha tambi\u00e9n se han unido otras reivindicaciones territoriales, como la del servicio de atenci\u00f3n de ictus en Tarragona 24\/7 o la mejora del servicio ferroviario, pero tambi\u00e9n globales, como la demanda de paz en el mundo o la denuncia de la crisis de la vivienda. As\u00ed, la protesta tambi\u00e9n ha clamado por la mejora salarial, por la reducci\u00f3n de la jornada laboral y la regularizaci\u00f3n extraordinaria de migrantes bajo el lema &#8216;Contra las guerras y el fascismo, m\u00e1s derechos y m\u00e1s sindicalismo&#8217;.<\/p>\n","protected":false},"excerpt":{"rendered":"<p>En la manifestaci\u00f3n del Primero de Mayo, CCOO y UGT reclaman desencallar el convenio del sector del metal Centenares de personas han participado en Tarragona en la manifestaci\u00f3n convocada por UGT y CCOO con motivo del Primero de Mayo. Los sindicatos han puesto el foco en la falta de inversiones empresariales tras varios ERE en [&hellip;]<\/p>\n","protected":false},"author":57,"featured_media":379286,"comment_status":"closed","ping_status":"closed","sticky":false,"template":"","format":"standard","meta":{"footnotes":""},"categories":[13688,13716],"tags":[15053,409,15052,19,390],"class_list":["post-379290","post","type-post","status-publish","format-standard","has-post-thumbnail","hentry","category-cronicas","category-ultimas-noticias","tag-1-de-maig","tag-ccoo","tag-manifestacio","tag-tarragona","tag-ugt"],"yoast_head":"<!-- This site is optimized with the Yoast SEO Premium plugin v27.4 (Yoast SEO v27.5) - https:\/\/yoast.com\/product\/yoast-seo-premium-wordpress\/ -->\n<title>Los sindicatos destacan en Tarragona la falta de inversiones empresariales tras varios ERE en la demarcaci\u00f3n - R\u00e0dio Ciutat de Tarragona<\/title>\n<meta name=\"robots\" content=\"index, follow, max-snippet:-1, max-image-preview:large, max-video-preview:-1\" \/>\n<link rel=\"canonical\" href=\"https:\/\/radiociutat.com\/es\/ultimas-noticias\/cronicas\/los-sindicatos-destacan-en-tarragona-la-falta-de-inversiones-empresariales-tras-varios-ere-en-la-demarcacion\/\" \/>\n<meta property=\"og:locale\" content=\"es_ES\" \/>\n<meta property=\"og:type\" content=\"article\" \/>\n<meta property=\"og:title\" content=\"Los sindicatos destacan en Tarragona la falta de inversiones empresariales tras varios ERE en la demarcaci\u00f3n\" \/>\n<meta property=\"og:description\" content=\"En la manifestaci\u00f3n del Primero de Mayo, CCOO y UGT reclaman desencallar el convenio del sector del metal Centenares de personas han participado en Tarragona en la manifestaci\u00f3n convocada por UGT y CCOO con motivo del Primero de Mayo. Los sindicatos han puesto el foco en la falta de inversiones empresariales tras varios ERE en [&hellip;]\" \/>\n<meta property=\"og:url\" content=\"https:\/\/radiociutat.com\/es\/ultimas-noticias\/cronicas\/los-sindicatos-destacan-en-tarragona-la-falta-de-inversiones-empresariales-tras-varios-ere-en-la-demarcacion\/\" \/>\n<meta property=\"og:site_name\" content=\"R\u00e0dio Ciutat de Tarragona\" \/>\n<meta property=\"article:publisher\" content=\"https:\/\/www.facebook.com\/rctgn\" \/>\n<meta property=\"article:published_time\" content=\"2026-05-01T18:34:45+00:00\" \/>\n<meta property=\"og:image\" content=\"https:\/\/files.radiociutat.com\/rctgn\/wp-content\/uploads\/2021\/03\/LOGO-RCTGN-RADIO-CIUTAT-DE-TARRAGONA-TRANSPARENTE-TARRAGONA-2020-3000X3000-Redes1-copia.png\" \/>\n\t<meta property=\"og:image:width\" content=\"3000\" \/>\n\t<meta property=\"og:image:height\" content=\"3000\" \/>\n\t<meta property=\"og:image:type\" content=\"image\/png\" \/>\n<meta name=\"author\" content=\"ACN\" \/>\n<meta name=\"twitter:card\" content=\"summary_large_image\" \/>\n<meta name=\"twitter:creator\" content=\"@RCTgn\" \/>\n<meta name=\"twitter:site\" content=\"@RCTgn\" \/>\n<meta name=\"twitter:label1\" content=\"Escrito por\" \/>\n\t<meta name=\"twitter:data1\" content=\"ACN\" \/>\n\t<meta name=\"twitter:label2\" content=\"Tiempo de lectura\" \/>\n\t<meta name=\"twitter:data2\" content=\"3 minutos\" \/>\n<script type=\"application\/ld+json\" class=\"yoast-schema-graph\">{\"@context\":\"https:\\\/\\\/schema.org\",\"@graph\":[{\"@type\":\"Article\",\"@id\":\"https:\\\/\\\/radiociutat.com\\\/es\\\/ultimas-noticias\\\/cronicas\\\/los-sindicatos-destacan-en-tarragona-la-falta-de-inversiones-empresariales-tras-varios-ere-en-la-demarcacion\\\/#article\",\"isPartOf\":{\"@id\":\"https:\\\/\\\/radiociutat.com\\\/es\\\/ultimas-noticias\\\/cronicas\\\/los-sindicatos-destacan-en-tarragona-la-falta-de-inversiones-empresariales-tras-varios-ere-en-la-demarcacion\\\/\"},\"author\":{\"name\":\"ACN\",\"@id\":\"https:\\\/\\\/radiociutat.com\\\/es\\\/#\\\/schema\\\/person\\\/ea8722499f2255e1477bd2975629dc71\"},\"headline\":\"Los sindicatos destacan en Tarragona la falta de inversiones empresariales tras varios ERE en la demarcaci\u00f3n\",\"datePublished\":\"2026-05-01T18:34:45+00:00\",\"mainEntityOfPage\":{\"@id\":\"https:\\\/\\\/radiociutat.com\\\/es\\\/ultimas-noticias\\\/cronicas\\\/los-sindicatos-destacan-en-tarragona-la-falta-de-inversiones-empresariales-tras-varios-ere-en-la-demarcacion\\\/\"},\"wordCount\":676,\"image\":{\"@id\":\"https:\\\/\\\/radiociutat.com\\\/es\\\/ultimas-noticias\\\/cronicas\\\/los-sindicatos-destacan-en-tarragona-la-falta-de-inversiones-empresariales-tras-varios-ere-en-la-demarcacion\\\/#primaryimage\"},\"thumbnailUrl\":\"https:\\\/\\\/files.radiociutat.com\\\/rctgn\\\/wp-content\\\/uploads\\\/2026\\\/05\\\/03787e13-458d-4e10-8d46-1846011c24c6-scaled.jpg\",\"keywords\":[\"1 de Maig\",\"CCOO\",\"Manifestaci\u00f3\",\"Tarragona\",\"UGT\"],\"articleSection\":[\"Cr\u00f3nicas\",\"\u00daltimas noticias\"],\"inLanguage\":\"es\"},{\"@type\":\"WebPage\",\"@id\":\"https:\\\/\\\/radiociutat.com\\\/es\\\/ultimas-noticias\\\/cronicas\\\/los-sindicatos-destacan-en-tarragona-la-falta-de-inversiones-empresariales-tras-varios-ere-en-la-demarcacion\\\/\",\"url\":\"https:\\\/\\\/radiociutat.com\\\/es\\\/ultimas-noticias\\\/cronicas\\\/los-sindicatos-destacan-en-tarragona-la-falta-de-inversiones-empresariales-tras-varios-ere-en-la-demarcacion\\\/\",\"name\":\"Los sindicatos destacan en Tarragona la falta de inversiones empresariales tras varios ERE en la demarcaci\u00f3n - R\u00e0dio Ciutat de Tarragona\",\"isPartOf\":{\"@id\":\"https:\\\/\\\/radiociutat.com\\\/es\\\/#website\"},\"primaryImageOfPage\":{\"@id\":\"https:\\\/\\\/radiociutat.com\\\/es\\\/ultimas-noticias\\\/cronicas\\\/los-sindicatos-destacan-en-tarragona-la-falta-de-inversiones-empresariales-tras-varios-ere-en-la-demarcacion\\\/#primaryimage\"},\"image\":{\"@id\":\"https:\\\/\\\/radiociutat.com\\\/es\\\/ultimas-noticias\\\/cronicas\\\/los-sindicatos-destacan-en-tarragona-la-falta-de-inversiones-empresariales-tras-varios-ere-en-la-demarcacion\\\/#primaryimage\"},\"thumbnailUrl\":\"https:\\\/\\\/files.radiociutat.com\\\/rctgn\\\/wp-content\\\/uploads\\\/2026\\\/05\\\/03787e13-458d-4e10-8d46-1846011c24c6-scaled.jpg\",\"datePublished\":\"2026-05-01T18:34:45+00:00\",\"author\":{\"@id\":\"https:\\\/\\\/radiociutat.com\\\/es\\\/#\\\/schema\\\/person\\\/ea8722499f2255e1477bd2975629dc71\"},\"breadcrumb\":{\"@id\":\"https:\\\/\\\/radiociutat.com\\\/es\\\/ultimas-noticias\\\/cronicas\\\/los-sindicatos-destacan-en-tarragona-la-falta-de-inversiones-empresariales-tras-varios-ere-en-la-demarcacion\\\/#breadcrumb\"},\"inLanguage\":\"es\",\"potentialAction\":[{\"@type\":\"ReadAction\",\"target\":[\"https:\\\/\\\/radiociutat.com\\\/es\\\/ultimas-noticias\\\/cronicas\\\/los-sindicatos-destacan-en-tarragona-la-falta-de-inversiones-empresariales-tras-varios-ere-en-la-demarcacion\\\/\"]}]},{\"@type\":\"ImageObject\",\"inLanguage\":\"es\",\"@id\":\"https:\\\/\\\/radiociutat.com\\\/es\\\/ultimas-noticias\\\/cronicas\\\/los-sindicatos-destacan-en-tarragona-la-falta-de-inversiones-empresariales-tras-varios-ere-en-la-demarcacion\\\/#primaryimage\",\"url\":\"https:\\\/\\\/files.radiociutat.com\\\/rctgn\\\/wp-content\\\/uploads\\\/2026\\\/05\\\/03787e13-458d-4e10-8d46-1846011c24c6-scaled.jpg\",\"contentUrl\":\"https:\\\/\\\/files.radiociutat.com\\\/rctgn\\\/wp-content\\\/uploads\\\/2026\\\/05\\\/03787e13-458d-4e10-8d46-1846011c24c6-scaled.jpg\",\"width\":2560,\"height\":1707,\"caption\":\"Tarragona 1 de Maig Manifestaci\u00f3\"},{\"@type\":\"BreadcrumbList\",\"@id\":\"https:\\\/\\\/radiociutat.com\\\/es\\\/ultimas-noticias\\\/cronicas\\\/los-sindicatos-destacan-en-tarragona-la-falta-de-inversiones-empresariales-tras-varios-ere-en-la-demarcacion\\\/#breadcrumb\",\"itemListElement\":[{\"@type\":\"ListItem\",\"position\":1,\"name\":\"Inici\",\"item\":\"https:\\\/\\\/radiociutat.com\\\/es\\\/\"},{\"@type\":\"ListItem\",\"position\":2,\"name\":\"Los sindicatos destacan en Tarragona la falta de inversiones empresariales tras varios ERE en la demarcaci\u00f3n\"}]},{\"@type\":\"WebSite\",\"@id\":\"https:\\\/\\\/radiociutat.com\\\/es\\\/#website\",\"url\":\"https:\\\/\\\/radiociutat.com\\\/es\\\/\",\"name\":\"R\u00e0dio Ciutat de Tarragona\",\"description\":\"R\u00e0dio Ciutat de Tarragona - RCTgn.cat R\u00e0dio Online\",\"potentialAction\":[{\"@type\":\"SearchAction\",\"target\":{\"@type\":\"EntryPoint\",\"urlTemplate\":\"https:\\\/\\\/radiociutat.com\\\/es\\\/?s={search_term_string}\"},\"query-input\":{\"@type\":\"PropertyValueSpecification\",\"valueRequired\":true,\"valueName\":\"search_term_string\"}}],\"inLanguage\":\"es\"},{\"@type\":\"Person\",\"@id\":\"https:\\\/\\\/radiociutat.com\\\/es\\\/#\\\/schema\\\/person\\\/ea8722499f2255e1477bd2975629dc71\",\"name\":\"ACN\",\"sameAs\":[\"https:\\\/\\\/radiociutat.com\\\/wp-content\\\/uploads\\\/2023\\\/09\\\/acn-e1694789176650.png\"],\"url\":\"https:\\\/\\\/radiociutat.com\\\/es\\\/author\\\/acn\\\/\"}]}<\/script>\n<!-- \/ Yoast SEO Premium plugin. -->","yoast_head_json":{"title":"Los sindicatos destacan en Tarragona la falta de inversiones empresariales tras varios ERE en la demarcaci\u00f3n - R\u00e0dio Ciutat de Tarragona","robots":{"index":"index","follow":"follow","max-snippet":"max-snippet:-1","max-image-preview":"max-image-preview:large","max-video-preview":"max-video-preview:-1"},"canonical":"https:\/\/radiociutat.com\/es\/ultimas-noticias\/cronicas\/los-sindicatos-destacan-en-tarragona-la-falta-de-inversiones-empresariales-tras-varios-ere-en-la-demarcacion\/","og_locale":"es_ES","og_type":"article","og_title":"Los sindicatos destacan en Tarragona la falta de inversiones empresariales tras varios ERE en la demarcaci\u00f3n","og_description":"En la manifestaci\u00f3n del Primero de Mayo, CCOO y UGT reclaman desencallar el convenio del sector del metal Centenares de personas han participado en Tarragona en la manifestaci\u00f3n convocada por UGT y CCOO con motivo del Primero de Mayo. Los sindicatos han puesto el foco en la falta de inversiones empresariales tras varios ERE en [&hellip;]","og_url":"https:\/\/radiociutat.com\/es\/ultimas-noticias\/cronicas\/los-sindicatos-destacan-en-tarragona-la-falta-de-inversiones-empresariales-tras-varios-ere-en-la-demarcacion\/","og_site_name":"R\u00e0dio Ciutat de Tarragona","article_publisher":"https:\/\/www.facebook.com\/rctgn","article_published_time":"2026-05-01T18:34:45+00:00","og_image":[{"width":3000,"height":3000,"url":"https:\/\/files.radiociutat.com\/rctgn\/wp-content\/uploads\/2021\/03\/LOGO-RCTGN-RADIO-CIUTAT-DE-TARRAGONA-TRANSPARENTE-TARRAGONA-2020-3000X3000-Redes1-copia.png","type":"image\/png"}],"author":"ACN","twitter_card":"summary_large_image","twitter_creator":"@RCTgn","twitter_site":"@RCTgn","twitter_misc":{"Escrito por":"ACN","Tiempo de lectura":"3 minutos"},"schema":{"@context":"https:\/\/schema.org","@graph":[{"@type":"Article","@id":"https:\/\/radiociutat.com\/es\/ultimas-noticias\/cronicas\/los-sindicatos-destacan-en-tarragona-la-falta-de-inversiones-empresariales-tras-varios-ere-en-la-demarcacion\/#article","isPartOf":{"@id":"https:\/\/radiociutat.com\/es\/ultimas-noticias\/cronicas\/los-sindicatos-destacan-en-tarragona-la-falta-de-inversiones-empresariales-tras-varios-ere-en-la-demarcacion\/"},"author":{"name":"ACN","@id":"https:\/\/radiociutat.com\/es\/#\/schema\/person\/ea8722499f2255e1477bd2975629dc71"},"headline":"Los sindicatos destacan en Tarragona la falta de inversiones empresariales tras varios ERE en la demarcaci\u00f3n","datePublished":"2026-05-01T18:34:45+00:00","mainEntityOfPage":{"@id":"https:\/\/radiociutat.com\/es\/ultimas-noticias\/cronicas\/los-sindicatos-destacan-en-tarragona-la-falta-de-inversiones-empresariales-tras-varios-ere-en-la-demarcacion\/"},"wordCount":676,"image":{"@id":"https:\/\/radiociutat.com\/es\/ultimas-noticias\/cronicas\/los-sindicatos-destacan-en-tarragona-la-falta-de-inversiones-empresariales-tras-varios-ere-en-la-demarcacion\/#primaryimage"},"thumbnailUrl":"https:\/\/files.radiociutat.com\/rctgn\/wp-content\/uploads\/2026\/05\/03787e13-458d-4e10-8d46-1846011c24c6-scaled.jpg","keywords":["1 de Maig","CCOO","Manifestaci\u00f3","Tarragona","UGT"],"articleSection":["Cr\u00f3nicas","\u00daltimas noticias"],"inLanguage":"es"},{"@type":"WebPage","@id":"https:\/\/radiociutat.com\/es\/ultimas-noticias\/cronicas\/los-sindicatos-destacan-en-tarragona-la-falta-de-inversiones-empresariales-tras-varios-ere-en-la-demarcacion\/","url":"https:\/\/radiociutat.com\/es\/ultimas-noticias\/cronicas\/los-sindicatos-destacan-en-tarragona-la-falta-de-inversiones-empresariales-tras-varios-ere-en-la-demarcacion\/","name":"Los sindicatos destacan en Tarragona la falta de inversiones empresariales tras varios ERE en la demarcaci\u00f3n - R\u00e0dio Ciutat de Tarragona","isPartOf":{"@id":"https:\/\/radiociutat.com\/es\/#website"},"primaryImageOfPage":{"@id":"https:\/\/radiociutat.com\/es\/ultimas-noticias\/cronicas\/los-sindicatos-destacan-en-tarragona-la-falta-de-inversiones-empresariales-tras-varios-ere-en-la-demarcacion\/#primaryimage"},"image":{"@id":"https:\/\/radiociutat.com\/es\/ultimas-noticias\/cronicas\/los-sindicatos-destacan-en-tarragona-la-falta-de-inversiones-empresariales-tras-varios-ere-en-la-demarcacion\/#primaryimage"},"thumbnailUrl":"https:\/\/files.radiociutat.com\/rctgn\/wp-content\/uploads\/2026\/05\/03787e13-458d-4e10-8d46-1846011c24c6-scaled.jpg","datePublished":"2026-05-01T18:34:45+00:00","author":{"@id":"https:\/\/radiociutat.com\/es\/#\/schema\/person\/ea8722499f2255e1477bd2975629dc71"},"breadcrumb":{"@id":"https:\/\/radiociutat.com\/es\/ultimas-noticias\/cronicas\/los-sindicatos-destacan-en-tarragona-la-falta-de-inversiones-empresariales-tras-varios-ere-en-la-demarcacion\/#breadcrumb"},"inLanguage":"es","potentialAction":[{"@type":"ReadAction","target":["https:\/\/radiociutat.com\/es\/ultimas-noticias\/cronicas\/los-sindicatos-destacan-en-tarragona-la-falta-de-inversiones-empresariales-tras-varios-ere-en-la-demarcacion\/"]}]},{"@type":"ImageObject","inLanguage":"es","@id":"https:\/\/radiociutat.com\/es\/ultimas-noticias\/cronicas\/los-sindicatos-destacan-en-tarragona-la-falta-de-inversiones-empresariales-tras-varios-ere-en-la-demarcacion\/#primaryimage","url":"https:\/\/files.radiociutat.com\/rctgn\/wp-content\/uploads\/2026\/05\/03787e13-458d-4e10-8d46-1846011c24c6-scaled.jpg","contentUrl":"https:\/\/files.radiociutat.com\/rctgn\/wp-content\/uploads\/2026\/05\/03787e13-458d-4e10-8d46-1846011c24c6-scaled.jpg","width":2560,"height":1707,"caption":"Tarragona 1 de Maig Manifestaci\u00f3"},{"@type":"BreadcrumbList","@id":"https:\/\/radiociutat.com\/es\/ultimas-noticias\/cronicas\/los-sindicatos-destacan-en-tarragona-la-falta-de-inversiones-empresariales-tras-varios-ere-en-la-demarcacion\/#breadcrumb","itemListElement":[{"@type":"ListItem","position":1,"name":"Inici","item":"https:\/\/radiociutat.com\/es\/"},{"@type":"ListItem","position":2,"name":"Los sindicatos destacan en Tarragona la falta de inversiones empresariales tras varios ERE en la demarcaci\u00f3n"}]},{"@type":"WebSite","@id":"https:\/\/radiociutat.com\/es\/#website","url":"https:\/\/radiociutat.com\/es\/","name":"R\u00e0dio Ciutat de Tarragona","description":"R\u00e0dio Ciutat de Tarragona - RCTgn.cat R\u00e0dio Online","potentialAction":[{"@type":"SearchAction","target":{"@type":"EntryPoint","urlTemplate":"https:\/\/radiociutat.com\/es\/?s={search_term_string}"},"query-input":{"@type":"PropertyValueSpecification","valueRequired":true,"valueName":"search_term_string"}}],"inLanguage":"es"},{"@type":"Person","@id":"https:\/\/radiociutat.com\/es\/#\/schema\/person\/ea8722499f2255e1477bd2975629dc71","name":"ACN","sameAs":["https:\/\/radiociutat.com\/wp-content\/uploads\/2023\/09\/acn-e1694789176650.png"],"url":"https:\/\/radiociutat.com\/es\/author\/acn\/"}]}},"_links":{"self":[{"href":"https:\/\/radiociutat.com\/es\/wp-json\/wp\/v2\/posts\/379290","targetHints":{"allow":["GET"]}}],"collection":[{"href":"https:\/\/radiociutat.com\/es\/wp-json\/wp\/v2\/posts"}],"about":[{"href":"https:\/\/radiociutat.com\/es\/wp-json\/wp\/v2\/types\/post"}],"author":[{"embeddable":true,"href":"https:\/\/radiociutat.com\/es\/wp-json\/wp\/v2\/users\/57"}],"replies":[{"embeddable":true,"href":"https:\/\/radiociutat.com\/es\/wp-json\/wp\/v2\/comments?post=379290"}],"version-history":[{"count":0,"href":"https:\/\/radiociutat.com\/es\/wp-json\/wp\/v2\/posts\/379290\/revisions"}],"wp:featuredmedia":[{"embeddable":true,"href":"https:\/\/radiociutat.com\/es\/wp-json\/wp\/v2\/media\/379286"}],"wp:attachment":[{"href":"https:\/\/radiociutat.com\/es\/wp-json\/wp\/v2\/media?parent=379290"}],"wp:term":[{"taxonomy":"category","embeddable":true,"href":"https:\/\/radiociutat.com\/es\/wp-json\/wp\/v2\/categories?post=379290"},{"taxonomy":"post_tag","embeddable":true,"href":"https:\/\/radiociutat.com\/es\/wp-json\/wp\/v2\/tags?post=379290"}],"curies":[{"name":"wp","href":"https:\/\/api.w.org\/{rel}","templated":true}]}}