{"id":379287,"date":"2026-05-01T20:28:03","date_gmt":"2026-05-01T18:28:03","guid":{"rendered":"https:\/\/radiociutat.com\/programes-podcast\/el-colegio-oficial-de-enfermeras-y-enfermeros-de-tarragona-denuncia-la-falta-de-matronas-en-la-provincia\/"},"modified":"2026-05-01T20:28:03","modified_gmt":"2026-05-01T18:28:03","slug":"el-colegio-oficial-de-enfermeras-y-enfermeros-de-tarragona-denuncia-la-falta-de-matronas-en-la-provincia","status":"publish","type":"post","link":"https:\/\/radiociutat.com\/es\/ultimas-noticias\/cronicas\/el-colegio-oficial-de-enfermeras-y-enfermeros-de-tarragona-denuncia-la-falta-de-matronas-en-la-provincia\/","title":{"rendered":"El Colegio Oficial de Enfermeras y Enfermeros de Tarragona denuncia la falta de matronas en la provincia"},"content":{"rendered":"\n<h3 class=\"wp-block-heading\" id=\"h-segons-l-organisme-existeix-un-risc-de-col-lapse-funcional-si-no-hi-ha-relleu-generacional-en-els-proxims-set-anys\">Seg\u00fan el organismo, existe un riesgo de colapso funcional si no hay relevo generacional en los pr\u00f3ximos siete a\u00f1os<\/h3>\n\n\n\n<p>El Colegio Oficial de Enfermeras y Enfermeros de Tarragona (CODITA) denuncia la falta de matronas en la provincia y alerta del riesgo de colapso funcional en caso de que no haya relevo generacional. Por ahora, en las comarcas de Tarragona y las Tierras del Ebro hay 116 matronas en activo, una cifra que califican de \u00abinsuficiente\u00bb para cubrir las necesidades de la poblaci\u00f3n. A su vez, CODITA apunta que hasta 2040 se jubilar\u00e1n 36 matronas, la mayor\u00eda de las cuales se concentrar\u00e1n entre 2029 y 2036, con un pico \u00abespecialmente cr\u00edtico\u00bb en el a\u00f1o 2033. Por todo ello, el organismo reclama una \u00abplanificaci\u00f3n adecuada\u00bb de la dotaci\u00f3n de matronas para afrontar la situaci\u00f3n con relevo generacional.<\/p>\n\n\n\n<p>Seg\u00fan CODITA, entre un 20% y un 40% de las mujeres viven el parto como una experiencia traum\u00e1tica. Coincidiendo con el d\u00eda mundial de la matrona, el Colegio ha organizado una jornada profesional en Valls, en la que se pondr\u00e1n sobre la mesa cuestiones como partos complejos, la salud perinatal y el trauma postparto, la salud sexual de los j\u00f3venes, la mutilaci\u00f3n genital femenina o un taller sobre la conciencia corporal, entre otros.<\/p>\n","protected":false},"excerpt":{"rendered":"<p>Seg\u00fan el organismo, existe un riesgo de colapso funcional si no hay relevo generacional en los pr\u00f3ximos siete a\u00f1os El Colegio Oficial de Enfermeras y Enfermeros de Tarragona (CODITA) denuncia la falta de matronas en la provincia y alerta del riesgo de colapso funcional en caso de que no haya relevo generacional. Por ahora, en [&hellip;]<\/p>\n","protected":false},"author":57,"featured_media":315784,"comment_status":"closed","ping_status":"closed","sticky":false,"template":"","format":"standard","meta":{"footnotes":""},"categories":[13688,13716],"tags":[7246,15049,19],"class_list":["post-379287","post","type-post","status-publish","format-standard","has-post-thumbnail","hentry","category-cronicas","category-ultimas-noticias","tag-infermeres","tag-llevadores","tag-tarragona"],"yoast_head":"<!-- This site is optimized with the Yoast SEO Premium plugin v27.4 (Yoast SEO v27.5) - https:\/\/yoast.com\/product\/yoast-seo-premium-wordpress\/ -->\n<title>El Colegio Oficial de Enfermeras y Enfermeros de Tarragona denuncia la falta de matronas en la provincia - R\u00e0dio Ciutat de Tarragona<\/title>\n<meta name=\"robots\" content=\"index, follow, max-snippet:-1, max-image-preview:large, max-video-preview:-1\" \/>\n<link rel=\"canonical\" href=\"https:\/\/radiociutat.com\/es\/ultimas-noticias\/cronicas\/el-colegio-oficial-de-enfermeras-y-enfermeros-de-tarragona-denuncia-la-falta-de-matronas-en-la-provincia\/\" \/>\n<meta property=\"og:locale\" content=\"es_ES\" \/>\n<meta property=\"og:type\" content=\"article\" \/>\n<meta property=\"og:title\" content=\"El Colegio Oficial de Enfermeras y Enfermeros de Tarragona denuncia la falta de matronas en la provincia\" \/>\n<meta property=\"og:description\" content=\"Seg\u00fan el organismo, existe un riesgo de colapso funcional si no hay relevo generacional en los pr\u00f3ximos siete a\u00f1os El Colegio Oficial de Enfermeras y Enfermeros de Tarragona (CODITA) denuncia la falta de matronas en la provincia y alerta del riesgo de colapso funcional en caso de que no haya relevo generacional. Por ahora, en [&hellip;]\" \/>\n<meta property=\"og:url\" content=\"https:\/\/radiociutat.com\/es\/ultimas-noticias\/cronicas\/el-colegio-oficial-de-enfermeras-y-enfermeros-de-tarragona-denuncia-la-falta-de-matronas-en-la-provincia\/\" \/>\n<meta property=\"og:site_name\" content=\"R\u00e0dio Ciutat de Tarragona\" \/>\n<meta property=\"article:publisher\" content=\"https:\/\/www.facebook.com\/rctgn\" \/>\n<meta property=\"article:published_time\" content=\"2026-05-01T18:28:03+00:00\" \/>\n<meta property=\"og:image\" content=\"https:\/\/files.radiociutat.com\/rctgn\/wp-content\/uploads\/2021\/03\/LOGO-RCTGN-RADIO-CIUTAT-DE-TARRAGONA-TRANSPARENTE-TARRAGONA-2020-3000X3000-Redes1-copia.png\" \/>\n\t<meta property=\"og:image:width\" content=\"3000\" \/>\n\t<meta property=\"og:image:height\" content=\"3000\" \/>\n\t<meta property=\"og:image:type\" content=\"image\/png\" \/>\n<meta name=\"author\" content=\"ACN\" \/>\n<meta name=\"twitter:card\" content=\"summary_large_image\" \/>\n<meta name=\"twitter:creator\" content=\"@RCTgn\" \/>\n<meta name=\"twitter:site\" content=\"@RCTgn\" \/>\n<meta name=\"twitter:label1\" content=\"Escrito por\" \/>\n\t<meta name=\"twitter:data1\" content=\"ACN\" \/>\n\t<meta name=\"twitter:label2\" content=\"Tiempo de lectura\" \/>\n\t<meta name=\"twitter:data2\" content=\"1 minuto\" \/>\n<script type=\"application\/ld+json\" class=\"yoast-schema-graph\">{\"@context\":\"https:\\\/\\\/schema.org\",\"@graph\":[{\"@type\":\"Article\",\"@id\":\"https:\\\/\\\/radiociutat.com\\\/es\\\/ultimas-noticias\\\/cronicas\\\/el-colegio-oficial-de-enfermeras-y-enfermeros-de-tarragona-denuncia-la-falta-de-matronas-en-la-provincia\\\/#article\",\"isPartOf\":{\"@id\":\"https:\\\/\\\/radiociutat.com\\\/es\\\/ultimas-noticias\\\/cronicas\\\/el-colegio-oficial-de-enfermeras-y-enfermeros-de-tarragona-denuncia-la-falta-de-matronas-en-la-provincia\\\/\"},\"author\":{\"name\":\"ACN\",\"@id\":\"https:\\\/\\\/radiociutat.com\\\/es\\\/#\\\/schema\\\/person\\\/ea8722499f2255e1477bd2975629dc71\"},\"headline\":\"El Colegio Oficial de Enfermeras y Enfermeros de Tarragona denuncia la falta de matronas en la provincia\",\"datePublished\":\"2026-05-01T18:28:03+00:00\",\"mainEntityOfPage\":{\"@id\":\"https:\\\/\\\/radiociutat.com\\\/es\\\/ultimas-noticias\\\/cronicas\\\/el-colegio-oficial-de-enfermeras-y-enfermeros-de-tarragona-denuncia-la-falta-de-matronas-en-la-provincia\\\/\"},\"wordCount\":235,\"image\":{\"@id\":\"https:\\\/\\\/radiociutat.com\\\/es\\\/ultimas-noticias\\\/cronicas\\\/el-colegio-oficial-de-enfermeras-y-enfermeros-de-tarragona-denuncia-la-falta-de-matronas-en-la-provincia\\\/#primaryimage\"},\"thumbnailUrl\":\"https:\\\/\\\/files.radiociutat.com\\\/rctgn\\\/wp-content\\\/uploads\\\/2022\\\/06\\\/Infermeria-scaled-e1654166012366.jpg\",\"keywords\":[\"Infermeres\",\"Llevadores\",\"Tarragona\"],\"articleSection\":[\"Cr\u00f3nicas\",\"\u00daltimas noticias\"],\"inLanguage\":\"es\"},{\"@type\":\"WebPage\",\"@id\":\"https:\\\/\\\/radiociutat.com\\\/es\\\/ultimas-noticias\\\/cronicas\\\/el-colegio-oficial-de-enfermeras-y-enfermeros-de-tarragona-denuncia-la-falta-de-matronas-en-la-provincia\\\/\",\"url\":\"https:\\\/\\\/radiociutat.com\\\/es\\\/ultimas-noticias\\\/cronicas\\\/el-colegio-oficial-de-enfermeras-y-enfermeros-de-tarragona-denuncia-la-falta-de-matronas-en-la-provincia\\\/\",\"name\":\"El Colegio Oficial de Enfermeras y Enfermeros de Tarragona denuncia la falta de matronas en la provincia - R\u00e0dio Ciutat de Tarragona\",\"isPartOf\":{\"@id\":\"https:\\\/\\\/radiociutat.com\\\/es\\\/#website\"},\"primaryImageOfPage\":{\"@id\":\"https:\\\/\\\/radiociutat.com\\\/es\\\/ultimas-noticias\\\/cronicas\\\/el-colegio-oficial-de-enfermeras-y-enfermeros-de-tarragona-denuncia-la-falta-de-matronas-en-la-provincia\\\/#primaryimage\"},\"image\":{\"@id\":\"https:\\\/\\\/radiociutat.com\\\/es\\\/ultimas-noticias\\\/cronicas\\\/el-colegio-oficial-de-enfermeras-y-enfermeros-de-tarragona-denuncia-la-falta-de-matronas-en-la-provincia\\\/#primaryimage\"},\"thumbnailUrl\":\"https:\\\/\\\/files.radiociutat.com\\\/rctgn\\\/wp-content\\\/uploads\\\/2022\\\/06\\\/Infermeria-scaled-e1654166012366.jpg\",\"datePublished\":\"2026-05-01T18:28:03+00:00\",\"author\":{\"@id\":\"https:\\\/\\\/radiociutat.com\\\/es\\\/#\\\/schema\\\/person\\\/ea8722499f2255e1477bd2975629dc71\"},\"breadcrumb\":{\"@id\":\"https:\\\/\\\/radiociutat.com\\\/es\\\/ultimas-noticias\\\/cronicas\\\/el-colegio-oficial-de-enfermeras-y-enfermeros-de-tarragona-denuncia-la-falta-de-matronas-en-la-provincia\\\/#breadcrumb\"},\"inLanguage\":\"es\",\"potentialAction\":[{\"@type\":\"ReadAction\",\"target\":[\"https:\\\/\\\/radiociutat.com\\\/es\\\/ultimas-noticias\\\/cronicas\\\/el-colegio-oficial-de-enfermeras-y-enfermeros-de-tarragona-denuncia-la-falta-de-matronas-en-la-provincia\\\/\"]}]},{\"@type\":\"ImageObject\",\"inLanguage\":\"es\",\"@id\":\"https:\\\/\\\/radiociutat.com\\\/es\\\/ultimas-noticias\\\/cronicas\\\/el-colegio-oficial-de-enfermeras-y-enfermeros-de-tarragona-denuncia-la-falta-de-matronas-en-la-provincia\\\/#primaryimage\",\"url\":\"https:\\\/\\\/files.radiociutat.com\\\/rctgn\\\/wp-content\\\/uploads\\\/2022\\\/06\\\/Infermeria-scaled-e1654166012366.jpg\",\"contentUrl\":\"https:\\\/\\\/files.radiociutat.com\\\/rctgn\\\/wp-content\\\/uploads\\\/2022\\\/06\\\/Infermeria-scaled-e1654166012366.jpg\",\"width\":590,\"height\":393,\"caption\":\"Infermera\"},{\"@type\":\"BreadcrumbList\",\"@id\":\"https:\\\/\\\/radiociutat.com\\\/es\\\/ultimas-noticias\\\/cronicas\\\/el-colegio-oficial-de-enfermeras-y-enfermeros-de-tarragona-denuncia-la-falta-de-matronas-en-la-provincia\\\/#breadcrumb\",\"itemListElement\":[{\"@type\":\"ListItem\",\"position\":1,\"name\":\"Inici\",\"item\":\"https:\\\/\\\/radiociutat.com\\\/es\\\/\"},{\"@type\":\"ListItem\",\"position\":2,\"name\":\"El Colegio Oficial de Enfermeras y Enfermeros de Tarragona denuncia la falta de matronas en la provincia\"}]},{\"@type\":\"WebSite\",\"@id\":\"https:\\\/\\\/radiociutat.com\\\/es\\\/#website\",\"url\":\"https:\\\/\\\/radiociutat.com\\\/es\\\/\",\"name\":\"R\u00e0dio Ciutat de Tarragona\",\"description\":\"R\u00e0dio Ciutat de Tarragona - RCTgn.cat R\u00e0dio Online\",\"potentialAction\":[{\"@type\":\"SearchAction\",\"target\":{\"@type\":\"EntryPoint\",\"urlTemplate\":\"https:\\\/\\\/radiociutat.com\\\/es\\\/?s={search_term_string}\"},\"query-input\":{\"@type\":\"PropertyValueSpecification\",\"valueRequired\":true,\"valueName\":\"search_term_string\"}}],\"inLanguage\":\"es\"},{\"@type\":\"Person\",\"@id\":\"https:\\\/\\\/radiociutat.com\\\/es\\\/#\\\/schema\\\/person\\\/ea8722499f2255e1477bd2975629dc71\",\"name\":\"ACN\",\"sameAs\":[\"https:\\\/\\\/radiociutat.com\\\/wp-content\\\/uploads\\\/2023\\\/09\\\/acn-e1694789176650.png\"],\"url\":\"https:\\\/\\\/radiociutat.com\\\/es\\\/author\\\/acn\\\/\"}]}<\/script>\n<!-- \/ Yoast SEO Premium plugin. -->","yoast_head_json":{"title":"El Colegio Oficial de Enfermeras y Enfermeros de Tarragona denuncia la falta de matronas en la provincia - R\u00e0dio Ciutat de Tarragona","robots":{"index":"index","follow":"follow","max-snippet":"max-snippet:-1","max-image-preview":"max-image-preview:large","max-video-preview":"max-video-preview:-1"},"canonical":"https:\/\/radiociutat.com\/es\/ultimas-noticias\/cronicas\/el-colegio-oficial-de-enfermeras-y-enfermeros-de-tarragona-denuncia-la-falta-de-matronas-en-la-provincia\/","og_locale":"es_ES","og_type":"article","og_title":"El Colegio Oficial de Enfermeras y Enfermeros de Tarragona denuncia la falta de matronas en la provincia","og_description":"Seg\u00fan el organismo, existe un riesgo de colapso funcional si no hay relevo generacional en los pr\u00f3ximos siete a\u00f1os El Colegio Oficial de Enfermeras y Enfermeros de Tarragona (CODITA) denuncia la falta de matronas en la provincia y alerta del riesgo de colapso funcional en caso de que no haya relevo generacional. Por ahora, en [&hellip;]","og_url":"https:\/\/radiociutat.com\/es\/ultimas-noticias\/cronicas\/el-colegio-oficial-de-enfermeras-y-enfermeros-de-tarragona-denuncia-la-falta-de-matronas-en-la-provincia\/","og_site_name":"R\u00e0dio Ciutat de Tarragona","article_publisher":"https:\/\/www.facebook.com\/rctgn","article_published_time":"2026-05-01T18:28:03+00:00","og_image":[{"width":3000,"height":3000,"url":"https:\/\/files.radiociutat.com\/rctgn\/wp-content\/uploads\/2021\/03\/LOGO-RCTGN-RADIO-CIUTAT-DE-TARRAGONA-TRANSPARENTE-TARRAGONA-2020-3000X3000-Redes1-copia.png","type":"image\/png"}],"author":"ACN","twitter_card":"summary_large_image","twitter_creator":"@RCTgn","twitter_site":"@RCTgn","twitter_misc":{"Escrito por":"ACN","Tiempo de lectura":"1 minuto"},"schema":{"@context":"https:\/\/schema.org","@graph":[{"@type":"Article","@id":"https:\/\/radiociutat.com\/es\/ultimas-noticias\/cronicas\/el-colegio-oficial-de-enfermeras-y-enfermeros-de-tarragona-denuncia-la-falta-de-matronas-en-la-provincia\/#article","isPartOf":{"@id":"https:\/\/radiociutat.com\/es\/ultimas-noticias\/cronicas\/el-colegio-oficial-de-enfermeras-y-enfermeros-de-tarragona-denuncia-la-falta-de-matronas-en-la-provincia\/"},"author":{"name":"ACN","@id":"https:\/\/radiociutat.com\/es\/#\/schema\/person\/ea8722499f2255e1477bd2975629dc71"},"headline":"El Colegio Oficial de Enfermeras y Enfermeros de Tarragona denuncia la falta de matronas en la provincia","datePublished":"2026-05-01T18:28:03+00:00","mainEntityOfPage":{"@id":"https:\/\/radiociutat.com\/es\/ultimas-noticias\/cronicas\/el-colegio-oficial-de-enfermeras-y-enfermeros-de-tarragona-denuncia-la-falta-de-matronas-en-la-provincia\/"},"wordCount":235,"image":{"@id":"https:\/\/radiociutat.com\/es\/ultimas-noticias\/cronicas\/el-colegio-oficial-de-enfermeras-y-enfermeros-de-tarragona-denuncia-la-falta-de-matronas-en-la-provincia\/#primaryimage"},"thumbnailUrl":"https:\/\/files.radiociutat.com\/rctgn\/wp-content\/uploads\/2022\/06\/Infermeria-scaled-e1654166012366.jpg","keywords":["Infermeres","Llevadores","Tarragona"],"articleSection":["Cr\u00f3nicas","\u00daltimas noticias"],"inLanguage":"es"},{"@type":"WebPage","@id":"https:\/\/radiociutat.com\/es\/ultimas-noticias\/cronicas\/el-colegio-oficial-de-enfermeras-y-enfermeros-de-tarragona-denuncia-la-falta-de-matronas-en-la-provincia\/","url":"https:\/\/radiociutat.com\/es\/ultimas-noticias\/cronicas\/el-colegio-oficial-de-enfermeras-y-enfermeros-de-tarragona-denuncia-la-falta-de-matronas-en-la-provincia\/","name":"El Colegio Oficial de Enfermeras y Enfermeros de Tarragona denuncia la falta de matronas en la provincia - R\u00e0dio Ciutat de Tarragona","isPartOf":{"@id":"https:\/\/radiociutat.com\/es\/#website"},"primaryImageOfPage":{"@id":"https:\/\/radiociutat.com\/es\/ultimas-noticias\/cronicas\/el-colegio-oficial-de-enfermeras-y-enfermeros-de-tarragona-denuncia-la-falta-de-matronas-en-la-provincia\/#primaryimage"},"image":{"@id":"https:\/\/radiociutat.com\/es\/ultimas-noticias\/cronicas\/el-colegio-oficial-de-enfermeras-y-enfermeros-de-tarragona-denuncia-la-falta-de-matronas-en-la-provincia\/#primaryimage"},"thumbnailUrl":"https:\/\/files.radiociutat.com\/rctgn\/wp-content\/uploads\/2022\/06\/Infermeria-scaled-e1654166012366.jpg","datePublished":"2026-05-01T18:28:03+00:00","author":{"@id":"https:\/\/radiociutat.com\/es\/#\/schema\/person\/ea8722499f2255e1477bd2975629dc71"},"breadcrumb":{"@id":"https:\/\/radiociutat.com\/es\/ultimas-noticias\/cronicas\/el-colegio-oficial-de-enfermeras-y-enfermeros-de-tarragona-denuncia-la-falta-de-matronas-en-la-provincia\/#breadcrumb"},"inLanguage":"es","potentialAction":[{"@type":"ReadAction","target":["https:\/\/radiociutat.com\/es\/ultimas-noticias\/cronicas\/el-colegio-oficial-de-enfermeras-y-enfermeros-de-tarragona-denuncia-la-falta-de-matronas-en-la-provincia\/"]}]},{"@type":"ImageObject","inLanguage":"es","@id":"https:\/\/radiociutat.com\/es\/ultimas-noticias\/cronicas\/el-colegio-oficial-de-enfermeras-y-enfermeros-de-tarragona-denuncia-la-falta-de-matronas-en-la-provincia\/#primaryimage","url":"https:\/\/files.radiociutat.com\/rctgn\/wp-content\/uploads\/2022\/06\/Infermeria-scaled-e1654166012366.jpg","contentUrl":"https:\/\/files.radiociutat.com\/rctgn\/wp-content\/uploads\/2022\/06\/Infermeria-scaled-e1654166012366.jpg","width":590,"height":393,"caption":"Infermera"},{"@type":"BreadcrumbList","@id":"https:\/\/radiociutat.com\/es\/ultimas-noticias\/cronicas\/el-colegio-oficial-de-enfermeras-y-enfermeros-de-tarragona-denuncia-la-falta-de-matronas-en-la-provincia\/#breadcrumb","itemListElement":[{"@type":"ListItem","position":1,"name":"Inici","item":"https:\/\/radiociutat.com\/es\/"},{"@type":"ListItem","position":2,"name":"El Colegio Oficial de Enfermeras y Enfermeros de Tarragona denuncia la falta de matronas en la provincia"}]},{"@type":"WebSite","@id":"https:\/\/radiociutat.com\/es\/#website","url":"https:\/\/radiociutat.com\/es\/","name":"R\u00e0dio Ciutat de Tarragona","description":"R\u00e0dio Ciutat de Tarragona - RCTgn.cat R\u00e0dio Online","potentialAction":[{"@type":"SearchAction","target":{"@type":"EntryPoint","urlTemplate":"https:\/\/radiociutat.com\/es\/?s={search_term_string}"},"query-input":{"@type":"PropertyValueSpecification","valueRequired":true,"valueName":"search_term_string"}}],"inLanguage":"es"},{"@type":"Person","@id":"https:\/\/radiociutat.com\/es\/#\/schema\/person\/ea8722499f2255e1477bd2975629dc71","name":"ACN","sameAs":["https:\/\/radiociutat.com\/wp-content\/uploads\/2023\/09\/acn-e1694789176650.png"],"url":"https:\/\/radiociutat.com\/es\/author\/acn\/"}]}},"_links":{"self":[{"href":"https:\/\/radiociutat.com\/es\/wp-json\/wp\/v2\/posts\/379287","targetHints":{"allow":["GET"]}}],"collection":[{"href":"https:\/\/radiociutat.com\/es\/wp-json\/wp\/v2\/posts"}],"about":[{"href":"https:\/\/radiociutat.com\/es\/wp-json\/wp\/v2\/types\/post"}],"author":[{"embeddable":true,"href":"https:\/\/radiociutat.com\/es\/wp-json\/wp\/v2\/users\/57"}],"replies":[{"embeddable":true,"href":"https:\/\/radiociutat.com\/es\/wp-json\/wp\/v2\/comments?post=379287"}],"version-history":[{"count":0,"href":"https:\/\/radiociutat.com\/es\/wp-json\/wp\/v2\/posts\/379287\/revisions"}],"wp:featuredmedia":[{"embeddable":true,"href":"https:\/\/radiociutat.com\/es\/wp-json\/wp\/v2\/media\/315784"}],"wp:attachment":[{"href":"https:\/\/radiociutat.com\/es\/wp-json\/wp\/v2\/media?parent=379287"}],"wp:term":[{"taxonomy":"category","embeddable":true,"href":"https:\/\/radiociutat.com\/es\/wp-json\/wp\/v2\/categories?post=379287"},{"taxonomy":"post_tag","embeddable":true,"href":"https:\/\/radiociutat.com\/es\/wp-json\/wp\/v2\/tags?post=379287"}],"curies":[{"name":"wp","href":"https:\/\/api.w.org\/{rel}","templated":true}]}}