{"id":379278,"date":"2026-05-01T12:27:17","date_gmt":"2026-05-01T10:27:17","guid":{"rendered":"https:\/\/radiociutat.com\/programes-podcast\/todo-o-nada-para-el-nastic-ante-un-sevilla-b-descendido\/"},"modified":"2026-05-01T12:27:17","modified_gmt":"2026-05-01T10:27:17","slug":"todo-o-nada-para-el-nastic-ante-un-sevilla-b-descendido","status":"publish","type":"post","link":"https:\/\/radiociutat.com\/es\/ultimas-noticias\/cronicas-deportes\/todo-o-nada-para-el-nastic-ante-un-sevilla-b-descendido\/","title":{"rendered":"Todo o nada para el N\u00e0stic ante un Sevilla B descendido"},"content":{"rendered":"\n<p>Examen sin rev\u00e1lida para el <strong>N\u00e0stic<\/strong> ante el <strong>Sevilla B<\/strong> en un partido donde el equipo grana se jugar\u00e1 gran parte de las opciones de continuar una temporada m\u00e1s en la Primera Federaci\u00f3n. Los tarraconenses afrontan este s\u00e1bado el compromiso, a priori, m\u00e1s asequible de los cuatro que quedan hasta el final de liga.<\/p>\n\n\n\n<p>Ahora mismo el conjunto tarraconense ocupa plaza de descenso por la diferencia general de goles respecto al Juventud Torremolinos, mientras que Tarazona, Ibiza y Murcia siguen siendo rivales directos a estas alturas de la competici\u00f3n. El N\u00e0stic ya se impuso por 1 a 2 en el partido de ida al filial profesional andaluz, que ahora llega al Nou Estadi sin nada en juego y siendo ya equipo de Segunda Federaci\u00f3n.<\/p>\n\n\n\n<p>Con este escenario, la victoria es indispensable, y as\u00ed de claro lo ha dejado <strong>Pablo Alfaro<\/strong> en la sala de prensa.<\/p>\n\n\n\n<figure class=\"wp-block-audio\"><audio controls src=\"https:\/\/files.radiociutat.com\/rctgn\/wp-content\/uploads\/2026\/05\/TALL-ALFARO-SEVILLA.mp3\"><\/audio><\/figure>\n\n\n\n<p>El hecho de ser el primer equipo de los implicados en la lucha por el descenso en jugar esta jornada puede ser un factor importante para el N\u00e0stic, siempre y cuando consiga sumar los tres puntos. En caso de conseguirlos, a\u00fan quedan tres finales m\u00e1s ante <strong>Tarazona<\/strong>, <strong>Europa<\/strong> y <strong>H\u00e9rcules<\/strong>. Pero antes de eso, <strong>este s\u00e1bado a las cuatro y cuarto<\/strong>, todo o nada ante el Sevilla B.<\/p>\n","protected":false},"excerpt":{"rendered":"<p>Examen sin rev\u00e1lida para el N\u00e0stic ante el Sevilla B en un partido donde el equipo grana se jugar\u00e1 gran parte de las opciones de continuar una temporada m\u00e1s en la Primera Federaci\u00f3n. Los tarraconenses afrontan este s\u00e1bado el compromiso, a priori, m\u00e1s asequible de los cuatro que quedan hasta el final de liga. Ahora [&hellip;]<\/p>\n","protected":false},"author":104,"featured_media":379273,"comment_status":"closed","ping_status":"closed","sticky":false,"template":"","format":"standard","meta":{"footnotes":""},"categories":[13688,13674,13716],"tags":[110,47,13726,19],"class_list":["post-379278","post","type-post","status-publish","format-standard","has-post-thumbnail","hentry","category-cronicas","category-cronicas-deportes","category-ultimas-noticias","tag-esports","tag-nastic-3","tag-primera-federacion","tag-tarragona"],"yoast_head":"<!-- This site is optimized with the Yoast SEO Premium plugin v27.4 (Yoast SEO v27.5) - https:\/\/yoast.com\/product\/yoast-seo-premium-wordpress\/ -->\n<title>Todo o nada para el N\u00e0stic ante un Sevilla B descendido - R\u00e0dio Ciutat de Tarragona<\/title>\n<meta name=\"robots\" content=\"index, follow, max-snippet:-1, max-image-preview:large, max-video-preview:-1\" \/>\n<link rel=\"canonical\" href=\"https:\/\/radiociutat.com\/es\/ultimas-noticias\/cronicas-deportes\/todo-o-nada-para-el-nastic-ante-un-sevilla-b-descendido\/\" \/>\n<meta property=\"og:locale\" content=\"es_ES\" \/>\n<meta property=\"og:type\" content=\"article\" \/>\n<meta property=\"og:title\" content=\"Todo o nada para el N\u00e0stic ante un Sevilla B descendido\" \/>\n<meta property=\"og:description\" content=\"Examen sin rev\u00e1lida para el N\u00e0stic ante el Sevilla B en un partido donde el equipo grana se jugar\u00e1 gran parte de las opciones de continuar una temporada m\u00e1s en la Primera Federaci\u00f3n. Los tarraconenses afrontan este s\u00e1bado el compromiso, a priori, m\u00e1s asequible de los cuatro que quedan hasta el final de liga. Ahora [&hellip;]\" \/>\n<meta property=\"og:url\" content=\"https:\/\/radiociutat.com\/es\/ultimas-noticias\/cronicas-deportes\/todo-o-nada-para-el-nastic-ante-un-sevilla-b-descendido\/\" \/>\n<meta property=\"og:site_name\" content=\"R\u00e0dio Ciutat de Tarragona\" \/>\n<meta property=\"article:publisher\" content=\"https:\/\/www.facebook.com\/rctgn\" \/>\n<meta property=\"article:published_time\" content=\"2026-05-01T10:27:17+00:00\" \/>\n<meta property=\"og:image\" content=\"https:\/\/files.radiociutat.com\/rctgn\/wp-content\/uploads\/2021\/03\/LOGO-RCTGN-RADIO-CIUTAT-DE-TARRAGONA-TRANSPARENTE-TARRAGONA-2020-3000X3000-Redes1-copia.png\" \/>\n\t<meta property=\"og:image:width\" content=\"3000\" \/>\n\t<meta property=\"og:image:height\" content=\"3000\" \/>\n\t<meta property=\"og:image:type\" content=\"image\/png\" \/>\n<meta name=\"author\" content=\"Eduard Par\u00eds\" \/>\n<meta name=\"twitter:card\" content=\"summary_large_image\" \/>\n<meta name=\"twitter:creator\" content=\"@RCTgn\" \/>\n<meta name=\"twitter:site\" content=\"@RCTgn\" \/>\n<meta name=\"twitter:label1\" content=\"Escrito por\" \/>\n\t<meta name=\"twitter:data1\" content=\"Eduard Par\u00eds\" \/>\n\t<meta name=\"twitter:label2\" content=\"Tiempo de lectura\" \/>\n\t<meta name=\"twitter:data2\" content=\"1 minuto\" \/>\n<script type=\"application\/ld+json\" class=\"yoast-schema-graph\">{\"@context\":\"https:\\\/\\\/schema.org\",\"@graph\":[{\"@type\":\"Article\",\"@id\":\"https:\\\/\\\/radiociutat.com\\\/es\\\/ultimas-noticias\\\/cronicas-deportes\\\/todo-o-nada-para-el-nastic-ante-un-sevilla-b-descendido\\\/#article\",\"isPartOf\":{\"@id\":\"https:\\\/\\\/radiociutat.com\\\/es\\\/ultimas-noticias\\\/cronicas-deportes\\\/todo-o-nada-para-el-nastic-ante-un-sevilla-b-descendido\\\/\"},\"author\":{\"name\":\"Eduard Par\u00eds\",\"@id\":\"https:\\\/\\\/radiociutat.com\\\/es\\\/#\\\/schema\\\/person\\\/0e9e2a935ba5449ab0f804a7b413a7ca\"},\"headline\":\"Todo o nada para el N\u00e0stic ante un Sevilla B descendido\",\"datePublished\":\"2026-05-01T10:27:17+00:00\",\"mainEntityOfPage\":{\"@id\":\"https:\\\/\\\/radiociutat.com\\\/es\\\/ultimas-noticias\\\/cronicas-deportes\\\/todo-o-nada-para-el-nastic-ante-un-sevilla-b-descendido\\\/\"},\"wordCount\":237,\"image\":{\"@id\":\"https:\\\/\\\/radiociutat.com\\\/es\\\/ultimas-noticias\\\/cronicas-deportes\\\/todo-o-nada-para-el-nastic-ante-un-sevilla-b-descendido\\\/#primaryimage\"},\"thumbnailUrl\":\"https:\\\/\\\/files.radiociutat.com\\\/rctgn\\\/wp-content\\\/uploads\\\/2026\\\/05\\\/NASTIC-SEVILLA-B-e1777630085576.jpeg\",\"keywords\":[\"Esports\",\"N\u00e0stic\",\"Primera Federaci\u00f3n\",\"Tarragona\"],\"articleSection\":[\"Cr\u00f3nicas\",\"Cr\u00f3nicas Deportes\",\"\u00daltimas noticias\"],\"inLanguage\":\"es\"},{\"@type\":\"WebPage\",\"@id\":\"https:\\\/\\\/radiociutat.com\\\/es\\\/ultimas-noticias\\\/cronicas-deportes\\\/todo-o-nada-para-el-nastic-ante-un-sevilla-b-descendido\\\/\",\"url\":\"https:\\\/\\\/radiociutat.com\\\/es\\\/ultimas-noticias\\\/cronicas-deportes\\\/todo-o-nada-para-el-nastic-ante-un-sevilla-b-descendido\\\/\",\"name\":\"Todo o nada para el N\u00e0stic ante un Sevilla B descendido - R\u00e0dio Ciutat de Tarragona\",\"isPartOf\":{\"@id\":\"https:\\\/\\\/radiociutat.com\\\/es\\\/#website\"},\"primaryImageOfPage\":{\"@id\":\"https:\\\/\\\/radiociutat.com\\\/es\\\/ultimas-noticias\\\/cronicas-deportes\\\/todo-o-nada-para-el-nastic-ante-un-sevilla-b-descendido\\\/#primaryimage\"},\"image\":{\"@id\":\"https:\\\/\\\/radiociutat.com\\\/es\\\/ultimas-noticias\\\/cronicas-deportes\\\/todo-o-nada-para-el-nastic-ante-un-sevilla-b-descendido\\\/#primaryimage\"},\"thumbnailUrl\":\"https:\\\/\\\/files.radiociutat.com\\\/rctgn\\\/wp-content\\\/uploads\\\/2026\\\/05\\\/NASTIC-SEVILLA-B-e1777630085576.jpeg\",\"datePublished\":\"2026-05-01T10:27:17+00:00\",\"author\":{\"@id\":\"https:\\\/\\\/radiociutat.com\\\/es\\\/#\\\/schema\\\/person\\\/0e9e2a935ba5449ab0f804a7b413a7ca\"},\"breadcrumb\":{\"@id\":\"https:\\\/\\\/radiociutat.com\\\/es\\\/ultimas-noticias\\\/cronicas-deportes\\\/todo-o-nada-para-el-nastic-ante-un-sevilla-b-descendido\\\/#breadcrumb\"},\"inLanguage\":\"es\",\"potentialAction\":[{\"@type\":\"ReadAction\",\"target\":[\"https:\\\/\\\/radiociutat.com\\\/es\\\/ultimas-noticias\\\/cronicas-deportes\\\/todo-o-nada-para-el-nastic-ante-un-sevilla-b-descendido\\\/\"]}]},{\"@type\":\"ImageObject\",\"inLanguage\":\"es\",\"@id\":\"https:\\\/\\\/radiociutat.com\\\/es\\\/ultimas-noticias\\\/cronicas-deportes\\\/todo-o-nada-para-el-nastic-ante-un-sevilla-b-descendido\\\/#primaryimage\",\"url\":\"https:\\\/\\\/files.radiociutat.com\\\/rctgn\\\/wp-content\\\/uploads\\\/2026\\\/05\\\/NASTIC-SEVILLA-B-e1777630085576.jpeg\",\"contentUrl\":\"https:\\\/\\\/files.radiociutat.com\\\/rctgn\\\/wp-content\\\/uploads\\\/2026\\\/05\\\/NASTIC-SEVILLA-B-e1777630085576.jpeg\",\"width\":990,\"height\":660},{\"@type\":\"BreadcrumbList\",\"@id\":\"https:\\\/\\\/radiociutat.com\\\/es\\\/ultimas-noticias\\\/cronicas-deportes\\\/todo-o-nada-para-el-nastic-ante-un-sevilla-b-descendido\\\/#breadcrumb\",\"itemListElement\":[{\"@type\":\"ListItem\",\"position\":1,\"name\":\"Inici\",\"item\":\"https:\\\/\\\/radiociutat.com\\\/es\\\/\"},{\"@type\":\"ListItem\",\"position\":2,\"name\":\"Todo o nada para el N\u00e0stic ante un Sevilla B descendido\"}]},{\"@type\":\"WebSite\",\"@id\":\"https:\\\/\\\/radiociutat.com\\\/es\\\/#website\",\"url\":\"https:\\\/\\\/radiociutat.com\\\/es\\\/\",\"name\":\"R\u00e0dio Ciutat de Tarragona\",\"description\":\"R\u00e0dio Ciutat de Tarragona - RCTgn.cat R\u00e0dio Online\",\"potentialAction\":[{\"@type\":\"SearchAction\",\"target\":{\"@type\":\"EntryPoint\",\"urlTemplate\":\"https:\\\/\\\/radiociutat.com\\\/es\\\/?s={search_term_string}\"},\"query-input\":{\"@type\":\"PropertyValueSpecification\",\"valueRequired\":true,\"valueName\":\"search_term_string\"}}],\"inLanguage\":\"es\"},{\"@type\":\"Person\",\"@id\":\"https:\\\/\\\/radiociutat.com\\\/es\\\/#\\\/schema\\\/person\\\/0e9e2a935ba5449ab0f804a7b413a7ca\",\"name\":\"Eduard Par\u00eds\",\"url\":\"https:\\\/\\\/radiociutat.com\\\/es\\\/author\\\/eparis\\\/\"}]}<\/script>\n<!-- \/ Yoast SEO Premium plugin. -->","yoast_head_json":{"title":"Todo o nada para el N\u00e0stic ante un Sevilla B descendido - R\u00e0dio Ciutat de Tarragona","robots":{"index":"index","follow":"follow","max-snippet":"max-snippet:-1","max-image-preview":"max-image-preview:large","max-video-preview":"max-video-preview:-1"},"canonical":"https:\/\/radiociutat.com\/es\/ultimas-noticias\/cronicas-deportes\/todo-o-nada-para-el-nastic-ante-un-sevilla-b-descendido\/","og_locale":"es_ES","og_type":"article","og_title":"Todo o nada para el N\u00e0stic ante un Sevilla B descendido","og_description":"Examen sin rev\u00e1lida para el N\u00e0stic ante el Sevilla B en un partido donde el equipo grana se jugar\u00e1 gran parte de las opciones de continuar una temporada m\u00e1s en la Primera Federaci\u00f3n. Los tarraconenses afrontan este s\u00e1bado el compromiso, a priori, m\u00e1s asequible de los cuatro que quedan hasta el final de liga. Ahora [&hellip;]","og_url":"https:\/\/radiociutat.com\/es\/ultimas-noticias\/cronicas-deportes\/todo-o-nada-para-el-nastic-ante-un-sevilla-b-descendido\/","og_site_name":"R\u00e0dio Ciutat de Tarragona","article_publisher":"https:\/\/www.facebook.com\/rctgn","article_published_time":"2026-05-01T10:27:17+00:00","og_image":[{"width":3000,"height":3000,"url":"https:\/\/files.radiociutat.com\/rctgn\/wp-content\/uploads\/2021\/03\/LOGO-RCTGN-RADIO-CIUTAT-DE-TARRAGONA-TRANSPARENTE-TARRAGONA-2020-3000X3000-Redes1-copia.png","type":"image\/png"}],"author":"Eduard Par\u00eds","twitter_card":"summary_large_image","twitter_creator":"@RCTgn","twitter_site":"@RCTgn","twitter_misc":{"Escrito por":"Eduard Par\u00eds","Tiempo de lectura":"1 minuto"},"schema":{"@context":"https:\/\/schema.org","@graph":[{"@type":"Article","@id":"https:\/\/radiociutat.com\/es\/ultimas-noticias\/cronicas-deportes\/todo-o-nada-para-el-nastic-ante-un-sevilla-b-descendido\/#article","isPartOf":{"@id":"https:\/\/radiociutat.com\/es\/ultimas-noticias\/cronicas-deportes\/todo-o-nada-para-el-nastic-ante-un-sevilla-b-descendido\/"},"author":{"name":"Eduard Par\u00eds","@id":"https:\/\/radiociutat.com\/es\/#\/schema\/person\/0e9e2a935ba5449ab0f804a7b413a7ca"},"headline":"Todo o nada para el N\u00e0stic ante un Sevilla B descendido","datePublished":"2026-05-01T10:27:17+00:00","mainEntityOfPage":{"@id":"https:\/\/radiociutat.com\/es\/ultimas-noticias\/cronicas-deportes\/todo-o-nada-para-el-nastic-ante-un-sevilla-b-descendido\/"},"wordCount":237,"image":{"@id":"https:\/\/radiociutat.com\/es\/ultimas-noticias\/cronicas-deportes\/todo-o-nada-para-el-nastic-ante-un-sevilla-b-descendido\/#primaryimage"},"thumbnailUrl":"https:\/\/files.radiociutat.com\/rctgn\/wp-content\/uploads\/2026\/05\/NASTIC-SEVILLA-B-e1777630085576.jpeg","keywords":["Esports","N\u00e0stic","Primera Federaci\u00f3n","Tarragona"],"articleSection":["Cr\u00f3nicas","Cr\u00f3nicas Deportes","\u00daltimas noticias"],"inLanguage":"es"},{"@type":"WebPage","@id":"https:\/\/radiociutat.com\/es\/ultimas-noticias\/cronicas-deportes\/todo-o-nada-para-el-nastic-ante-un-sevilla-b-descendido\/","url":"https:\/\/radiociutat.com\/es\/ultimas-noticias\/cronicas-deportes\/todo-o-nada-para-el-nastic-ante-un-sevilla-b-descendido\/","name":"Todo o nada para el N\u00e0stic ante un Sevilla B descendido - R\u00e0dio Ciutat de Tarragona","isPartOf":{"@id":"https:\/\/radiociutat.com\/es\/#website"},"primaryImageOfPage":{"@id":"https:\/\/radiociutat.com\/es\/ultimas-noticias\/cronicas-deportes\/todo-o-nada-para-el-nastic-ante-un-sevilla-b-descendido\/#primaryimage"},"image":{"@id":"https:\/\/radiociutat.com\/es\/ultimas-noticias\/cronicas-deportes\/todo-o-nada-para-el-nastic-ante-un-sevilla-b-descendido\/#primaryimage"},"thumbnailUrl":"https:\/\/files.radiociutat.com\/rctgn\/wp-content\/uploads\/2026\/05\/NASTIC-SEVILLA-B-e1777630085576.jpeg","datePublished":"2026-05-01T10:27:17+00:00","author":{"@id":"https:\/\/radiociutat.com\/es\/#\/schema\/person\/0e9e2a935ba5449ab0f804a7b413a7ca"},"breadcrumb":{"@id":"https:\/\/radiociutat.com\/es\/ultimas-noticias\/cronicas-deportes\/todo-o-nada-para-el-nastic-ante-un-sevilla-b-descendido\/#breadcrumb"},"inLanguage":"es","potentialAction":[{"@type":"ReadAction","target":["https:\/\/radiociutat.com\/es\/ultimas-noticias\/cronicas-deportes\/todo-o-nada-para-el-nastic-ante-un-sevilla-b-descendido\/"]}]},{"@type":"ImageObject","inLanguage":"es","@id":"https:\/\/radiociutat.com\/es\/ultimas-noticias\/cronicas-deportes\/todo-o-nada-para-el-nastic-ante-un-sevilla-b-descendido\/#primaryimage","url":"https:\/\/files.radiociutat.com\/rctgn\/wp-content\/uploads\/2026\/05\/NASTIC-SEVILLA-B-e1777630085576.jpeg","contentUrl":"https:\/\/files.radiociutat.com\/rctgn\/wp-content\/uploads\/2026\/05\/NASTIC-SEVILLA-B-e1777630085576.jpeg","width":990,"height":660},{"@type":"BreadcrumbList","@id":"https:\/\/radiociutat.com\/es\/ultimas-noticias\/cronicas-deportes\/todo-o-nada-para-el-nastic-ante-un-sevilla-b-descendido\/#breadcrumb","itemListElement":[{"@type":"ListItem","position":1,"name":"Inici","item":"https:\/\/radiociutat.com\/es\/"},{"@type":"ListItem","position":2,"name":"Todo o nada para el N\u00e0stic ante un Sevilla B descendido"}]},{"@type":"WebSite","@id":"https:\/\/radiociutat.com\/es\/#website","url":"https:\/\/radiociutat.com\/es\/","name":"R\u00e0dio Ciutat de Tarragona","description":"R\u00e0dio Ciutat de Tarragona - RCTgn.cat R\u00e0dio Online","potentialAction":[{"@type":"SearchAction","target":{"@type":"EntryPoint","urlTemplate":"https:\/\/radiociutat.com\/es\/?s={search_term_string}"},"query-input":{"@type":"PropertyValueSpecification","valueRequired":true,"valueName":"search_term_string"}}],"inLanguage":"es"},{"@type":"Person","@id":"https:\/\/radiociutat.com\/es\/#\/schema\/person\/0e9e2a935ba5449ab0f804a7b413a7ca","name":"Eduard Par\u00eds","url":"https:\/\/radiociutat.com\/es\/author\/eparis\/"}]}},"_links":{"self":[{"href":"https:\/\/radiociutat.com\/es\/wp-json\/wp\/v2\/posts\/379278","targetHints":{"allow":["GET"]}}],"collection":[{"href":"https:\/\/radiociutat.com\/es\/wp-json\/wp\/v2\/posts"}],"about":[{"href":"https:\/\/radiociutat.com\/es\/wp-json\/wp\/v2\/types\/post"}],"author":[{"embeddable":true,"href":"https:\/\/radiociutat.com\/es\/wp-json\/wp\/v2\/users\/104"}],"replies":[{"embeddable":true,"href":"https:\/\/radiociutat.com\/es\/wp-json\/wp\/v2\/comments?post=379278"}],"version-history":[{"count":0,"href":"https:\/\/radiociutat.com\/es\/wp-json\/wp\/v2\/posts\/379278\/revisions"}],"wp:featuredmedia":[{"embeddable":true,"href":"https:\/\/radiociutat.com\/es\/wp-json\/wp\/v2\/media\/379273"}],"wp:attachment":[{"href":"https:\/\/radiociutat.com\/es\/wp-json\/wp\/v2\/media?parent=379278"}],"wp:term":[{"taxonomy":"category","embeddable":true,"href":"https:\/\/radiociutat.com\/es\/wp-json\/wp\/v2\/categories?post=379278"},{"taxonomy":"post_tag","embeddable":true,"href":"https:\/\/radiociutat.com\/es\/wp-json\/wp\/v2\/tags?post=379278"}],"curies":[{"name":"wp","href":"https:\/\/api.w.org\/{rel}","templated":true}]}}