{"id":379255,"date":"2026-05-01T09:07:00","date_gmt":"2026-05-01T07:07:00","guid":{"rendered":"https:\/\/radiociutat.com\/programes-podcast\/inscripciones-abiertas-para-la-2a-jornada-de-innovacion-del-area-metropolitana-del-camp-de-tarragona\/"},"modified":"2026-05-01T09:07:00","modified_gmt":"2026-05-01T07:07:00","slug":"inscripciones-abiertas-para-la-2a-jornada-de-innovacion-del-area-metropolitana-del-camp-de-tarragona","status":"publish","type":"post","link":"https:\/\/radiociutat.com\/es\/ultimas-noticias\/inscripciones-abiertas-para-la-2a-jornada-de-innovacion-del-area-metropolitana-del-camp-de-tarragona\/","title":{"rendered":"Inscripciones abiertas para la 2\u00aa Jornada de Innovaci\u00f3n del \u00c1rea Metropolitana del Camp de Tarragona"},"content":{"rendered":"\n<p>La 2\u00aa Jornada de Innovaci\u00f3n del \u00c1rea Metropolitana del Camp de Tarragona ya ha abierto inscripciones para un nuevo encuentro que reunir\u00e1 a agentes p\u00fablicos y privados del territorio con el objetivo de reforzar la cooperaci\u00f3n y la innovaci\u00f3n metropolitana. La cita tendr\u00e1 lugar el <strong>2 de junio, de 17:30h a 19h, en el Teatret del Serrallo<\/strong>.<\/p>\n\n\n\n<p>El evento se centrar\u00e1 en los principales retos y oportunidades del Camp de Tarragona, promoviendo el debate estrat\u00e9gico y la conexi\u00f3n entre proyectos que impulsan el desarrollo econ\u00f3mico, tecnol\u00f3gico y sostenible.<\/p>\n\n\n\n<p>Adem\u00e1s, la jornada servir\u00e1 para dar visibilidad a iniciativas concretas de cooperaci\u00f3n metropolitana, especialmente en \u00e1mbitos como la movilidad, los servicios compartidos o la innovaci\u00f3n aplicada al territorio, consolid\u00e1ndose como un espacio de encuentro para avanzar hacia un modelo metropolitano m\u00e1s integrado. Las inscripciones se pueden tramitar a trav\u00e9s de este <a href=\"https:\/\/inntuyo.com\/jornada-dinnovacio-de-larea-metropolitana-del-camp-de-tarragona\">enlace<\/a>.<\/p>\n","protected":false},"excerpt":{"rendered":"<p>La 2\u00aa Jornada de Innovaci\u00f3n del \u00c1rea Metropolitana del Camp de Tarragona ya ha abierto inscripciones para un nuevo encuentro que reunir\u00e1 a agentes p\u00fablicos y privados del territorio con el objetivo de reforzar la cooperaci\u00f3n y la innovaci\u00f3n metropolitana. La cita tendr\u00e1 lugar el 2 de junio, de 17:30h a 19h, en el Teatret [&hellip;]<\/p>\n","protected":false},"author":1,"featured_media":286840,"comment_status":"closed","ping_status":"closed","sticky":false,"template":"","format":"standard","meta":{"footnotes":""},"categories":[13688,13716],"tags":[15045,19],"class_list":["post-379255","post","type-post","status-publish","format-standard","has-post-thumbnail","hentry","category-cronicas","category-ultimas-noticias","tag-area-metropolitana-del-camp-de-tarragona","tag-tarragona"],"yoast_head":"<!-- This site is optimized with the Yoast SEO Premium plugin v27.4 (Yoast SEO v27.5) - https:\/\/yoast.com\/product\/yoast-seo-premium-wordpress\/ -->\n<title>Inscripciones abiertas para la 2\u00aa Jornada de Innovaci\u00f3n del \u00c1rea Metropolitana del Camp de Tarragona - R\u00e0dio Ciutat de Tarragona<\/title>\n<meta name=\"robots\" content=\"index, follow, max-snippet:-1, max-image-preview:large, max-video-preview:-1\" \/>\n<link rel=\"canonical\" href=\"https:\/\/radiociutat.com\/es\/ultimas-noticias\/inscripciones-abiertas-para-la-2a-jornada-de-innovacion-del-area-metropolitana-del-camp-de-tarragona\/\" \/>\n<meta property=\"og:locale\" content=\"es_ES\" \/>\n<meta property=\"og:type\" content=\"article\" \/>\n<meta property=\"og:title\" content=\"Inscripciones abiertas para la 2\u00aa Jornada de Innovaci\u00f3n del \u00c1rea Metropolitana del Camp de Tarragona\" \/>\n<meta property=\"og:description\" content=\"La 2\u00aa Jornada de Innovaci\u00f3n del \u00c1rea Metropolitana del Camp de Tarragona ya ha abierto inscripciones para un nuevo encuentro que reunir\u00e1 a agentes p\u00fablicos y privados del territorio con el objetivo de reforzar la cooperaci\u00f3n y la innovaci\u00f3n metropolitana. La cita tendr\u00e1 lugar el 2 de junio, de 17:30h a 19h, en el Teatret [&hellip;]\" \/>\n<meta property=\"og:url\" content=\"https:\/\/radiociutat.com\/es\/ultimas-noticias\/inscripciones-abiertas-para-la-2a-jornada-de-innovacion-del-area-metropolitana-del-camp-de-tarragona\/\" \/>\n<meta property=\"og:site_name\" content=\"R\u00e0dio Ciutat de Tarragona\" \/>\n<meta property=\"article:publisher\" content=\"https:\/\/www.facebook.com\/rctgn\" \/>\n<meta property=\"article:published_time\" content=\"2026-05-01T07:07:00+00:00\" \/>\n<meta property=\"og:image\" content=\"https:\/\/files.radiociutat.com\/rctgn\/wp-content\/uploads\/2020\/02\/Antic_Posit_2.jpg\" \/>\n\t<meta property=\"og:image:width\" content=\"640\" \/>\n\t<meta property=\"og:image:height\" content=\"427\" \/>\n\t<meta property=\"og:image:type\" content=\"image\/jpeg\" \/>\n<meta name=\"author\" content=\"Redacci\u00f3\" \/>\n<meta name=\"twitter:card\" content=\"summary_large_image\" \/>\n<meta name=\"twitter:creator\" content=\"@RCTgn\" \/>\n<meta name=\"twitter:site\" content=\"@RCTgn\" \/>\n<meta name=\"twitter:label1\" content=\"Escrito por\" \/>\n\t<meta name=\"twitter:data1\" content=\"Redacci\u00f3\" \/>\n\t<meta name=\"twitter:label2\" content=\"Tiempo de lectura\" \/>\n\t<meta name=\"twitter:data2\" content=\"1 minuto\" \/>\n<script type=\"application\/ld+json\" class=\"yoast-schema-graph\">{\"@context\":\"https:\\\/\\\/schema.org\",\"@graph\":[{\"@type\":\"Article\",\"@id\":\"https:\\\/\\\/radiociutat.com\\\/es\\\/ultimas-noticias\\\/inscripciones-abiertas-para-la-2a-jornada-de-innovacion-del-area-metropolitana-del-camp-de-tarragona\\\/#article\",\"isPartOf\":{\"@id\":\"https:\\\/\\\/radiociutat.com\\\/es\\\/ultimas-noticias\\\/inscripciones-abiertas-para-la-2a-jornada-de-innovacion-del-area-metropolitana-del-camp-de-tarragona\\\/\"},\"author\":{\"name\":\"Redacci\u00f3\",\"@id\":\"https:\\\/\\\/radiociutat.com\\\/es\\\/#\\\/schema\\\/person\\\/04b6638f9d2a9ea77408db76c5d8f0b5\"},\"headline\":\"Inscripciones abiertas para la 2\u00aa Jornada de Innovaci\u00f3n del \u00c1rea Metropolitana del Camp de Tarragona\",\"datePublished\":\"2026-05-01T07:07:00+00:00\",\"mainEntityOfPage\":{\"@id\":\"https:\\\/\\\/radiociutat.com\\\/es\\\/ultimas-noticias\\\/inscripciones-abiertas-para-la-2a-jornada-de-innovacion-del-area-metropolitana-del-camp-de-tarragona\\\/\"},\"wordCount\":167,\"image\":{\"@id\":\"https:\\\/\\\/radiociutat.com\\\/es\\\/ultimas-noticias\\\/inscripciones-abiertas-para-la-2a-jornada-de-innovacion-del-area-metropolitana-del-camp-de-tarragona\\\/#primaryimage\"},\"thumbnailUrl\":\"https:\\\/\\\/files.radiociutat.com\\\/rctgn\\\/wp-content\\\/uploads\\\/2020\\\/02\\\/Antic_Posit_2.jpg\",\"keywords\":[\"\u00c0rea Metropolitana del Camp de Tarragona\",\"Tarragona\"],\"articleSection\":[\"Cr\u00f3nicas\",\"\u00daltimas noticias\"],\"inLanguage\":\"es\"},{\"@type\":\"WebPage\",\"@id\":\"https:\\\/\\\/radiociutat.com\\\/es\\\/ultimas-noticias\\\/inscripciones-abiertas-para-la-2a-jornada-de-innovacion-del-area-metropolitana-del-camp-de-tarragona\\\/\",\"url\":\"https:\\\/\\\/radiociutat.com\\\/es\\\/ultimas-noticias\\\/inscripciones-abiertas-para-la-2a-jornada-de-innovacion-del-area-metropolitana-del-camp-de-tarragona\\\/\",\"name\":\"Inscripciones abiertas para la 2\u00aa Jornada de Innovaci\u00f3n del \u00c1rea Metropolitana del Camp de Tarragona - R\u00e0dio Ciutat de Tarragona\",\"isPartOf\":{\"@id\":\"https:\\\/\\\/radiociutat.com\\\/es\\\/#website\"},\"primaryImageOfPage\":{\"@id\":\"https:\\\/\\\/radiociutat.com\\\/es\\\/ultimas-noticias\\\/inscripciones-abiertas-para-la-2a-jornada-de-innovacion-del-area-metropolitana-del-camp-de-tarragona\\\/#primaryimage\"},\"image\":{\"@id\":\"https:\\\/\\\/radiociutat.com\\\/es\\\/ultimas-noticias\\\/inscripciones-abiertas-para-la-2a-jornada-de-innovacion-del-area-metropolitana-del-camp-de-tarragona\\\/#primaryimage\"},\"thumbnailUrl\":\"https:\\\/\\\/files.radiociutat.com\\\/rctgn\\\/wp-content\\\/uploads\\\/2020\\\/02\\\/Antic_Posit_2.jpg\",\"datePublished\":\"2026-05-01T07:07:00+00:00\",\"author\":{\"@id\":\"https:\\\/\\\/radiociutat.com\\\/es\\\/#\\\/schema\\\/person\\\/04b6638f9d2a9ea77408db76c5d8f0b5\"},\"breadcrumb\":{\"@id\":\"https:\\\/\\\/radiociutat.com\\\/es\\\/ultimas-noticias\\\/inscripciones-abiertas-para-la-2a-jornada-de-innovacion-del-area-metropolitana-del-camp-de-tarragona\\\/#breadcrumb\"},\"inLanguage\":\"es\",\"potentialAction\":[{\"@type\":\"ReadAction\",\"target\":[\"https:\\\/\\\/radiociutat.com\\\/es\\\/ultimas-noticias\\\/inscripciones-abiertas-para-la-2a-jornada-de-innovacion-del-area-metropolitana-del-camp-de-tarragona\\\/\"]}]},{\"@type\":\"ImageObject\",\"inLanguage\":\"es\",\"@id\":\"https:\\\/\\\/radiociutat.com\\\/es\\\/ultimas-noticias\\\/inscripciones-abiertas-para-la-2a-jornada-de-innovacion-del-area-metropolitana-del-camp-de-tarragona\\\/#primaryimage\",\"url\":\"https:\\\/\\\/files.radiociutat.com\\\/rctgn\\\/wp-content\\\/uploads\\\/2020\\\/02\\\/Antic_Posit_2.jpg\",\"contentUrl\":\"https:\\\/\\\/files.radiociutat.com\\\/rctgn\\\/wp-content\\\/uploads\\\/2020\\\/02\\\/Antic_Posit_2.jpg\",\"width\":640,\"height\":427},{\"@type\":\"BreadcrumbList\",\"@id\":\"https:\\\/\\\/radiociutat.com\\\/es\\\/ultimas-noticias\\\/inscripciones-abiertas-para-la-2a-jornada-de-innovacion-del-area-metropolitana-del-camp-de-tarragona\\\/#breadcrumb\",\"itemListElement\":[{\"@type\":\"ListItem\",\"position\":1,\"name\":\"Inici\",\"item\":\"https:\\\/\\\/radiociutat.com\\\/es\\\/\"},{\"@type\":\"ListItem\",\"position\":2,\"name\":\"Inscripciones abiertas para la 2\u00aa Jornada de Innovaci\u00f3n del \u00c1rea Metropolitana del Camp de Tarragona\"}]},{\"@type\":\"WebSite\",\"@id\":\"https:\\\/\\\/radiociutat.com\\\/es\\\/#website\",\"url\":\"https:\\\/\\\/radiociutat.com\\\/es\\\/\",\"name\":\"R\u00e0dio Ciutat de Tarragona\",\"description\":\"R\u00e0dio Ciutat de Tarragona - RCTgn.cat R\u00e0dio Online\",\"potentialAction\":[{\"@type\":\"SearchAction\",\"target\":{\"@type\":\"EntryPoint\",\"urlTemplate\":\"https:\\\/\\\/radiociutat.com\\\/es\\\/?s={search_term_string}\"},\"query-input\":{\"@type\":\"PropertyValueSpecification\",\"valueRequired\":true,\"valueName\":\"search_term_string\"}}],\"inLanguage\":\"es\"},{\"@type\":\"Person\",\"@id\":\"https:\\\/\\\/radiociutat.com\\\/es\\\/#\\\/schema\\\/person\\\/04b6638f9d2a9ea77408db76c5d8f0b5\",\"name\":\"Redacci\u00f3\",\"sameAs\":[\"https:\\\/\\\/radiociutat.com\\\/wp-content\\\/uploads\\\/2023\\\/09\\\/LOGO-RCTGN-CUADRAT.png\"],\"url\":\"https:\\\/\\\/radiociutat.com\\\/es\\\/author\\\/jespinosa\\\/\"}]}<\/script>\n<!-- \/ Yoast SEO Premium plugin. -->","yoast_head_json":{"title":"Inscripciones abiertas para la 2\u00aa Jornada de Innovaci\u00f3n del \u00c1rea Metropolitana del Camp de Tarragona - R\u00e0dio Ciutat de Tarragona","robots":{"index":"index","follow":"follow","max-snippet":"max-snippet:-1","max-image-preview":"max-image-preview:large","max-video-preview":"max-video-preview:-1"},"canonical":"https:\/\/radiociutat.com\/es\/ultimas-noticias\/inscripciones-abiertas-para-la-2a-jornada-de-innovacion-del-area-metropolitana-del-camp-de-tarragona\/","og_locale":"es_ES","og_type":"article","og_title":"Inscripciones abiertas para la 2\u00aa Jornada de Innovaci\u00f3n del \u00c1rea Metropolitana del Camp de Tarragona","og_description":"La 2\u00aa Jornada de Innovaci\u00f3n del \u00c1rea Metropolitana del Camp de Tarragona ya ha abierto inscripciones para un nuevo encuentro que reunir\u00e1 a agentes p\u00fablicos y privados del territorio con el objetivo de reforzar la cooperaci\u00f3n y la innovaci\u00f3n metropolitana. La cita tendr\u00e1 lugar el 2 de junio, de 17:30h a 19h, en el Teatret [&hellip;]","og_url":"https:\/\/radiociutat.com\/es\/ultimas-noticias\/inscripciones-abiertas-para-la-2a-jornada-de-innovacion-del-area-metropolitana-del-camp-de-tarragona\/","og_site_name":"R\u00e0dio Ciutat de Tarragona","article_publisher":"https:\/\/www.facebook.com\/rctgn","article_published_time":"2026-05-01T07:07:00+00:00","og_image":[{"width":640,"height":427,"url":"https:\/\/files.radiociutat.com\/rctgn\/wp-content\/uploads\/2020\/02\/Antic_Posit_2.jpg","type":"image\/jpeg"}],"author":"Redacci\u00f3","twitter_card":"summary_large_image","twitter_creator":"@RCTgn","twitter_site":"@RCTgn","twitter_misc":{"Escrito por":"Redacci\u00f3","Tiempo de lectura":"1 minuto"},"schema":{"@context":"https:\/\/schema.org","@graph":[{"@type":"Article","@id":"https:\/\/radiociutat.com\/es\/ultimas-noticias\/inscripciones-abiertas-para-la-2a-jornada-de-innovacion-del-area-metropolitana-del-camp-de-tarragona\/#article","isPartOf":{"@id":"https:\/\/radiociutat.com\/es\/ultimas-noticias\/inscripciones-abiertas-para-la-2a-jornada-de-innovacion-del-area-metropolitana-del-camp-de-tarragona\/"},"author":{"name":"Redacci\u00f3","@id":"https:\/\/radiociutat.com\/es\/#\/schema\/person\/04b6638f9d2a9ea77408db76c5d8f0b5"},"headline":"Inscripciones abiertas para la 2\u00aa Jornada de Innovaci\u00f3n del \u00c1rea Metropolitana del Camp de Tarragona","datePublished":"2026-05-01T07:07:00+00:00","mainEntityOfPage":{"@id":"https:\/\/radiociutat.com\/es\/ultimas-noticias\/inscripciones-abiertas-para-la-2a-jornada-de-innovacion-del-area-metropolitana-del-camp-de-tarragona\/"},"wordCount":167,"image":{"@id":"https:\/\/radiociutat.com\/es\/ultimas-noticias\/inscripciones-abiertas-para-la-2a-jornada-de-innovacion-del-area-metropolitana-del-camp-de-tarragona\/#primaryimage"},"thumbnailUrl":"https:\/\/files.radiociutat.com\/rctgn\/wp-content\/uploads\/2020\/02\/Antic_Posit_2.jpg","keywords":["\u00c0rea Metropolitana del Camp de Tarragona","Tarragona"],"articleSection":["Cr\u00f3nicas","\u00daltimas noticias"],"inLanguage":"es"},{"@type":"WebPage","@id":"https:\/\/radiociutat.com\/es\/ultimas-noticias\/inscripciones-abiertas-para-la-2a-jornada-de-innovacion-del-area-metropolitana-del-camp-de-tarragona\/","url":"https:\/\/radiociutat.com\/es\/ultimas-noticias\/inscripciones-abiertas-para-la-2a-jornada-de-innovacion-del-area-metropolitana-del-camp-de-tarragona\/","name":"Inscripciones abiertas para la 2\u00aa Jornada de Innovaci\u00f3n del \u00c1rea Metropolitana del Camp de Tarragona - R\u00e0dio Ciutat de Tarragona","isPartOf":{"@id":"https:\/\/radiociutat.com\/es\/#website"},"primaryImageOfPage":{"@id":"https:\/\/radiociutat.com\/es\/ultimas-noticias\/inscripciones-abiertas-para-la-2a-jornada-de-innovacion-del-area-metropolitana-del-camp-de-tarragona\/#primaryimage"},"image":{"@id":"https:\/\/radiociutat.com\/es\/ultimas-noticias\/inscripciones-abiertas-para-la-2a-jornada-de-innovacion-del-area-metropolitana-del-camp-de-tarragona\/#primaryimage"},"thumbnailUrl":"https:\/\/files.radiociutat.com\/rctgn\/wp-content\/uploads\/2020\/02\/Antic_Posit_2.jpg","datePublished":"2026-05-01T07:07:00+00:00","author":{"@id":"https:\/\/radiociutat.com\/es\/#\/schema\/person\/04b6638f9d2a9ea77408db76c5d8f0b5"},"breadcrumb":{"@id":"https:\/\/radiociutat.com\/es\/ultimas-noticias\/inscripciones-abiertas-para-la-2a-jornada-de-innovacion-del-area-metropolitana-del-camp-de-tarragona\/#breadcrumb"},"inLanguage":"es","potentialAction":[{"@type":"ReadAction","target":["https:\/\/radiociutat.com\/es\/ultimas-noticias\/inscripciones-abiertas-para-la-2a-jornada-de-innovacion-del-area-metropolitana-del-camp-de-tarragona\/"]}]},{"@type":"ImageObject","inLanguage":"es","@id":"https:\/\/radiociutat.com\/es\/ultimas-noticias\/inscripciones-abiertas-para-la-2a-jornada-de-innovacion-del-area-metropolitana-del-camp-de-tarragona\/#primaryimage","url":"https:\/\/files.radiociutat.com\/rctgn\/wp-content\/uploads\/2020\/02\/Antic_Posit_2.jpg","contentUrl":"https:\/\/files.radiociutat.com\/rctgn\/wp-content\/uploads\/2020\/02\/Antic_Posit_2.jpg","width":640,"height":427},{"@type":"BreadcrumbList","@id":"https:\/\/radiociutat.com\/es\/ultimas-noticias\/inscripciones-abiertas-para-la-2a-jornada-de-innovacion-del-area-metropolitana-del-camp-de-tarragona\/#breadcrumb","itemListElement":[{"@type":"ListItem","position":1,"name":"Inici","item":"https:\/\/radiociutat.com\/es\/"},{"@type":"ListItem","position":2,"name":"Inscripciones abiertas para la 2\u00aa Jornada de Innovaci\u00f3n del \u00c1rea Metropolitana del Camp de Tarragona"}]},{"@type":"WebSite","@id":"https:\/\/radiociutat.com\/es\/#website","url":"https:\/\/radiociutat.com\/es\/","name":"R\u00e0dio Ciutat de Tarragona","description":"R\u00e0dio Ciutat de Tarragona - RCTgn.cat R\u00e0dio Online","potentialAction":[{"@type":"SearchAction","target":{"@type":"EntryPoint","urlTemplate":"https:\/\/radiociutat.com\/es\/?s={search_term_string}"},"query-input":{"@type":"PropertyValueSpecification","valueRequired":true,"valueName":"search_term_string"}}],"inLanguage":"es"},{"@type":"Person","@id":"https:\/\/radiociutat.com\/es\/#\/schema\/person\/04b6638f9d2a9ea77408db76c5d8f0b5","name":"Redacci\u00f3","sameAs":["https:\/\/radiociutat.com\/wp-content\/uploads\/2023\/09\/LOGO-RCTGN-CUADRAT.png"],"url":"https:\/\/radiociutat.com\/es\/author\/jespinosa\/"}]}},"_links":{"self":[{"href":"https:\/\/radiociutat.com\/es\/wp-json\/wp\/v2\/posts\/379255","targetHints":{"allow":["GET"]}}],"collection":[{"href":"https:\/\/radiociutat.com\/es\/wp-json\/wp\/v2\/posts"}],"about":[{"href":"https:\/\/radiociutat.com\/es\/wp-json\/wp\/v2\/types\/post"}],"author":[{"embeddable":true,"href":"https:\/\/radiociutat.com\/es\/wp-json\/wp\/v2\/users\/1"}],"replies":[{"embeddable":true,"href":"https:\/\/radiociutat.com\/es\/wp-json\/wp\/v2\/comments?post=379255"}],"version-history":[{"count":0,"href":"https:\/\/radiociutat.com\/es\/wp-json\/wp\/v2\/posts\/379255\/revisions"}],"wp:featuredmedia":[{"embeddable":true,"href":"https:\/\/radiociutat.com\/es\/wp-json\/wp\/v2\/media\/286840"}],"wp:attachment":[{"href":"https:\/\/radiociutat.com\/es\/wp-json\/wp\/v2\/media?parent=379255"}],"wp:term":[{"taxonomy":"category","embeddable":true,"href":"https:\/\/radiociutat.com\/es\/wp-json\/wp\/v2\/categories?post=379255"},{"taxonomy":"post_tag","embeddable":true,"href":"https:\/\/radiociutat.com\/es\/wp-json\/wp\/v2\/tags?post=379255"}],"curies":[{"name":"wp","href":"https:\/\/api.w.org\/{rel}","templated":true}]}}