{"id":379236,"date":"2026-04-30T18:05:15","date_gmt":"2026-04-30T16:05:15","guid":{"rendered":"https:\/\/radiociutat.com\/programes-podcast\/junts-reclama-al-gobierno-que-compre-ca-lardiaca-de-tarragona-y-cultura-dice-que-los-propietarios-no-quieren-vender\/"},"modified":"2026-04-30T18:05:15","modified_gmt":"2026-04-30T16:05:15","slug":"junts-reclama-al-gobierno-que-compre-ca-lardiaca-de-tarragona-y-cultura-dice-que-los-propietarios-no-quieren-vender","status":"publish","type":"post","link":"https:\/\/radiociutat.com\/es\/ultimas-noticias\/cronicas\/junts-reclama-al-gobierno-que-compre-ca-lardiaca-de-tarragona-y-cultura-dice-que-los-propietarios-no-quieren-vender\/","title":{"rendered":"Junts reclama al Gobierno que compre Ca l&#8217;Ardiaca de Tarragona y Cultura dice que los propietarios no quieren vender"},"content":{"rendered":"\n<p>El grupo parlamentario de Junts ha instado al Gobierno a que ejerza el derecho de tanteo y retracto y compre el edificio de Ca l&#8217;Ardiaca de Tarragona para poder invertir en \u00e9l y \u00abevitar la degradaci\u00f3n por la falta continuada de cuidado\u00bb. <\/p>\n\n\n\n<p>El inmueble, un palacio medieval del siglo XII, est\u00e1 catalogado desde hace un a\u00f1o como Bien Cultural de Inter\u00e9s Nacional (BCIN) pero lleva muchos a\u00f1os cerrado y en un estado de degradaci\u00f3n importante. Desde el Departamento de Cultura han apuntado que no tienen conocimiento de que la propietaria, la empresa Desarrollos Arbe, lo haya puesto a la venta \u00abni que tenga la voluntad de hacerlo a corto plazo\u00bb. En los \u00faltimos d\u00edas algunas personas han entrado y dormido en \u00e9l, accediendo desde una puerta lateral que la Guardia Urbana ha precintado.<\/p>\n\n\n\n<p>Ca l&#8217;Ardiaca se encuentra en un estado estructural delicado, hasta el punto de que el Ayuntamiento de Tarragona intervino de emergencia en febrero de 2024. Destin\u00f3 600.000 euros de forma subsidiaria, un dinero que acab\u00f3 embargando a Desarrollos Arbe porque la compa\u00f1\u00eda no pagaba.<\/p>\n\n\n\n<p>La propiedad lleva desde el a\u00f1o 2000 con la intenci\u00f3n de construir un hotel de lujo, pero no lo ha logrado. Desde Junts han presentado una propuesta de resoluci\u00f3n al Parlamento en la que evidencian que debido a \u00abm\u00faltiples factores, entre ellos la complejidad derivada del alto valor patrimonial y arqueol\u00f3gico\u00bb del palacio, el hotel no ha salido adelante. \u00abAl mismo tiempo, se ha evidenciado la incapacidad del proyecto privado para garantizar la conservaci\u00f3n del inmueble, hecho que pone de manifiesto la necesidad de una intervenci\u00f3n p\u00fablica definitiva que asegure su preservaci\u00f3n\u00bb, destacan en el escrito parlamentario.<\/p>\n\n\n\n<p>El diputado de Junts Jordi Bertran ha explicado a la ACN que reclaman que la Generalitat adquiera Ca l&#8217;Ardiaca porque en otras ocasiones ya ha realizado operaciones similares, como cuando en 1981 adquiri\u00f3 el Palau Robert de Barcelona \u00abpor 630 millones de pesetas, es decir, 3,7 millones de euros que, con el aumento del IPC, equivaldr\u00edan a unos 22,2 millones de euros\u00bb. En el Palau Moja o en la Foneria dels Canons se realizaron operaciones muy similares, al igual que en el antiguo Hospital de Santa Caterina de Girona. Por todo ello, la formaci\u00f3n ha reclamado al Gobierno que ejerza el derecho de tanteo -derecho preferente de compra en caso de venta- o el de retracto -recomprar retroactivamente en caso de que haya una venta no informada-, as\u00ed como que considere \u00abque las inversiones en adquisiciones de inmuebles por parte de la Generalitat se han situado en una horquilla de entre 3,1 y 71 millones de euros.<\/p>\n\n\n\n<p>Desde el Departamento de Cultura, m\u00e1s all\u00e1 de apuntar que no tienen conocimiento de que Desarrollos Arbe quiera traspasar la finca, han destacado \u00abla importancia de garantizar la conservaci\u00f3n de los excepcionales valores patrimoniales y hist\u00f3ricos de Ca l&#8217;Ardiaca\u00bb y han asegurado que continuar\u00e1n \u00abrequiriendo a la propiedad el cumplimiento\u00bb de la ley que los obliga a preservar y mantener la integridad del edificio.<\/p>\n\n\n\n<p>Adem\u00e1s de todo esto, en los \u00faltimos d\u00edas se ha detectado que algunas personas han entrado en Ca l&#8217;Ardiaca y han dormido, cocinado y hecho fuego. Este mi\u00e9rcoles la Guardia Urbana accedi\u00f3 y precint\u00f3 el acceso. Esta entrada, sin embargo, no es la principal del Pla de la Seu, sino una lateral de la plaza de los Cabrits y que da a un inmueble que ser\u00eda de otros propietarios.<\/p>\n","protected":false},"excerpt":{"rendered":"<p>El grupo parlamentario de Junts ha instado al Gobierno a que ejerza el derecho de tanteo y retracto y compre el edificio de Ca l&#8217;Ardiaca de Tarragona para poder invertir en \u00e9l y \u00abevitar la degradaci\u00f3n por la falta continuada de cuidado\u00bb. El inmueble, un palacio medieval del siglo XII, est\u00e1 catalogado desde hace un [&hellip;]<\/p>\n","protected":false},"author":57,"featured_media":352809,"comment_status":"closed","ping_status":"closed","sticky":false,"template":"","format":"standard","meta":{"footnotes":""},"categories":[13688],"tags":[128,15043,88,260,129,19,218],"class_list":["post-379236","post","type-post","status-publish","format-standard","has-post-thumbnail","hentry","category-cronicas","tag-actualitat","tag-ardiaca","tag-info","tag-noticies","tag-societat","tag-tarragona","tag-tgn"],"yoast_head":"<!-- This site is optimized with the Yoast SEO Premium plugin v27.4 (Yoast SEO v27.5) - https:\/\/yoast.com\/product\/yoast-seo-premium-wordpress\/ -->\n<title>Junts reclama al Gobierno que compre Ca l&#039;Ardiaca de Tarragona y Cultura dice que los propietarios no quieren vender - R\u00e0dio Ciutat de Tarragona<\/title>\n<meta name=\"robots\" content=\"index, follow, max-snippet:-1, max-image-preview:large, max-video-preview:-1\" \/>\n<link rel=\"canonical\" href=\"https:\/\/radiociutat.com\/es\/ultimas-noticias\/cronicas\/junts-reclama-al-gobierno-que-compre-ca-lardiaca-de-tarragona-y-cultura-dice-que-los-propietarios-no-quieren-vender\/\" \/>\n<meta property=\"og:locale\" content=\"es_ES\" \/>\n<meta property=\"og:type\" content=\"article\" \/>\n<meta property=\"og:title\" content=\"Junts reclama al Gobierno que compre Ca l&#039;Ardiaca de Tarragona y Cultura dice que los propietarios no quieren vender\" \/>\n<meta property=\"og:description\" content=\"El grupo parlamentario de Junts ha instado al Gobierno a que ejerza el derecho de tanteo y retracto y compre el edificio de Ca l&#8217;Ardiaca de Tarragona para poder invertir en \u00e9l y \u00abevitar la degradaci\u00f3n por la falta continuada de cuidado\u00bb. El inmueble, un palacio medieval del siglo XII, est\u00e1 catalogado desde hace un [&hellip;]\" \/>\n<meta property=\"og:url\" content=\"https:\/\/radiociutat.com\/es\/ultimas-noticias\/cronicas\/junts-reclama-al-gobierno-que-compre-ca-lardiaca-de-tarragona-y-cultura-dice-que-los-propietarios-no-quieren-vender\/\" \/>\n<meta property=\"og:site_name\" content=\"R\u00e0dio Ciutat de Tarragona\" \/>\n<meta property=\"article:publisher\" content=\"https:\/\/www.facebook.com\/rctgn\" \/>\n<meta property=\"article:published_time\" content=\"2026-04-30T16:05:15+00:00\" \/>\n<meta property=\"og:image\" content=\"https:\/\/files.radiociutat.com\/rctgn\/wp-content\/uploads\/2025\/04\/82ce5e3d-5ef9-48b1-adf8-d885d51d5dfb-scaled-e1744269726742.jpg\" \/>\n\t<meta property=\"og:image:width\" content=\"954\" \/>\n\t<meta property=\"og:image:height\" content=\"636\" \/>\n\t<meta property=\"og:image:type\" content=\"image\/jpeg\" \/>\n<meta name=\"author\" content=\"ACN\" \/>\n<meta name=\"twitter:card\" content=\"summary_large_image\" \/>\n<meta name=\"twitter:creator\" content=\"@RCTgn\" \/>\n<meta name=\"twitter:site\" content=\"@RCTgn\" \/>\n<meta name=\"twitter:label1\" content=\"Escrito por\" \/>\n\t<meta name=\"twitter:data1\" content=\"ACN\" \/>\n\t<meta name=\"twitter:label2\" content=\"Tiempo de lectura\" \/>\n\t<meta name=\"twitter:data2\" content=\"3 minutos\" \/>\n<script type=\"application\/ld+json\" class=\"yoast-schema-graph\">{\"@context\":\"https:\\\/\\\/schema.org\",\"@graph\":[{\"@type\":\"Article\",\"@id\":\"https:\\\/\\\/radiociutat.com\\\/es\\\/ultimas-noticias\\\/cronicas\\\/junts-reclama-al-gobierno-que-compre-ca-lardiaca-de-tarragona-y-cultura-dice-que-los-propietarios-no-quieren-vender\\\/#article\",\"isPartOf\":{\"@id\":\"https:\\\/\\\/radiociutat.com\\\/es\\\/ultimas-noticias\\\/cronicas\\\/junts-reclama-al-gobierno-que-compre-ca-lardiaca-de-tarragona-y-cultura-dice-que-los-propietarios-no-quieren-vender\\\/\"},\"author\":{\"name\":\"ACN\",\"@id\":\"https:\\\/\\\/radiociutat.com\\\/es\\\/#\\\/schema\\\/person\\\/ea8722499f2255e1477bd2975629dc71\"},\"headline\":\"Junts reclama al Gobierno que compre Ca l&#8217;Ardiaca de Tarragona y Cultura dice que los propietarios no quieren vender\",\"datePublished\":\"2026-04-30T16:05:15+00:00\",\"mainEntityOfPage\":{\"@id\":\"https:\\\/\\\/radiociutat.com\\\/es\\\/ultimas-noticias\\\/cronicas\\\/junts-reclama-al-gobierno-que-compre-ca-lardiaca-de-tarragona-y-cultura-dice-que-los-propietarios-no-quieren-vender\\\/\"},\"wordCount\":606,\"image\":{\"@id\":\"https:\\\/\\\/radiociutat.com\\\/es\\\/ultimas-noticias\\\/cronicas\\\/junts-reclama-al-gobierno-que-compre-ca-lardiaca-de-tarragona-y-cultura-dice-que-los-propietarios-no-quieren-vender\\\/#primaryimage\"},\"thumbnailUrl\":\"https:\\\/\\\/files.radiociutat.com\\\/rctgn\\\/wp-content\\\/uploads\\\/2025\\\/04\\\/82ce5e3d-5ef9-48b1-adf8-d885d51d5dfb-scaled-e1744269726742.jpg\",\"keywords\":[\"Actualitat\",\"Ardiaca\",\"Info\",\"not\u00edcies\",\"Societat\",\"Tarragona\",\"TGN\"],\"articleSection\":[\"Cr\u00f3nicas\"],\"inLanguage\":\"es\"},{\"@type\":\"WebPage\",\"@id\":\"https:\\\/\\\/radiociutat.com\\\/es\\\/ultimas-noticias\\\/cronicas\\\/junts-reclama-al-gobierno-que-compre-ca-lardiaca-de-tarragona-y-cultura-dice-que-los-propietarios-no-quieren-vender\\\/\",\"url\":\"https:\\\/\\\/radiociutat.com\\\/es\\\/ultimas-noticias\\\/cronicas\\\/junts-reclama-al-gobierno-que-compre-ca-lardiaca-de-tarragona-y-cultura-dice-que-los-propietarios-no-quieren-vender\\\/\",\"name\":\"Junts reclama al Gobierno que compre Ca l'Ardiaca de Tarragona y Cultura dice que los propietarios no quieren vender - R\u00e0dio Ciutat de Tarragona\",\"isPartOf\":{\"@id\":\"https:\\\/\\\/radiociutat.com\\\/es\\\/#website\"},\"primaryImageOfPage\":{\"@id\":\"https:\\\/\\\/radiociutat.com\\\/es\\\/ultimas-noticias\\\/cronicas\\\/junts-reclama-al-gobierno-que-compre-ca-lardiaca-de-tarragona-y-cultura-dice-que-los-propietarios-no-quieren-vender\\\/#primaryimage\"},\"image\":{\"@id\":\"https:\\\/\\\/radiociutat.com\\\/es\\\/ultimas-noticias\\\/cronicas\\\/junts-reclama-al-gobierno-que-compre-ca-lardiaca-de-tarragona-y-cultura-dice-que-los-propietarios-no-quieren-vender\\\/#primaryimage\"},\"thumbnailUrl\":\"https:\\\/\\\/files.radiociutat.com\\\/rctgn\\\/wp-content\\\/uploads\\\/2025\\\/04\\\/82ce5e3d-5ef9-48b1-adf8-d885d51d5dfb-scaled-e1744269726742.jpg\",\"datePublished\":\"2026-04-30T16:05:15+00:00\",\"author\":{\"@id\":\"https:\\\/\\\/radiociutat.com\\\/es\\\/#\\\/schema\\\/person\\\/ea8722499f2255e1477bd2975629dc71\"},\"breadcrumb\":{\"@id\":\"https:\\\/\\\/radiociutat.com\\\/es\\\/ultimas-noticias\\\/cronicas\\\/junts-reclama-al-gobierno-que-compre-ca-lardiaca-de-tarragona-y-cultura-dice-que-los-propietarios-no-quieren-vender\\\/#breadcrumb\"},\"inLanguage\":\"es\",\"potentialAction\":[{\"@type\":\"ReadAction\",\"target\":[\"https:\\\/\\\/radiociutat.com\\\/es\\\/ultimas-noticias\\\/cronicas\\\/junts-reclama-al-gobierno-que-compre-ca-lardiaca-de-tarragona-y-cultura-dice-que-los-propietarios-no-quieren-vender\\\/\"]}]},{\"@type\":\"ImageObject\",\"inLanguage\":\"es\",\"@id\":\"https:\\\/\\\/radiociutat.com\\\/es\\\/ultimas-noticias\\\/cronicas\\\/junts-reclama-al-gobierno-que-compre-ca-lardiaca-de-tarragona-y-cultura-dice-que-los-propietarios-no-quieren-vender\\\/#primaryimage\",\"url\":\"https:\\\/\\\/files.radiociutat.com\\\/rctgn\\\/wp-content\\\/uploads\\\/2025\\\/04\\\/82ce5e3d-5ef9-48b1-adf8-d885d51d5dfb-scaled-e1744269726742.jpg\",\"contentUrl\":\"https:\\\/\\\/files.radiociutat.com\\\/rctgn\\\/wp-content\\\/uploads\\\/2025\\\/04\\\/82ce5e3d-5ef9-48b1-adf8-d885d51d5dfb-scaled-e1744269726742.jpg\",\"width\":954,\"height\":636,\"caption\":\"Foto: ACN\"},{\"@type\":\"BreadcrumbList\",\"@id\":\"https:\\\/\\\/radiociutat.com\\\/es\\\/ultimas-noticias\\\/cronicas\\\/junts-reclama-al-gobierno-que-compre-ca-lardiaca-de-tarragona-y-cultura-dice-que-los-propietarios-no-quieren-vender\\\/#breadcrumb\",\"itemListElement\":[{\"@type\":\"ListItem\",\"position\":1,\"name\":\"Inici\",\"item\":\"https:\\\/\\\/radiociutat.com\\\/es\\\/\"},{\"@type\":\"ListItem\",\"position\":2,\"name\":\"Junts reclama al Gobierno que compre Ca l&#8217;Ardiaca de Tarragona y Cultura dice que los propietarios no quieren vender\"}]},{\"@type\":\"WebSite\",\"@id\":\"https:\\\/\\\/radiociutat.com\\\/es\\\/#website\",\"url\":\"https:\\\/\\\/radiociutat.com\\\/es\\\/\",\"name\":\"R\u00e0dio Ciutat de Tarragona\",\"description\":\"R\u00e0dio Ciutat de Tarragona - RCTgn.cat R\u00e0dio Online\",\"potentialAction\":[{\"@type\":\"SearchAction\",\"target\":{\"@type\":\"EntryPoint\",\"urlTemplate\":\"https:\\\/\\\/radiociutat.com\\\/es\\\/?s={search_term_string}\"},\"query-input\":{\"@type\":\"PropertyValueSpecification\",\"valueRequired\":true,\"valueName\":\"search_term_string\"}}],\"inLanguage\":\"es\"},{\"@type\":\"Person\",\"@id\":\"https:\\\/\\\/radiociutat.com\\\/es\\\/#\\\/schema\\\/person\\\/ea8722499f2255e1477bd2975629dc71\",\"name\":\"ACN\",\"sameAs\":[\"https:\\\/\\\/radiociutat.com\\\/wp-content\\\/uploads\\\/2023\\\/09\\\/acn-e1694789176650.png\"],\"url\":\"https:\\\/\\\/radiociutat.com\\\/es\\\/author\\\/acn\\\/\"}]}<\/script>\n<!-- \/ Yoast SEO Premium plugin. -->","yoast_head_json":{"title":"Junts reclama al Gobierno que compre Ca l'Ardiaca de Tarragona y Cultura dice que los propietarios no quieren vender - R\u00e0dio Ciutat de Tarragona","robots":{"index":"index","follow":"follow","max-snippet":"max-snippet:-1","max-image-preview":"max-image-preview:large","max-video-preview":"max-video-preview:-1"},"canonical":"https:\/\/radiociutat.com\/es\/ultimas-noticias\/cronicas\/junts-reclama-al-gobierno-que-compre-ca-lardiaca-de-tarragona-y-cultura-dice-que-los-propietarios-no-quieren-vender\/","og_locale":"es_ES","og_type":"article","og_title":"Junts reclama al Gobierno que compre Ca l'Ardiaca de Tarragona y Cultura dice que los propietarios no quieren vender","og_description":"El grupo parlamentario de Junts ha instado al Gobierno a que ejerza el derecho de tanteo y retracto y compre el edificio de Ca l&#8217;Ardiaca de Tarragona para poder invertir en \u00e9l y \u00abevitar la degradaci\u00f3n por la falta continuada de cuidado\u00bb. El inmueble, un palacio medieval del siglo XII, est\u00e1 catalogado desde hace un [&hellip;]","og_url":"https:\/\/radiociutat.com\/es\/ultimas-noticias\/cronicas\/junts-reclama-al-gobierno-que-compre-ca-lardiaca-de-tarragona-y-cultura-dice-que-los-propietarios-no-quieren-vender\/","og_site_name":"R\u00e0dio Ciutat de Tarragona","article_publisher":"https:\/\/www.facebook.com\/rctgn","article_published_time":"2026-04-30T16:05:15+00:00","og_image":[{"width":954,"height":636,"url":"https:\/\/files.radiociutat.com\/rctgn\/wp-content\/uploads\/2025\/04\/82ce5e3d-5ef9-48b1-adf8-d885d51d5dfb-scaled-e1744269726742.jpg","type":"image\/jpeg"}],"author":"ACN","twitter_card":"summary_large_image","twitter_creator":"@RCTgn","twitter_site":"@RCTgn","twitter_misc":{"Escrito por":"ACN","Tiempo de lectura":"3 minutos"},"schema":{"@context":"https:\/\/schema.org","@graph":[{"@type":"Article","@id":"https:\/\/radiociutat.com\/es\/ultimas-noticias\/cronicas\/junts-reclama-al-gobierno-que-compre-ca-lardiaca-de-tarragona-y-cultura-dice-que-los-propietarios-no-quieren-vender\/#article","isPartOf":{"@id":"https:\/\/radiociutat.com\/es\/ultimas-noticias\/cronicas\/junts-reclama-al-gobierno-que-compre-ca-lardiaca-de-tarragona-y-cultura-dice-que-los-propietarios-no-quieren-vender\/"},"author":{"name":"ACN","@id":"https:\/\/radiociutat.com\/es\/#\/schema\/person\/ea8722499f2255e1477bd2975629dc71"},"headline":"Junts reclama al Gobierno que compre Ca l&#8217;Ardiaca de Tarragona y Cultura dice que los propietarios no quieren vender","datePublished":"2026-04-30T16:05:15+00:00","mainEntityOfPage":{"@id":"https:\/\/radiociutat.com\/es\/ultimas-noticias\/cronicas\/junts-reclama-al-gobierno-que-compre-ca-lardiaca-de-tarragona-y-cultura-dice-que-los-propietarios-no-quieren-vender\/"},"wordCount":606,"image":{"@id":"https:\/\/radiociutat.com\/es\/ultimas-noticias\/cronicas\/junts-reclama-al-gobierno-que-compre-ca-lardiaca-de-tarragona-y-cultura-dice-que-los-propietarios-no-quieren-vender\/#primaryimage"},"thumbnailUrl":"https:\/\/files.radiociutat.com\/rctgn\/wp-content\/uploads\/2025\/04\/82ce5e3d-5ef9-48b1-adf8-d885d51d5dfb-scaled-e1744269726742.jpg","keywords":["Actualitat","Ardiaca","Info","not\u00edcies","Societat","Tarragona","TGN"],"articleSection":["Cr\u00f3nicas"],"inLanguage":"es"},{"@type":"WebPage","@id":"https:\/\/radiociutat.com\/es\/ultimas-noticias\/cronicas\/junts-reclama-al-gobierno-que-compre-ca-lardiaca-de-tarragona-y-cultura-dice-que-los-propietarios-no-quieren-vender\/","url":"https:\/\/radiociutat.com\/es\/ultimas-noticias\/cronicas\/junts-reclama-al-gobierno-que-compre-ca-lardiaca-de-tarragona-y-cultura-dice-que-los-propietarios-no-quieren-vender\/","name":"Junts reclama al Gobierno que compre Ca l'Ardiaca de Tarragona y Cultura dice que los propietarios no quieren vender - R\u00e0dio Ciutat de Tarragona","isPartOf":{"@id":"https:\/\/radiociutat.com\/es\/#website"},"primaryImageOfPage":{"@id":"https:\/\/radiociutat.com\/es\/ultimas-noticias\/cronicas\/junts-reclama-al-gobierno-que-compre-ca-lardiaca-de-tarragona-y-cultura-dice-que-los-propietarios-no-quieren-vender\/#primaryimage"},"image":{"@id":"https:\/\/radiociutat.com\/es\/ultimas-noticias\/cronicas\/junts-reclama-al-gobierno-que-compre-ca-lardiaca-de-tarragona-y-cultura-dice-que-los-propietarios-no-quieren-vender\/#primaryimage"},"thumbnailUrl":"https:\/\/files.radiociutat.com\/rctgn\/wp-content\/uploads\/2025\/04\/82ce5e3d-5ef9-48b1-adf8-d885d51d5dfb-scaled-e1744269726742.jpg","datePublished":"2026-04-30T16:05:15+00:00","author":{"@id":"https:\/\/radiociutat.com\/es\/#\/schema\/person\/ea8722499f2255e1477bd2975629dc71"},"breadcrumb":{"@id":"https:\/\/radiociutat.com\/es\/ultimas-noticias\/cronicas\/junts-reclama-al-gobierno-que-compre-ca-lardiaca-de-tarragona-y-cultura-dice-que-los-propietarios-no-quieren-vender\/#breadcrumb"},"inLanguage":"es","potentialAction":[{"@type":"ReadAction","target":["https:\/\/radiociutat.com\/es\/ultimas-noticias\/cronicas\/junts-reclama-al-gobierno-que-compre-ca-lardiaca-de-tarragona-y-cultura-dice-que-los-propietarios-no-quieren-vender\/"]}]},{"@type":"ImageObject","inLanguage":"es","@id":"https:\/\/radiociutat.com\/es\/ultimas-noticias\/cronicas\/junts-reclama-al-gobierno-que-compre-ca-lardiaca-de-tarragona-y-cultura-dice-que-los-propietarios-no-quieren-vender\/#primaryimage","url":"https:\/\/files.radiociutat.com\/rctgn\/wp-content\/uploads\/2025\/04\/82ce5e3d-5ef9-48b1-adf8-d885d51d5dfb-scaled-e1744269726742.jpg","contentUrl":"https:\/\/files.radiociutat.com\/rctgn\/wp-content\/uploads\/2025\/04\/82ce5e3d-5ef9-48b1-adf8-d885d51d5dfb-scaled-e1744269726742.jpg","width":954,"height":636,"caption":"Foto: ACN"},{"@type":"BreadcrumbList","@id":"https:\/\/radiociutat.com\/es\/ultimas-noticias\/cronicas\/junts-reclama-al-gobierno-que-compre-ca-lardiaca-de-tarragona-y-cultura-dice-que-los-propietarios-no-quieren-vender\/#breadcrumb","itemListElement":[{"@type":"ListItem","position":1,"name":"Inici","item":"https:\/\/radiociutat.com\/es\/"},{"@type":"ListItem","position":2,"name":"Junts reclama al Gobierno que compre Ca l&#8217;Ardiaca de Tarragona y Cultura dice que los propietarios no quieren vender"}]},{"@type":"WebSite","@id":"https:\/\/radiociutat.com\/es\/#website","url":"https:\/\/radiociutat.com\/es\/","name":"R\u00e0dio Ciutat de Tarragona","description":"R\u00e0dio Ciutat de Tarragona - RCTgn.cat R\u00e0dio Online","potentialAction":[{"@type":"SearchAction","target":{"@type":"EntryPoint","urlTemplate":"https:\/\/radiociutat.com\/es\/?s={search_term_string}"},"query-input":{"@type":"PropertyValueSpecification","valueRequired":true,"valueName":"search_term_string"}}],"inLanguage":"es"},{"@type":"Person","@id":"https:\/\/radiociutat.com\/es\/#\/schema\/person\/ea8722499f2255e1477bd2975629dc71","name":"ACN","sameAs":["https:\/\/radiociutat.com\/wp-content\/uploads\/2023\/09\/acn-e1694789176650.png"],"url":"https:\/\/radiociutat.com\/es\/author\/acn\/"}]}},"_links":{"self":[{"href":"https:\/\/radiociutat.com\/es\/wp-json\/wp\/v2\/posts\/379236","targetHints":{"allow":["GET"]}}],"collection":[{"href":"https:\/\/radiociutat.com\/es\/wp-json\/wp\/v2\/posts"}],"about":[{"href":"https:\/\/radiociutat.com\/es\/wp-json\/wp\/v2\/types\/post"}],"author":[{"embeddable":true,"href":"https:\/\/radiociutat.com\/es\/wp-json\/wp\/v2\/users\/57"}],"replies":[{"embeddable":true,"href":"https:\/\/radiociutat.com\/es\/wp-json\/wp\/v2\/comments?post=379236"}],"version-history":[{"count":0,"href":"https:\/\/radiociutat.com\/es\/wp-json\/wp\/v2\/posts\/379236\/revisions"}],"wp:featuredmedia":[{"embeddable":true,"href":"https:\/\/radiociutat.com\/es\/wp-json\/wp\/v2\/media\/352809"}],"wp:attachment":[{"href":"https:\/\/radiociutat.com\/es\/wp-json\/wp\/v2\/media?parent=379236"}],"wp:term":[{"taxonomy":"category","embeddable":true,"href":"https:\/\/radiociutat.com\/es\/wp-json\/wp\/v2\/categories?post=379236"},{"taxonomy":"post_tag","embeddable":true,"href":"https:\/\/radiociutat.com\/es\/wp-json\/wp\/v2\/tags?post=379236"}],"curies":[{"name":"wp","href":"https:\/\/api.w.org\/{rel}","templated":true}]}}