{"id":379229,"date":"2026-04-30T17:07:38","date_gmt":"2026-04-30T15:07:38","guid":{"rendered":"https:\/\/radiociutat.com\/programes-podcast\/tgn-info-muere-un-peaton-atropellado-por-un-camion-cisterna-en-la-pobla-de-mafumet\/"},"modified":"2026-04-30T17:07:38","modified_gmt":"2026-04-30T15:07:38","slug":"tgn-info-muere-un-peaton-atropellado-por-un-camion-cisterna-en-la-pobla-de-mafumet","status":"publish","type":"post","link":"https:\/\/radiociutat.com\/es\/informatius-radio-ciutat-de-tarragona\/tgn-info-muere-un-peaton-atropellado-por-un-camion-cisterna-en-la-pobla-de-mafumet\/","title":{"rendered":"TGN Info | Muere un peat\u00f3n atropellado por un cami\u00f3n cisterna en la Pobla de Mafumet"},"content":{"rendered":"\n<p><strong>Un peat\u00f3n ha muerto este mi\u00e9rcoles por la tarde en el kil\u00f3metro 1,8 de la carretera T-750, en el t\u00e9rmino municipal de la Pobla de Mafumet (Tarragon\u00e8s), seg\u00fan ha informado el Servicio Catal\u00e1n de Tr\u00e1fico (SCT). Los servicios de emergencia han recibido el aviso del suceso sobre las cinco y cuarto.&nbsp;<\/strong><\/p>\n\n\n\n<p>Por causas que se investigan, un cami\u00f3n cisterna que se encontraba en el interior del Pol\u00edgono Qu\u00edmico se ha desfrenado, ha embestido la valla perimetral y ha atropellado a la v\u00edctima, que se encontraba en la v\u00eda p\u00fablica. A ra\u00edz del siniestro se han activado cuatro patrullas de los Mossos d&#8217;Esquadra, una dotaci\u00f3n de los Bomberos de la Generalitat y unidades del Sistema de Emergencias M\u00e9dicas (SEM).<\/p>\n\n\n\n<p>Desde principio de a\u00f1o, 31 personas han perdido la vida en accidentes de tr\u00e1fico en las carreteras catalanas, 13 de las cuales eran motoristas, colectivo que acumula m\u00e1s siniestralidad. Entre las v\u00edctimas mortales tambi\u00e9n hay 3 ciclistas y 4 peatones.&nbsp;<\/p>\n\n\n\n<p><strong>M\u00e1s de 18.500 personas del Camp de Tarragona y las Terres de l&#8217;Ebre siguen esperando en alguna fase del circuito de la dependencia. Seg\u00fan el Departamento de Derechos Sociales e Inclusi\u00f3n, 9.032 personas est\u00e1n pendientes de la valoraci\u00f3n y 9.540 m\u00e1s esperan recibir el Programa Individual de Atenci\u00f3n (PIA), que incluye la prestaci\u00f3n econ\u00f3mica o el recurso asistencial (atenci\u00f3n domiciliaria, centro de d\u00eda, residencia) que necesitan.&nbsp;<\/strong><\/p>\n\n\n\n<p>Ayer el secretario general de Derechos Sociales e Inclusi\u00f3n, Ra\u00fal Moreno, y la directora general de la Autonom\u00eda Personal y la Discapacidad, S\u00edlvia Subirana, presentaron en Tarragona el Plan CURA, presentado con el objetivo de \u00abdeshacer el tap\u00f3n de la dependencia\u00bb y \u00abtransformar el sistema de atenci\u00f3n a la dependencia\u00bb.<\/p>\n\n\n\n<p>Moreno y Subirana se han reunido con representantes del mundo local del Camp de Tarragona y las Terres de l\u2019Ebre, el secretario general ha explicado los cuatro ejes y las dieciocho medidas incluidas en el Plan CURA, as\u00ed como los cambios incluidos en el Decreto ley de medidas urgentes en el \u00e1mbito de la dependencia.<\/p>\n\n\n\n<p>Entre estas medidas destacan la priorizaci\u00f3n de las personas en espera que, seg\u00fan la informaci\u00f3n m\u00e9dica, son susceptibles de recibir el grado III; la agilizaci\u00f3n de las prestaciones econ\u00f3micas; la creaci\u00f3n de una ayuda de cobertura m\u00ednima para las personas que esperan acceder a un recurso asistencial; y el fin de los pagos indebidos.<\/p>\n\n\n\n<p><strong>Rodalies volver\u00e1 a ser de pago a partir del pr\u00f3ximo s\u00e1bado 9 de mayo. As\u00ed lo ha anunciado este jueves la consellera de Territorio, S\u00edlvia Paneque, durante una visita a las obras del t\u00fanel de Rub\u00ed con el secretario de Estado de Transportes, Jos\u00e9 Antonio Santano.<\/strong><\/p>\n\n\n\n<p>La gratuidad del servicio durar\u00e1, por lo tanto, hasta el viernes 8. Estaba vigente desde el accidente de Gelida del 20 de enero, que oblig\u00f3 a suspender todo el servicio en Catalu\u00f1a y a abrir una etapa de obras de emergencia marcada por diversos cortes en las l\u00edneas y la ampliaci\u00f3n de las limitaciones temporales de velocidad (LTV).<\/p>\n\n\n\n<p>Paneque ha confirmado que ya se ha recuperado el 90% del pasaje habitual y que con la retirada progresiva de las LTV ya no hacen falta medidas excepcionales como la gratuidad. La consellera tambi\u00e9n ha anunciado que a partir del pr\u00f3ximo lunes se recuperan recorridos en la R15 entre Reus y M\u00f3ra la Nova, en la R3 entre Ripoll y Ribes de Freser y en la R4 entre Sant Vicen\u00e7 de Calders y Manresa.<\/p>\n\n\n\n<p><strong>Todas las cuencas internas de Catalu\u00f1a se encuentran en situaci\u00f3n de normalidad despu\u00e9s de casi cinco a\u00f1os de sequ\u00eda. Este jueves, el \u00e1mbito de Riudecanyes ha sido el \u00faltimo en pasar de prealerta a normalidad.&nbsp;<\/strong><\/p>\n\n\n\n<p>El embalse del Baix Camp se encuentra al 99,82% de su capacidad total y se ha tomado esta decisi\u00f3n despu\u00e9s de que los \u00faltimos meses se haya consolidado la tendencia positiva. Riudecanyes no se encontraba en fase de normalidad desde el 4 de agosto de 2023. En cuanto a la normalidad de la totalidad de las cuencas internas hay que remontarse a septiembre de 2021. Actualmente, todos los pantanos se encuentran por encima del 75%. Los dos que tienen una capacidad m\u00e1s baja son el de Siurana (77,94%) y el del Foix (79,72).<\/p>\n\n\n\n<p>Durante los \u00faltimos a\u00f1os, varios municipios dependientes del suministro de agua de las cuencas internas de Catalu\u00f1a han estado con restricciones a causa de la sequ\u00eda provocada por la escasez de lluvias. El Gobierno declar\u00f3 varias veces la fase de emergencia y de excepcionalidad, las dos m\u00e1s graves, en diferentes \u00e1mbitos. Ahora, cinco a\u00f1os despu\u00e9s, las cuencas internas vuelven a situarse en la normalidad y sin ninguna restricci\u00f3n.<\/p>\n\n\n\n<p><strong>Una nueva plataforma ciudadana se ha empezado a organizar ante la falta de informaci\u00f3n y transparencia del proyecto de la gigafactor\u00eda de IA que podr\u00eda instalarse en M\u00f3ra la Nova (Ribera d&#8217;Ebre) y que ser\u00e1 de las m\u00e1s grandes de Europa.&nbsp;<\/strong><\/p>\n\n\n\n<p>La organizaci\u00f3n quiere fomentar el debate p\u00fablico sobre el proyecto, que alertan que tendr\u00e1 un consumo energ\u00e9tico e h\u00eddrico muy elevado, supone una gran inversi\u00f3n p\u00fablica, pero genera poco empleo y, al mismo tiempo, favorece una tecnolog\u00eda que destruye muchos puestos de trabajo. Con el nombre &#8216;Aturem la gigafactoria d&#8217;IA&#8217; (Paremos la gigafactor\u00eda de IA), el colectivo se presenta este jueves por la noche en el Casal de Miravet, donde diferentes expertos plantear\u00e1n las posibles implicaciones de los macroproyectos electrointensivos.<\/p>\n\n\n\n<p>La posible implantaci\u00f3n de una gigafactor\u00eda en M\u00f3ra la Nova y la falta de un debate p\u00fablico en torno al proyecto, ha llevado a entidades sociales, sindicales y ecologistas del territorio a impulsar la nueva plataforma ciudadana &#8216;Aturem la gigafactoria d&#8217;IA&#8217;. La iniciativa surgi\u00f3 despu\u00e9s de que se prohibiera un coloquio sobre el proyecto en M\u00f3ra la Nova, una conferencia que se acab\u00f3 celebrando en el municipio vecino de M\u00f3ra d&#8217;Ebre con una gran participaci\u00f3n ciudadana.&nbsp;<\/p>\n\n\n\n<p>Junto con la CGT, el movimiento viene impulsado por GEPEC-EdC, Ecologistas en Acci\u00f3n, Terra Alta Viva, Sediments o Terra i Pau. Los impulsores inician ahora \u00abun proceso de repliegue de fuerzas\u00bb para generar conocimiento sobre estas gigafactor\u00edas y hacerla llegar a la ciudadan\u00eda, y contrarrestar la visi\u00f3n acr\u00edtica que hacen llegar los representantes pol\u00edticos, teniendo en cuenta que la instalaci\u00f3n de la factor\u00eda de IA puede impulsar la creaci\u00f3n de un gran hub de industrias electrointensivas en la zona.<\/p>\n\n\n\n<p>Bas\u00e1ndose en el funcionamiento y consumos de otras industrias similares, se alerta que una gigafactor\u00eda, como la de M\u00f3ra la Nova, de unos 600 megavatios, podr\u00eda consumir entre 12 y 24 millones de litros de agua al d\u00eda y la energ\u00eda que consume un pa\u00eds como Malta o Letonia. Tambi\u00e9n se cuestiona la relaci\u00f3n entre la inversi\u00f3n p\u00fablica, que ir\u00e1 de los 3.000 a los 5.000 millones de euros, y los puestos de trabajo, que se calcula que ser\u00edan unos 150. Carb\u00f3 ha comparado las cifras con los 7.000 puestos de trabajo que generan los 335 millones de euros de inversi\u00f3n anual de la sanidad p\u00fablica en las Terres de l&#8217;Ebre.&nbsp;<\/p>\n\n\n\n<p><strong>La Generalitat de Catalunya ha autorizado la construcci\u00f3n de una central fotovoltaica con 5.220 paneles fotovoltaicos en el t\u00e9rmino municipal de Montbri\u00f3 del Camp (Baix Camp) y con una potencia instalada de 3,168 MW. El proyecto est\u00e1 impulsado por la empresa Naolin Alfa SL con domicilio social en Tajonar (Navarra).<\/strong><\/p>\n\n\n\n<p>Tambi\u00e9n se ha dado luz verde a la l\u00ednea soterrada de evacuaci\u00f3n a 25 kV. El Ayuntamiento de Montbri\u00f3 del Camp no ha presentado alegaciones, mientras que el Consejo Comarcal del Baix Camp ha informado que el emplazamiento se puede considerar \u00abno \u00f3ptimo\u00bb por los \u00abvalores agroecol\u00f3gicos\u00bb del lugar. Uni\u00f3 de Pagesos se ha mostrado contrario pidiendo que se anule el proyecto. El plazo para poner en marcha la instalaci\u00f3n es de dos a\u00f1os.<\/p>\n\n\n\n<p><strong>USTEC ha acusado al PSC de estar detr\u00e1s de la protesta del alumnado en el Instituto Narc\u00eds Oller de Valls. Alumnos de 4\u00ba de ESO del instituto se han manifestado los \u00faltimos d\u00edas, y no han entrado a clase, para protestar por la decisi\u00f3n del profesorado de dejar de organizar actividades no acad\u00e9micas fuera del horario lectivo.&nbsp;<\/strong><\/p>\n\n\n\n<p>En un comunicado, el sindicato ha acusado al partido de \u00abquerer generar malestar en el marco de una campa\u00f1a de desinformaci\u00f3n y propaganda, promovida por el propio gobierno de la Generalitat\u00bb. USTEC se\u00f1ala directamente la participaci\u00f3n de personas vinculadas al PSC, como el primer secretario de la JSC de Valls, quien ha hablado como portavoz de los manifestantes en medios de comunicaci\u00f3n.<\/p>\n\n\n\n<p>El sindicato ha exigido \u00abexplicaciones inmediatas\u00bb por estos hechos por parte de la consellera de Educaci\u00f3n y de los cargos directivos del PSC para aclarar su implicaci\u00f3n en esta protesta.<\/p>\n\n\n\n<p>Adem\u00e1s, ha reclamado que el Gobierno \u00ababandone estas din\u00e1micas de desinformaci\u00f3n y manipulaci\u00f3n impropias en una democracia\u00bb y que apueste \u00abpor la v\u00eda del di\u00e1logo\u00bb, volviendo a abrir la negociaci\u00f3n.<\/p>\n\n\n\n<p><strong>Un estudio de la Universidad Rovira i Virgili (URV) concluye que el puerto de Tarragona necesita m\u00e1s diversificaci\u00f3n de los tr\u00e1ficos de mercanc\u00edas y mejorar su integraci\u00f3n en las cadenas log\u00edsticas internacionales. El informe destaca que se trata de uno de los principales activos del territorio. Su modelo presenta una elevada especializaci\u00f3n en tr\u00e1ficos a granel, especialmente l\u00edquidos vinculados al complejo petroqu\u00edmico, que concentran m\u00e1s de la mitad de la actividad.&nbsp;<\/strong><\/p>\n\n\n\n<p>Ante este escenario, el estudio se\u00f1ala la necesidad de diversificarse. El informe tambi\u00e9n advierte que la cooperaci\u00f3n entre los dos puertos mercantiles principales de Catalu\u00f1a (Barcelona y Tarragona) es \u00ablimitada\u00bb y los insta a \u00abavanzar hacia una alianza cooperativa\u00bb.<\/p>\n\n\n\n<p>Tarragona presenta una estructura de tr\u00e1ficos muy concentrada, seg\u00fan el estudio de la URV. M\u00e1s de la mitad del movimiento de mercanc\u00edas corresponde a los productos energ\u00e9ticos (56,6%), un peso muy superior al de Barcelona (15,9%) y Valencia (4,4%) e, incluso, por encima del de Castell\u00f3n (48,1%). Ante esta situaci\u00f3n, los investigadores de la universidad recomiendan diversificar los tr\u00e1ficos, sobre todo aquellos m\u00e1s vinculados a las manufacturas, los veh\u00edculos, la maquinaria y el contenedor.<\/p>\n\n\n\n<p><strong>Los Mossos d&#8217;Esquadra han detenido a siete personas y han desmantelado varios puntos de venta de drogas y plantaciones de marihuana en el barrio de Campclar de Tarragona. La investigaci\u00f3n empez\u00f3 hace dos meses, cuando se recibi\u00f3 informaci\u00f3n de pisos ocupados en el barrio donde se distribu\u00edan sustancias estupefacientes. Uno de estos puntos de venta estaba muy cerca de un centro escolar.&nbsp;<\/strong><\/p>\n\n\n\n<p>En total, se ha desmantelado un piso y un local donde se vend\u00eda droga. En el piso tambi\u00e9n se consum\u00eda (narcopiso). En tres pisos m\u00e1s, los Mossos han encontrado unas 700 plantas de marihuana. Los arrestados acumulan m\u00e1s de un centenar de antecedentes policiales, uno es menor de edad, y otro ten\u00eda una orden vigente de detenci\u00f3n. En las pr\u00f3ximas horas pasar\u00e1n a disposici\u00f3n judicial.<\/p>\n\n\n\n<p>El dispositivo policial ha identificado cinco puntos vinculados a la actividad delictiva, entre los cuales uno de los pisos y el local que se usaban como puntos de venta de drogas y tres pisos m\u00e1s donde hab\u00eda cultivos interiores de cannabis, con un total de 700 plantas. En las entradas y registros que se han hecho este mi\u00e9rcoles al mediod\u00eda, los agentes han intervenido 70 dosis de coca\u00edna, 6,75 gramos de coca\u00edna en roca y 89 dosis de hero\u00edna, todas ellas preparadas para la venta al detalle.<\/p>\n\n\n\n<p>Tambi\u00e9n se ha comprobado que hab\u00eda hasta nueve suministros el\u00e9ctricos fraudulentos, con un total de 230.000 kW defraudados y un perjuicio econ\u00f3mico estimado de unos 50.000 euros anuales, motivo por el cual los t\u00e9cnicos han procedido a la desconexi\u00f3n.&nbsp;<\/p>\n\n\n\n<p>Los detenidos est\u00e1n acusados como presuntos autores de delitos contra la salud p\u00fablica y de defraudaci\u00f3n de fluido el\u00e9ctrico. El dispositivo se enmarca dentro del Plan de Barrios que tiene como objetivo erradicar la delincuencia vinculada principalmente a la salud p\u00fablica.<\/p>\n\n\n\n<p><strong>El Ayuntamiento de Tarragona y la Empresa Municipal de Transportes han presentado el proyecto final de reestructuraci\u00f3n de las l\u00edneas de autob\u00fas urbano, que incorpora entre el 80% y el 85% de las propuestas ciudadanas recogidas durante el proceso participativo con entidades vecinales y grupos municipales.<\/strong><\/p>\n\n\n\n<p>El nuevo modelo mantiene el objetivo de crear una red m\u00e1s eficiente, clara y adaptada a una ciudad de cerca de 150.000 habitantes. Actualmente, el 90% de la poblaci\u00f3n tiene una parada a menos de cinco minutos, y la reforma busca mejorar conexiones, reducir tiempos de trayecto y reforzar las l\u00edneas con m\u00e1s demanda.<\/p>\n\n\n\n<p>En total, las expediciones anuales aumentar\u00e1n en unas 8.000. Los cambios incluyen mejoras en Sant Salvador, con m\u00e1s frecuencias en la l\u00ednea L85 y mejor conexi\u00f3n con equipamientos educativos y sanitarios. En Ponent se refuerzan las conexiones entre barrios y la l\u00ednea L34 gana peso, mientras que en Llevant la L13 se alarga hasta la estaci\u00f3n de tren y la L73 llegar\u00e1 todo el a\u00f1o a la M\u00f3ra.<\/p>\n\n\n\n<p>En el centro, se fusionan l\u00edneas para simplificar el servicio y se recupera la conexi\u00f3n con la playa del Miracle en verano. Tambi\u00e9n se mejora el servicio nocturno con m\u00e1s expediciones y nuevos recorridos.<\/p>\n\n\n\n<p>La propuesta se debatir\u00e1 en el pleno municipal despu\u00e9s del 6 de mayo y, si se aprueba, se implantar\u00e1 entre octubre y noviembre de 2026.<\/p>\n\n\n\n<p><strong>La Empresa Municipal Mixta de Aguas de Tarragona, Ematsa, ha finalizado las obras para la instalaci\u00f3n de la nueva tuber\u00eda de transporte de abastecimiento de agua que conecta el Pol\u00edgono PP9 con el nuevo sector PP10 en Campclar. Los trabajos han tenido una duraci\u00f3n de seis meses y un presupuesto de 950.000 \u20ac.<\/strong><\/p>\n\n\n\n<p>La nueva tuber\u00eda, de di\u00e1metro 400 mm y unos 800 m de longitud, discurre desde el Pol\u00edgono PP9, pasando por el lado del campo de f\u00fatbol de la Floresta, atravesando por debajo la carretera T-11 y conectando a ambos lados de la calle Riu Siurana con la red existente en la rambla de Ponent y con el sector PP10.<\/p>\n\n\n\n<p>De esta manera ya es una realidad la conectividad entre los dos sectores principales del sistema de abastecimiento de la ciudad, Tarragona centro y Ponent, dotando el sistema de m\u00e1s robustez ante posibles episodios de falta de disponibilidad de agua.<\/p>\n\n\n\n<p>Asimismo, asegurar\u00e1 el suministro a los nuevos desarrollos urban\u00edsticos de Campclar y dotar\u00e1 al territorio de la infraestructura hidr\u00e1ulica necesaria para afrontar el crecimiento futuro.<\/p>\n\n\n\n<p><strong>M\u00e1s de 350 alumnos de centros educativos de Tarragona participan, esta primavera, en diversas acciones de limpieza y recogida de residuos en espacios naturales y urbanos, dentro de la campa\u00f1a europea Let\u2019s Clean Up Europe. Se trata de una iniciativa que combina acci\u00f3n ambiental y educaci\u00f3n en valores.<\/strong><\/p>\n\n\n\n<p>La actividad principal tendr\u00e1 lugar el 8 de mayo en el cauce del r\u00edo Francol\u00ed, con la participaci\u00f3n de j\u00f3venes del Instituto Mart\u00ed i Franqu\u00e8s (120 alumnos de 1\u00ba de ESO) y de la Escuela C\u00e8sar August (52 alumnos de 3\u00ba de primaria), en una acci\u00f3n conjunta con la entidad Formaci\u00f3 i Treball.<\/p>\n\n\n\n<p>Paralelamente, otros centros tambi\u00e9n se han sumado a la iniciativa con acciones distribuidas a lo largo de la primavera, que se realizan en diferentes puntos de la ciudad. El Instituto Sant Pere i Sant Pau (m\u00e1s de 90 alumnos de ESO) llev\u00f3 a cabo una limpieza el 27 de abril en el bosquecillo cercano al centro; la Escuela Joan XXIII (90 alumnos de 2\u00ba de ESO) actuar\u00e1 el 5 de mayo en la zona de los pinos, junto al mercado de Bonavista, y el Instituto Escuela L\u2019Arrabassada (52 alumnos de 5\u00ba de primaria) participar\u00e1 el 8 de mayo con una acci\u00f3n en la playa de la Arrabassada.<\/p>\n\n\n\n<p>Otros centros educativos de la ciudad tambi\u00e9n han impulsado acciones similares durante las \u00faltimas semanas, reforzando as\u00ed el impacto colectivo de la campa\u00f1a en el territorio.<\/p>\n\n\n\n<p><strong>Salou ha aprobado, en el plenario municipal, el primer Plan Local de Vivienda, un instrumento estrat\u00e9gico que servir\u00e1 para definir las pol\u00edticas residenciales del municipio durante los pr\u00f3ximos seis a\u00f1os. El documento ha recibido el apoyo de los grupos de gobierno \u2014Sumem per Salou-PSC, Ara Pacte Local y Esquerra Republicana\u2014, mientras que los partidos de la oposici\u00f3n no han votado a favor.<\/strong><strong>&nbsp;<\/strong><\/p>\n\n\n\n<p>Se ha elaborado a partir de una diagnosis exhaustiva que analiza factores como la evoluci\u00f3n demogr\u00e1fica, el parque de viviendas, el mercado inmobiliario y el planeamiento urban\u00edstico, incorporando tambi\u00e9n aportaciones de la ciudadan\u00eda y de los agentes sociales y econ\u00f3micos.<\/p>\n\n\n\n<p>El Plan se estructura en cuatro grandes ejes: reforzar el papel del Ayuntamiento en las pol\u00edticas de vivienda, facilitar el acceso a viviendas asequibles, ampliar el parque disponible y mejorar la calidad de las viviendas existentes.<\/p>\n\n\n\n<p>Para lograr estos objetivos, se desplegar\u00e1n 25 actuaciones concretas. Entre las medidas destacadas est\u00e1 la creaci\u00f3n de un Servicio Municipal de Vivienda con personal t\u00e9cnico propio, la colaboraci\u00f3n con otras administraciones y el tercer sector, y la elaboraci\u00f3n de censos de viviendas vac\u00edas y de uso tur\u00edstico. Tambi\u00e9n se prev\u00e9n incentivos fiscales para movilizar viviendas desocupadas hacia el mercado residencial.<\/p>\n\n\n\n<p>El plan contempla igualmente la promoci\u00f3n de alojamiento dotacional en suelo municipal, la adquisici\u00f3n de viviendas para emergencias sociales, la adaptaci\u00f3n del planeamiento urban\u00edstico y el impulso de la rehabilitaci\u00f3n y la mejora energ\u00e9tica de los edificios. Paralelamente, se reforzar\u00e1n las acciones informativas para facilitar el acceso de la ciudadan\u00eda a las ayudas disponibles.<\/p>\n\n\n\n<p>En cuanto al presupuesto, el Plan Local de Vivienda cuenta con una inversi\u00f3n global de 1.326.364 euros durante los seis a\u00f1os de vigencia, e incluye un sistema de seguimiento y evaluaci\u00f3n para garantizar su despliegue.<\/p>\n\n\n\n<p><strong>El Tamarit Beach Resort celebra 65 a\u00f1os de historia consolidado como uno de los grandes referentes del camping y del turismo familiar en la Costa Daurada.<\/strong><strong>&nbsp;<\/strong><\/p>\n\n\n\n<p><strong>El acto conmemorativo se ha celebrado este martes en Tamarit y ha estado presidido por la primera teniente de alcalde de Tarragona, Montse Adan. La celebraci\u00f3n ha reunido a diversas autoridades, representantes del sector tur\u00edstico, colaboradores y clientes, entre ellos el presidente de Tamba Group, Carlos Dexeus.<\/strong><\/p>\n\n\n\n<p>Durante el acto, se ha puesto en valor la trayectoria del resort, fundado en 1961, y su evoluci\u00f3n constante hasta convertirse en un camping de cinco estrellas reconocido a nivel estatal y europeo. Dexeus ha destacado que el aniversario representa \u201cuna manera de entender la hospitalidad, el territorio y el compromiso con las personas\u201d, subrayando el papel clave del equipo humano y la confianza de diversas generaciones de clientes.<\/p>\n\n\n\n<p>El complejo afronta ahora una nueva etapa con el objetivo de desestacionalizar la actividad y mantenerse abierto todo el a\u00f1o, apostando por nuevos segmentos como el turismo s\u00e9nior, los eventos y los grupos deportivos, con una oferta adaptada y sostenible.<\/p>\n\n\n\n<p>Por su parte, Montse Adan ha remarcado el prestigio que aporta el resort a la oferta tur\u00edstica de la ciudad, mientras que la subdelegada del Gobierno, Elisabet Romero, y la directora territorial de Empresa y Trabajo, Maria del Mar Gin\u00e9, han destacado su contribuci\u00f3n econ\u00f3mica y su apuesta por la calidad.<\/p>\n\n\n\n<p>La celebraci\u00f3n llega, adem\u00e1s, en un momento de reconocimiento internacional, con premios como el de ACSI Awards 2025 al mejor camping de Espa\u00f1a y una menci\u00f3n honor\u00edfica en los ACSI Awards Espa\u00f1a 2026, as\u00ed como la nominaci\u00f3n a los PiNCAMP Awards.<\/p>\n\n\n\n<p><strong>&#8216;Castells de ci\u00e8ncia&#8217; explora el mundo casteller desde las disciplinas de la f\u00edsica, la arquitectura, la neurobioqu\u00edmica, las matem\u00e1ticas, la psicolog\u00eda, la sociolog\u00eda o la historia. El documental, dirigido por el periodista Carles Cort\u00e9s y presentado por la actriz Agn\u00e8s Busquets, habla con varios investigadores de la Universidad Rovira i Virgili (URV), los cuales desde su especialidad explican c\u00f3mo las leyes de la palanca o del p\u00e9ndulo permiten entender mejor c\u00f3mo se construyen los castells, tambi\u00e9n comparan las reacciones bioqu\u00edmicas de los castellers durante la construcci\u00f3n o c\u00f3mo las estad\u00edsticas pueden predecir los ganadores del pr\u00f3ximo concurso de castells. La pel\u00edcula se ha impulsado desde la URV, TAC12 y la Red de Comunicaci\u00f3n Local.<\/strong><\/p>\n\n\n\n<p>El film &#8216;Castells de ci\u00e8ncia&#8217; pone el foco en el hecho casteller desde una mirada m\u00e1s poli\u00e9drica y cient\u00edfica, e va m\u00e1s all\u00e1 de las tradicionales diadas explicadas desde los medios de comunicaci\u00f3n. La pel\u00edcula se ha rodado en localizaciones como Tarragona, Valls, Vilafranca o Girona y muestra las experiencias y conversaciones con especialistas e investigadores de la URV.&nbsp;<\/p>\n\n\n\n<p>Estos establecen paralelismos entre conceptos cient\u00edficos con algunos aspectos de los castells, como su origen o las emociones que generan. A modo de ejemplo, comparan las reacciones bioqu\u00edmicas de los castellers cuando se suben a una estructura con las que tienen en una atracci\u00f3n de PortAventura.&nbsp;<\/p>\n\n\n\n<p>Tambi\u00e9n aborda otras tem\u00e1ticas relacionadas con las matem\u00e1ticas, como el c\u00e1lculo de la dificultad que plantea la construcci\u00f3n de un castell. Por ejemplo, en este caso, explica Cort\u00e9s, el experto expone que es posible predecir qui\u00e9n ganar\u00e1 el concurso de castells de este 2026, gracias a las datos de la tabla de puntuaci\u00f3n. El documental, adem\u00e1s, trata aspectos psicol\u00f3gicos, y en especial, las relaciones humanas que se tejen en torno al hecho casteller. Cort\u00e9s explica que se muestra una sesi\u00f3n con ni\u00f1os castellers donde se afronta c\u00f3mo tratar el miedo.<\/p>\n","protected":false},"excerpt":{"rendered":"<p>Un peat\u00f3n ha muerto este mi\u00e9rcoles por la tarde en el kil\u00f3metro 1,8 de la carretera T-750, en el t\u00e9rmino municipal de la Pobla de Mafumet (Tarragon\u00e8s), seg\u00fan ha informado el Servicio Catal\u00e1n de Tr\u00e1fico (SCT). Los servicios de emergencia han recibido el aviso del suceso sobre las cinco y cuarto.&nbsp; Por causas que se [&hellip;]<\/p>\n","protected":false},"author":84,"featured_media":379227,"comment_status":"closed","ping_status":"closed","sticky":false,"template":"","format":"standard","meta":{"footnotes":""},"categories":[13895],"tags":[19,13755],"class_list":["post-379229","post","type-post","status-publish","format-standard","has-post-thumbnail","hentry","category-informatius-radio-ciutat-de-tarragona","tag-tarragona","tag-tgn-info-2"],"yoast_head":"<!-- This site is optimized with the Yoast SEO Premium plugin v27.4 (Yoast SEO v27.5) - https:\/\/yoast.com\/product\/yoast-seo-premium-wordpress\/ -->\n<title>TGN Info | Muere un peat\u00f3n atropellado por un cami\u00f3n cisterna en la Pobla de Mafumet - R\u00e0dio Ciutat de Tarragona<\/title>\n<meta name=\"robots\" content=\"index, follow, max-snippet:-1, max-image-preview:large, max-video-preview:-1\" \/>\n<link rel=\"canonical\" href=\"https:\/\/radiociutat.com\/es\/informatius-radio-ciutat-de-tarragona\/tgn-info-muere-un-peaton-atropellado-por-un-camion-cisterna-en-la-pobla-de-mafumet\/\" \/>\n<meta property=\"og:locale\" content=\"es_ES\" \/>\n<meta property=\"og:type\" content=\"article\" \/>\n<meta property=\"og:title\" content=\"TGN Info | Muere un peat\u00f3n atropellado por un cami\u00f3n cisterna en la Pobla de Mafumet\" \/>\n<meta property=\"og:description\" content=\"Un peat\u00f3n ha muerto este mi\u00e9rcoles por la tarde en el kil\u00f3metro 1,8 de la carretera T-750, en el t\u00e9rmino municipal de la Pobla de Mafumet (Tarragon\u00e8s), seg\u00fan ha informado el Servicio Catal\u00e1n de Tr\u00e1fico (SCT). Los servicios de emergencia han recibido el aviso del suceso sobre las cinco y cuarto.&nbsp; Por causas que se [&hellip;]\" \/>\n<meta property=\"og:url\" content=\"https:\/\/radiociutat.com\/es\/informatius-radio-ciutat-de-tarragona\/tgn-info-muere-un-peaton-atropellado-por-un-camion-cisterna-en-la-pobla-de-mafumet\/\" \/>\n<meta property=\"og:site_name\" content=\"R\u00e0dio Ciutat de Tarragona\" \/>\n<meta property=\"article:publisher\" content=\"https:\/\/www.facebook.com\/rctgn\" \/>\n<meta property=\"article:published_time\" content=\"2026-04-30T15:07:38+00:00\" \/>\n<meta property=\"og:image\" content=\"https:\/\/files.radiociutat.com\/rctgn\/wp-content\/uploads\/2021\/03\/LOGO-RCTGN-RADIO-CIUTAT-DE-TARRAGONA-TRANSPARENTE-TARRAGONA-2020-3000X3000-Redes1-copia.png\" \/>\n\t<meta property=\"og:image:width\" content=\"3000\" \/>\n\t<meta property=\"og:image:height\" content=\"3000\" \/>\n\t<meta property=\"og:image:type\" content=\"image\/png\" \/>\n<meta name=\"author\" content=\"Adri\u00e0 Duch\" \/>\n<meta name=\"twitter:card\" content=\"summary_large_image\" \/>\n<meta name=\"twitter:creator\" content=\"@RCTgn\" \/>\n<meta name=\"twitter:site\" content=\"@RCTgn\" \/>\n<meta name=\"twitter:label1\" content=\"Escrito por\" \/>\n\t<meta name=\"twitter:data1\" content=\"Adri\u00e0 Duch\" \/>\n\t<meta name=\"twitter:label2\" content=\"Tiempo de lectura\" \/>\n\t<meta name=\"twitter:data2\" content=\"19 minutos\" \/>\n<script type=\"application\/ld+json\" class=\"yoast-schema-graph\">{\"@context\":\"https:\\\/\\\/schema.org\",\"@graph\":[{\"@type\":\"Article\",\"@id\":\"https:\\\/\\\/radiociutat.com\\\/es\\\/informatius-radio-ciutat-de-tarragona\\\/tgn-info-muere-un-peaton-atropellado-por-un-camion-cisterna-en-la-pobla-de-mafumet\\\/#article\",\"isPartOf\":{\"@id\":\"https:\\\/\\\/radiociutat.com\\\/es\\\/informatius-radio-ciutat-de-tarragona\\\/tgn-info-muere-un-peaton-atropellado-por-un-camion-cisterna-en-la-pobla-de-mafumet\\\/\"},\"author\":{\"name\":\"Adri\u00e0 Duch\",\"@id\":\"https:\\\/\\\/radiociutat.com\\\/es\\\/#\\\/schema\\\/person\\\/daeecbc4942e3432e8d8b8663bf7d714\"},\"headline\":\"TGN Info | Muere un peat\u00f3n atropellado por un cami\u00f3n cisterna en la Pobla de Mafumet\",\"datePublished\":\"2026-04-30T15:07:38+00:00\",\"mainEntityOfPage\":{\"@id\":\"https:\\\/\\\/radiociutat.com\\\/es\\\/informatius-radio-ciutat-de-tarragona\\\/tgn-info-muere-un-peaton-atropellado-por-un-camion-cisterna-en-la-pobla-de-mafumet\\\/\"},\"wordCount\":3739,\"image\":{\"@id\":\"https:\\\/\\\/radiociutat.com\\\/es\\\/informatius-radio-ciutat-de-tarragona\\\/tgn-info-muere-un-peaton-atropellado-por-un-camion-cisterna-en-la-pobla-de-mafumet\\\/#primaryimage\"},\"thumbnailUrl\":\"https:\\\/\\\/files.radiociutat.com\\\/rctgn\\\/wp-content\\\/uploads\\\/2026\\\/04\\\/5dfdf956-4e8f-4686-82fa-d193b953bae3-scaled.jpg\",\"keywords\":[\"Tarragona\",\"TGN INFO\"],\"articleSection\":[\"Informatius R\u00e0dio Ciutat de Tarragona\"],\"inLanguage\":\"es\"},{\"@type\":\"WebPage\",\"@id\":\"https:\\\/\\\/radiociutat.com\\\/es\\\/informatius-radio-ciutat-de-tarragona\\\/tgn-info-muere-un-peaton-atropellado-por-un-camion-cisterna-en-la-pobla-de-mafumet\\\/\",\"url\":\"https:\\\/\\\/radiociutat.com\\\/es\\\/informatius-radio-ciutat-de-tarragona\\\/tgn-info-muere-un-peaton-atropellado-por-un-camion-cisterna-en-la-pobla-de-mafumet\\\/\",\"name\":\"TGN Info | Muere un peat\u00f3n atropellado por un cami\u00f3n cisterna en la Pobla de Mafumet - R\u00e0dio Ciutat de Tarragona\",\"isPartOf\":{\"@id\":\"https:\\\/\\\/radiociutat.com\\\/es\\\/#website\"},\"primaryImageOfPage\":{\"@id\":\"https:\\\/\\\/radiociutat.com\\\/es\\\/informatius-radio-ciutat-de-tarragona\\\/tgn-info-muere-un-peaton-atropellado-por-un-camion-cisterna-en-la-pobla-de-mafumet\\\/#primaryimage\"},\"image\":{\"@id\":\"https:\\\/\\\/radiociutat.com\\\/es\\\/informatius-radio-ciutat-de-tarragona\\\/tgn-info-muere-un-peaton-atropellado-por-un-camion-cisterna-en-la-pobla-de-mafumet\\\/#primaryimage\"},\"thumbnailUrl\":\"https:\\\/\\\/files.radiociutat.com\\\/rctgn\\\/wp-content\\\/uploads\\\/2026\\\/04\\\/5dfdf956-4e8f-4686-82fa-d193b953bae3-scaled.jpg\",\"datePublished\":\"2026-04-30T15:07:38+00:00\",\"author\":{\"@id\":\"https:\\\/\\\/radiociutat.com\\\/es\\\/#\\\/schema\\\/person\\\/daeecbc4942e3432e8d8b8663bf7d714\"},\"breadcrumb\":{\"@id\":\"https:\\\/\\\/radiociutat.com\\\/es\\\/informatius-radio-ciutat-de-tarragona\\\/tgn-info-muere-un-peaton-atropellado-por-un-camion-cisterna-en-la-pobla-de-mafumet\\\/#breadcrumb\"},\"inLanguage\":\"es\",\"potentialAction\":[{\"@type\":\"ReadAction\",\"target\":[\"https:\\\/\\\/radiociutat.com\\\/es\\\/informatius-radio-ciutat-de-tarragona\\\/tgn-info-muere-un-peaton-atropellado-por-un-camion-cisterna-en-la-pobla-de-mafumet\\\/\"]}]},{\"@type\":\"ImageObject\",\"inLanguage\":\"es\",\"@id\":\"https:\\\/\\\/radiociutat.com\\\/es\\\/informatius-radio-ciutat-de-tarragona\\\/tgn-info-muere-un-peaton-atropellado-por-un-camion-cisterna-en-la-pobla-de-mafumet\\\/#primaryimage\",\"url\":\"https:\\\/\\\/files.radiociutat.com\\\/rctgn\\\/wp-content\\\/uploads\\\/2026\\\/04\\\/5dfdf956-4e8f-4686-82fa-d193b953bae3-scaled.jpg\",\"contentUrl\":\"https:\\\/\\\/files.radiociutat.com\\\/rctgn\\\/wp-content\\\/uploads\\\/2026\\\/04\\\/5dfdf956-4e8f-4686-82fa-d193b953bae3-scaled.jpg\",\"width\":2560,\"height\":1707},{\"@type\":\"BreadcrumbList\",\"@id\":\"https:\\\/\\\/radiociutat.com\\\/es\\\/informatius-radio-ciutat-de-tarragona\\\/tgn-info-muere-un-peaton-atropellado-por-un-camion-cisterna-en-la-pobla-de-mafumet\\\/#breadcrumb\",\"itemListElement\":[{\"@type\":\"ListItem\",\"position\":1,\"name\":\"Inici\",\"item\":\"https:\\\/\\\/radiociutat.com\\\/es\\\/\"},{\"@type\":\"ListItem\",\"position\":2,\"name\":\"TGN Info | Muere un peat\u00f3n atropellado por un cami\u00f3n cisterna en la Pobla de Mafumet\"}]},{\"@type\":\"WebSite\",\"@id\":\"https:\\\/\\\/radiociutat.com\\\/es\\\/#website\",\"url\":\"https:\\\/\\\/radiociutat.com\\\/es\\\/\",\"name\":\"R\u00e0dio Ciutat de Tarragona\",\"description\":\"R\u00e0dio Ciutat de Tarragona - RCTgn.cat R\u00e0dio Online\",\"potentialAction\":[{\"@type\":\"SearchAction\",\"target\":{\"@type\":\"EntryPoint\",\"urlTemplate\":\"https:\\\/\\\/radiociutat.com\\\/es\\\/?s={search_term_string}\"},\"query-input\":{\"@type\":\"PropertyValueSpecification\",\"valueRequired\":true,\"valueName\":\"search_term_string\"}}],\"inLanguage\":\"es\"},{\"@type\":\"Person\",\"@id\":\"https:\\\/\\\/radiociutat.com\\\/es\\\/#\\\/schema\\\/person\\\/daeecbc4942e3432e8d8b8663bf7d714\",\"name\":\"Adri\u00e0 Duch\",\"sameAs\":[\"https:\\\/\\\/radiociutat.com\\\/wp-content\\\/uploads\\\/2024\\\/02\\\/ADRIA-DUCH.png\"],\"url\":\"https:\\\/\\\/radiociutat.com\\\/es\\\/author\\\/adria-duch\\\/\"}]}<\/script>\n<!-- \/ Yoast SEO Premium plugin. -->","yoast_head_json":{"title":"TGN Info | Muere un peat\u00f3n atropellado por un cami\u00f3n cisterna en la Pobla de Mafumet - R\u00e0dio Ciutat de Tarragona","robots":{"index":"index","follow":"follow","max-snippet":"max-snippet:-1","max-image-preview":"max-image-preview:large","max-video-preview":"max-video-preview:-1"},"canonical":"https:\/\/radiociutat.com\/es\/informatius-radio-ciutat-de-tarragona\/tgn-info-muere-un-peaton-atropellado-por-un-camion-cisterna-en-la-pobla-de-mafumet\/","og_locale":"es_ES","og_type":"article","og_title":"TGN Info | Muere un peat\u00f3n atropellado por un cami\u00f3n cisterna en la Pobla de Mafumet","og_description":"Un peat\u00f3n ha muerto este mi\u00e9rcoles por la tarde en el kil\u00f3metro 1,8 de la carretera T-750, en el t\u00e9rmino municipal de la Pobla de Mafumet (Tarragon\u00e8s), seg\u00fan ha informado el Servicio Catal\u00e1n de Tr\u00e1fico (SCT). Los servicios de emergencia han recibido el aviso del suceso sobre las cinco y cuarto.&nbsp; Por causas que se [&hellip;]","og_url":"https:\/\/radiociutat.com\/es\/informatius-radio-ciutat-de-tarragona\/tgn-info-muere-un-peaton-atropellado-por-un-camion-cisterna-en-la-pobla-de-mafumet\/","og_site_name":"R\u00e0dio Ciutat de Tarragona","article_publisher":"https:\/\/www.facebook.com\/rctgn","article_published_time":"2026-04-30T15:07:38+00:00","og_image":[{"width":3000,"height":3000,"url":"https:\/\/files.radiociutat.com\/rctgn\/wp-content\/uploads\/2021\/03\/LOGO-RCTGN-RADIO-CIUTAT-DE-TARRAGONA-TRANSPARENTE-TARRAGONA-2020-3000X3000-Redes1-copia.png","type":"image\/png"}],"author":"Adri\u00e0 Duch","twitter_card":"summary_large_image","twitter_creator":"@RCTgn","twitter_site":"@RCTgn","twitter_misc":{"Escrito por":"Adri\u00e0 Duch","Tiempo de lectura":"19 minutos"},"schema":{"@context":"https:\/\/schema.org","@graph":[{"@type":"Article","@id":"https:\/\/radiociutat.com\/es\/informatius-radio-ciutat-de-tarragona\/tgn-info-muere-un-peaton-atropellado-por-un-camion-cisterna-en-la-pobla-de-mafumet\/#article","isPartOf":{"@id":"https:\/\/radiociutat.com\/es\/informatius-radio-ciutat-de-tarragona\/tgn-info-muere-un-peaton-atropellado-por-un-camion-cisterna-en-la-pobla-de-mafumet\/"},"author":{"name":"Adri\u00e0 Duch","@id":"https:\/\/radiociutat.com\/es\/#\/schema\/person\/daeecbc4942e3432e8d8b8663bf7d714"},"headline":"TGN Info | Muere un peat\u00f3n atropellado por un cami\u00f3n cisterna en la Pobla de Mafumet","datePublished":"2026-04-30T15:07:38+00:00","mainEntityOfPage":{"@id":"https:\/\/radiociutat.com\/es\/informatius-radio-ciutat-de-tarragona\/tgn-info-muere-un-peaton-atropellado-por-un-camion-cisterna-en-la-pobla-de-mafumet\/"},"wordCount":3739,"image":{"@id":"https:\/\/radiociutat.com\/es\/informatius-radio-ciutat-de-tarragona\/tgn-info-muere-un-peaton-atropellado-por-un-camion-cisterna-en-la-pobla-de-mafumet\/#primaryimage"},"thumbnailUrl":"https:\/\/files.radiociutat.com\/rctgn\/wp-content\/uploads\/2026\/04\/5dfdf956-4e8f-4686-82fa-d193b953bae3-scaled.jpg","keywords":["Tarragona","TGN INFO"],"articleSection":["Informatius R\u00e0dio Ciutat de Tarragona"],"inLanguage":"es"},{"@type":"WebPage","@id":"https:\/\/radiociutat.com\/es\/informatius-radio-ciutat-de-tarragona\/tgn-info-muere-un-peaton-atropellado-por-un-camion-cisterna-en-la-pobla-de-mafumet\/","url":"https:\/\/radiociutat.com\/es\/informatius-radio-ciutat-de-tarragona\/tgn-info-muere-un-peaton-atropellado-por-un-camion-cisterna-en-la-pobla-de-mafumet\/","name":"TGN Info | Muere un peat\u00f3n atropellado por un cami\u00f3n cisterna en la Pobla de Mafumet - R\u00e0dio Ciutat de Tarragona","isPartOf":{"@id":"https:\/\/radiociutat.com\/es\/#website"},"primaryImageOfPage":{"@id":"https:\/\/radiociutat.com\/es\/informatius-radio-ciutat-de-tarragona\/tgn-info-muere-un-peaton-atropellado-por-un-camion-cisterna-en-la-pobla-de-mafumet\/#primaryimage"},"image":{"@id":"https:\/\/radiociutat.com\/es\/informatius-radio-ciutat-de-tarragona\/tgn-info-muere-un-peaton-atropellado-por-un-camion-cisterna-en-la-pobla-de-mafumet\/#primaryimage"},"thumbnailUrl":"https:\/\/files.radiociutat.com\/rctgn\/wp-content\/uploads\/2026\/04\/5dfdf956-4e8f-4686-82fa-d193b953bae3-scaled.jpg","datePublished":"2026-04-30T15:07:38+00:00","author":{"@id":"https:\/\/radiociutat.com\/es\/#\/schema\/person\/daeecbc4942e3432e8d8b8663bf7d714"},"breadcrumb":{"@id":"https:\/\/radiociutat.com\/es\/informatius-radio-ciutat-de-tarragona\/tgn-info-muere-un-peaton-atropellado-por-un-camion-cisterna-en-la-pobla-de-mafumet\/#breadcrumb"},"inLanguage":"es","potentialAction":[{"@type":"ReadAction","target":["https:\/\/radiociutat.com\/es\/informatius-radio-ciutat-de-tarragona\/tgn-info-muere-un-peaton-atropellado-por-un-camion-cisterna-en-la-pobla-de-mafumet\/"]}]},{"@type":"ImageObject","inLanguage":"es","@id":"https:\/\/radiociutat.com\/es\/informatius-radio-ciutat-de-tarragona\/tgn-info-muere-un-peaton-atropellado-por-un-camion-cisterna-en-la-pobla-de-mafumet\/#primaryimage","url":"https:\/\/files.radiociutat.com\/rctgn\/wp-content\/uploads\/2026\/04\/5dfdf956-4e8f-4686-82fa-d193b953bae3-scaled.jpg","contentUrl":"https:\/\/files.radiociutat.com\/rctgn\/wp-content\/uploads\/2026\/04\/5dfdf956-4e8f-4686-82fa-d193b953bae3-scaled.jpg","width":2560,"height":1707},{"@type":"BreadcrumbList","@id":"https:\/\/radiociutat.com\/es\/informatius-radio-ciutat-de-tarragona\/tgn-info-muere-un-peaton-atropellado-por-un-camion-cisterna-en-la-pobla-de-mafumet\/#breadcrumb","itemListElement":[{"@type":"ListItem","position":1,"name":"Inici","item":"https:\/\/radiociutat.com\/es\/"},{"@type":"ListItem","position":2,"name":"TGN Info | Muere un peat\u00f3n atropellado por un cami\u00f3n cisterna en la Pobla de Mafumet"}]},{"@type":"WebSite","@id":"https:\/\/radiociutat.com\/es\/#website","url":"https:\/\/radiociutat.com\/es\/","name":"R\u00e0dio Ciutat de Tarragona","description":"R\u00e0dio Ciutat de Tarragona - RCTgn.cat R\u00e0dio Online","potentialAction":[{"@type":"SearchAction","target":{"@type":"EntryPoint","urlTemplate":"https:\/\/radiociutat.com\/es\/?s={search_term_string}"},"query-input":{"@type":"PropertyValueSpecification","valueRequired":true,"valueName":"search_term_string"}}],"inLanguage":"es"},{"@type":"Person","@id":"https:\/\/radiociutat.com\/es\/#\/schema\/person\/daeecbc4942e3432e8d8b8663bf7d714","name":"Adri\u00e0 Duch","sameAs":["https:\/\/radiociutat.com\/wp-content\/uploads\/2024\/02\/ADRIA-DUCH.png"],"url":"https:\/\/radiociutat.com\/es\/author\/adria-duch\/"}]}},"_links":{"self":[{"href":"https:\/\/radiociutat.com\/es\/wp-json\/wp\/v2\/posts\/379229","targetHints":{"allow":["GET"]}}],"collection":[{"href":"https:\/\/radiociutat.com\/es\/wp-json\/wp\/v2\/posts"}],"about":[{"href":"https:\/\/radiociutat.com\/es\/wp-json\/wp\/v2\/types\/post"}],"author":[{"embeddable":true,"href":"https:\/\/radiociutat.com\/es\/wp-json\/wp\/v2\/users\/84"}],"replies":[{"embeddable":true,"href":"https:\/\/radiociutat.com\/es\/wp-json\/wp\/v2\/comments?post=379229"}],"version-history":[{"count":0,"href":"https:\/\/radiociutat.com\/es\/wp-json\/wp\/v2\/posts\/379229\/revisions"}],"wp:featuredmedia":[{"embeddable":true,"href":"https:\/\/radiociutat.com\/es\/wp-json\/wp\/v2\/media\/379227"}],"wp:attachment":[{"href":"https:\/\/radiociutat.com\/es\/wp-json\/wp\/v2\/media?parent=379229"}],"wp:term":[{"taxonomy":"category","embeddable":true,"href":"https:\/\/radiociutat.com\/es\/wp-json\/wp\/v2\/categories?post=379229"},{"taxonomy":"post_tag","embeddable":true,"href":"https:\/\/radiociutat.com\/es\/wp-json\/wp\/v2\/tags?post=379229"}],"curies":[{"name":"wp","href":"https:\/\/api.w.org\/{rel}","templated":true}]}}