{"id":379192,"date":"2026-04-30T16:00:23","date_gmt":"2026-04-30T14:00:23","guid":{"rendered":"https:\/\/radiociutat.com\/programes-podcast\/un-estudio-de-la-urv-concluye-que-el-puerto-de-tarragona-necesita-mas-diversificacion-de-los-traficos-de-mercancias\/"},"modified":"2026-04-30T16:00:23","modified_gmt":"2026-04-30T14:00:23","slug":"un-estudio-de-la-urv-concluye-que-el-puerto-de-tarragona-necesita-mas-diversificacion-de-los-traficos-de-mercancias","status":"publish","type":"post","link":"https:\/\/radiociutat.com\/es\/ultimas-noticias\/cronicas\/un-estudio-de-la-urv-concluye-que-el-puerto-de-tarragona-necesita-mas-diversificacion-de-los-traficos-de-mercancias\/","title":{"rendered":"Un estudio de la URV concluye que el puerto de Tarragona necesita m\u00e1s diversificaci\u00f3n de los tr\u00e1ficos de mercanc\u00edas"},"content":{"rendered":"\n<p>Un estudio de la Universidad Rovira i Virgili (URV) concluye que el puerto de Tarragona necesita m\u00e1s diversificaci\u00f3n de los tr\u00e1ficos de mercanc\u00edas y mejorar su integraci\u00f3n en las cadenas log\u00edsticas internacionales. El informe destaca que se trata de uno de los principales activos del territorio. Su modelo presenta una elevada especializaci\u00f3n en tr\u00e1ficos a granel, especialmente l\u00edquidos vinculados al complejo petroqu\u00edmico, que concentran m\u00e1s de la mitad de la actividad. Ante este escenario, el estudio se\u00f1ala la necesidad de diversificarse. El informe tambi\u00e9n advierte que la cooperaci\u00f3n entre los dos puertos mercantiles principales de Catalu\u00f1a (Barcelona y Tarragona) es \u00ablimitada\u00bb y los insta a \u00abavanzar hacia una alianza cooperativa\u00bb.<\/p>\n\n\n\n<p>Tarragona presenta una estructura de tr\u00e1ficos muy concentrada, seg\u00fan el estudio de la URV. M\u00e1s de la mitad del movimiento de mercanc\u00edas corresponde a los productos energ\u00e9ticos (56,6%), un peso muy superior al de Barcelona (15,9%) y Valencia (4,4%) e, incluso, por encima del de Castell\u00f3n (48,1%). Ante esta situaci\u00f3n, los investigadores de la universidad recomiendan diversificar los tr\u00e1ficos, sobre todo aquellos m\u00e1s vinculados a las manufacturas, los veh\u00edculos, la maquinaria y el contenedor.<\/p>\n\n\n\n<p>Entre 2004 y 2024, el puerto de Barcelona reforz\u00f3 de manera \u00abnotable\u00bb su peso relativo, al pasar del 52,8% al 67,2% del tr\u00e1fico total del litoral catal\u00e1n. Esta evoluci\u00f3n lo consolid\u00f3 como el gran nodo log\u00edstico internacional de Catalu\u00f1a. En cambio, el puerto de Tarragona redujo su participaci\u00f3n del 39,8% al 31,4%. \u00abEste retroceso refleja un modelo muy especializado en los tr\u00e1ficos a granel, con menos capacidad para captar las ventajas asociadas a la mercanc\u00eda general y, sobre todo, a la contenerizaci\u00f3n\u00bb, apuntan desde la universidad.<\/p>\n\n\n\n<p>En la misma l\u00ednea, el informe indica que el puerto de Tarragona presenta una evoluci\u00f3n \u00abm\u00e1s irregular\u00bb y vinculada a la actividad del complejo petroqu\u00edmico y al comercio de materias primas. Tras alcanzar un m\u00e1ximo de 35,9 millones de toneladas en 2007, el tr\u00e1fico oscila alrededor de los 30-33 millones.<\/p>\n\n\n\n<h2 class=\"wp-block-heading\" id=\"h-millorar-la-logistica-i-l-estrategia-portuaria\"><strong>Mejorar la log\u00edstica y la estrategia portuaria<\/strong><\/h2>\n\n\n\n<p>El estudio monogr\u00e1fico sobre el puerto ha sido elaborado por la C\u00e1tedra para el Fomento de la Innovaci\u00f3n Empresarial de la URV y se ha presentado este jueves en la C\u00e1mara de Comercio de Tarragona por parte de sus responsables, Mercedes Teruel, directora de la C\u00e1tedra, y Agust\u00ed Segarra, junto con el informe de coyuntura econ\u00f3mica del primer trimestre de 2026. El estudio hace un an\u00e1lisis comparativo de la evoluci\u00f3n de los cuatro puertos m\u00e1s importantes del Mediterr\u00e1neo: Barcelona, Valencia, Tarragona y Castell\u00f3n.<\/p>\n\n\n\n<p>Los investigadores explican que Tarragona y Castell\u00f3n \u00abhan quedado al margen de la din\u00e1mica expansiva\u00bb liderada por Valencia y Barcelona. En el caso de Tarragona, esta trayectoria responde \u00aba una escala operativa m\u00e1s reducida, a las carencias en las conexiones ferroviarias, a la fuerte dependencia del &#8216;hinterland&#8217; m\u00e1s inmediato y a la ausencia de una pol\u00edtica portuaria catalana\u00bb. Por eso, el principal reto del puerto no es tanto aumentar el volumen total como reforzar su posici\u00f3n en la mercanc\u00eda general y recuperar capacidad de atracci\u00f3n en los tr\u00e1ficos vinculados a la log\u00edstica intermodal, afirma el estudio.<\/p>\n\n\n\n<p>Desde la URV aseguran que el proyecto para posicionar el puerto de Tarragona como referente intermodal est\u00e1 \u00abbien definido\u00bb. Ahora bien, insisten en que es necesario \u00abreforzar la cooperaci\u00f3n entre los dos principales puertos de inter\u00e9s general del litoral catal\u00e1n\u00bb. \u00abHasta ahora, el d\u00e9ficit de cooperaci\u00f3n ha contribuido a debilitar la posici\u00f3n relativa del frente portuario catal\u00e1n ante los puertos vecinos de la Comunidad Valenciana\u00bb, concluyen. Por eso, reclaman \u00abuna estrategia portuaria cooperativa e inclusiva\u00bb.<\/p>\n","protected":false},"excerpt":{"rendered":"<p>Un estudio de la Universidad Rovira i Virgili (URV) concluye que el puerto de Tarragona necesita m\u00e1s diversificaci\u00f3n de los tr\u00e1ficos de mercanc\u00edas y mejorar su integraci\u00f3n en las cadenas log\u00edsticas internacionales. El informe destaca que se trata de uno de los principales activos del territorio. Su modelo presenta una elevada especializaci\u00f3n en tr\u00e1ficos a [&hellip;]<\/p>\n","protected":false},"author":57,"featured_media":379190,"comment_status":"closed","ping_status":"closed","sticky":false,"template":"","format":"standard","meta":{"footnotes":""},"categories":[13688],"tags":[19,429],"class_list":["post-379192","post","type-post","status-publish","format-standard","has-post-thumbnail","hentry","category-cronicas","tag-tarragona","tag-urv"],"yoast_head":"<!-- This site is optimized with the Yoast SEO Premium plugin v27.4 (Yoast SEO v27.5) - https:\/\/yoast.com\/product\/yoast-seo-premium-wordpress\/ -->\n<title>Un estudio de la URV concluye que el puerto de Tarragona necesita m\u00e1s diversificaci\u00f3n de los tr\u00e1ficos de mercanc\u00edas - R\u00e0dio Ciutat de Tarragona<\/title>\n<meta name=\"robots\" content=\"index, follow, max-snippet:-1, max-image-preview:large, max-video-preview:-1\" \/>\n<link rel=\"canonical\" href=\"https:\/\/radiociutat.com\/es\/ultimas-noticias\/cronicas\/un-estudio-de-la-urv-concluye-que-el-puerto-de-tarragona-necesita-mas-diversificacion-de-los-traficos-de-mercancias\/\" \/>\n<meta property=\"og:locale\" content=\"es_ES\" \/>\n<meta property=\"og:type\" content=\"article\" \/>\n<meta property=\"og:title\" content=\"Un estudio de la URV concluye que el puerto de Tarragona necesita m\u00e1s diversificaci\u00f3n de los tr\u00e1ficos de mercanc\u00edas\" \/>\n<meta property=\"og:description\" content=\"Un estudio de la Universidad Rovira i Virgili (URV) concluye que el puerto de Tarragona necesita m\u00e1s diversificaci\u00f3n de los tr\u00e1ficos de mercanc\u00edas y mejorar su integraci\u00f3n en las cadenas log\u00edsticas internacionales. El informe destaca que se trata de uno de los principales activos del territorio. Su modelo presenta una elevada especializaci\u00f3n en tr\u00e1ficos a [&hellip;]\" \/>\n<meta property=\"og:url\" content=\"https:\/\/radiociutat.com\/es\/ultimas-noticias\/cronicas\/un-estudio-de-la-urv-concluye-que-el-puerto-de-tarragona-necesita-mas-diversificacion-de-los-traficos-de-mercancias\/\" \/>\n<meta property=\"og:site_name\" content=\"R\u00e0dio Ciutat de Tarragona\" \/>\n<meta property=\"article:publisher\" content=\"https:\/\/www.facebook.com\/rctgn\" \/>\n<meta property=\"article:published_time\" content=\"2026-04-30T14:00:23+00:00\" \/>\n<meta property=\"og:image\" content=\"https:\/\/files.radiociutat.com\/rctgn\/wp-content\/uploads\/2026\/04\/f0aa8c8b-b92d-4358-833c-2b3eb5989c08.jpg\" \/>\n\t<meta property=\"og:image:width\" content=\"2048\" \/>\n\t<meta property=\"og:image:height\" content=\"1415\" \/>\n\t<meta property=\"og:image:type\" content=\"image\/jpeg\" \/>\n<meta name=\"author\" content=\"ACN\" \/>\n<meta name=\"twitter:card\" content=\"summary_large_image\" \/>\n<meta name=\"twitter:creator\" content=\"@RCTgn\" \/>\n<meta name=\"twitter:site\" content=\"@RCTgn\" \/>\n<meta name=\"twitter:label1\" content=\"Escrito por\" \/>\n\t<meta name=\"twitter:data1\" content=\"ACN\" \/>\n\t<meta name=\"twitter:label2\" content=\"Tiempo de lectura\" \/>\n\t<meta name=\"twitter:data2\" content=\"3 minutos\" \/>\n<script type=\"application\/ld+json\" class=\"yoast-schema-graph\">{\"@context\":\"https:\\\/\\\/schema.org\",\"@graph\":[{\"@type\":\"Article\",\"@id\":\"https:\\\/\\\/radiociutat.com\\\/es\\\/ultimas-noticias\\\/cronicas\\\/un-estudio-de-la-urv-concluye-que-el-puerto-de-tarragona-necesita-mas-diversificacion-de-los-traficos-de-mercancias\\\/#article\",\"isPartOf\":{\"@id\":\"https:\\\/\\\/radiociutat.com\\\/es\\\/ultimas-noticias\\\/cronicas\\\/un-estudio-de-la-urv-concluye-que-el-puerto-de-tarragona-necesita-mas-diversificacion-de-los-traficos-de-mercancias\\\/\"},\"author\":{\"name\":\"ACN\",\"@id\":\"https:\\\/\\\/radiociutat.com\\\/es\\\/#\\\/schema\\\/person\\\/ea8722499f2255e1477bd2975629dc71\"},\"headline\":\"Un estudio de la URV concluye que el puerto de Tarragona necesita m\u00e1s diversificaci\u00f3n de los tr\u00e1ficos de mercanc\u00edas\",\"datePublished\":\"2026-04-30T14:00:23+00:00\",\"mainEntityOfPage\":{\"@id\":\"https:\\\/\\\/radiociutat.com\\\/es\\\/ultimas-noticias\\\/cronicas\\\/un-estudio-de-la-urv-concluye-que-el-puerto-de-tarragona-necesita-mas-diversificacion-de-los-traficos-de-mercancias\\\/\"},\"wordCount\":660,\"image\":{\"@id\":\"https:\\\/\\\/radiociutat.com\\\/es\\\/ultimas-noticias\\\/cronicas\\\/un-estudio-de-la-urv-concluye-que-el-puerto-de-tarragona-necesita-mas-diversificacion-de-los-traficos-de-mercancias\\\/#primaryimage\"},\"thumbnailUrl\":\"https:\\\/\\\/files.radiociutat.com\\\/rctgn\\\/wp-content\\\/uploads\\\/2026\\\/04\\\/f0aa8c8b-b92d-4358-833c-2b3eb5989c08.jpg\",\"keywords\":[\"Tarragona\",\"URV\"],\"articleSection\":[\"Cr\u00f3nicas\"],\"inLanguage\":\"es\"},{\"@type\":\"WebPage\",\"@id\":\"https:\\\/\\\/radiociutat.com\\\/es\\\/ultimas-noticias\\\/cronicas\\\/un-estudio-de-la-urv-concluye-que-el-puerto-de-tarragona-necesita-mas-diversificacion-de-los-traficos-de-mercancias\\\/\",\"url\":\"https:\\\/\\\/radiociutat.com\\\/es\\\/ultimas-noticias\\\/cronicas\\\/un-estudio-de-la-urv-concluye-que-el-puerto-de-tarragona-necesita-mas-diversificacion-de-los-traficos-de-mercancias\\\/\",\"name\":\"Un estudio de la URV concluye que el puerto de Tarragona necesita m\u00e1s diversificaci\u00f3n de los tr\u00e1ficos de mercanc\u00edas - R\u00e0dio Ciutat de Tarragona\",\"isPartOf\":{\"@id\":\"https:\\\/\\\/radiociutat.com\\\/es\\\/#website\"},\"primaryImageOfPage\":{\"@id\":\"https:\\\/\\\/radiociutat.com\\\/es\\\/ultimas-noticias\\\/cronicas\\\/un-estudio-de-la-urv-concluye-que-el-puerto-de-tarragona-necesita-mas-diversificacion-de-los-traficos-de-mercancias\\\/#primaryimage\"},\"image\":{\"@id\":\"https:\\\/\\\/radiociutat.com\\\/es\\\/ultimas-noticias\\\/cronicas\\\/un-estudio-de-la-urv-concluye-que-el-puerto-de-tarragona-necesita-mas-diversificacion-de-los-traficos-de-mercancias\\\/#primaryimage\"},\"thumbnailUrl\":\"https:\\\/\\\/files.radiociutat.com\\\/rctgn\\\/wp-content\\\/uploads\\\/2026\\\/04\\\/f0aa8c8b-b92d-4358-833c-2b3eb5989c08.jpg\",\"datePublished\":\"2026-04-30T14:00:23+00:00\",\"author\":{\"@id\":\"https:\\\/\\\/radiociutat.com\\\/es\\\/#\\\/schema\\\/person\\\/ea8722499f2255e1477bd2975629dc71\"},\"breadcrumb\":{\"@id\":\"https:\\\/\\\/radiociutat.com\\\/es\\\/ultimas-noticias\\\/cronicas\\\/un-estudio-de-la-urv-concluye-que-el-puerto-de-tarragona-necesita-mas-diversificacion-de-los-traficos-de-mercancias\\\/#breadcrumb\"},\"inLanguage\":\"es\",\"potentialAction\":[{\"@type\":\"ReadAction\",\"target\":[\"https:\\\/\\\/radiociutat.com\\\/es\\\/ultimas-noticias\\\/cronicas\\\/un-estudio-de-la-urv-concluye-que-el-puerto-de-tarragona-necesita-mas-diversificacion-de-los-traficos-de-mercancias\\\/\"]}]},{\"@type\":\"ImageObject\",\"inLanguage\":\"es\",\"@id\":\"https:\\\/\\\/radiociutat.com\\\/es\\\/ultimas-noticias\\\/cronicas\\\/un-estudio-de-la-urv-concluye-que-el-puerto-de-tarragona-necesita-mas-diversificacion-de-los-traficos-de-mercancias\\\/#primaryimage\",\"url\":\"https:\\\/\\\/files.radiociutat.com\\\/rctgn\\\/wp-content\\\/uploads\\\/2026\\\/04\\\/f0aa8c8b-b92d-4358-833c-2b3eb5989c08.jpg\",\"contentUrl\":\"https:\\\/\\\/files.radiociutat.com\\\/rctgn\\\/wp-content\\\/uploads\\\/2026\\\/04\\\/f0aa8c8b-b92d-4358-833c-2b3eb5989c08.jpg\",\"width\":2048,\"height\":1415},{\"@type\":\"BreadcrumbList\",\"@id\":\"https:\\\/\\\/radiociutat.com\\\/es\\\/ultimas-noticias\\\/cronicas\\\/un-estudio-de-la-urv-concluye-que-el-puerto-de-tarragona-necesita-mas-diversificacion-de-los-traficos-de-mercancias\\\/#breadcrumb\",\"itemListElement\":[{\"@type\":\"ListItem\",\"position\":1,\"name\":\"Inici\",\"item\":\"https:\\\/\\\/radiociutat.com\\\/es\\\/\"},{\"@type\":\"ListItem\",\"position\":2,\"name\":\"Un estudio de la URV concluye que el puerto de Tarragona necesita m\u00e1s diversificaci\u00f3n de los tr\u00e1ficos de mercanc\u00edas\"}]},{\"@type\":\"WebSite\",\"@id\":\"https:\\\/\\\/radiociutat.com\\\/es\\\/#website\",\"url\":\"https:\\\/\\\/radiociutat.com\\\/es\\\/\",\"name\":\"R\u00e0dio Ciutat de Tarragona\",\"description\":\"R\u00e0dio Ciutat de Tarragona - RCTgn.cat R\u00e0dio Online\",\"potentialAction\":[{\"@type\":\"SearchAction\",\"target\":{\"@type\":\"EntryPoint\",\"urlTemplate\":\"https:\\\/\\\/radiociutat.com\\\/es\\\/?s={search_term_string}\"},\"query-input\":{\"@type\":\"PropertyValueSpecification\",\"valueRequired\":true,\"valueName\":\"search_term_string\"}}],\"inLanguage\":\"es\"},{\"@type\":\"Person\",\"@id\":\"https:\\\/\\\/radiociutat.com\\\/es\\\/#\\\/schema\\\/person\\\/ea8722499f2255e1477bd2975629dc71\",\"name\":\"ACN\",\"sameAs\":[\"https:\\\/\\\/radiociutat.com\\\/wp-content\\\/uploads\\\/2023\\\/09\\\/acn-e1694789176650.png\"],\"url\":\"https:\\\/\\\/radiociutat.com\\\/es\\\/author\\\/acn\\\/\"}]}<\/script>\n<!-- \/ Yoast SEO Premium plugin. -->","yoast_head_json":{"title":"Un estudio de la URV concluye que el puerto de Tarragona necesita m\u00e1s diversificaci\u00f3n de los tr\u00e1ficos de mercanc\u00edas - R\u00e0dio Ciutat de Tarragona","robots":{"index":"index","follow":"follow","max-snippet":"max-snippet:-1","max-image-preview":"max-image-preview:large","max-video-preview":"max-video-preview:-1"},"canonical":"https:\/\/radiociutat.com\/es\/ultimas-noticias\/cronicas\/un-estudio-de-la-urv-concluye-que-el-puerto-de-tarragona-necesita-mas-diversificacion-de-los-traficos-de-mercancias\/","og_locale":"es_ES","og_type":"article","og_title":"Un estudio de la URV concluye que el puerto de Tarragona necesita m\u00e1s diversificaci\u00f3n de los tr\u00e1ficos de mercanc\u00edas","og_description":"Un estudio de la Universidad Rovira i Virgili (URV) concluye que el puerto de Tarragona necesita m\u00e1s diversificaci\u00f3n de los tr\u00e1ficos de mercanc\u00edas y mejorar su integraci\u00f3n en las cadenas log\u00edsticas internacionales. El informe destaca que se trata de uno de los principales activos del territorio. Su modelo presenta una elevada especializaci\u00f3n en tr\u00e1ficos a [&hellip;]","og_url":"https:\/\/radiociutat.com\/es\/ultimas-noticias\/cronicas\/un-estudio-de-la-urv-concluye-que-el-puerto-de-tarragona-necesita-mas-diversificacion-de-los-traficos-de-mercancias\/","og_site_name":"R\u00e0dio Ciutat de Tarragona","article_publisher":"https:\/\/www.facebook.com\/rctgn","article_published_time":"2026-04-30T14:00:23+00:00","og_image":[{"width":2048,"height":1415,"url":"https:\/\/files.radiociutat.com\/rctgn\/wp-content\/uploads\/2026\/04\/f0aa8c8b-b92d-4358-833c-2b3eb5989c08.jpg","type":"image\/jpeg"}],"author":"ACN","twitter_card":"summary_large_image","twitter_creator":"@RCTgn","twitter_site":"@RCTgn","twitter_misc":{"Escrito por":"ACN","Tiempo de lectura":"3 minutos"},"schema":{"@context":"https:\/\/schema.org","@graph":[{"@type":"Article","@id":"https:\/\/radiociutat.com\/es\/ultimas-noticias\/cronicas\/un-estudio-de-la-urv-concluye-que-el-puerto-de-tarragona-necesita-mas-diversificacion-de-los-traficos-de-mercancias\/#article","isPartOf":{"@id":"https:\/\/radiociutat.com\/es\/ultimas-noticias\/cronicas\/un-estudio-de-la-urv-concluye-que-el-puerto-de-tarragona-necesita-mas-diversificacion-de-los-traficos-de-mercancias\/"},"author":{"name":"ACN","@id":"https:\/\/radiociutat.com\/es\/#\/schema\/person\/ea8722499f2255e1477bd2975629dc71"},"headline":"Un estudio de la URV concluye que el puerto de Tarragona necesita m\u00e1s diversificaci\u00f3n de los tr\u00e1ficos de mercanc\u00edas","datePublished":"2026-04-30T14:00:23+00:00","mainEntityOfPage":{"@id":"https:\/\/radiociutat.com\/es\/ultimas-noticias\/cronicas\/un-estudio-de-la-urv-concluye-que-el-puerto-de-tarragona-necesita-mas-diversificacion-de-los-traficos-de-mercancias\/"},"wordCount":660,"image":{"@id":"https:\/\/radiociutat.com\/es\/ultimas-noticias\/cronicas\/un-estudio-de-la-urv-concluye-que-el-puerto-de-tarragona-necesita-mas-diversificacion-de-los-traficos-de-mercancias\/#primaryimage"},"thumbnailUrl":"https:\/\/files.radiociutat.com\/rctgn\/wp-content\/uploads\/2026\/04\/f0aa8c8b-b92d-4358-833c-2b3eb5989c08.jpg","keywords":["Tarragona","URV"],"articleSection":["Cr\u00f3nicas"],"inLanguage":"es"},{"@type":"WebPage","@id":"https:\/\/radiociutat.com\/es\/ultimas-noticias\/cronicas\/un-estudio-de-la-urv-concluye-que-el-puerto-de-tarragona-necesita-mas-diversificacion-de-los-traficos-de-mercancias\/","url":"https:\/\/radiociutat.com\/es\/ultimas-noticias\/cronicas\/un-estudio-de-la-urv-concluye-que-el-puerto-de-tarragona-necesita-mas-diversificacion-de-los-traficos-de-mercancias\/","name":"Un estudio de la URV concluye que el puerto de Tarragona necesita m\u00e1s diversificaci\u00f3n de los tr\u00e1ficos de mercanc\u00edas - R\u00e0dio Ciutat de Tarragona","isPartOf":{"@id":"https:\/\/radiociutat.com\/es\/#website"},"primaryImageOfPage":{"@id":"https:\/\/radiociutat.com\/es\/ultimas-noticias\/cronicas\/un-estudio-de-la-urv-concluye-que-el-puerto-de-tarragona-necesita-mas-diversificacion-de-los-traficos-de-mercancias\/#primaryimage"},"image":{"@id":"https:\/\/radiociutat.com\/es\/ultimas-noticias\/cronicas\/un-estudio-de-la-urv-concluye-que-el-puerto-de-tarragona-necesita-mas-diversificacion-de-los-traficos-de-mercancias\/#primaryimage"},"thumbnailUrl":"https:\/\/files.radiociutat.com\/rctgn\/wp-content\/uploads\/2026\/04\/f0aa8c8b-b92d-4358-833c-2b3eb5989c08.jpg","datePublished":"2026-04-30T14:00:23+00:00","author":{"@id":"https:\/\/radiociutat.com\/es\/#\/schema\/person\/ea8722499f2255e1477bd2975629dc71"},"breadcrumb":{"@id":"https:\/\/radiociutat.com\/es\/ultimas-noticias\/cronicas\/un-estudio-de-la-urv-concluye-que-el-puerto-de-tarragona-necesita-mas-diversificacion-de-los-traficos-de-mercancias\/#breadcrumb"},"inLanguage":"es","potentialAction":[{"@type":"ReadAction","target":["https:\/\/radiociutat.com\/es\/ultimas-noticias\/cronicas\/un-estudio-de-la-urv-concluye-que-el-puerto-de-tarragona-necesita-mas-diversificacion-de-los-traficos-de-mercancias\/"]}]},{"@type":"ImageObject","inLanguage":"es","@id":"https:\/\/radiociutat.com\/es\/ultimas-noticias\/cronicas\/un-estudio-de-la-urv-concluye-que-el-puerto-de-tarragona-necesita-mas-diversificacion-de-los-traficos-de-mercancias\/#primaryimage","url":"https:\/\/files.radiociutat.com\/rctgn\/wp-content\/uploads\/2026\/04\/f0aa8c8b-b92d-4358-833c-2b3eb5989c08.jpg","contentUrl":"https:\/\/files.radiociutat.com\/rctgn\/wp-content\/uploads\/2026\/04\/f0aa8c8b-b92d-4358-833c-2b3eb5989c08.jpg","width":2048,"height":1415},{"@type":"BreadcrumbList","@id":"https:\/\/radiociutat.com\/es\/ultimas-noticias\/cronicas\/un-estudio-de-la-urv-concluye-que-el-puerto-de-tarragona-necesita-mas-diversificacion-de-los-traficos-de-mercancias\/#breadcrumb","itemListElement":[{"@type":"ListItem","position":1,"name":"Inici","item":"https:\/\/radiociutat.com\/es\/"},{"@type":"ListItem","position":2,"name":"Un estudio de la URV concluye que el puerto de Tarragona necesita m\u00e1s diversificaci\u00f3n de los tr\u00e1ficos de mercanc\u00edas"}]},{"@type":"WebSite","@id":"https:\/\/radiociutat.com\/es\/#website","url":"https:\/\/radiociutat.com\/es\/","name":"R\u00e0dio Ciutat de Tarragona","description":"R\u00e0dio Ciutat de Tarragona - RCTgn.cat R\u00e0dio Online","potentialAction":[{"@type":"SearchAction","target":{"@type":"EntryPoint","urlTemplate":"https:\/\/radiociutat.com\/es\/?s={search_term_string}"},"query-input":{"@type":"PropertyValueSpecification","valueRequired":true,"valueName":"search_term_string"}}],"inLanguage":"es"},{"@type":"Person","@id":"https:\/\/radiociutat.com\/es\/#\/schema\/person\/ea8722499f2255e1477bd2975629dc71","name":"ACN","sameAs":["https:\/\/radiociutat.com\/wp-content\/uploads\/2023\/09\/acn-e1694789176650.png"],"url":"https:\/\/radiociutat.com\/es\/author\/acn\/"}]}},"_links":{"self":[{"href":"https:\/\/radiociutat.com\/es\/wp-json\/wp\/v2\/posts\/379192","targetHints":{"allow":["GET"]}}],"collection":[{"href":"https:\/\/radiociutat.com\/es\/wp-json\/wp\/v2\/posts"}],"about":[{"href":"https:\/\/radiociutat.com\/es\/wp-json\/wp\/v2\/types\/post"}],"author":[{"embeddable":true,"href":"https:\/\/radiociutat.com\/es\/wp-json\/wp\/v2\/users\/57"}],"replies":[{"embeddable":true,"href":"https:\/\/radiociutat.com\/es\/wp-json\/wp\/v2\/comments?post=379192"}],"version-history":[{"count":0,"href":"https:\/\/radiociutat.com\/es\/wp-json\/wp\/v2\/posts\/379192\/revisions"}],"wp:featuredmedia":[{"embeddable":true,"href":"https:\/\/radiociutat.com\/es\/wp-json\/wp\/v2\/media\/379190"}],"wp:attachment":[{"href":"https:\/\/radiociutat.com\/es\/wp-json\/wp\/v2\/media?parent=379192"}],"wp:term":[{"taxonomy":"category","embeddable":true,"href":"https:\/\/radiociutat.com\/es\/wp-json\/wp\/v2\/categories?post=379192"},{"taxonomy":"post_tag","embeddable":true,"href":"https:\/\/radiociutat.com\/es\/wp-json\/wp\/v2\/tags?post=379192"}],"curies":[{"name":"wp","href":"https:\/\/api.w.org\/{rel}","templated":true}]}}