{"id":379177,"date":"2026-04-30T15:03:12","date_gmt":"2026-04-30T13:03:12","guid":{"rendered":"https:\/\/radiociutat.com\/programes-podcast\/el-lunes-comienzan-las-obras-para-renovar-el-pavimento-de-las-calles-del-barrio-de-la-granja\/"},"modified":"2026-04-30T15:03:12","modified_gmt":"2026-04-30T13:03:12","slug":"el-lunes-comienzan-las-obras-para-renovar-el-pavimento-de-las-calles-del-barrio-de-la-granja","status":"publish","type":"post","link":"https:\/\/radiociutat.com\/es\/provincia-de-tarragona\/el-lunes-comienzan-las-obras-para-renovar-el-pavimento-de-las-calles-del-barrio-de-la-granja\/","title":{"rendered":"El lunes comienzan las obras para renovar el pavimento de las calles del barrio de la Granja"},"content":{"rendered":"<p>Este lunes se iniciar\u00e1n los trabajos de rehabilitaci\u00f3n y reasfaltado de varias calles del barrio de la Granja, en Tarragona. La actuaci\u00f3n, que se ha adjudicado por un importe de casi 200.000 euros, incluye la renovaci\u00f3n integral del firme de las v\u00edas M\u00f3ra d\u2019Ebre, Menorca, Gomera y Gran Can\u00e0ria.<\/p>\n<p>La planificaci\u00f3n de los trabajos prev\u00e9 que las obras comiencen el d\u00eda 4 de mayo en las calles M\u00f3ra d\u2019Ebre, Gomera y Menorca, que permanecer\u00e1n cerradas al tr\u00e1fico hasta el d\u00eda 15 del mismo mes. Posteriormente, a partir del d\u00eda 11 de mayo y hasta el d\u00eda 22, las restricciones de circulaci\u00f3n se ampliar\u00e1n al resto de la calle Menorca y a la calle Gran Can\u00e0ria para completar las tareas de mejora.<\/p>\n<p>Con el fin de reducir el impacto sobre los vecinos y vecinas, el consistorio ha informado que los usuarios de parkings privados podr\u00e1n acceder a sus estacionamientos durante la noche y la madrugada, concretamente en la franja horaria comprendida entre las 19:00 h y las 8:00 h. Esta intervenci\u00f3n se integra en una estrategia municipal m\u00e1s amplia que permitir\u00e1 renovar buena parte del firme urbano de Tarragona.<\/p>\n","protected":false},"excerpt":{"rendered":"<p>Este lunes se iniciar\u00e1n los trabajos de rehabilitaci\u00f3n y reasfaltado de varias calles del barrio de la Granja, en Tarragona. La actuaci\u00f3n, que se ha adjudicado por un importe de casi 200.000 euros, incluye la renovaci\u00f3n integral del firme de las v\u00edas M\u00f3ra d\u2019Ebre, Menorca, Gomera y Gran Can\u00e0ria. La planificaci\u00f3n de los trabajos prev\u00e9 [&hellip;]<\/p>\n","protected":false},"author":106,"featured_media":379175,"comment_status":"closed","ping_status":"closed","sticky":false,"template":"","format":"standard","meta":{"footnotes":""},"categories":[14046,14026,12404,14028,14029,14041],"tags":[128,260,129,19,218],"class_list":["post-379177","post","type-post","status-publish","format-standard","has-post-thumbnail","hentry","category-campo-de-tarragona","category-nota-automatica","category-provincia-de-tarragona","category-sociedad","category-tarragona","category-tarragones","tag-actualitat","tag-noticies","tag-societat","tag-tarragona","tag-tgn"],"yoast_head":"<!-- This site is optimized with the Yoast SEO Premium plugin v27.4 (Yoast SEO v27.5) - https:\/\/yoast.com\/product\/yoast-seo-premium-wordpress\/ -->\n<title>El lunes comienzan las obras para renovar el pavimento de las calles del barrio de la Granja - R\u00e0dio Ciutat de Tarragona<\/title>\n<meta name=\"robots\" content=\"index, follow, max-snippet:-1, max-image-preview:large, max-video-preview:-1\" \/>\n<link rel=\"canonical\" href=\"https:\/\/radiociutat.com\/es\/provincia-de-tarragona\/el-lunes-comienzan-las-obras-para-renovar-el-pavimento-de-las-calles-del-barrio-de-la-granja\/\" \/>\n<meta property=\"og:locale\" content=\"es_ES\" \/>\n<meta property=\"og:type\" content=\"article\" \/>\n<meta property=\"og:title\" content=\"El lunes comienzan las obras para renovar el pavimento de las calles del barrio de la Granja\" \/>\n<meta property=\"og:description\" content=\"Este lunes se iniciar\u00e1n los trabajos de rehabilitaci\u00f3n y reasfaltado de varias calles del barrio de la Granja, en Tarragona. La actuaci\u00f3n, que se ha adjudicado por un importe de casi 200.000 euros, incluye la renovaci\u00f3n integral del firme de las v\u00edas M\u00f3ra d\u2019Ebre, Menorca, Gomera y Gran Can\u00e0ria. La planificaci\u00f3n de los trabajos prev\u00e9 [&hellip;]\" \/>\n<meta property=\"og:url\" content=\"https:\/\/radiociutat.com\/es\/provincia-de-tarragona\/el-lunes-comienzan-las-obras-para-renovar-el-pavimento-de-las-calles-del-barrio-de-la-granja\/\" \/>\n<meta property=\"og:site_name\" content=\"R\u00e0dio Ciutat de Tarragona\" \/>\n<meta property=\"article:publisher\" content=\"https:\/\/www.facebook.com\/rctgn\" \/>\n<meta property=\"article:published_time\" content=\"2026-04-30T13:03:12+00:00\" \/>\n<meta property=\"og:image\" content=\"https:\/\/files.radiociutat.com\/rctgn\/wp-content\/uploads\/2021\/03\/LOGO-RCTGN-RADIO-CIUTAT-DE-TARRAGONA-TRANSPARENTE-TARRAGONA-2020-3000X3000-Redes1-copia.png\" \/>\n\t<meta property=\"og:image:width\" content=\"3000\" \/>\n\t<meta property=\"og:image:height\" content=\"3000\" \/>\n\t<meta property=\"og:image:type\" content=\"image\/png\" \/>\n<meta name=\"author\" content=\"AutoNota\" \/>\n<meta name=\"twitter:card\" content=\"summary_large_image\" \/>\n<meta name=\"twitter:creator\" content=\"@RCTgn\" \/>\n<meta name=\"twitter:site\" content=\"@RCTgn\" \/>\n<meta name=\"twitter:label1\" content=\"Escrito por\" \/>\n\t<meta name=\"twitter:data1\" content=\"AutoNota\" \/>\n\t<meta name=\"twitter:label2\" content=\"Tiempo de lectura\" \/>\n\t<meta name=\"twitter:data2\" content=\"1 minuto\" \/>\n<script type=\"application\/ld+json\" class=\"yoast-schema-graph\">{\"@context\":\"https:\\\/\\\/schema.org\",\"@graph\":[{\"@type\":\"Article\",\"@id\":\"https:\\\/\\\/radiociutat.com\\\/es\\\/provincia-de-tarragona\\\/el-lunes-comienzan-las-obras-para-renovar-el-pavimento-de-las-calles-del-barrio-de-la-granja\\\/#article\",\"isPartOf\":{\"@id\":\"https:\\\/\\\/radiociutat.com\\\/es\\\/provincia-de-tarragona\\\/el-lunes-comienzan-las-obras-para-renovar-el-pavimento-de-las-calles-del-barrio-de-la-granja\\\/\"},\"author\":{\"name\":\"AutoNota\",\"@id\":\"https:\\\/\\\/radiociutat.com\\\/es\\\/#\\\/schema\\\/person\\\/fd401dfbfd2adfe3f166b553b083e78d\"},\"headline\":\"El lunes comienzan las obras para renovar el pavimento de las calles del barrio de la Granja\",\"datePublished\":\"2026-04-30T13:03:12+00:00\",\"mainEntityOfPage\":{\"@id\":\"https:\\\/\\\/radiociutat.com\\\/es\\\/provincia-de-tarragona\\\/el-lunes-comienzan-las-obras-para-renovar-el-pavimento-de-las-calles-del-barrio-de-la-granja\\\/\"},\"wordCount\":221,\"image\":{\"@id\":\"https:\\\/\\\/radiociutat.com\\\/es\\\/provincia-de-tarragona\\\/el-lunes-comienzan-las-obras-para-renovar-el-pavimento-de-las-calles-del-barrio-de-la-granja\\\/#primaryimage\"},\"thumbnailUrl\":\"https:\\\/\\\/files.radiociutat.com\\\/rctgn\\\/wp-content\\\/uploads\\\/2026\\\/04\\\/Carrer-Menorca-La-Granja-e1777554106298.png\",\"keywords\":[\"Actualitat\",\"not\u00edcies\",\"Societat\",\"Tarragona\",\"TGN\"],\"articleSection\":[\"Campo de Tarragona\",\"Nota autom\u00e1tica\",\"Prov\u00edncia de Tarragona\",\"Sociedad\",\"Tarragona\",\"Tarragon\u00e9s\"],\"inLanguage\":\"es\"},{\"@type\":\"WebPage\",\"@id\":\"https:\\\/\\\/radiociutat.com\\\/es\\\/provincia-de-tarragona\\\/el-lunes-comienzan-las-obras-para-renovar-el-pavimento-de-las-calles-del-barrio-de-la-granja\\\/\",\"url\":\"https:\\\/\\\/radiociutat.com\\\/es\\\/provincia-de-tarragona\\\/el-lunes-comienzan-las-obras-para-renovar-el-pavimento-de-las-calles-del-barrio-de-la-granja\\\/\",\"name\":\"El lunes comienzan las obras para renovar el pavimento de las calles del barrio de la Granja - R\u00e0dio Ciutat de Tarragona\",\"isPartOf\":{\"@id\":\"https:\\\/\\\/radiociutat.com\\\/es\\\/#website\"},\"primaryImageOfPage\":{\"@id\":\"https:\\\/\\\/radiociutat.com\\\/es\\\/provincia-de-tarragona\\\/el-lunes-comienzan-las-obras-para-renovar-el-pavimento-de-las-calles-del-barrio-de-la-granja\\\/#primaryimage\"},\"image\":{\"@id\":\"https:\\\/\\\/radiociutat.com\\\/es\\\/provincia-de-tarragona\\\/el-lunes-comienzan-las-obras-para-renovar-el-pavimento-de-las-calles-del-barrio-de-la-granja\\\/#primaryimage\"},\"thumbnailUrl\":\"https:\\\/\\\/files.radiociutat.com\\\/rctgn\\\/wp-content\\\/uploads\\\/2026\\\/04\\\/Carrer-Menorca-La-Granja-e1777554106298.png\",\"datePublished\":\"2026-04-30T13:03:12+00:00\",\"author\":{\"@id\":\"https:\\\/\\\/radiociutat.com\\\/es\\\/#\\\/schema\\\/person\\\/fd401dfbfd2adfe3f166b553b083e78d\"},\"breadcrumb\":{\"@id\":\"https:\\\/\\\/radiociutat.com\\\/es\\\/provincia-de-tarragona\\\/el-lunes-comienzan-las-obras-para-renovar-el-pavimento-de-las-calles-del-barrio-de-la-granja\\\/#breadcrumb\"},\"inLanguage\":\"es\",\"potentialAction\":[{\"@type\":\"ReadAction\",\"target\":[\"https:\\\/\\\/radiociutat.com\\\/es\\\/provincia-de-tarragona\\\/el-lunes-comienzan-las-obras-para-renovar-el-pavimento-de-las-calles-del-barrio-de-la-granja\\\/\"]}]},{\"@type\":\"ImageObject\",\"inLanguage\":\"es\",\"@id\":\"https:\\\/\\\/radiociutat.com\\\/es\\\/provincia-de-tarragona\\\/el-lunes-comienzan-las-obras-para-renovar-el-pavimento-de-las-calles-del-barrio-de-la-granja\\\/#primaryimage\",\"url\":\"https:\\\/\\\/files.radiociutat.com\\\/rctgn\\\/wp-content\\\/uploads\\\/2026\\\/04\\\/Carrer-Menorca-La-Granja-e1777554106298.png\",\"contentUrl\":\"https:\\\/\\\/files.radiociutat.com\\\/rctgn\\\/wp-content\\\/uploads\\\/2026\\\/04\\\/Carrer-Menorca-La-Granja-e1777554106298.png\",\"width\":1286,\"height\":510,\"caption\":\"Foto: Google Maps\"},{\"@type\":\"BreadcrumbList\",\"@id\":\"https:\\\/\\\/radiociutat.com\\\/es\\\/provincia-de-tarragona\\\/el-lunes-comienzan-las-obras-para-renovar-el-pavimento-de-las-calles-del-barrio-de-la-granja\\\/#breadcrumb\",\"itemListElement\":[{\"@type\":\"ListItem\",\"position\":1,\"name\":\"Inici\",\"item\":\"https:\\\/\\\/radiociutat.com\\\/es\\\/\"},{\"@type\":\"ListItem\",\"position\":2,\"name\":\"El lunes comienzan las obras para renovar el pavimento de las calles del barrio de la Granja\"}]},{\"@type\":\"WebSite\",\"@id\":\"https:\\\/\\\/radiociutat.com\\\/es\\\/#website\",\"url\":\"https:\\\/\\\/radiociutat.com\\\/es\\\/\",\"name\":\"R\u00e0dio Ciutat de Tarragona\",\"description\":\"R\u00e0dio Ciutat de Tarragona - RCTgn.cat R\u00e0dio Online\",\"potentialAction\":[{\"@type\":\"SearchAction\",\"target\":{\"@type\":\"EntryPoint\",\"urlTemplate\":\"https:\\\/\\\/radiociutat.com\\\/es\\\/?s={search_term_string}\"},\"query-input\":{\"@type\":\"PropertyValueSpecification\",\"valueRequired\":true,\"valueName\":\"search_term_string\"}}],\"inLanguage\":\"es\"},{\"@type\":\"Person\",\"@id\":\"https:\\\/\\\/radiociutat.com\\\/es\\\/#\\\/schema\\\/person\\\/fd401dfbfd2adfe3f166b553b083e78d\",\"name\":\"AutoNota\",\"description\":\"AutoNota, el suport intel\u00b7ligent per a la redacci\u00f3 AutoNota \u00e9s un servei propi de R\u00e0dio Ciutat que utilitza la intel\u00b7lig\u00e8ncia artificial per donar suport al treball period\u00edstic. La seva funci\u00f3 principal \u00e9s etiquetar, categoritzar i contextualitzar les informacions que arriben a la redacci\u00f3, sobretot procedents d\u2019empreses i institucions. Tot i que la IA ajuda a ordenar i donar forma als continguts, \u00e9s sempre l\u2019equip de redacci\u00f3 qui els revisa, edita i publica. D\u2019aquesta manera, garantim que totes les publicacions d\u2019AutoNota comptin amb la curaci\u00f3 i l\u2019aval professional d\u2019una persona periodista de R\u00e0dio Ciutat.\",\"url\":\"https:\\\/\\\/radiociutat.com\\\/es\\\/author\\\/autonota\\\/\"}]}<\/script>\n<!-- \/ Yoast SEO Premium plugin. -->","yoast_head_json":{"title":"El lunes comienzan las obras para renovar el pavimento de las calles del barrio de la Granja - R\u00e0dio Ciutat de Tarragona","robots":{"index":"index","follow":"follow","max-snippet":"max-snippet:-1","max-image-preview":"max-image-preview:large","max-video-preview":"max-video-preview:-1"},"canonical":"https:\/\/radiociutat.com\/es\/provincia-de-tarragona\/el-lunes-comienzan-las-obras-para-renovar-el-pavimento-de-las-calles-del-barrio-de-la-granja\/","og_locale":"es_ES","og_type":"article","og_title":"El lunes comienzan las obras para renovar el pavimento de las calles del barrio de la Granja","og_description":"Este lunes se iniciar\u00e1n los trabajos de rehabilitaci\u00f3n y reasfaltado de varias calles del barrio de la Granja, en Tarragona. La actuaci\u00f3n, que se ha adjudicado por un importe de casi 200.000 euros, incluye la renovaci\u00f3n integral del firme de las v\u00edas M\u00f3ra d\u2019Ebre, Menorca, Gomera y Gran Can\u00e0ria. La planificaci\u00f3n de los trabajos prev\u00e9 [&hellip;]","og_url":"https:\/\/radiociutat.com\/es\/provincia-de-tarragona\/el-lunes-comienzan-las-obras-para-renovar-el-pavimento-de-las-calles-del-barrio-de-la-granja\/","og_site_name":"R\u00e0dio Ciutat de Tarragona","article_publisher":"https:\/\/www.facebook.com\/rctgn","article_published_time":"2026-04-30T13:03:12+00:00","og_image":[{"width":3000,"height":3000,"url":"https:\/\/files.radiociutat.com\/rctgn\/wp-content\/uploads\/2021\/03\/LOGO-RCTGN-RADIO-CIUTAT-DE-TARRAGONA-TRANSPARENTE-TARRAGONA-2020-3000X3000-Redes1-copia.png","type":"image\/png"}],"author":"AutoNota","twitter_card":"summary_large_image","twitter_creator":"@RCTgn","twitter_site":"@RCTgn","twitter_misc":{"Escrito por":"AutoNota","Tiempo de lectura":"1 minuto"},"schema":{"@context":"https:\/\/schema.org","@graph":[{"@type":"Article","@id":"https:\/\/radiociutat.com\/es\/provincia-de-tarragona\/el-lunes-comienzan-las-obras-para-renovar-el-pavimento-de-las-calles-del-barrio-de-la-granja\/#article","isPartOf":{"@id":"https:\/\/radiociutat.com\/es\/provincia-de-tarragona\/el-lunes-comienzan-las-obras-para-renovar-el-pavimento-de-las-calles-del-barrio-de-la-granja\/"},"author":{"name":"AutoNota","@id":"https:\/\/radiociutat.com\/es\/#\/schema\/person\/fd401dfbfd2adfe3f166b553b083e78d"},"headline":"El lunes comienzan las obras para renovar el pavimento de las calles del barrio de la Granja","datePublished":"2026-04-30T13:03:12+00:00","mainEntityOfPage":{"@id":"https:\/\/radiociutat.com\/es\/provincia-de-tarragona\/el-lunes-comienzan-las-obras-para-renovar-el-pavimento-de-las-calles-del-barrio-de-la-granja\/"},"wordCount":221,"image":{"@id":"https:\/\/radiociutat.com\/es\/provincia-de-tarragona\/el-lunes-comienzan-las-obras-para-renovar-el-pavimento-de-las-calles-del-barrio-de-la-granja\/#primaryimage"},"thumbnailUrl":"https:\/\/files.radiociutat.com\/rctgn\/wp-content\/uploads\/2026\/04\/Carrer-Menorca-La-Granja-e1777554106298.png","keywords":["Actualitat","not\u00edcies","Societat","Tarragona","TGN"],"articleSection":["Campo de Tarragona","Nota autom\u00e1tica","Prov\u00edncia de Tarragona","Sociedad","Tarragona","Tarragon\u00e9s"],"inLanguage":"es"},{"@type":"WebPage","@id":"https:\/\/radiociutat.com\/es\/provincia-de-tarragona\/el-lunes-comienzan-las-obras-para-renovar-el-pavimento-de-las-calles-del-barrio-de-la-granja\/","url":"https:\/\/radiociutat.com\/es\/provincia-de-tarragona\/el-lunes-comienzan-las-obras-para-renovar-el-pavimento-de-las-calles-del-barrio-de-la-granja\/","name":"El lunes comienzan las obras para renovar el pavimento de las calles del barrio de la Granja - R\u00e0dio Ciutat de Tarragona","isPartOf":{"@id":"https:\/\/radiociutat.com\/es\/#website"},"primaryImageOfPage":{"@id":"https:\/\/radiociutat.com\/es\/provincia-de-tarragona\/el-lunes-comienzan-las-obras-para-renovar-el-pavimento-de-las-calles-del-barrio-de-la-granja\/#primaryimage"},"image":{"@id":"https:\/\/radiociutat.com\/es\/provincia-de-tarragona\/el-lunes-comienzan-las-obras-para-renovar-el-pavimento-de-las-calles-del-barrio-de-la-granja\/#primaryimage"},"thumbnailUrl":"https:\/\/files.radiociutat.com\/rctgn\/wp-content\/uploads\/2026\/04\/Carrer-Menorca-La-Granja-e1777554106298.png","datePublished":"2026-04-30T13:03:12+00:00","author":{"@id":"https:\/\/radiociutat.com\/es\/#\/schema\/person\/fd401dfbfd2adfe3f166b553b083e78d"},"breadcrumb":{"@id":"https:\/\/radiociutat.com\/es\/provincia-de-tarragona\/el-lunes-comienzan-las-obras-para-renovar-el-pavimento-de-las-calles-del-barrio-de-la-granja\/#breadcrumb"},"inLanguage":"es","potentialAction":[{"@type":"ReadAction","target":["https:\/\/radiociutat.com\/es\/provincia-de-tarragona\/el-lunes-comienzan-las-obras-para-renovar-el-pavimento-de-las-calles-del-barrio-de-la-granja\/"]}]},{"@type":"ImageObject","inLanguage":"es","@id":"https:\/\/radiociutat.com\/es\/provincia-de-tarragona\/el-lunes-comienzan-las-obras-para-renovar-el-pavimento-de-las-calles-del-barrio-de-la-granja\/#primaryimage","url":"https:\/\/files.radiociutat.com\/rctgn\/wp-content\/uploads\/2026\/04\/Carrer-Menorca-La-Granja-e1777554106298.png","contentUrl":"https:\/\/files.radiociutat.com\/rctgn\/wp-content\/uploads\/2026\/04\/Carrer-Menorca-La-Granja-e1777554106298.png","width":1286,"height":510,"caption":"Foto: Google Maps"},{"@type":"BreadcrumbList","@id":"https:\/\/radiociutat.com\/es\/provincia-de-tarragona\/el-lunes-comienzan-las-obras-para-renovar-el-pavimento-de-las-calles-del-barrio-de-la-granja\/#breadcrumb","itemListElement":[{"@type":"ListItem","position":1,"name":"Inici","item":"https:\/\/radiociutat.com\/es\/"},{"@type":"ListItem","position":2,"name":"El lunes comienzan las obras para renovar el pavimento de las calles del barrio de la Granja"}]},{"@type":"WebSite","@id":"https:\/\/radiociutat.com\/es\/#website","url":"https:\/\/radiociutat.com\/es\/","name":"R\u00e0dio Ciutat de Tarragona","description":"R\u00e0dio Ciutat de Tarragona - RCTgn.cat R\u00e0dio Online","potentialAction":[{"@type":"SearchAction","target":{"@type":"EntryPoint","urlTemplate":"https:\/\/radiociutat.com\/es\/?s={search_term_string}"},"query-input":{"@type":"PropertyValueSpecification","valueRequired":true,"valueName":"search_term_string"}}],"inLanguage":"es"},{"@type":"Person","@id":"https:\/\/radiociutat.com\/es\/#\/schema\/person\/fd401dfbfd2adfe3f166b553b083e78d","name":"AutoNota","description":"AutoNota, el suport intel\u00b7ligent per a la redacci\u00f3 AutoNota \u00e9s un servei propi de R\u00e0dio Ciutat que utilitza la intel\u00b7lig\u00e8ncia artificial per donar suport al treball period\u00edstic. La seva funci\u00f3 principal \u00e9s etiquetar, categoritzar i contextualitzar les informacions que arriben a la redacci\u00f3, sobretot procedents d\u2019empreses i institucions. Tot i que la IA ajuda a ordenar i donar forma als continguts, \u00e9s sempre l\u2019equip de redacci\u00f3 qui els revisa, edita i publica. D\u2019aquesta manera, garantim que totes les publicacions d\u2019AutoNota comptin amb la curaci\u00f3 i l\u2019aval professional d\u2019una persona periodista de R\u00e0dio Ciutat.","url":"https:\/\/radiociutat.com\/es\/author\/autonota\/"}]}},"_links":{"self":[{"href":"https:\/\/radiociutat.com\/es\/wp-json\/wp\/v2\/posts\/379177","targetHints":{"allow":["GET"]}}],"collection":[{"href":"https:\/\/radiociutat.com\/es\/wp-json\/wp\/v2\/posts"}],"about":[{"href":"https:\/\/radiociutat.com\/es\/wp-json\/wp\/v2\/types\/post"}],"author":[{"embeddable":true,"href":"https:\/\/radiociutat.com\/es\/wp-json\/wp\/v2\/users\/106"}],"replies":[{"embeddable":true,"href":"https:\/\/radiociutat.com\/es\/wp-json\/wp\/v2\/comments?post=379177"}],"version-history":[{"count":0,"href":"https:\/\/radiociutat.com\/es\/wp-json\/wp\/v2\/posts\/379177\/revisions"}],"wp:featuredmedia":[{"embeddable":true,"href":"https:\/\/radiociutat.com\/es\/wp-json\/wp\/v2\/media\/379175"}],"wp:attachment":[{"href":"https:\/\/radiociutat.com\/es\/wp-json\/wp\/v2\/media?parent=379177"}],"wp:term":[{"taxonomy":"category","embeddable":true,"href":"https:\/\/radiociutat.com\/es\/wp-json\/wp\/v2\/categories?post=379177"},{"taxonomy":"post_tag","embeddable":true,"href":"https:\/\/radiociutat.com\/es\/wp-json\/wp\/v2\/tags?post=379177"}],"curies":[{"name":"wp","href":"https:\/\/api.w.org\/{rel}","templated":true}]}}