{"id":379128,"date":"2026-04-30T13:46:09","date_gmt":"2026-04-30T11:46:09","guid":{"rendered":"https:\/\/radiociutat.com\/programes-podcast\/tarragona-daily-el-ayuntamiento-de-tarragona-presenta-la-reestructuracion-definitiva-de-las-lineas-de-autobus\/"},"modified":"2026-04-30T13:46:09","modified_gmt":"2026-04-30T11:46:09","slug":"tarragona-daily-el-ayuntamiento-de-tarragona-presenta-la-reestructuracion-definitiva-de-las-lineas-de-autobus","status":"publish","type":"post","link":"https:\/\/radiociutat.com\/es\/tarragona-daily-radio-ciutat-de-tarragona\/tarragona-daily-el-ayuntamiento-de-tarragona-presenta-la-reestructuracion-definitiva-de-las-lineas-de-autobus\/","title":{"rendered":"Tarragona Daily | El Ayuntamiento de Tarragona presenta la reestructuraci\u00f3n definitiva de las l\u00edneas de autob\u00fas"},"content":{"rendered":"\n<p><a href=\"https:\/\/radiociutat.com\/ultimes-noticies-tarragona\/croniques-actualitat\/tarragona-presenta-la-reestructuracio-final-de-les-linies-de-lemt\/\">Tarragona presenta la reestructuraci\u00f3n final de las l\u00edneas de la EMT<\/a><\/p>\n\n\n\n<p><strong>El Ayuntamiento de Tarragona y la Empresa Municipal de Transportes de Tarragona han presentado la reestructuraci\u00f3n final de las l\u00edneas de autob\u00fas, incorporando hasta el 85% de las propuestas ciudadanas. El nuevo modelo busca una red m\u00e1s eficiente, clara y adaptada a una ciudad de cerca de 150.000 habitantes.<\/strong><\/p>\n\n\n\n<p>La reforma mejora cobertura y frecuencias, con m\u00e1s expediciones anuales y el 90% de la poblaci\u00f3n con parada a menos de cinco minutos. Se refuerzan conexiones a barrios como Sant Salvador, Ponent y Llevant, y se introducen mejoras en el centro y en el servicio nocturno.<\/p>\n\n\n\n<p>El proyecto incluye tambi\u00e9n la renovaci\u00f3n de flota con 33 nuevos autobuses. Si se aprueba, se implantar\u00e1 a finales de 2026, con una campa\u00f1a informativa previa.<\/p>\n\n\n\n<p><a href=\"https:\/\/radiociutat.com\/ultimes-noticies-tarragona\/croniques-actualitat\/rodalies-tornara-a-ser-de-pagament-a-partir-del-9-de-maig\/\">Rodalies volver\u00e1 a ser de pago a partir del 9 de mayo<\/a><\/p>\n\n\n\n<p>El servicio de Rodalies de Catalunya volver\u00e1 a ser de pago a partir del 9 de mayo, seg\u00fan ha anunciado la consejera S\u00edlvia Paneque. La gratuidad, vigente desde el accidente de Gelida del 20 de enero, finalizar\u00e1 el d\u00eda 8.<\/p>\n\n\n\n<p>La medida se aplic\u00f3 a ra\u00edz de las obras de emergencia y las afectaciones al servicio. Ahora, con la recuperaci\u00f3n del 90% de los usuarios y la retirada progresiva de limitaciones, se considera superada la situaci\u00f3n excepcional.<\/p>\n\n\n\n<p>Tambi\u00e9n se recuperar\u00e1n tramos en varias l\u00edneas como la R15, la R3 y la R4, mejorando progresivamente el servicio ferroviario en Catalu\u00f1a.<\/p>\n\n\n\n<p><a href=\"https:\/\/radiociutat.com\/ultimes-noticies-tarragona\/croniques-actualitat\/finalitza-la-connexio-dabastament-daigua-entre-els-sectors-pp9-i-pp10-a-campclar\/\">Finaliza la conexi\u00f3n de abastecimiento de agua entre los sectores PP9 y PP10 en Campclar<\/a><\/p>\n\n\n\n<p><strong>Ematsa ha finalizado las obras de una nueva tuber\u00eda de abastecimiento que conecta los sectores PP9 y PP10 en Campclar, con una inversi\u00f3n de 950.000 euros y una duraci\u00f3n de seis meses. La infraestructura, de 800 metros de longitud y 400 mm de di\u00e1metro, enlaza el sistema de agua entre el centro de Tarragona y la zona de Ponent.<\/strong><\/p>\n\n\n\n<p>Esta actuaci\u00f3n refuerza la red municipal, aumentando su fiabilidad ante posibles incidencias y garantizando el suministro a los futuros desarrollos urban\u00edsticos de Campclar. Adem\u00e1s, permite afrontar con m\u00e1s garant\u00edas el crecimiento de la ciudad y mejorar la infraestructura hidr\u00e1ulica global.<\/p>\n\n\n\n<h2 class=\"wp-block-heading\" id=\"h-tarragona-dona-el-tret-de-sortida-a-la-fira-d-abril-a-bonavista\">Tarragona da el pistoletazo de salida a la Feria de Abril en Bonavista<\/h2>\n\n\n\n<p><strong>El barrio de Bonavista ya respira ambiente de fiesta horas antes del inicio de la Feria de Abril, que arranca esta tarde a las 19 h. En Tarragona, los \u00faltimos preparativos conviven con las primeras notas de m\u00fasica y la actividad en las casetas, en una edici\u00f3n que promete ser especialmente intensa.<\/strong><\/p>\n\n\n\n<p>La feria, que llega a su 32.\u00aa edici\u00f3n, cuenta con siete entidades y 15 casetas llenas de gastronom\u00eda, baile y m\u00fasica en directo. A pesar de tener un d\u00eda menos, apuesta por una programaci\u00f3n m\u00e1s concentrada y diversa, con protagonismo de las escuelas de danza y actividades familiares.<\/p>\n\n\n\n<p>Con la Feria de Atracciones como complemento, Bonavista se convierte un a\u00f1o m\u00e1s en epicentro festivo y punto de encuentro para todos los p\u00fablicos.<\/p>\n","protected":false},"excerpt":{"rendered":"<p>Tarragona presenta la reestructuraci\u00f3n final de las l\u00edneas de la EMT El Ayuntamiento de Tarragona y la Empresa Municipal de Transportes de Tarragona han presentado la reestructuraci\u00f3n final de las l\u00edneas de autob\u00fas, incorporando hasta el 85% de las propuestas ciudadanas. El nuevo modelo busca una red m\u00e1s eficiente, clara y adaptada a una ciudad [&hellip;]<\/p>\n","protected":false},"author":84,"featured_media":233138,"comment_status":"closed","ping_status":"closed","sticky":false,"template":"","format":"standard","meta":{"footnotes":""},"categories":[13686],"tags":[19,13673],"class_list":["post-379128","post","type-post","status-publish","format-standard","has-post-thumbnail","hentry","category-tarragona-daily-radio-ciutat-de-tarragona","tag-tarragona","tag-tarragona-daily-2"],"yoast_head":"<!-- This site is optimized with the Yoast SEO Premium plugin v27.4 (Yoast SEO v27.5) - https:\/\/yoast.com\/product\/yoast-seo-premium-wordpress\/ -->\n<title>Tarragona Daily | El Ayuntamiento de Tarragona presenta la reestructuraci\u00f3n definitiva de las l\u00edneas de autob\u00fas - R\u00e0dio Ciutat de Tarragona<\/title>\n<meta name=\"robots\" content=\"index, follow, max-snippet:-1, max-image-preview:large, max-video-preview:-1\" \/>\n<link rel=\"canonical\" href=\"https:\/\/radiociutat.com\/es\/tarragona-daily-radio-ciutat-de-tarragona\/tarragona-daily-el-ayuntamiento-de-tarragona-presenta-la-reestructuracion-definitiva-de-las-lineas-de-autobus\/\" \/>\n<meta property=\"og:locale\" content=\"es_ES\" \/>\n<meta property=\"og:type\" content=\"article\" \/>\n<meta property=\"og:title\" content=\"Tarragona Daily | El Ayuntamiento de Tarragona presenta la reestructuraci\u00f3n definitiva de las l\u00edneas de autob\u00fas\" \/>\n<meta property=\"og:description\" content=\"Tarragona presenta la reestructuraci\u00f3n final de las l\u00edneas de la EMT El Ayuntamiento de Tarragona y la Empresa Municipal de Transportes de Tarragona han presentado la reestructuraci\u00f3n final de las l\u00edneas de autob\u00fas, incorporando hasta el 85% de las propuestas ciudadanas. El nuevo modelo busca una red m\u00e1s eficiente, clara y adaptada a una ciudad [&hellip;]\" \/>\n<meta property=\"og:url\" content=\"https:\/\/radiociutat.com\/es\/tarragona-daily-radio-ciutat-de-tarragona\/tarragona-daily-el-ayuntamiento-de-tarragona-presenta-la-reestructuracion-definitiva-de-las-lineas-de-autobus\/\" \/>\n<meta property=\"og:site_name\" content=\"R\u00e0dio Ciutat de Tarragona\" \/>\n<meta property=\"article:publisher\" content=\"https:\/\/www.facebook.com\/rctgn\" \/>\n<meta property=\"article:published_time\" content=\"2026-04-30T11:46:09+00:00\" \/>\n<meta property=\"og:image\" content=\"https:\/\/files.radiociutat.com\/rctgn\/wp-content\/uploads\/2025\/12\/EMT--scaled-e1766566968298.jpg\" \/>\n\t<meta property=\"og:image:width\" content=\"2560\" \/>\n\t<meta property=\"og:image:height\" content=\"1706\" \/>\n\t<meta property=\"og:image:type\" content=\"image\/jpeg\" \/>\n<meta name=\"author\" content=\"Adri\u00e0 Duch\" \/>\n<meta name=\"twitter:card\" content=\"summary_large_image\" \/>\n<meta name=\"twitter:creator\" content=\"@RCTgn\" \/>\n<meta name=\"twitter:site\" content=\"@RCTgn\" \/>\n<meta name=\"twitter:label1\" content=\"Escrito por\" \/>\n\t<meta name=\"twitter:data1\" content=\"Adri\u00e0 Duch\" \/>\n\t<meta name=\"twitter:label2\" content=\"Tiempo de lectura\" \/>\n\t<meta name=\"twitter:data2\" content=\"3 minutos\" \/>\n<script type=\"application\/ld+json\" class=\"yoast-schema-graph\">{\"@context\":\"https:\\\/\\\/schema.org\",\"@graph\":[{\"@type\":\"Article\",\"@id\":\"https:\\\/\\\/radiociutat.com\\\/es\\\/tarragona-daily-radio-ciutat-de-tarragona\\\/tarragona-daily-el-ayuntamiento-de-tarragona-presenta-la-reestructuracion-definitiva-de-las-lineas-de-autobus\\\/#article\",\"isPartOf\":{\"@id\":\"https:\\\/\\\/radiociutat.com\\\/es\\\/tarragona-daily-radio-ciutat-de-tarragona\\\/tarragona-daily-el-ayuntamiento-de-tarragona-presenta-la-reestructuracion-definitiva-de-las-lineas-de-autobus\\\/\"},\"author\":{\"name\":\"Adri\u00e0 Duch\",\"@id\":\"https:\\\/\\\/radiociutat.com\\\/es\\\/#\\\/schema\\\/person\\\/daeecbc4942e3432e8d8b8663bf7d714\"},\"headline\":\"Tarragona Daily | El Ayuntamiento de Tarragona presenta la reestructuraci\u00f3n definitiva de las l\u00edneas de autob\u00fas\",\"datePublished\":\"2026-04-30T11:46:09+00:00\",\"mainEntityOfPage\":{\"@id\":\"https:\\\/\\\/radiociutat.com\\\/es\\\/tarragona-daily-radio-ciutat-de-tarragona\\\/tarragona-daily-el-ayuntamiento-de-tarragona-presenta-la-reestructuracion-definitiva-de-las-lineas-de-autobus\\\/\"},\"wordCount\":539,\"image\":{\"@id\":\"https:\\\/\\\/radiociutat.com\\\/es\\\/tarragona-daily-radio-ciutat-de-tarragona\\\/tarragona-daily-el-ayuntamiento-de-tarragona-presenta-la-reestructuracion-definitiva-de-las-lineas-de-autobus\\\/#primaryimage\"},\"thumbnailUrl\":\"https:\\\/\\\/files.radiociutat.com\\\/rctgn\\\/wp-content\\\/uploads\\\/2025\\\/12\\\/EMT--scaled-e1766566968298.jpg\",\"keywords\":[\"Tarragona\",\"Tarragona Daily\"],\"articleSection\":[\"Tarragona Daily - R\u00e0dio Ciutat de Tarragona\"],\"inLanguage\":\"es\"},{\"@type\":\"WebPage\",\"@id\":\"https:\\\/\\\/radiociutat.com\\\/es\\\/tarragona-daily-radio-ciutat-de-tarragona\\\/tarragona-daily-el-ayuntamiento-de-tarragona-presenta-la-reestructuracion-definitiva-de-las-lineas-de-autobus\\\/\",\"url\":\"https:\\\/\\\/radiociutat.com\\\/es\\\/tarragona-daily-radio-ciutat-de-tarragona\\\/tarragona-daily-el-ayuntamiento-de-tarragona-presenta-la-reestructuracion-definitiva-de-las-lineas-de-autobus\\\/\",\"name\":\"Tarragona Daily | El Ayuntamiento de Tarragona presenta la reestructuraci\u00f3n definitiva de las l\u00edneas de autob\u00fas - R\u00e0dio Ciutat de Tarragona\",\"isPartOf\":{\"@id\":\"https:\\\/\\\/radiociutat.com\\\/es\\\/#website\"},\"primaryImageOfPage\":{\"@id\":\"https:\\\/\\\/radiociutat.com\\\/es\\\/tarragona-daily-radio-ciutat-de-tarragona\\\/tarragona-daily-el-ayuntamiento-de-tarragona-presenta-la-reestructuracion-definitiva-de-las-lineas-de-autobus\\\/#primaryimage\"},\"image\":{\"@id\":\"https:\\\/\\\/radiociutat.com\\\/es\\\/tarragona-daily-radio-ciutat-de-tarragona\\\/tarragona-daily-el-ayuntamiento-de-tarragona-presenta-la-reestructuracion-definitiva-de-las-lineas-de-autobus\\\/#primaryimage\"},\"thumbnailUrl\":\"https:\\\/\\\/files.radiociutat.com\\\/rctgn\\\/wp-content\\\/uploads\\\/2025\\\/12\\\/EMT--scaled-e1766566968298.jpg\",\"datePublished\":\"2026-04-30T11:46:09+00:00\",\"author\":{\"@id\":\"https:\\\/\\\/radiociutat.com\\\/es\\\/#\\\/schema\\\/person\\\/daeecbc4942e3432e8d8b8663bf7d714\"},\"breadcrumb\":{\"@id\":\"https:\\\/\\\/radiociutat.com\\\/es\\\/tarragona-daily-radio-ciutat-de-tarragona\\\/tarragona-daily-el-ayuntamiento-de-tarragona-presenta-la-reestructuracion-definitiva-de-las-lineas-de-autobus\\\/#breadcrumb\"},\"inLanguage\":\"es\",\"potentialAction\":[{\"@type\":\"ReadAction\",\"target\":[\"https:\\\/\\\/radiociutat.com\\\/es\\\/tarragona-daily-radio-ciutat-de-tarragona\\\/tarragona-daily-el-ayuntamiento-de-tarragona-presenta-la-reestructuracion-definitiva-de-las-lineas-de-autobus\\\/\"]}]},{\"@type\":\"ImageObject\",\"inLanguage\":\"es\",\"@id\":\"https:\\\/\\\/radiociutat.com\\\/es\\\/tarragona-daily-radio-ciutat-de-tarragona\\\/tarragona-daily-el-ayuntamiento-de-tarragona-presenta-la-reestructuracion-definitiva-de-las-lineas-de-autobus\\\/#primaryimage\",\"url\":\"https:\\\/\\\/files.radiociutat.com\\\/rctgn\\\/wp-content\\\/uploads\\\/2025\\\/12\\\/EMT--scaled-e1766566968298.jpg\",\"contentUrl\":\"https:\\\/\\\/files.radiociutat.com\\\/rctgn\\\/wp-content\\\/uploads\\\/2025\\\/12\\\/EMT--scaled-e1766566968298.jpg\",\"width\":2560,\"height\":1706},{\"@type\":\"BreadcrumbList\",\"@id\":\"https:\\\/\\\/radiociutat.com\\\/es\\\/tarragona-daily-radio-ciutat-de-tarragona\\\/tarragona-daily-el-ayuntamiento-de-tarragona-presenta-la-reestructuracion-definitiva-de-las-lineas-de-autobus\\\/#breadcrumb\",\"itemListElement\":[{\"@type\":\"ListItem\",\"position\":1,\"name\":\"Inici\",\"item\":\"https:\\\/\\\/radiociutat.com\\\/es\\\/\"},{\"@type\":\"ListItem\",\"position\":2,\"name\":\"Tarragona Daily | El Ayuntamiento de Tarragona presenta la reestructuraci\u00f3n definitiva de las l\u00edneas de autob\u00fas\"}]},{\"@type\":\"WebSite\",\"@id\":\"https:\\\/\\\/radiociutat.com\\\/es\\\/#website\",\"url\":\"https:\\\/\\\/radiociutat.com\\\/es\\\/\",\"name\":\"R\u00e0dio Ciutat de Tarragona\",\"description\":\"R\u00e0dio Ciutat de Tarragona - RCTgn.cat R\u00e0dio Online\",\"potentialAction\":[{\"@type\":\"SearchAction\",\"target\":{\"@type\":\"EntryPoint\",\"urlTemplate\":\"https:\\\/\\\/radiociutat.com\\\/es\\\/?s={search_term_string}\"},\"query-input\":{\"@type\":\"PropertyValueSpecification\",\"valueRequired\":true,\"valueName\":\"search_term_string\"}}],\"inLanguage\":\"es\"},{\"@type\":\"Person\",\"@id\":\"https:\\\/\\\/radiociutat.com\\\/es\\\/#\\\/schema\\\/person\\\/daeecbc4942e3432e8d8b8663bf7d714\",\"name\":\"Adri\u00e0 Duch\",\"sameAs\":[\"https:\\\/\\\/radiociutat.com\\\/wp-content\\\/uploads\\\/2024\\\/02\\\/ADRIA-DUCH.png\"],\"url\":\"https:\\\/\\\/radiociutat.com\\\/es\\\/author\\\/adria-duch\\\/\"}]}<\/script>\n<!-- \/ Yoast SEO Premium plugin. -->","yoast_head_json":{"title":"Tarragona Daily | El Ayuntamiento de Tarragona presenta la reestructuraci\u00f3n definitiva de las l\u00edneas de autob\u00fas - R\u00e0dio Ciutat de Tarragona","robots":{"index":"index","follow":"follow","max-snippet":"max-snippet:-1","max-image-preview":"max-image-preview:large","max-video-preview":"max-video-preview:-1"},"canonical":"https:\/\/radiociutat.com\/es\/tarragona-daily-radio-ciutat-de-tarragona\/tarragona-daily-el-ayuntamiento-de-tarragona-presenta-la-reestructuracion-definitiva-de-las-lineas-de-autobus\/","og_locale":"es_ES","og_type":"article","og_title":"Tarragona Daily | El Ayuntamiento de Tarragona presenta la reestructuraci\u00f3n definitiva de las l\u00edneas de autob\u00fas","og_description":"Tarragona presenta la reestructuraci\u00f3n final de las l\u00edneas de la EMT El Ayuntamiento de Tarragona y la Empresa Municipal de Transportes de Tarragona han presentado la reestructuraci\u00f3n final de las l\u00edneas de autob\u00fas, incorporando hasta el 85% de las propuestas ciudadanas. El nuevo modelo busca una red m\u00e1s eficiente, clara y adaptada a una ciudad [&hellip;]","og_url":"https:\/\/radiociutat.com\/es\/tarragona-daily-radio-ciutat-de-tarragona\/tarragona-daily-el-ayuntamiento-de-tarragona-presenta-la-reestructuracion-definitiva-de-las-lineas-de-autobus\/","og_site_name":"R\u00e0dio Ciutat de Tarragona","article_publisher":"https:\/\/www.facebook.com\/rctgn","article_published_time":"2026-04-30T11:46:09+00:00","og_image":[{"width":2560,"height":1706,"url":"https:\/\/files.radiociutat.com\/rctgn\/wp-content\/uploads\/2025\/12\/EMT--scaled-e1766566968298.jpg","type":"image\/jpeg"}],"author":"Adri\u00e0 Duch","twitter_card":"summary_large_image","twitter_creator":"@RCTgn","twitter_site":"@RCTgn","twitter_misc":{"Escrito por":"Adri\u00e0 Duch","Tiempo de lectura":"3 minutos"},"schema":{"@context":"https:\/\/schema.org","@graph":[{"@type":"Article","@id":"https:\/\/radiociutat.com\/es\/tarragona-daily-radio-ciutat-de-tarragona\/tarragona-daily-el-ayuntamiento-de-tarragona-presenta-la-reestructuracion-definitiva-de-las-lineas-de-autobus\/#article","isPartOf":{"@id":"https:\/\/radiociutat.com\/es\/tarragona-daily-radio-ciutat-de-tarragona\/tarragona-daily-el-ayuntamiento-de-tarragona-presenta-la-reestructuracion-definitiva-de-las-lineas-de-autobus\/"},"author":{"name":"Adri\u00e0 Duch","@id":"https:\/\/radiociutat.com\/es\/#\/schema\/person\/daeecbc4942e3432e8d8b8663bf7d714"},"headline":"Tarragona Daily | El Ayuntamiento de Tarragona presenta la reestructuraci\u00f3n definitiva de las l\u00edneas de autob\u00fas","datePublished":"2026-04-30T11:46:09+00:00","mainEntityOfPage":{"@id":"https:\/\/radiociutat.com\/es\/tarragona-daily-radio-ciutat-de-tarragona\/tarragona-daily-el-ayuntamiento-de-tarragona-presenta-la-reestructuracion-definitiva-de-las-lineas-de-autobus\/"},"wordCount":539,"image":{"@id":"https:\/\/radiociutat.com\/es\/tarragona-daily-radio-ciutat-de-tarragona\/tarragona-daily-el-ayuntamiento-de-tarragona-presenta-la-reestructuracion-definitiva-de-las-lineas-de-autobus\/#primaryimage"},"thumbnailUrl":"https:\/\/files.radiociutat.com\/rctgn\/wp-content\/uploads\/2025\/12\/EMT--scaled-e1766566968298.jpg","keywords":["Tarragona","Tarragona Daily"],"articleSection":["Tarragona Daily - R\u00e0dio Ciutat de Tarragona"],"inLanguage":"es"},{"@type":"WebPage","@id":"https:\/\/radiociutat.com\/es\/tarragona-daily-radio-ciutat-de-tarragona\/tarragona-daily-el-ayuntamiento-de-tarragona-presenta-la-reestructuracion-definitiva-de-las-lineas-de-autobus\/","url":"https:\/\/radiociutat.com\/es\/tarragona-daily-radio-ciutat-de-tarragona\/tarragona-daily-el-ayuntamiento-de-tarragona-presenta-la-reestructuracion-definitiva-de-las-lineas-de-autobus\/","name":"Tarragona Daily | El Ayuntamiento de Tarragona presenta la reestructuraci\u00f3n definitiva de las l\u00edneas de autob\u00fas - R\u00e0dio Ciutat de Tarragona","isPartOf":{"@id":"https:\/\/radiociutat.com\/es\/#website"},"primaryImageOfPage":{"@id":"https:\/\/radiociutat.com\/es\/tarragona-daily-radio-ciutat-de-tarragona\/tarragona-daily-el-ayuntamiento-de-tarragona-presenta-la-reestructuracion-definitiva-de-las-lineas-de-autobus\/#primaryimage"},"image":{"@id":"https:\/\/radiociutat.com\/es\/tarragona-daily-radio-ciutat-de-tarragona\/tarragona-daily-el-ayuntamiento-de-tarragona-presenta-la-reestructuracion-definitiva-de-las-lineas-de-autobus\/#primaryimage"},"thumbnailUrl":"https:\/\/files.radiociutat.com\/rctgn\/wp-content\/uploads\/2025\/12\/EMT--scaled-e1766566968298.jpg","datePublished":"2026-04-30T11:46:09+00:00","author":{"@id":"https:\/\/radiociutat.com\/es\/#\/schema\/person\/daeecbc4942e3432e8d8b8663bf7d714"},"breadcrumb":{"@id":"https:\/\/radiociutat.com\/es\/tarragona-daily-radio-ciutat-de-tarragona\/tarragona-daily-el-ayuntamiento-de-tarragona-presenta-la-reestructuracion-definitiva-de-las-lineas-de-autobus\/#breadcrumb"},"inLanguage":"es","potentialAction":[{"@type":"ReadAction","target":["https:\/\/radiociutat.com\/es\/tarragona-daily-radio-ciutat-de-tarragona\/tarragona-daily-el-ayuntamiento-de-tarragona-presenta-la-reestructuracion-definitiva-de-las-lineas-de-autobus\/"]}]},{"@type":"ImageObject","inLanguage":"es","@id":"https:\/\/radiociutat.com\/es\/tarragona-daily-radio-ciutat-de-tarragona\/tarragona-daily-el-ayuntamiento-de-tarragona-presenta-la-reestructuracion-definitiva-de-las-lineas-de-autobus\/#primaryimage","url":"https:\/\/files.radiociutat.com\/rctgn\/wp-content\/uploads\/2025\/12\/EMT--scaled-e1766566968298.jpg","contentUrl":"https:\/\/files.radiociutat.com\/rctgn\/wp-content\/uploads\/2025\/12\/EMT--scaled-e1766566968298.jpg","width":2560,"height":1706},{"@type":"BreadcrumbList","@id":"https:\/\/radiociutat.com\/es\/tarragona-daily-radio-ciutat-de-tarragona\/tarragona-daily-el-ayuntamiento-de-tarragona-presenta-la-reestructuracion-definitiva-de-las-lineas-de-autobus\/#breadcrumb","itemListElement":[{"@type":"ListItem","position":1,"name":"Inici","item":"https:\/\/radiociutat.com\/es\/"},{"@type":"ListItem","position":2,"name":"Tarragona Daily | El Ayuntamiento de Tarragona presenta la reestructuraci\u00f3n definitiva de las l\u00edneas de autob\u00fas"}]},{"@type":"WebSite","@id":"https:\/\/radiociutat.com\/es\/#website","url":"https:\/\/radiociutat.com\/es\/","name":"R\u00e0dio Ciutat de Tarragona","description":"R\u00e0dio Ciutat de Tarragona - RCTgn.cat R\u00e0dio Online","potentialAction":[{"@type":"SearchAction","target":{"@type":"EntryPoint","urlTemplate":"https:\/\/radiociutat.com\/es\/?s={search_term_string}"},"query-input":{"@type":"PropertyValueSpecification","valueRequired":true,"valueName":"search_term_string"}}],"inLanguage":"es"},{"@type":"Person","@id":"https:\/\/radiociutat.com\/es\/#\/schema\/person\/daeecbc4942e3432e8d8b8663bf7d714","name":"Adri\u00e0 Duch","sameAs":["https:\/\/radiociutat.com\/wp-content\/uploads\/2024\/02\/ADRIA-DUCH.png"],"url":"https:\/\/radiociutat.com\/es\/author\/adria-duch\/"}]}},"_links":{"self":[{"href":"https:\/\/radiociutat.com\/es\/wp-json\/wp\/v2\/posts\/379128","targetHints":{"allow":["GET"]}}],"collection":[{"href":"https:\/\/radiociutat.com\/es\/wp-json\/wp\/v2\/posts"}],"about":[{"href":"https:\/\/radiociutat.com\/es\/wp-json\/wp\/v2\/types\/post"}],"author":[{"embeddable":true,"href":"https:\/\/radiociutat.com\/es\/wp-json\/wp\/v2\/users\/84"}],"replies":[{"embeddable":true,"href":"https:\/\/radiociutat.com\/es\/wp-json\/wp\/v2\/comments?post=379128"}],"version-history":[{"count":0,"href":"https:\/\/radiociutat.com\/es\/wp-json\/wp\/v2\/posts\/379128\/revisions"}],"wp:featuredmedia":[{"embeddable":true,"href":"https:\/\/radiociutat.com\/es\/wp-json\/wp\/v2\/media\/233138"}],"wp:attachment":[{"href":"https:\/\/radiociutat.com\/es\/wp-json\/wp\/v2\/media?parent=379128"}],"wp:term":[{"taxonomy":"category","embeddable":true,"href":"https:\/\/radiociutat.com\/es\/wp-json\/wp\/v2\/categories?post=379128"},{"taxonomy":"post_tag","embeddable":true,"href":"https:\/\/radiociutat.com\/es\/wp-json\/wp\/v2\/tags?post=379128"}],"curies":[{"name":"wp","href":"https:\/\/api.w.org\/{rel}","templated":true}]}}