{"id":379115,"date":"2026-04-30T13:13:09","date_gmt":"2026-04-30T11:13:09","guid":{"rendered":"https:\/\/radiociutat.com\/programes-podcast\/finaliza-la-conexion-de-abastecimiento-de-agua-entre-los-sectores-pp9-y-pp10-en-campclar\/"},"modified":"2026-04-30T13:13:09","modified_gmt":"2026-04-30T11:13:09","slug":"finaliza-la-conexion-de-abastecimiento-de-agua-entre-los-sectores-pp9-y-pp10-en-campclar","status":"publish","type":"post","link":"https:\/\/radiociutat.com\/es\/ultimas-noticias\/cronicas\/finaliza-la-conexion-de-abastecimiento-de-agua-entre-los-sectores-pp9-y-pp10-en-campclar\/","title":{"rendered":"Finaliza la conexi\u00f3n de abastecimiento de agua entre los sectores PP9 y PP10 en Campclar"},"content":{"rendered":"\n<p>La Empresa Municipal Mixta de Aguas de Tarragona, Ematsa, ha finalizado las obras para la instalaci\u00f3n de la nueva tuber\u00eda de transporte de abastecimiento de agua que conecta el Pol\u00edgono PP9 con el nuevo sector PP10 en Campclar. Los trabajos han tenido una duraci\u00f3n de seis meses y un presupuesto de 950.000 \u20ac.<\/p>\n\n\n\n<p>La nueva tuber\u00eda, de di\u00e1metro 400 mm y unos 800 m de longitud, discurre desde el Pol\u00edgono PP9, pasando por el lado del campo de f\u00fatbol de la Floresta, atravesando por debajo la carretera T-11 y conectando a ambos lados de la calle Riu Siurana con la red existente en la rambla de Ponent y con el sector PP10. <\/p>\n\n\n\n<p>De esta manera ya es una realidad la conectividad entre los dos sectores principales del sistema de abastecimiento de la ciudad, Tarragona centro y Ponent, dotando al sistema de m\u00e1s robustez ante posibles episodios de falta de disponibilidad de agua. <\/p>\n\n\n\n<p>Asimismo, asegurar\u00e1 el suministro a los nuevos desarrollos urban\u00edsticos de Campclar y dotar\u00e1 al territorio de la infraestructura hidr\u00e1ulica necesaria para afrontar el crecimiento futuro.<\/p>\n","protected":false},"excerpt":{"rendered":"<p>La Empresa Municipal Mixta de Aguas de Tarragona, Ematsa, ha finalizado las obras para la instalaci\u00f3n de la nueva tuber\u00eda de transporte de abastecimiento de agua que conecta el Pol\u00edgono PP9 con el nuevo sector PP10 en Campclar. Los trabajos han tenido una duraci\u00f3n de seis meses y un presupuesto de 950.000 \u20ac. La nueva [&hellip;]<\/p>\n","protected":false},"author":1,"featured_media":379112,"comment_status":"closed","ping_status":"closed","sticky":false,"template":"","format":"standard","meta":{"footnotes":""},"categories":[13688],"tags":[],"class_list":["post-379115","post","type-post","status-publish","format-standard","has-post-thumbnail","hentry","category-cronicas"],"yoast_head":"<!-- This site is optimized with the Yoast SEO Premium plugin v27.4 (Yoast SEO v27.5) - https:\/\/yoast.com\/product\/yoast-seo-premium-wordpress\/ -->\n<title>Finaliza la conexi\u00f3n de abastecimiento de agua entre los sectores PP9 y PP10 en Campclar - R\u00e0dio Ciutat de Tarragona<\/title>\n<meta name=\"robots\" content=\"index, follow, max-snippet:-1, max-image-preview:large, max-video-preview:-1\" \/>\n<link rel=\"canonical\" href=\"https:\/\/radiociutat.com\/es\/ultimas-noticias\/cronicas\/finaliza-la-conexion-de-abastecimiento-de-agua-entre-los-sectores-pp9-y-pp10-en-campclar\/\" \/>\n<meta property=\"og:locale\" content=\"es_ES\" \/>\n<meta property=\"og:type\" content=\"article\" \/>\n<meta property=\"og:title\" content=\"Finaliza la conexi\u00f3n de abastecimiento de agua entre los sectores PP9 y PP10 en Campclar\" \/>\n<meta property=\"og:description\" content=\"La Empresa Municipal Mixta de Aguas de Tarragona, Ematsa, ha finalizado las obras para la instalaci\u00f3n de la nueva tuber\u00eda de transporte de abastecimiento de agua que conecta el Pol\u00edgono PP9 con el nuevo sector PP10 en Campclar. Los trabajos han tenido una duraci\u00f3n de seis meses y un presupuesto de 950.000 \u20ac. La nueva [&hellip;]\" \/>\n<meta property=\"og:url\" content=\"https:\/\/radiociutat.com\/es\/ultimas-noticias\/cronicas\/finaliza-la-conexion-de-abastecimiento-de-agua-entre-los-sectores-pp9-y-pp10-en-campclar\/\" \/>\n<meta property=\"og:site_name\" content=\"R\u00e0dio Ciutat de Tarragona\" \/>\n<meta property=\"article:publisher\" content=\"https:\/\/www.facebook.com\/rctgn\" \/>\n<meta property=\"article:published_time\" content=\"2026-04-30T11:13:09+00:00\" \/>\n<meta property=\"og:image\" content=\"https:\/\/files.radiociutat.com\/rctgn\/wp-content\/uploads\/2021\/03\/LOGO-RCTGN-RADIO-CIUTAT-DE-TARRAGONA-TRANSPARENTE-TARRAGONA-2020-3000X3000-Redes1-copia.png\" \/>\n\t<meta property=\"og:image:width\" content=\"3000\" \/>\n\t<meta property=\"og:image:height\" content=\"3000\" \/>\n\t<meta property=\"og:image:type\" content=\"image\/png\" \/>\n<meta name=\"author\" content=\"Redacci\u00f3\" \/>\n<meta name=\"twitter:card\" content=\"summary_large_image\" \/>\n<meta name=\"twitter:creator\" content=\"@RCTgn\" \/>\n<meta name=\"twitter:site\" content=\"@RCTgn\" \/>\n<meta name=\"twitter:label1\" content=\"Escrito por\" \/>\n\t<meta name=\"twitter:data1\" content=\"Redacci\u00f3\" \/>\n\t<meta name=\"twitter:label2\" content=\"Tiempo de lectura\" \/>\n\t<meta name=\"twitter:data2\" content=\"1 minuto\" \/>\n<script type=\"application\/ld+json\" class=\"yoast-schema-graph\">{\"@context\":\"https:\\\/\\\/schema.org\",\"@graph\":[{\"@type\":\"Article\",\"@id\":\"https:\\\/\\\/radiociutat.com\\\/es\\\/ultimas-noticias\\\/cronicas\\\/finaliza-la-conexion-de-abastecimiento-de-agua-entre-los-sectores-pp9-y-pp10-en-campclar\\\/#article\",\"isPartOf\":{\"@id\":\"https:\\\/\\\/radiociutat.com\\\/es\\\/ultimas-noticias\\\/cronicas\\\/finaliza-la-conexion-de-abastecimiento-de-agua-entre-los-sectores-pp9-y-pp10-en-campclar\\\/\"},\"author\":{\"name\":\"Redacci\u00f3\",\"@id\":\"https:\\\/\\\/radiociutat.com\\\/es\\\/#\\\/schema\\\/person\\\/04b6638f9d2a9ea77408db76c5d8f0b5\"},\"headline\":\"Finaliza la conexi\u00f3n de abastecimiento de agua entre los sectores PP9 y PP10 en Campclar\",\"datePublished\":\"2026-04-30T11:13:09+00:00\",\"mainEntityOfPage\":{\"@id\":\"https:\\\/\\\/radiociutat.com\\\/es\\\/ultimas-noticias\\\/cronicas\\\/finaliza-la-conexion-de-abastecimiento-de-agua-entre-los-sectores-pp9-y-pp10-en-campclar\\\/\"},\"wordCount\":200,\"image\":{\"@id\":\"https:\\\/\\\/radiociutat.com\\\/es\\\/ultimas-noticias\\\/cronicas\\\/finaliza-la-conexion-de-abastecimiento-de-agua-entre-los-sectores-pp9-y-pp10-en-campclar\\\/#primaryimage\"},\"thumbnailUrl\":\"https:\\\/\\\/files.radiociutat.com\\\/rctgn\\\/wp-content\\\/uploads\\\/2026\\\/04\\\/obra-campclar-canonada-aigua-ematsa-scaled-e1777547421300.jpg\",\"articleSection\":[\"Cr\u00f3nicas\"],\"inLanguage\":\"es\"},{\"@type\":\"WebPage\",\"@id\":\"https:\\\/\\\/radiociutat.com\\\/es\\\/ultimas-noticias\\\/cronicas\\\/finaliza-la-conexion-de-abastecimiento-de-agua-entre-los-sectores-pp9-y-pp10-en-campclar\\\/\",\"url\":\"https:\\\/\\\/radiociutat.com\\\/es\\\/ultimas-noticias\\\/cronicas\\\/finaliza-la-conexion-de-abastecimiento-de-agua-entre-los-sectores-pp9-y-pp10-en-campclar\\\/\",\"name\":\"Finaliza la conexi\u00f3n de abastecimiento de agua entre los sectores PP9 y PP10 en Campclar - R\u00e0dio Ciutat de Tarragona\",\"isPartOf\":{\"@id\":\"https:\\\/\\\/radiociutat.com\\\/es\\\/#website\"},\"primaryImageOfPage\":{\"@id\":\"https:\\\/\\\/radiociutat.com\\\/es\\\/ultimas-noticias\\\/cronicas\\\/finaliza-la-conexion-de-abastecimiento-de-agua-entre-los-sectores-pp9-y-pp10-en-campclar\\\/#primaryimage\"},\"image\":{\"@id\":\"https:\\\/\\\/radiociutat.com\\\/es\\\/ultimas-noticias\\\/cronicas\\\/finaliza-la-conexion-de-abastecimiento-de-agua-entre-los-sectores-pp9-y-pp10-en-campclar\\\/#primaryimage\"},\"thumbnailUrl\":\"https:\\\/\\\/files.radiociutat.com\\\/rctgn\\\/wp-content\\\/uploads\\\/2026\\\/04\\\/obra-campclar-canonada-aigua-ematsa-scaled-e1777547421300.jpg\",\"datePublished\":\"2026-04-30T11:13:09+00:00\",\"author\":{\"@id\":\"https:\\\/\\\/radiociutat.com\\\/es\\\/#\\\/schema\\\/person\\\/04b6638f9d2a9ea77408db76c5d8f0b5\"},\"breadcrumb\":{\"@id\":\"https:\\\/\\\/radiociutat.com\\\/es\\\/ultimas-noticias\\\/cronicas\\\/finaliza-la-conexion-de-abastecimiento-de-agua-entre-los-sectores-pp9-y-pp10-en-campclar\\\/#breadcrumb\"},\"inLanguage\":\"es\",\"potentialAction\":[{\"@type\":\"ReadAction\",\"target\":[\"https:\\\/\\\/radiociutat.com\\\/es\\\/ultimas-noticias\\\/cronicas\\\/finaliza-la-conexion-de-abastecimiento-de-agua-entre-los-sectores-pp9-y-pp10-en-campclar\\\/\"]}]},{\"@type\":\"ImageObject\",\"inLanguage\":\"es\",\"@id\":\"https:\\\/\\\/radiociutat.com\\\/es\\\/ultimas-noticias\\\/cronicas\\\/finaliza-la-conexion-de-abastecimiento-de-agua-entre-los-sectores-pp9-y-pp10-en-campclar\\\/#primaryimage\",\"url\":\"https:\\\/\\\/files.radiociutat.com\\\/rctgn\\\/wp-content\\\/uploads\\\/2026\\\/04\\\/obra-campclar-canonada-aigua-ematsa-scaled-e1777547421300.jpg\",\"contentUrl\":\"https:\\\/\\\/files.radiociutat.com\\\/rctgn\\\/wp-content\\\/uploads\\\/2026\\\/04\\\/obra-campclar-canonada-aigua-ematsa-scaled-e1777547421300.jpg\",\"width\":1920,\"height\":2560},{\"@type\":\"BreadcrumbList\",\"@id\":\"https:\\\/\\\/radiociutat.com\\\/es\\\/ultimas-noticias\\\/cronicas\\\/finaliza-la-conexion-de-abastecimiento-de-agua-entre-los-sectores-pp9-y-pp10-en-campclar\\\/#breadcrumb\",\"itemListElement\":[{\"@type\":\"ListItem\",\"position\":1,\"name\":\"Inici\",\"item\":\"https:\\\/\\\/radiociutat.com\\\/es\\\/\"},{\"@type\":\"ListItem\",\"position\":2,\"name\":\"Finaliza la conexi\u00f3n de abastecimiento de agua entre los sectores PP9 y PP10 en Campclar\"}]},{\"@type\":\"WebSite\",\"@id\":\"https:\\\/\\\/radiociutat.com\\\/es\\\/#website\",\"url\":\"https:\\\/\\\/radiociutat.com\\\/es\\\/\",\"name\":\"R\u00e0dio Ciutat de Tarragona\",\"description\":\"R\u00e0dio Ciutat de Tarragona - RCTgn.cat R\u00e0dio Online\",\"potentialAction\":[{\"@type\":\"SearchAction\",\"target\":{\"@type\":\"EntryPoint\",\"urlTemplate\":\"https:\\\/\\\/radiociutat.com\\\/es\\\/?s={search_term_string}\"},\"query-input\":{\"@type\":\"PropertyValueSpecification\",\"valueRequired\":true,\"valueName\":\"search_term_string\"}}],\"inLanguage\":\"es\"},{\"@type\":\"Person\",\"@id\":\"https:\\\/\\\/radiociutat.com\\\/es\\\/#\\\/schema\\\/person\\\/04b6638f9d2a9ea77408db76c5d8f0b5\",\"name\":\"Redacci\u00f3\",\"sameAs\":[\"https:\\\/\\\/radiociutat.com\\\/wp-content\\\/uploads\\\/2023\\\/09\\\/LOGO-RCTGN-CUADRAT.png\"],\"url\":\"https:\\\/\\\/radiociutat.com\\\/es\\\/author\\\/jespinosa\\\/\"}]}<\/script>\n<!-- \/ Yoast SEO Premium plugin. -->","yoast_head_json":{"title":"Finaliza la conexi\u00f3n de abastecimiento de agua entre los sectores PP9 y PP10 en Campclar - R\u00e0dio Ciutat de Tarragona","robots":{"index":"index","follow":"follow","max-snippet":"max-snippet:-1","max-image-preview":"max-image-preview:large","max-video-preview":"max-video-preview:-1"},"canonical":"https:\/\/radiociutat.com\/es\/ultimas-noticias\/cronicas\/finaliza-la-conexion-de-abastecimiento-de-agua-entre-los-sectores-pp9-y-pp10-en-campclar\/","og_locale":"es_ES","og_type":"article","og_title":"Finaliza la conexi\u00f3n de abastecimiento de agua entre los sectores PP9 y PP10 en Campclar","og_description":"La Empresa Municipal Mixta de Aguas de Tarragona, Ematsa, ha finalizado las obras para la instalaci\u00f3n de la nueva tuber\u00eda de transporte de abastecimiento de agua que conecta el Pol\u00edgono PP9 con el nuevo sector PP10 en Campclar. Los trabajos han tenido una duraci\u00f3n de seis meses y un presupuesto de 950.000 \u20ac. La nueva [&hellip;]","og_url":"https:\/\/radiociutat.com\/es\/ultimas-noticias\/cronicas\/finaliza-la-conexion-de-abastecimiento-de-agua-entre-los-sectores-pp9-y-pp10-en-campclar\/","og_site_name":"R\u00e0dio Ciutat de Tarragona","article_publisher":"https:\/\/www.facebook.com\/rctgn","article_published_time":"2026-04-30T11:13:09+00:00","og_image":[{"width":3000,"height":3000,"url":"https:\/\/files.radiociutat.com\/rctgn\/wp-content\/uploads\/2021\/03\/LOGO-RCTGN-RADIO-CIUTAT-DE-TARRAGONA-TRANSPARENTE-TARRAGONA-2020-3000X3000-Redes1-copia.png","type":"image\/png"}],"author":"Redacci\u00f3","twitter_card":"summary_large_image","twitter_creator":"@RCTgn","twitter_site":"@RCTgn","twitter_misc":{"Escrito por":"Redacci\u00f3","Tiempo de lectura":"1 minuto"},"schema":{"@context":"https:\/\/schema.org","@graph":[{"@type":"Article","@id":"https:\/\/radiociutat.com\/es\/ultimas-noticias\/cronicas\/finaliza-la-conexion-de-abastecimiento-de-agua-entre-los-sectores-pp9-y-pp10-en-campclar\/#article","isPartOf":{"@id":"https:\/\/radiociutat.com\/es\/ultimas-noticias\/cronicas\/finaliza-la-conexion-de-abastecimiento-de-agua-entre-los-sectores-pp9-y-pp10-en-campclar\/"},"author":{"name":"Redacci\u00f3","@id":"https:\/\/radiociutat.com\/es\/#\/schema\/person\/04b6638f9d2a9ea77408db76c5d8f0b5"},"headline":"Finaliza la conexi\u00f3n de abastecimiento de agua entre los sectores PP9 y PP10 en Campclar","datePublished":"2026-04-30T11:13:09+00:00","mainEntityOfPage":{"@id":"https:\/\/radiociutat.com\/es\/ultimas-noticias\/cronicas\/finaliza-la-conexion-de-abastecimiento-de-agua-entre-los-sectores-pp9-y-pp10-en-campclar\/"},"wordCount":200,"image":{"@id":"https:\/\/radiociutat.com\/es\/ultimas-noticias\/cronicas\/finaliza-la-conexion-de-abastecimiento-de-agua-entre-los-sectores-pp9-y-pp10-en-campclar\/#primaryimage"},"thumbnailUrl":"https:\/\/files.radiociutat.com\/rctgn\/wp-content\/uploads\/2026\/04\/obra-campclar-canonada-aigua-ematsa-scaled-e1777547421300.jpg","articleSection":["Cr\u00f3nicas"],"inLanguage":"es"},{"@type":"WebPage","@id":"https:\/\/radiociutat.com\/es\/ultimas-noticias\/cronicas\/finaliza-la-conexion-de-abastecimiento-de-agua-entre-los-sectores-pp9-y-pp10-en-campclar\/","url":"https:\/\/radiociutat.com\/es\/ultimas-noticias\/cronicas\/finaliza-la-conexion-de-abastecimiento-de-agua-entre-los-sectores-pp9-y-pp10-en-campclar\/","name":"Finaliza la conexi\u00f3n de abastecimiento de agua entre los sectores PP9 y PP10 en Campclar - R\u00e0dio Ciutat de Tarragona","isPartOf":{"@id":"https:\/\/radiociutat.com\/es\/#website"},"primaryImageOfPage":{"@id":"https:\/\/radiociutat.com\/es\/ultimas-noticias\/cronicas\/finaliza-la-conexion-de-abastecimiento-de-agua-entre-los-sectores-pp9-y-pp10-en-campclar\/#primaryimage"},"image":{"@id":"https:\/\/radiociutat.com\/es\/ultimas-noticias\/cronicas\/finaliza-la-conexion-de-abastecimiento-de-agua-entre-los-sectores-pp9-y-pp10-en-campclar\/#primaryimage"},"thumbnailUrl":"https:\/\/files.radiociutat.com\/rctgn\/wp-content\/uploads\/2026\/04\/obra-campclar-canonada-aigua-ematsa-scaled-e1777547421300.jpg","datePublished":"2026-04-30T11:13:09+00:00","author":{"@id":"https:\/\/radiociutat.com\/es\/#\/schema\/person\/04b6638f9d2a9ea77408db76c5d8f0b5"},"breadcrumb":{"@id":"https:\/\/radiociutat.com\/es\/ultimas-noticias\/cronicas\/finaliza-la-conexion-de-abastecimiento-de-agua-entre-los-sectores-pp9-y-pp10-en-campclar\/#breadcrumb"},"inLanguage":"es","potentialAction":[{"@type":"ReadAction","target":["https:\/\/radiociutat.com\/es\/ultimas-noticias\/cronicas\/finaliza-la-conexion-de-abastecimiento-de-agua-entre-los-sectores-pp9-y-pp10-en-campclar\/"]}]},{"@type":"ImageObject","inLanguage":"es","@id":"https:\/\/radiociutat.com\/es\/ultimas-noticias\/cronicas\/finaliza-la-conexion-de-abastecimiento-de-agua-entre-los-sectores-pp9-y-pp10-en-campclar\/#primaryimage","url":"https:\/\/files.radiociutat.com\/rctgn\/wp-content\/uploads\/2026\/04\/obra-campclar-canonada-aigua-ematsa-scaled-e1777547421300.jpg","contentUrl":"https:\/\/files.radiociutat.com\/rctgn\/wp-content\/uploads\/2026\/04\/obra-campclar-canonada-aigua-ematsa-scaled-e1777547421300.jpg","width":1920,"height":2560},{"@type":"BreadcrumbList","@id":"https:\/\/radiociutat.com\/es\/ultimas-noticias\/cronicas\/finaliza-la-conexion-de-abastecimiento-de-agua-entre-los-sectores-pp9-y-pp10-en-campclar\/#breadcrumb","itemListElement":[{"@type":"ListItem","position":1,"name":"Inici","item":"https:\/\/radiociutat.com\/es\/"},{"@type":"ListItem","position":2,"name":"Finaliza la conexi\u00f3n de abastecimiento de agua entre los sectores PP9 y PP10 en Campclar"}]},{"@type":"WebSite","@id":"https:\/\/radiociutat.com\/es\/#website","url":"https:\/\/radiociutat.com\/es\/","name":"R\u00e0dio Ciutat de Tarragona","description":"R\u00e0dio Ciutat de Tarragona - RCTgn.cat R\u00e0dio Online","potentialAction":[{"@type":"SearchAction","target":{"@type":"EntryPoint","urlTemplate":"https:\/\/radiociutat.com\/es\/?s={search_term_string}"},"query-input":{"@type":"PropertyValueSpecification","valueRequired":true,"valueName":"search_term_string"}}],"inLanguage":"es"},{"@type":"Person","@id":"https:\/\/radiociutat.com\/es\/#\/schema\/person\/04b6638f9d2a9ea77408db76c5d8f0b5","name":"Redacci\u00f3","sameAs":["https:\/\/radiociutat.com\/wp-content\/uploads\/2023\/09\/LOGO-RCTGN-CUADRAT.png"],"url":"https:\/\/radiociutat.com\/es\/author\/jespinosa\/"}]}},"_links":{"self":[{"href":"https:\/\/radiociutat.com\/es\/wp-json\/wp\/v2\/posts\/379115","targetHints":{"allow":["GET"]}}],"collection":[{"href":"https:\/\/radiociutat.com\/es\/wp-json\/wp\/v2\/posts"}],"about":[{"href":"https:\/\/radiociutat.com\/es\/wp-json\/wp\/v2\/types\/post"}],"author":[{"embeddable":true,"href":"https:\/\/radiociutat.com\/es\/wp-json\/wp\/v2\/users\/1"}],"replies":[{"embeddable":true,"href":"https:\/\/radiociutat.com\/es\/wp-json\/wp\/v2\/comments?post=379115"}],"version-history":[{"count":0,"href":"https:\/\/radiociutat.com\/es\/wp-json\/wp\/v2\/posts\/379115\/revisions"}],"wp:featuredmedia":[{"embeddable":true,"href":"https:\/\/radiociutat.com\/es\/wp-json\/wp\/v2\/media\/379112"}],"wp:attachment":[{"href":"https:\/\/radiociutat.com\/es\/wp-json\/wp\/v2\/media?parent=379115"}],"wp:term":[{"taxonomy":"category","embeddable":true,"href":"https:\/\/radiociutat.com\/es\/wp-json\/wp\/v2\/categories?post=379115"},{"taxonomy":"post_tag","embeddable":true,"href":"https:\/\/radiociutat.com\/es\/wp-json\/wp\/v2\/tags?post=379115"}],"curies":[{"name":"wp","href":"https:\/\/api.w.org\/{rel}","templated":true}]}}