{"id":379103,"date":"2026-04-30T13:04:45","date_gmt":"2026-04-30T11:04:45","guid":{"rendered":"https:\/\/radiociutat.com\/programes-podcast\/la-furgo-la-feria-de-abril-llena-bonavista-de-ritmo-y-color\/"},"modified":"2026-04-30T13:04:45","modified_gmt":"2026-04-30T11:04:45","slug":"la-furgo-la-feria-de-abril-llena-bonavista-de-ritmo-y-color","status":"publish","type":"post","link":"https:\/\/radiociutat.com\/es\/carrer-major-tarragona-secciones\/carrermajor-la-furgo\/la-furgo-la-feria-de-abril-llena-bonavista-de-ritmo-y-color\/","title":{"rendered":"La Furgo | La Feria de Abril llena Bonavista de ritmo y color"},"content":{"rendered":"\n<p>Hoy en La Furgo de #CarrerMajor nos trasladamos hasta Bonavista para vivir de primera mano una de las citas m\u00e1s festivas y esperadas del calendario: la Feria de Abril de Tarragona. Con el ambiente ya a punto y los \u00faltimos preparativos en marcha, hemos hablado con la concejala Montse Adan para conocer todas las novedades de una edici\u00f3n que llega cargada de m\u00fasica, cultura y muchas ganas de pasarlo bien.<\/p>\n\n\n\n<p>La feria, que se inaugura esta misma tarde, suma ya 32 ediciones y se consolida como un evento clave para la ciudad. Este a\u00f1o, a pesar de contar con un d\u00eda menos, llega con una programaci\u00f3n m\u00e1s intensa, con una apuesta clara por la actividad cultural y los espect\u00e1culos. En total, participan siete entidades que dan vida a 15 casetas, donde no faltar\u00e1n la gastronom\u00eda, el baile y la m\u00fasica en directo.<\/p>\n\n\n\n<p>Uno de los puntos fuertes vuelve a ser la combinaci\u00f3n con la Feria de Atracciones, pensada para todos los p\u00fablicos y especialmente para las familias. Adem\u00e1s, el escenario central se consolida como eje de la programaci\u00f3n, con actuaciones durante todo el d\u00eda y con la participaci\u00f3n destacada de escuelas de danza del territorio, que tendr\u00e1n la oportunidad de mostrar su talento.<\/p>\n\n\n\n<p>Entre las novedades de este a\u00f1o destaca el cambio de ubicaci\u00f3n de algunas actividades, como la doma, as\u00ed como la incorporaci\u00f3n de espect\u00e1culos familiares para ampliar todav\u00eda m\u00e1s la oferta. Todo ello con un objetivo claro: hacer de la Feria de Abril un espacio abierto, inclusivo y para todas las edades.<\/p>\n\n\n\n<p>Desde la organizaci\u00f3n se pone en valor el papel fundamental de las entidades, aut\u00e9nticas protagonistas de una fiesta que a\u00f1o tras a\u00f1o contin\u00faa creciendo. Una invitaci\u00f3n abierta a toda la ciudadan\u00eda para disfrutar, compartir y dejarse llevar por la alegr\u00eda y el ritmo de una feria que ya es parte de la identidad festiva de Tarragona.<\/p>\n","protected":false},"excerpt":{"rendered":"<p>Hoy en La Furgo de #CarrerMajor nos trasladamos hasta Bonavista para vivir de primera mano una de las citas m\u00e1s festivas y esperadas del calendario: la Feria de Abril de Tarragona. Con el ambiente ya a punto y los \u00faltimos preparativos en marcha, hemos hablado con la concejala Montse Adan para conocer todas las novedades [&hellip;]<\/p>\n","protected":false},"author":84,"featured_media":379102,"comment_status":"closed","ping_status":"closed","sticky":false,"template":"","format":"video","meta":{"footnotes":""},"categories":[13711],"tags":[13712,19],"class_list":["post-379103","post","type-post","status-publish","format-video","has-post-thumbnail","hentry","category-carrermajor-la-furgo","tag-la-furgo-2","tag-tarragona","post_format-post-format-video"],"yoast_head":"<!-- This site is optimized with the Yoast SEO Premium plugin v27.4 (Yoast SEO v27.5) - https:\/\/yoast.com\/product\/yoast-seo-premium-wordpress\/ -->\n<title>La Furgo | La Feria de Abril llena Bonavista de ritmo y color - R\u00e0dio Ciutat de Tarragona<\/title>\n<meta name=\"robots\" content=\"index, follow, max-snippet:-1, max-image-preview:large, max-video-preview:-1\" \/>\n<link rel=\"canonical\" href=\"https:\/\/radiociutat.com\/es\/carrer-major-tarragona-secciones\/carrermajor-la-furgo\/la-furgo-la-feria-de-abril-llena-bonavista-de-ritmo-y-color\/\" \/>\n<meta property=\"og:locale\" content=\"es_ES\" \/>\n<meta property=\"og:type\" content=\"article\" \/>\n<meta property=\"og:title\" content=\"La Furgo | La Feria de Abril llena Bonavista de ritmo y color\" \/>\n<meta property=\"og:description\" content=\"Hoy en La Furgo de #CarrerMajor nos trasladamos hasta Bonavista para vivir de primera mano una de las citas m\u00e1s festivas y esperadas del calendario: la Feria de Abril de Tarragona. Con el ambiente ya a punto y los \u00faltimos preparativos en marcha, hemos hablado con la concejala Montse Adan para conocer todas las novedades [&hellip;]\" \/>\n<meta property=\"og:url\" content=\"https:\/\/radiociutat.com\/es\/carrer-major-tarragona-secciones\/carrermajor-la-furgo\/la-furgo-la-feria-de-abril-llena-bonavista-de-ritmo-y-color\/\" \/>\n<meta property=\"og:site_name\" content=\"R\u00e0dio Ciutat de Tarragona\" \/>\n<meta property=\"article:publisher\" content=\"https:\/\/www.facebook.com\/rctgn\" \/>\n<meta property=\"article:published_time\" content=\"2026-04-30T11:04:45+00:00\" \/>\n<meta property=\"og:image\" content=\"https:\/\/files.radiociutat.com\/rctgn\/wp-content\/uploads\/2026\/04\/maxresdefault.jpg\" \/>\n\t<meta property=\"og:image:width\" content=\"1280\" \/>\n\t<meta property=\"og:image:height\" content=\"720\" \/>\n\t<meta property=\"og:image:type\" content=\"image\/jpeg\" \/>\n<meta name=\"author\" content=\"Adri\u00e0 Duch\" \/>\n<meta name=\"twitter:card\" content=\"summary_large_image\" \/>\n<meta name=\"twitter:creator\" content=\"@RCTgn\" \/>\n<meta name=\"twitter:site\" content=\"@RCTgn\" \/>\n<meta name=\"twitter:label1\" content=\"Escrito por\" \/>\n\t<meta name=\"twitter:data1\" content=\"Adri\u00e0 Duch\" \/>\n\t<meta name=\"twitter:label2\" content=\"Tiempo de lectura\" \/>\n\t<meta name=\"twitter:data2\" content=\"2 minutos\" \/>\n<script type=\"application\/ld+json\" class=\"yoast-schema-graph\">{\"@context\":\"https:\\\/\\\/schema.org\",\"@graph\":[{\"@type\":\"Article\",\"@id\":\"https:\\\/\\\/radiociutat.com\\\/es\\\/carrer-major-tarragona-secciones\\\/carrermajor-la-furgo\\\/la-furgo-la-feria-de-abril-llena-bonavista-de-ritmo-y-color\\\/#article\",\"isPartOf\":{\"@id\":\"https:\\\/\\\/radiociutat.com\\\/es\\\/carrer-major-tarragona-secciones\\\/carrermajor-la-furgo\\\/la-furgo-la-feria-de-abril-llena-bonavista-de-ritmo-y-color\\\/\"},\"author\":{\"name\":\"Adri\u00e0 Duch\",\"@id\":\"https:\\\/\\\/radiociutat.com\\\/es\\\/#\\\/schema\\\/person\\\/daeecbc4942e3432e8d8b8663bf7d714\"},\"headline\":\"La Furgo | La Feria de Abril llena Bonavista de ritmo y color\",\"datePublished\":\"2026-04-30T11:04:45+00:00\",\"mainEntityOfPage\":{\"@id\":\"https:\\\/\\\/radiociutat.com\\\/es\\\/carrer-major-tarragona-secciones\\\/carrermajor-la-furgo\\\/la-furgo-la-feria-de-abril-llena-bonavista-de-ritmo-y-color\\\/\"},\"wordCount\":352,\"image\":{\"@id\":\"https:\\\/\\\/radiociutat.com\\\/es\\\/carrer-major-tarragona-secciones\\\/carrermajor-la-furgo\\\/la-furgo-la-feria-de-abril-llena-bonavista-de-ritmo-y-color\\\/#primaryimage\"},\"thumbnailUrl\":\"https:\\\/\\\/files.radiociutat.com\\\/rctgn\\\/wp-content\\\/uploads\\\/2026\\\/04\\\/maxresdefault.jpg\",\"keywords\":[\"La Furgo\",\"Tarragona\"],\"articleSection\":[\"#CarrerMajor La Furgo\"],\"inLanguage\":\"es\"},{\"@type\":\"WebPage\",\"@id\":\"https:\\\/\\\/radiociutat.com\\\/es\\\/carrer-major-tarragona-secciones\\\/carrermajor-la-furgo\\\/la-furgo-la-feria-de-abril-llena-bonavista-de-ritmo-y-color\\\/\",\"url\":\"https:\\\/\\\/radiociutat.com\\\/es\\\/carrer-major-tarragona-secciones\\\/carrermajor-la-furgo\\\/la-furgo-la-feria-de-abril-llena-bonavista-de-ritmo-y-color\\\/\",\"name\":\"La Furgo | La Feria de Abril llena Bonavista de ritmo y color - R\u00e0dio Ciutat de Tarragona\",\"isPartOf\":{\"@id\":\"https:\\\/\\\/radiociutat.com\\\/es\\\/#website\"},\"primaryImageOfPage\":{\"@id\":\"https:\\\/\\\/radiociutat.com\\\/es\\\/carrer-major-tarragona-secciones\\\/carrermajor-la-furgo\\\/la-furgo-la-feria-de-abril-llena-bonavista-de-ritmo-y-color\\\/#primaryimage\"},\"image\":{\"@id\":\"https:\\\/\\\/radiociutat.com\\\/es\\\/carrer-major-tarragona-secciones\\\/carrermajor-la-furgo\\\/la-furgo-la-feria-de-abril-llena-bonavista-de-ritmo-y-color\\\/#primaryimage\"},\"thumbnailUrl\":\"https:\\\/\\\/files.radiociutat.com\\\/rctgn\\\/wp-content\\\/uploads\\\/2026\\\/04\\\/maxresdefault.jpg\",\"datePublished\":\"2026-04-30T11:04:45+00:00\",\"author\":{\"@id\":\"https:\\\/\\\/radiociutat.com\\\/es\\\/#\\\/schema\\\/person\\\/daeecbc4942e3432e8d8b8663bf7d714\"},\"breadcrumb\":{\"@id\":\"https:\\\/\\\/radiociutat.com\\\/es\\\/carrer-major-tarragona-secciones\\\/carrermajor-la-furgo\\\/la-furgo-la-feria-de-abril-llena-bonavista-de-ritmo-y-color\\\/#breadcrumb\"},\"inLanguage\":\"es\",\"potentialAction\":[{\"@type\":\"ReadAction\",\"target\":[\"https:\\\/\\\/radiociutat.com\\\/es\\\/carrer-major-tarragona-secciones\\\/carrermajor-la-furgo\\\/la-furgo-la-feria-de-abril-llena-bonavista-de-ritmo-y-color\\\/\"]}]},{\"@type\":\"ImageObject\",\"inLanguage\":\"es\",\"@id\":\"https:\\\/\\\/radiociutat.com\\\/es\\\/carrer-major-tarragona-secciones\\\/carrermajor-la-furgo\\\/la-furgo-la-feria-de-abril-llena-bonavista-de-ritmo-y-color\\\/#primaryimage\",\"url\":\"https:\\\/\\\/files.radiociutat.com\\\/rctgn\\\/wp-content\\\/uploads\\\/2026\\\/04\\\/maxresdefault.jpg\",\"contentUrl\":\"https:\\\/\\\/files.radiociutat.com\\\/rctgn\\\/wp-content\\\/uploads\\\/2026\\\/04\\\/maxresdefault.jpg\",\"width\":1280,\"height\":720},{\"@type\":\"BreadcrumbList\",\"@id\":\"https:\\\/\\\/radiociutat.com\\\/es\\\/carrer-major-tarragona-secciones\\\/carrermajor-la-furgo\\\/la-furgo-la-feria-de-abril-llena-bonavista-de-ritmo-y-color\\\/#breadcrumb\",\"itemListElement\":[{\"@type\":\"ListItem\",\"position\":1,\"name\":\"Inici\",\"item\":\"https:\\\/\\\/radiociutat.com\\\/es\\\/\"},{\"@type\":\"ListItem\",\"position\":2,\"name\":\"La Furgo | La Feria de Abril llena Bonavista de ritmo y color\"}]},{\"@type\":\"WebSite\",\"@id\":\"https:\\\/\\\/radiociutat.com\\\/es\\\/#website\",\"url\":\"https:\\\/\\\/radiociutat.com\\\/es\\\/\",\"name\":\"R\u00e0dio Ciutat de Tarragona\",\"description\":\"R\u00e0dio Ciutat de Tarragona - RCTgn.cat R\u00e0dio Online\",\"potentialAction\":[{\"@type\":\"SearchAction\",\"target\":{\"@type\":\"EntryPoint\",\"urlTemplate\":\"https:\\\/\\\/radiociutat.com\\\/es\\\/?s={search_term_string}\"},\"query-input\":{\"@type\":\"PropertyValueSpecification\",\"valueRequired\":true,\"valueName\":\"search_term_string\"}}],\"inLanguage\":\"es\"},{\"@type\":\"Person\",\"@id\":\"https:\\\/\\\/radiociutat.com\\\/es\\\/#\\\/schema\\\/person\\\/daeecbc4942e3432e8d8b8663bf7d714\",\"name\":\"Adri\u00e0 Duch\",\"sameAs\":[\"https:\\\/\\\/radiociutat.com\\\/wp-content\\\/uploads\\\/2024\\\/02\\\/ADRIA-DUCH.png\"],\"url\":\"https:\\\/\\\/radiociutat.com\\\/es\\\/author\\\/adria-duch\\\/\"}]}<\/script>\n<!-- \/ Yoast SEO Premium plugin. -->","yoast_head_json":{"title":"La Furgo | La Feria de Abril llena Bonavista de ritmo y color - R\u00e0dio Ciutat de Tarragona","robots":{"index":"index","follow":"follow","max-snippet":"max-snippet:-1","max-image-preview":"max-image-preview:large","max-video-preview":"max-video-preview:-1"},"canonical":"https:\/\/radiociutat.com\/es\/carrer-major-tarragona-secciones\/carrermajor-la-furgo\/la-furgo-la-feria-de-abril-llena-bonavista-de-ritmo-y-color\/","og_locale":"es_ES","og_type":"article","og_title":"La Furgo | La Feria de Abril llena Bonavista de ritmo y color","og_description":"Hoy en La Furgo de #CarrerMajor nos trasladamos hasta Bonavista para vivir de primera mano una de las citas m\u00e1s festivas y esperadas del calendario: la Feria de Abril de Tarragona. Con el ambiente ya a punto y los \u00faltimos preparativos en marcha, hemos hablado con la concejala Montse Adan para conocer todas las novedades [&hellip;]","og_url":"https:\/\/radiociutat.com\/es\/carrer-major-tarragona-secciones\/carrermajor-la-furgo\/la-furgo-la-feria-de-abril-llena-bonavista-de-ritmo-y-color\/","og_site_name":"R\u00e0dio Ciutat de Tarragona","article_publisher":"https:\/\/www.facebook.com\/rctgn","article_published_time":"2026-04-30T11:04:45+00:00","og_image":[{"width":1280,"height":720,"url":"https:\/\/files.radiociutat.com\/rctgn\/wp-content\/uploads\/2026\/04\/maxresdefault.jpg","type":"image\/jpeg"}],"author":"Adri\u00e0 Duch","twitter_card":"summary_large_image","twitter_creator":"@RCTgn","twitter_site":"@RCTgn","twitter_misc":{"Escrito por":"Adri\u00e0 Duch","Tiempo de lectura":"2 minutos"},"schema":{"@context":"https:\/\/schema.org","@graph":[{"@type":"Article","@id":"https:\/\/radiociutat.com\/es\/carrer-major-tarragona-secciones\/carrermajor-la-furgo\/la-furgo-la-feria-de-abril-llena-bonavista-de-ritmo-y-color\/#article","isPartOf":{"@id":"https:\/\/radiociutat.com\/es\/carrer-major-tarragona-secciones\/carrermajor-la-furgo\/la-furgo-la-feria-de-abril-llena-bonavista-de-ritmo-y-color\/"},"author":{"name":"Adri\u00e0 Duch","@id":"https:\/\/radiociutat.com\/es\/#\/schema\/person\/daeecbc4942e3432e8d8b8663bf7d714"},"headline":"La Furgo | La Feria de Abril llena Bonavista de ritmo y color","datePublished":"2026-04-30T11:04:45+00:00","mainEntityOfPage":{"@id":"https:\/\/radiociutat.com\/es\/carrer-major-tarragona-secciones\/carrermajor-la-furgo\/la-furgo-la-feria-de-abril-llena-bonavista-de-ritmo-y-color\/"},"wordCount":352,"image":{"@id":"https:\/\/radiociutat.com\/es\/carrer-major-tarragona-secciones\/carrermajor-la-furgo\/la-furgo-la-feria-de-abril-llena-bonavista-de-ritmo-y-color\/#primaryimage"},"thumbnailUrl":"https:\/\/files.radiociutat.com\/rctgn\/wp-content\/uploads\/2026\/04\/maxresdefault.jpg","keywords":["La Furgo","Tarragona"],"articleSection":["#CarrerMajor La Furgo"],"inLanguage":"es"},{"@type":"WebPage","@id":"https:\/\/radiociutat.com\/es\/carrer-major-tarragona-secciones\/carrermajor-la-furgo\/la-furgo-la-feria-de-abril-llena-bonavista-de-ritmo-y-color\/","url":"https:\/\/radiociutat.com\/es\/carrer-major-tarragona-secciones\/carrermajor-la-furgo\/la-furgo-la-feria-de-abril-llena-bonavista-de-ritmo-y-color\/","name":"La Furgo | La Feria de Abril llena Bonavista de ritmo y color - R\u00e0dio Ciutat de Tarragona","isPartOf":{"@id":"https:\/\/radiociutat.com\/es\/#website"},"primaryImageOfPage":{"@id":"https:\/\/radiociutat.com\/es\/carrer-major-tarragona-secciones\/carrermajor-la-furgo\/la-furgo-la-feria-de-abril-llena-bonavista-de-ritmo-y-color\/#primaryimage"},"image":{"@id":"https:\/\/radiociutat.com\/es\/carrer-major-tarragona-secciones\/carrermajor-la-furgo\/la-furgo-la-feria-de-abril-llena-bonavista-de-ritmo-y-color\/#primaryimage"},"thumbnailUrl":"https:\/\/files.radiociutat.com\/rctgn\/wp-content\/uploads\/2026\/04\/maxresdefault.jpg","datePublished":"2026-04-30T11:04:45+00:00","author":{"@id":"https:\/\/radiociutat.com\/es\/#\/schema\/person\/daeecbc4942e3432e8d8b8663bf7d714"},"breadcrumb":{"@id":"https:\/\/radiociutat.com\/es\/carrer-major-tarragona-secciones\/carrermajor-la-furgo\/la-furgo-la-feria-de-abril-llena-bonavista-de-ritmo-y-color\/#breadcrumb"},"inLanguage":"es","potentialAction":[{"@type":"ReadAction","target":["https:\/\/radiociutat.com\/es\/carrer-major-tarragona-secciones\/carrermajor-la-furgo\/la-furgo-la-feria-de-abril-llena-bonavista-de-ritmo-y-color\/"]}]},{"@type":"ImageObject","inLanguage":"es","@id":"https:\/\/radiociutat.com\/es\/carrer-major-tarragona-secciones\/carrermajor-la-furgo\/la-furgo-la-feria-de-abril-llena-bonavista-de-ritmo-y-color\/#primaryimage","url":"https:\/\/files.radiociutat.com\/rctgn\/wp-content\/uploads\/2026\/04\/maxresdefault.jpg","contentUrl":"https:\/\/files.radiociutat.com\/rctgn\/wp-content\/uploads\/2026\/04\/maxresdefault.jpg","width":1280,"height":720},{"@type":"BreadcrumbList","@id":"https:\/\/radiociutat.com\/es\/carrer-major-tarragona-secciones\/carrermajor-la-furgo\/la-furgo-la-feria-de-abril-llena-bonavista-de-ritmo-y-color\/#breadcrumb","itemListElement":[{"@type":"ListItem","position":1,"name":"Inici","item":"https:\/\/radiociutat.com\/es\/"},{"@type":"ListItem","position":2,"name":"La Furgo | La Feria de Abril llena Bonavista de ritmo y color"}]},{"@type":"WebSite","@id":"https:\/\/radiociutat.com\/es\/#website","url":"https:\/\/radiociutat.com\/es\/","name":"R\u00e0dio Ciutat de Tarragona","description":"R\u00e0dio Ciutat de Tarragona - RCTgn.cat R\u00e0dio Online","potentialAction":[{"@type":"SearchAction","target":{"@type":"EntryPoint","urlTemplate":"https:\/\/radiociutat.com\/es\/?s={search_term_string}"},"query-input":{"@type":"PropertyValueSpecification","valueRequired":true,"valueName":"search_term_string"}}],"inLanguage":"es"},{"@type":"Person","@id":"https:\/\/radiociutat.com\/es\/#\/schema\/person\/daeecbc4942e3432e8d8b8663bf7d714","name":"Adri\u00e0 Duch","sameAs":["https:\/\/radiociutat.com\/wp-content\/uploads\/2024\/02\/ADRIA-DUCH.png"],"url":"https:\/\/radiociutat.com\/es\/author\/adria-duch\/"}]}},"_links":{"self":[{"href":"https:\/\/radiociutat.com\/es\/wp-json\/wp\/v2\/posts\/379103","targetHints":{"allow":["GET"]}}],"collection":[{"href":"https:\/\/radiociutat.com\/es\/wp-json\/wp\/v2\/posts"}],"about":[{"href":"https:\/\/radiociutat.com\/es\/wp-json\/wp\/v2\/types\/post"}],"author":[{"embeddable":true,"href":"https:\/\/radiociutat.com\/es\/wp-json\/wp\/v2\/users\/84"}],"replies":[{"embeddable":true,"href":"https:\/\/radiociutat.com\/es\/wp-json\/wp\/v2\/comments?post=379103"}],"version-history":[{"count":0,"href":"https:\/\/radiociutat.com\/es\/wp-json\/wp\/v2\/posts\/379103\/revisions"}],"wp:featuredmedia":[{"embeddable":true,"href":"https:\/\/radiociutat.com\/es\/wp-json\/wp\/v2\/media\/379102"}],"wp:attachment":[{"href":"https:\/\/radiociutat.com\/es\/wp-json\/wp\/v2\/media?parent=379103"}],"wp:term":[{"taxonomy":"category","embeddable":true,"href":"https:\/\/radiociutat.com\/es\/wp-json\/wp\/v2\/categories?post=379103"},{"taxonomy":"post_tag","embeddable":true,"href":"https:\/\/radiociutat.com\/es\/wp-json\/wp\/v2\/tags?post=379103"}],"curies":[{"name":"wp","href":"https:\/\/api.w.org\/{rel}","templated":true}]}}