{"id":379088,"date":"2026-04-30T12:54:43","date_gmt":"2026-04-30T10:54:43","guid":{"rendered":"https:\/\/radiociutat.com\/programes-podcast\/rodalies-volvera-a-ser-de-pago-a-partir-del-9-de-mayo\/"},"modified":"2026-04-30T12:54:43","modified_gmt":"2026-04-30T10:54:43","slug":"rodalies-volvera-a-ser-de-pago-a-partir-del-9-de-mayo","status":"publish","type":"post","link":"https:\/\/radiociutat.com\/es\/ultimas-noticias\/cronicas\/rodalies-volvera-a-ser-de-pago-a-partir-del-9-de-mayo\/","title":{"rendered":"Rodalies volver\u00e1 a ser de pago a partir del 9 de mayo"},"content":{"rendered":"\n<p>Rodalies volver\u00e1 a ser de pago a partir del pr\u00f3ximo s\u00e1bado 9 de mayo. As\u00ed lo ha anunciado este jueves la consejera de Territorio, S\u00edlvia Paneque, durante una visita a las obras del t\u00fanel de Rub\u00ed con el secretario de Estado de Transportes, Jos\u00e9 Antonio Santano. <\/p>\n\n\n\n<p>La gratuidad del servicio durar\u00e1, por tanto, hasta el viernes 8. Estaba vigente desde el accidente de Gelida del 20 de enero, que oblig\u00f3 a suspender todo el servicio en Catalu\u00f1a y a abrir una etapa de obras de emergencia marcada por diversos cortes en las l\u00edneas y la ampliaci\u00f3n de las limitaciones temporales de velocidad (LTV). <\/p>\n\n\n\n<p>Paneque ha confirmado que ya se ha recuperado el 90% del pasaje habitual y que con la retirada progresiva de las LTV ya no son necesarias medidas excepcionales como la gratuidad. La consejera tambi\u00e9n ha anunciado que a partir del pr\u00f3ximo lunes se recuperan recorridos en la R15 entre Reus y M\u00f3ra la Nova, en la R3 entre Ripoll y Ribes de Freser y en la R4 entre Sant Vicen\u00e7 de Calders y Manresa.<\/p>\n","protected":false},"excerpt":{"rendered":"<p>Rodalies volver\u00e1 a ser de pago a partir del pr\u00f3ximo s\u00e1bado 9 de mayo. As\u00ed lo ha anunciado este jueves la consejera de Territorio, S\u00edlvia Paneque, durante una visita a las obras del t\u00fanel de Rub\u00ed con el secretario de Estado de Transportes, Jos\u00e9 Antonio Santano. La gratuidad del servicio durar\u00e1, por tanto, hasta el [&hellip;]<\/p>\n","protected":false},"author":57,"featured_media":365464,"comment_status":"closed","ping_status":"closed","sticky":false,"template":"","format":"standard","meta":{"footnotes":""},"categories":[13688],"tags":[128,88,76,15034,260,15032,129,19,218,15033],"class_list":["post-379088","post","type-post","status-publish","format-standard","has-post-thumbnail","hentry","category-cronicas","tag-actualitat","tag-info","tag-informatiu","tag-mobilitat","tag-noticies","tag-rodalies","tag-societat","tag-tarragona","tag-tgn","tag-trens"],"yoast_head":"<!-- This site is optimized with the Yoast SEO Premium plugin v27.4 (Yoast SEO v27.5) - https:\/\/yoast.com\/product\/yoast-seo-premium-wordpress\/ -->\n<title>Rodalies volver\u00e1 a ser de pago a partir del 9 de mayo - R\u00e0dio Ciutat de Tarragona<\/title>\n<meta name=\"robots\" content=\"index, follow, max-snippet:-1, max-image-preview:large, max-video-preview:-1\" \/>\n<link rel=\"canonical\" href=\"https:\/\/radiociutat.com\/es\/ultimas-noticias\/cronicas\/rodalies-volvera-a-ser-de-pago-a-partir-del-9-de-mayo\/\" \/>\n<meta property=\"og:locale\" content=\"es_ES\" \/>\n<meta property=\"og:type\" content=\"article\" \/>\n<meta property=\"og:title\" content=\"Rodalies volver\u00e1 a ser de pago a partir del 9 de mayo\" \/>\n<meta property=\"og:description\" content=\"Rodalies volver\u00e1 a ser de pago a partir del pr\u00f3ximo s\u00e1bado 9 de mayo. As\u00ed lo ha anunciado este jueves la consejera de Territorio, S\u00edlvia Paneque, durante una visita a las obras del t\u00fanel de Rub\u00ed con el secretario de Estado de Transportes, Jos\u00e9 Antonio Santano. La gratuidad del servicio durar\u00e1, por tanto, hasta el [&hellip;]\" \/>\n<meta property=\"og:url\" content=\"https:\/\/radiociutat.com\/es\/ultimas-noticias\/cronicas\/rodalies-volvera-a-ser-de-pago-a-partir-del-9-de-mayo\/\" \/>\n<meta property=\"og:site_name\" content=\"R\u00e0dio Ciutat de Tarragona\" \/>\n<meta property=\"article:publisher\" content=\"https:\/\/www.facebook.com\/rctgn\" \/>\n<meta property=\"article:published_time\" content=\"2026-04-30T10:54:43+00:00\" \/>\n<meta property=\"og:image\" content=\"https:\/\/files.radiociutat.com\/rctgn\/wp-content\/uploads\/2021\/03\/LOGO-RCTGN-RADIO-CIUTAT-DE-TARRAGONA-TRANSPARENTE-TARRAGONA-2020-3000X3000-Redes1-copia.png\" \/>\n\t<meta property=\"og:image:width\" content=\"3000\" \/>\n\t<meta property=\"og:image:height\" content=\"3000\" \/>\n\t<meta property=\"og:image:type\" content=\"image\/png\" \/>\n<meta name=\"author\" content=\"ACN\" \/>\n<meta name=\"twitter:card\" content=\"summary_large_image\" \/>\n<meta name=\"twitter:creator\" content=\"@RCTgn\" \/>\n<meta name=\"twitter:site\" content=\"@RCTgn\" \/>\n<meta name=\"twitter:label1\" content=\"Escrito por\" \/>\n\t<meta name=\"twitter:data1\" content=\"ACN\" \/>\n\t<meta name=\"twitter:label2\" content=\"Tiempo de lectura\" \/>\n\t<meta name=\"twitter:data2\" content=\"1 minuto\" \/>\n<script type=\"application\/ld+json\" class=\"yoast-schema-graph\">{\"@context\":\"https:\\\/\\\/schema.org\",\"@graph\":[{\"@type\":\"Article\",\"@id\":\"https:\\\/\\\/radiociutat.com\\\/es\\\/ultimas-noticias\\\/cronicas\\\/rodalies-volvera-a-ser-de-pago-a-partir-del-9-de-mayo\\\/#article\",\"isPartOf\":{\"@id\":\"https:\\\/\\\/radiociutat.com\\\/es\\\/ultimas-noticias\\\/cronicas\\\/rodalies-volvera-a-ser-de-pago-a-partir-del-9-de-mayo\\\/\"},\"author\":{\"name\":\"ACN\",\"@id\":\"https:\\\/\\\/radiociutat.com\\\/es\\\/#\\\/schema\\\/person\\\/ea8722499f2255e1477bd2975629dc71\"},\"headline\":\"Rodalies volver\u00e1 a ser de pago a partir del 9 de mayo\",\"datePublished\":\"2026-04-30T10:54:43+00:00\",\"mainEntityOfPage\":{\"@id\":\"https:\\\/\\\/radiociutat.com\\\/es\\\/ultimas-noticias\\\/cronicas\\\/rodalies-volvera-a-ser-de-pago-a-partir-del-9-de-mayo\\\/\"},\"wordCount\":194,\"image\":{\"@id\":\"https:\\\/\\\/radiociutat.com\\\/es\\\/ultimas-noticias\\\/cronicas\\\/rodalies-volvera-a-ser-de-pago-a-partir-del-9-de-mayo\\\/#primaryimage\"},\"thumbnailUrl\":\"https:\\\/\\\/files.radiociutat.com\\\/rctgn\\\/wp-content\\\/uploads\\\/2026\\\/01\\\/Tren-Tarragona-estacio-rodalies-scaled-e1777546442125.jpg\",\"keywords\":[\"Actualitat\",\"Info\",\"Informatiu\",\"Mobilitat\",\"not\u00edcies\",\"Rodalies\",\"Societat\",\"Tarragona\",\"TGN\",\"Trens\"],\"articleSection\":[\"Cr\u00f3nicas\"],\"inLanguage\":\"es\"},{\"@type\":\"WebPage\",\"@id\":\"https:\\\/\\\/radiociutat.com\\\/es\\\/ultimas-noticias\\\/cronicas\\\/rodalies-volvera-a-ser-de-pago-a-partir-del-9-de-mayo\\\/\",\"url\":\"https:\\\/\\\/radiociutat.com\\\/es\\\/ultimas-noticias\\\/cronicas\\\/rodalies-volvera-a-ser-de-pago-a-partir-del-9-de-mayo\\\/\",\"name\":\"Rodalies volver\u00e1 a ser de pago a partir del 9 de mayo - R\u00e0dio Ciutat de Tarragona\",\"isPartOf\":{\"@id\":\"https:\\\/\\\/radiociutat.com\\\/es\\\/#website\"},\"primaryImageOfPage\":{\"@id\":\"https:\\\/\\\/radiociutat.com\\\/es\\\/ultimas-noticias\\\/cronicas\\\/rodalies-volvera-a-ser-de-pago-a-partir-del-9-de-mayo\\\/#primaryimage\"},\"image\":{\"@id\":\"https:\\\/\\\/radiociutat.com\\\/es\\\/ultimas-noticias\\\/cronicas\\\/rodalies-volvera-a-ser-de-pago-a-partir-del-9-de-mayo\\\/#primaryimage\"},\"thumbnailUrl\":\"https:\\\/\\\/files.radiociutat.com\\\/rctgn\\\/wp-content\\\/uploads\\\/2026\\\/01\\\/Tren-Tarragona-estacio-rodalies-scaled-e1777546442125.jpg\",\"datePublished\":\"2026-04-30T10:54:43+00:00\",\"author\":{\"@id\":\"https:\\\/\\\/radiociutat.com\\\/es\\\/#\\\/schema\\\/person\\\/ea8722499f2255e1477bd2975629dc71\"},\"breadcrumb\":{\"@id\":\"https:\\\/\\\/radiociutat.com\\\/es\\\/ultimas-noticias\\\/cronicas\\\/rodalies-volvera-a-ser-de-pago-a-partir-del-9-de-mayo\\\/#breadcrumb\"},\"inLanguage\":\"es\",\"potentialAction\":[{\"@type\":\"ReadAction\",\"target\":[\"https:\\\/\\\/radiociutat.com\\\/es\\\/ultimas-noticias\\\/cronicas\\\/rodalies-volvera-a-ser-de-pago-a-partir-del-9-de-mayo\\\/\"]}]},{\"@type\":\"ImageObject\",\"inLanguage\":\"es\",\"@id\":\"https:\\\/\\\/radiociutat.com\\\/es\\\/ultimas-noticias\\\/cronicas\\\/rodalies-volvera-a-ser-de-pago-a-partir-del-9-de-mayo\\\/#primaryimage\",\"url\":\"https:\\\/\\\/files.radiociutat.com\\\/rctgn\\\/wp-content\\\/uploads\\\/2026\\\/01\\\/Tren-Tarragona-estacio-rodalies-scaled-e1777546442125.jpg\",\"contentUrl\":\"https:\\\/\\\/files.radiociutat.com\\\/rctgn\\\/wp-content\\\/uploads\\\/2026\\\/01\\\/Tren-Tarragona-estacio-rodalies-scaled-e1777546442125.jpg\",\"width\":2560,\"height\":1707,\"caption\":\"Foto: ACN\"},{\"@type\":\"BreadcrumbList\",\"@id\":\"https:\\\/\\\/radiociutat.com\\\/es\\\/ultimas-noticias\\\/cronicas\\\/rodalies-volvera-a-ser-de-pago-a-partir-del-9-de-mayo\\\/#breadcrumb\",\"itemListElement\":[{\"@type\":\"ListItem\",\"position\":1,\"name\":\"Inici\",\"item\":\"https:\\\/\\\/radiociutat.com\\\/es\\\/\"},{\"@type\":\"ListItem\",\"position\":2,\"name\":\"Rodalies volver\u00e1 a ser de pago a partir del 9 de mayo\"}]},{\"@type\":\"WebSite\",\"@id\":\"https:\\\/\\\/radiociutat.com\\\/es\\\/#website\",\"url\":\"https:\\\/\\\/radiociutat.com\\\/es\\\/\",\"name\":\"R\u00e0dio Ciutat de Tarragona\",\"description\":\"R\u00e0dio Ciutat de Tarragona - RCTgn.cat R\u00e0dio Online\",\"potentialAction\":[{\"@type\":\"SearchAction\",\"target\":{\"@type\":\"EntryPoint\",\"urlTemplate\":\"https:\\\/\\\/radiociutat.com\\\/es\\\/?s={search_term_string}\"},\"query-input\":{\"@type\":\"PropertyValueSpecification\",\"valueRequired\":true,\"valueName\":\"search_term_string\"}}],\"inLanguage\":\"es\"},{\"@type\":\"Person\",\"@id\":\"https:\\\/\\\/radiociutat.com\\\/es\\\/#\\\/schema\\\/person\\\/ea8722499f2255e1477bd2975629dc71\",\"name\":\"ACN\",\"sameAs\":[\"https:\\\/\\\/radiociutat.com\\\/wp-content\\\/uploads\\\/2023\\\/09\\\/acn-e1694789176650.png\"],\"url\":\"https:\\\/\\\/radiociutat.com\\\/es\\\/author\\\/acn\\\/\"}]}<\/script>\n<!-- \/ Yoast SEO Premium plugin. -->","yoast_head_json":{"title":"Rodalies volver\u00e1 a ser de pago a partir del 9 de mayo - R\u00e0dio Ciutat de Tarragona","robots":{"index":"index","follow":"follow","max-snippet":"max-snippet:-1","max-image-preview":"max-image-preview:large","max-video-preview":"max-video-preview:-1"},"canonical":"https:\/\/radiociutat.com\/es\/ultimas-noticias\/cronicas\/rodalies-volvera-a-ser-de-pago-a-partir-del-9-de-mayo\/","og_locale":"es_ES","og_type":"article","og_title":"Rodalies volver\u00e1 a ser de pago a partir del 9 de mayo","og_description":"Rodalies volver\u00e1 a ser de pago a partir del pr\u00f3ximo s\u00e1bado 9 de mayo. As\u00ed lo ha anunciado este jueves la consejera de Territorio, S\u00edlvia Paneque, durante una visita a las obras del t\u00fanel de Rub\u00ed con el secretario de Estado de Transportes, Jos\u00e9 Antonio Santano. La gratuidad del servicio durar\u00e1, por tanto, hasta el [&hellip;]","og_url":"https:\/\/radiociutat.com\/es\/ultimas-noticias\/cronicas\/rodalies-volvera-a-ser-de-pago-a-partir-del-9-de-mayo\/","og_site_name":"R\u00e0dio Ciutat de Tarragona","article_publisher":"https:\/\/www.facebook.com\/rctgn","article_published_time":"2026-04-30T10:54:43+00:00","og_image":[{"width":3000,"height":3000,"url":"https:\/\/files.radiociutat.com\/rctgn\/wp-content\/uploads\/2021\/03\/LOGO-RCTGN-RADIO-CIUTAT-DE-TARRAGONA-TRANSPARENTE-TARRAGONA-2020-3000X3000-Redes1-copia.png","type":"image\/png"}],"author":"ACN","twitter_card":"summary_large_image","twitter_creator":"@RCTgn","twitter_site":"@RCTgn","twitter_misc":{"Escrito por":"ACN","Tiempo de lectura":"1 minuto"},"schema":{"@context":"https:\/\/schema.org","@graph":[{"@type":"Article","@id":"https:\/\/radiociutat.com\/es\/ultimas-noticias\/cronicas\/rodalies-volvera-a-ser-de-pago-a-partir-del-9-de-mayo\/#article","isPartOf":{"@id":"https:\/\/radiociutat.com\/es\/ultimas-noticias\/cronicas\/rodalies-volvera-a-ser-de-pago-a-partir-del-9-de-mayo\/"},"author":{"name":"ACN","@id":"https:\/\/radiociutat.com\/es\/#\/schema\/person\/ea8722499f2255e1477bd2975629dc71"},"headline":"Rodalies volver\u00e1 a ser de pago a partir del 9 de mayo","datePublished":"2026-04-30T10:54:43+00:00","mainEntityOfPage":{"@id":"https:\/\/radiociutat.com\/es\/ultimas-noticias\/cronicas\/rodalies-volvera-a-ser-de-pago-a-partir-del-9-de-mayo\/"},"wordCount":194,"image":{"@id":"https:\/\/radiociutat.com\/es\/ultimas-noticias\/cronicas\/rodalies-volvera-a-ser-de-pago-a-partir-del-9-de-mayo\/#primaryimage"},"thumbnailUrl":"https:\/\/files.radiociutat.com\/rctgn\/wp-content\/uploads\/2026\/01\/Tren-Tarragona-estacio-rodalies-scaled-e1777546442125.jpg","keywords":["Actualitat","Info","Informatiu","Mobilitat","not\u00edcies","Rodalies","Societat","Tarragona","TGN","Trens"],"articleSection":["Cr\u00f3nicas"],"inLanguage":"es"},{"@type":"WebPage","@id":"https:\/\/radiociutat.com\/es\/ultimas-noticias\/cronicas\/rodalies-volvera-a-ser-de-pago-a-partir-del-9-de-mayo\/","url":"https:\/\/radiociutat.com\/es\/ultimas-noticias\/cronicas\/rodalies-volvera-a-ser-de-pago-a-partir-del-9-de-mayo\/","name":"Rodalies volver\u00e1 a ser de pago a partir del 9 de mayo - R\u00e0dio Ciutat de Tarragona","isPartOf":{"@id":"https:\/\/radiociutat.com\/es\/#website"},"primaryImageOfPage":{"@id":"https:\/\/radiociutat.com\/es\/ultimas-noticias\/cronicas\/rodalies-volvera-a-ser-de-pago-a-partir-del-9-de-mayo\/#primaryimage"},"image":{"@id":"https:\/\/radiociutat.com\/es\/ultimas-noticias\/cronicas\/rodalies-volvera-a-ser-de-pago-a-partir-del-9-de-mayo\/#primaryimage"},"thumbnailUrl":"https:\/\/files.radiociutat.com\/rctgn\/wp-content\/uploads\/2026\/01\/Tren-Tarragona-estacio-rodalies-scaled-e1777546442125.jpg","datePublished":"2026-04-30T10:54:43+00:00","author":{"@id":"https:\/\/radiociutat.com\/es\/#\/schema\/person\/ea8722499f2255e1477bd2975629dc71"},"breadcrumb":{"@id":"https:\/\/radiociutat.com\/es\/ultimas-noticias\/cronicas\/rodalies-volvera-a-ser-de-pago-a-partir-del-9-de-mayo\/#breadcrumb"},"inLanguage":"es","potentialAction":[{"@type":"ReadAction","target":["https:\/\/radiociutat.com\/es\/ultimas-noticias\/cronicas\/rodalies-volvera-a-ser-de-pago-a-partir-del-9-de-mayo\/"]}]},{"@type":"ImageObject","inLanguage":"es","@id":"https:\/\/radiociutat.com\/es\/ultimas-noticias\/cronicas\/rodalies-volvera-a-ser-de-pago-a-partir-del-9-de-mayo\/#primaryimage","url":"https:\/\/files.radiociutat.com\/rctgn\/wp-content\/uploads\/2026\/01\/Tren-Tarragona-estacio-rodalies-scaled-e1777546442125.jpg","contentUrl":"https:\/\/files.radiociutat.com\/rctgn\/wp-content\/uploads\/2026\/01\/Tren-Tarragona-estacio-rodalies-scaled-e1777546442125.jpg","width":2560,"height":1707,"caption":"Foto: ACN"},{"@type":"BreadcrumbList","@id":"https:\/\/radiociutat.com\/es\/ultimas-noticias\/cronicas\/rodalies-volvera-a-ser-de-pago-a-partir-del-9-de-mayo\/#breadcrumb","itemListElement":[{"@type":"ListItem","position":1,"name":"Inici","item":"https:\/\/radiociutat.com\/es\/"},{"@type":"ListItem","position":2,"name":"Rodalies volver\u00e1 a ser de pago a partir del 9 de mayo"}]},{"@type":"WebSite","@id":"https:\/\/radiociutat.com\/es\/#website","url":"https:\/\/radiociutat.com\/es\/","name":"R\u00e0dio Ciutat de Tarragona","description":"R\u00e0dio Ciutat de Tarragona - RCTgn.cat R\u00e0dio Online","potentialAction":[{"@type":"SearchAction","target":{"@type":"EntryPoint","urlTemplate":"https:\/\/radiociutat.com\/es\/?s={search_term_string}"},"query-input":{"@type":"PropertyValueSpecification","valueRequired":true,"valueName":"search_term_string"}}],"inLanguage":"es"},{"@type":"Person","@id":"https:\/\/radiociutat.com\/es\/#\/schema\/person\/ea8722499f2255e1477bd2975629dc71","name":"ACN","sameAs":["https:\/\/radiociutat.com\/wp-content\/uploads\/2023\/09\/acn-e1694789176650.png"],"url":"https:\/\/radiociutat.com\/es\/author\/acn\/"}]}},"_links":{"self":[{"href":"https:\/\/radiociutat.com\/es\/wp-json\/wp\/v2\/posts\/379088","targetHints":{"allow":["GET"]}}],"collection":[{"href":"https:\/\/radiociutat.com\/es\/wp-json\/wp\/v2\/posts"}],"about":[{"href":"https:\/\/radiociutat.com\/es\/wp-json\/wp\/v2\/types\/post"}],"author":[{"embeddable":true,"href":"https:\/\/radiociutat.com\/es\/wp-json\/wp\/v2\/users\/57"}],"replies":[{"embeddable":true,"href":"https:\/\/radiociutat.com\/es\/wp-json\/wp\/v2\/comments?post=379088"}],"version-history":[{"count":0,"href":"https:\/\/radiociutat.com\/es\/wp-json\/wp\/v2\/posts\/379088\/revisions"}],"wp:featuredmedia":[{"embeddable":true,"href":"https:\/\/radiociutat.com\/es\/wp-json\/wp\/v2\/media\/365464"}],"wp:attachment":[{"href":"https:\/\/radiociutat.com\/es\/wp-json\/wp\/v2\/media?parent=379088"}],"wp:term":[{"taxonomy":"category","embeddable":true,"href":"https:\/\/radiociutat.com\/es\/wp-json\/wp\/v2\/categories?post=379088"},{"taxonomy":"post_tag","embeddable":true,"href":"https:\/\/radiociutat.com\/es\/wp-json\/wp\/v2\/tags?post=379088"}],"curies":[{"name":"wp","href":"https:\/\/api.w.org\/{rel}","templated":true}]}}