{"id":379084,"date":"2026-04-30T12:47:02","date_gmt":"2026-04-30T10:47:02","guid":{"rendered":"https:\/\/radiociutat.com\/programes-podcast\/tarragona-presenta-la-reestructuracion-final-de-las-lineas-de-la-emt\/"},"modified":"2026-04-30T12:47:02","modified_gmt":"2026-04-30T10:47:02","slug":"tarragona-presenta-la-reestructuracion-final-de-las-lineas-de-la-emt","status":"publish","type":"post","link":"https:\/\/radiociutat.com\/es\/sin-categoria-es\/tarragona-presenta-la-reestructuracion-final-de-las-lineas-de-la-emt\/","title":{"rendered":"Tarragona presenta la reestructuraci\u00f3n final de las l\u00edneas de la EMT"},"content":{"rendered":"\n<p>El Ayuntamiento de Tarragona y la <strong>Empresa Municipal de Transportes<\/strong> han presentado el proyecto final de <strong>reestructuraci\u00f3n de las l\u00edneas de autob\u00fas urbano<\/strong>, una propuesta que incorpora buena parte de las aportaciones recibidas durante el proceso de escucha con federaciones vecinales y grupos municipales.<\/p>\n\n\n\n<p>Seg\u00fan ha explicado la presidenta de la EMT, Sonia Orts, entre un <strong>80% y un 85% de las peticiones<\/strong> recibidas se han incorporado al documento final. As\u00ed, el proyecto mantiene el objetivo inicial de hacer una red m\u00e1s eficiente, m\u00e1s clara y m\u00e1s adaptada a los h\u00e1bitos actuales de movilidad.<\/p>\n\n\n\n<h2 class=\"wp-block-heading\" id=\"h-mes-cobertura-i-mes-frequencies\">M\u00e1s cobertura y m\u00e1s frecuencias<\/h2>\n\n\n\n<p>La reforma llega despu\u00e9s de d\u00e9cadas con una red heredera de los a\u00f1os 80. Por ello, la EMT defiende que era necesario actualizar el servicio en una ciudad que ya roza los <strong>150.000 habitantes<\/strong> y que tiene una superficie de 65 kil\u00f3metros cuadrados.<\/p>\n\n\n\n<p>Uno de los puntos destacados es que <strong>nueve de cada diez residentes<\/strong> tienen una parada de autob\u00fas a menos de cinco minutos caminando de casa. Ahora, adem\u00e1s, la nueva propuesta busca mejorar conexiones entre barrios, reducir tiempos de trayecto y reforzar las l\u00edneas con m\u00e1s demanda.<\/p>\n\n\n\n<p>En d\u00edas laborables, las expediciones pasar\u00e1n de <strong>1.163 a 1.180<\/strong>. Los s\u00e1bados subir\u00e1n de 656 a 658 y los domingos y festivos, de 583 a 587. En total, la EMT calcula unas <strong>8.000 expediciones m\u00e1s al a\u00f1o<\/strong>.<\/p>\n\n\n\n<h2 class=\"wp-block-heading\" id=\"h-canvis-a-sant-salvador-ponent-i-llevant\">Cambios en Sant Salvador, Ponent y Llevant<\/h2>\n\n\n\n<p>En <strong>Sant Salvador<\/strong>, la l\u00ednea <strong>L85<\/strong> ganar\u00e1 peso y pasar\u00e1 de dos a tres autobuses. Esto permitir\u00e1 aumentar las salidas hacia el centro de 57 a 85 diarias, con una frecuencia aproximada de 20 minutos. Adem\u00e1s, el recorrido conectar\u00e1 mejor con el <strong>CAP<\/strong>, el Instituto y la Escuela del Pont del Diable.<\/p>\n\n\n\n<p>Tambi\u00e9n se mantiene la l\u00ednea <strong>L6<\/strong> sin dividirla, tal como se hab\u00eda planteado inicialmente. Sin embargo, la EMT no descarta replantear esta decisi\u00f3n en el futuro si el crecimiento urban\u00edstico de Ponent incrementa la demanda.<\/p>\n\n\n\n<p>En <strong>Ponent<\/strong>, la nueva red refuerza las conexiones entre Icomar, Riuclar, la Granja, la Floresta, Campclar, Torreforta, el Pilar y Bonavista. La <strong>L34<\/strong> gana un autob\u00fas y mejora la conexi\u00f3n transversal entre barrios, especialmente en el entorno de la T-11 y les Gavarres. Tambi\u00e9n se ampl\u00eda la <strong>L43<\/strong> hacia el Complejo Educativo en horario de tarde.<\/p>\n\n\n\n<p>En <strong>Llevant<\/strong>, la <strong>L13<\/strong> se alargar\u00e1 hasta la estaci\u00f3n de tren y adaptar\u00e1 las primeras expediciones para facilitar la llegada de estudiantes a los centros escolares. Adem\u00e1s, la l\u00ednea nocturna <strong>L73<\/strong> llegar\u00e1 hasta la M\u00f3ra tambi\u00e9n en invierno.<\/p>\n\n\n\n<h2 class=\"wp-block-heading\" id=\"h-millores-al-centre-i-als-busos-nocturns\">Mejoras en el centro y en los buses nocturnos<\/h2>\n\n\n\n<p>En el centro, la nueva <strong>L20<\/strong> fusionar\u00e1 las actuales l\u00edneas 21 y 23 para ofrecer un servicio m\u00e1s regular y m\u00e1s claro. Tambi\u00e9n se prev\u00e9 alargar la <strong>L22<\/strong> durante el verano hasta la playa del Miracle, recuperando una conexi\u00f3n hist\u00f3rica con el Serrallo y la Part Alta.<\/p>\n\n\n\n<p>En cuanto al servicio nocturno, las l\u00edneas <strong>L71, L72 y L73<\/strong> incorporar\u00e1n mejoras gracias a un autob\u00fas adicional. La <strong>L71<\/strong> llegar\u00e1 hasta Interblocs de Sant Salvador, la <strong>L72<\/strong> ganar\u00e1 una expedici\u00f3n en invierno y la <strong>L73<\/strong> sumar\u00e1 tres expediciones nocturnas y llegar\u00e1 todo el a\u00f1o hasta la M\u00f3ra.<\/p>\n\n\n\n<h2 class=\"wp-block-heading\" id=\"h-nova-flota-i-calendari-d-implantacio\">Nueva flota y calendario de implantaci\u00f3n<\/h2>\n\n\n\n<p>La reestructuraci\u00f3n se enmarca tambi\u00e9n en el plan de renovaci\u00f3n de la flota 2024-2027, con una inversi\u00f3n de <strong>12 millones de euros<\/strong> para comprar <strong>33 autobuses nuevos<\/strong>. De estos, 13 ya circulan, 10 llegar\u00e1n este verano y 10 m\u00e1s lo har\u00e1n en 2027.<\/p>\n\n\n\n<p>La propuesta se llevar\u00e1 a la <strong>Comisi\u00f3n Informativa de Territorio<\/strong> el pr\u00f3ximo 6 de mayo y despu\u00e9s se elevar\u00e1 al pleno municipal. Si se aprueba, la implantaci\u00f3n est\u00e1 prevista durante el \u00faltimo trimestre del 2026, probablemente entre octubre y noviembre. Antes, el Ayuntamiento y la EMT preparar\u00e1n una campa\u00f1a informativa para explicar los cambios l\u00ednea por l\u00ednea.<\/p>\n","protected":false},"excerpt":{"rendered":"<p>El Ayuntamiento de Tarragona y la Empresa Municipal de Transportes han presentado el proyecto final de reestructuraci\u00f3n de las l\u00edneas de autob\u00fas urbano, una propuesta que incorpora buena parte de las aportaciones recibidas durante el proceso de escucha con federaciones vecinales y grupos municipales. Seg\u00fan ha explicado la presidenta de la EMT, Sonia Orts, entre [&hellip;]<\/p>\n","protected":false},"author":108,"featured_media":379082,"comment_status":"closed","ping_status":"closed","sticky":false,"template":"","format":"standard","meta":{"footnotes":""},"categories":[13688,13773],"tags":[],"class_list":["post-379084","post","type-post","status-publish","format-standard","has-post-thumbnail","hentry","category-cronicas","category-sin-categoria-es"],"yoast_head":"<!-- This site is optimized with the Yoast SEO Premium plugin v27.4 (Yoast SEO v27.5) - https:\/\/yoast.com\/product\/yoast-seo-premium-wordpress\/ -->\n<title>Tarragona presenta la reestructuraci\u00f3n final de las l\u00edneas de la EMT - R\u00e0dio Ciutat de Tarragona<\/title>\n<meta name=\"robots\" content=\"index, follow, max-snippet:-1, max-image-preview:large, max-video-preview:-1\" \/>\n<link rel=\"canonical\" href=\"https:\/\/radiociutat.com\/es\/sin-categoria-es\/tarragona-presenta-la-reestructuracion-final-de-las-lineas-de-la-emt\/\" \/>\n<meta property=\"og:locale\" content=\"es_ES\" \/>\n<meta property=\"og:type\" content=\"article\" \/>\n<meta property=\"og:title\" content=\"Tarragona presenta la reestructuraci\u00f3n final de las l\u00edneas de la EMT\" \/>\n<meta property=\"og:description\" content=\"El Ayuntamiento de Tarragona y la Empresa Municipal de Transportes han presentado el proyecto final de reestructuraci\u00f3n de las l\u00edneas de autob\u00fas urbano, una propuesta que incorpora buena parte de las aportaciones recibidas durante el proceso de escucha con federaciones vecinales y grupos municipales. Seg\u00fan ha explicado la presidenta de la EMT, Sonia Orts, entre [&hellip;]\" \/>\n<meta property=\"og:url\" content=\"https:\/\/radiociutat.com\/es\/sin-categoria-es\/tarragona-presenta-la-reestructuracion-final-de-las-lineas-de-la-emt\/\" \/>\n<meta property=\"og:site_name\" content=\"R\u00e0dio Ciutat de Tarragona\" \/>\n<meta property=\"article:publisher\" content=\"https:\/\/www.facebook.com\/rctgn\" \/>\n<meta property=\"article:published_time\" content=\"2026-04-30T10:47:02+00:00\" \/>\n<meta property=\"og:image\" content=\"https:\/\/files.radiociutat.com\/rctgn\/wp-content\/uploads\/2026\/04\/EMT-Reestructuracio-e1777545955857.jpg\" \/>\n\t<meta property=\"og:image:width\" content=\"2000\" \/>\n\t<meta property=\"og:image:height\" content=\"1333\" \/>\n\t<meta property=\"og:image:type\" content=\"image\/jpeg\" \/>\n<meta name=\"author\" content=\"Adri\u00e0 Jurado i Mateo\" \/>\n<meta name=\"twitter:card\" content=\"summary_large_image\" \/>\n<meta name=\"twitter:creator\" content=\"@RCTgn\" \/>\n<meta name=\"twitter:site\" content=\"@RCTgn\" \/>\n<meta name=\"twitter:label1\" content=\"Escrito por\" \/>\n\t<meta name=\"twitter:data1\" content=\"Adri\u00e0 Jurado i Mateo\" \/>\n\t<meta name=\"twitter:label2\" content=\"Tiempo de lectura\" \/>\n\t<meta name=\"twitter:data2\" content=\"3 minutos\" \/>\n<script type=\"application\/ld+json\" class=\"yoast-schema-graph\">{\"@context\":\"https:\\\/\\\/schema.org\",\"@graph\":[{\"@type\":\"Article\",\"@id\":\"https:\\\/\\\/radiociutat.com\\\/es\\\/sin-categoria-es\\\/tarragona-presenta-la-reestructuracion-final-de-las-lineas-de-la-emt\\\/#article\",\"isPartOf\":{\"@id\":\"https:\\\/\\\/radiociutat.com\\\/es\\\/sin-categoria-es\\\/tarragona-presenta-la-reestructuracion-final-de-las-lineas-de-la-emt\\\/\"},\"author\":{\"name\":\"Adri\u00e0 Jurado i Mateo\",\"@id\":\"https:\\\/\\\/radiociutat.com\\\/es\\\/#\\\/schema\\\/person\\\/25e4d7920bb5cd13577531d9b2fe1d32\"},\"headline\":\"Tarragona presenta la reestructuraci\u00f3n final de las l\u00edneas de la EMT\",\"datePublished\":\"2026-04-30T10:47:02+00:00\",\"mainEntityOfPage\":{\"@id\":\"https:\\\/\\\/radiociutat.com\\\/es\\\/sin-categoria-es\\\/tarragona-presenta-la-reestructuracion-final-de-las-lineas-de-la-emt\\\/\"},\"wordCount\":679,\"image\":{\"@id\":\"https:\\\/\\\/radiociutat.com\\\/es\\\/sin-categoria-es\\\/tarragona-presenta-la-reestructuracion-final-de-las-lineas-de-la-emt\\\/#primaryimage\"},\"thumbnailUrl\":\"https:\\\/\\\/files.radiociutat.com\\\/rctgn\\\/wp-content\\\/uploads\\\/2026\\\/04\\\/EMT-Reestructuracio-e1777545955857.jpg\",\"articleSection\":[\"Cr\u00f3nicas\"],\"inLanguage\":\"es\"},{\"@type\":\"WebPage\",\"@id\":\"https:\\\/\\\/radiociutat.com\\\/es\\\/sin-categoria-es\\\/tarragona-presenta-la-reestructuracion-final-de-las-lineas-de-la-emt\\\/\",\"url\":\"https:\\\/\\\/radiociutat.com\\\/es\\\/sin-categoria-es\\\/tarragona-presenta-la-reestructuracion-final-de-las-lineas-de-la-emt\\\/\",\"name\":\"Tarragona presenta la reestructuraci\u00f3n final de las l\u00edneas de la EMT - R\u00e0dio Ciutat de Tarragona\",\"isPartOf\":{\"@id\":\"https:\\\/\\\/radiociutat.com\\\/es\\\/#website\"},\"primaryImageOfPage\":{\"@id\":\"https:\\\/\\\/radiociutat.com\\\/es\\\/sin-categoria-es\\\/tarragona-presenta-la-reestructuracion-final-de-las-lineas-de-la-emt\\\/#primaryimage\"},\"image\":{\"@id\":\"https:\\\/\\\/radiociutat.com\\\/es\\\/sin-categoria-es\\\/tarragona-presenta-la-reestructuracion-final-de-las-lineas-de-la-emt\\\/#primaryimage\"},\"thumbnailUrl\":\"https:\\\/\\\/files.radiociutat.com\\\/rctgn\\\/wp-content\\\/uploads\\\/2026\\\/04\\\/EMT-Reestructuracio-e1777545955857.jpg\",\"datePublished\":\"2026-04-30T10:47:02+00:00\",\"author\":{\"@id\":\"https:\\\/\\\/radiociutat.com\\\/es\\\/#\\\/schema\\\/person\\\/25e4d7920bb5cd13577531d9b2fe1d32\"},\"breadcrumb\":{\"@id\":\"https:\\\/\\\/radiociutat.com\\\/es\\\/sin-categoria-es\\\/tarragona-presenta-la-reestructuracion-final-de-las-lineas-de-la-emt\\\/#breadcrumb\"},\"inLanguage\":\"es\",\"potentialAction\":[{\"@type\":\"ReadAction\",\"target\":[\"https:\\\/\\\/radiociutat.com\\\/es\\\/sin-categoria-es\\\/tarragona-presenta-la-reestructuracion-final-de-las-lineas-de-la-emt\\\/\"]}]},{\"@type\":\"ImageObject\",\"inLanguage\":\"es\",\"@id\":\"https:\\\/\\\/radiociutat.com\\\/es\\\/sin-categoria-es\\\/tarragona-presenta-la-reestructuracion-final-de-las-lineas-de-la-emt\\\/#primaryimage\",\"url\":\"https:\\\/\\\/files.radiociutat.com\\\/rctgn\\\/wp-content\\\/uploads\\\/2026\\\/04\\\/EMT-Reestructuracio-e1777545955857.jpg\",\"contentUrl\":\"https:\\\/\\\/files.radiociutat.com\\\/rctgn\\\/wp-content\\\/uploads\\\/2026\\\/04\\\/EMT-Reestructuracio-e1777545955857.jpg\",\"width\":2000,\"height\":1333},{\"@type\":\"BreadcrumbList\",\"@id\":\"https:\\\/\\\/radiociutat.com\\\/es\\\/sin-categoria-es\\\/tarragona-presenta-la-reestructuracion-final-de-las-lineas-de-la-emt\\\/#breadcrumb\",\"itemListElement\":[{\"@type\":\"ListItem\",\"position\":1,\"name\":\"Inici\",\"item\":\"https:\\\/\\\/radiociutat.com\\\/es\\\/\"},{\"@type\":\"ListItem\",\"position\":2,\"name\":\"Tarragona presenta la reestructuraci\u00f3n final de las l\u00edneas de la EMT\"}]},{\"@type\":\"WebSite\",\"@id\":\"https:\\\/\\\/radiociutat.com\\\/es\\\/#website\",\"url\":\"https:\\\/\\\/radiociutat.com\\\/es\\\/\",\"name\":\"R\u00e0dio Ciutat de Tarragona\",\"description\":\"R\u00e0dio Ciutat de Tarragona - RCTgn.cat R\u00e0dio Online\",\"potentialAction\":[{\"@type\":\"SearchAction\",\"target\":{\"@type\":\"EntryPoint\",\"urlTemplate\":\"https:\\\/\\\/radiociutat.com\\\/es\\\/?s={search_term_string}\"},\"query-input\":{\"@type\":\"PropertyValueSpecification\",\"valueRequired\":true,\"valueName\":\"search_term_string\"}}],\"inLanguage\":\"es\"},{\"@type\":\"Person\",\"@id\":\"https:\\\/\\\/radiociutat.com\\\/es\\\/#\\\/schema\\\/person\\\/25e4d7920bb5cd13577531d9b2fe1d32\",\"name\":\"Adri\u00e0 Jurado i Mateo\",\"url\":\"https:\\\/\\\/radiociutat.com\\\/es\\\/author\\\/ajurado\\\/\"}]}<\/script>\n<!-- \/ Yoast SEO Premium plugin. -->","yoast_head_json":{"title":"Tarragona presenta la reestructuraci\u00f3n final de las l\u00edneas de la EMT - R\u00e0dio Ciutat de Tarragona","robots":{"index":"index","follow":"follow","max-snippet":"max-snippet:-1","max-image-preview":"max-image-preview:large","max-video-preview":"max-video-preview:-1"},"canonical":"https:\/\/radiociutat.com\/es\/sin-categoria-es\/tarragona-presenta-la-reestructuracion-final-de-las-lineas-de-la-emt\/","og_locale":"es_ES","og_type":"article","og_title":"Tarragona presenta la reestructuraci\u00f3n final de las l\u00edneas de la EMT","og_description":"El Ayuntamiento de Tarragona y la Empresa Municipal de Transportes han presentado el proyecto final de reestructuraci\u00f3n de las l\u00edneas de autob\u00fas urbano, una propuesta que incorpora buena parte de las aportaciones recibidas durante el proceso de escucha con federaciones vecinales y grupos municipales. Seg\u00fan ha explicado la presidenta de la EMT, Sonia Orts, entre [&hellip;]","og_url":"https:\/\/radiociutat.com\/es\/sin-categoria-es\/tarragona-presenta-la-reestructuracion-final-de-las-lineas-de-la-emt\/","og_site_name":"R\u00e0dio Ciutat de Tarragona","article_publisher":"https:\/\/www.facebook.com\/rctgn","article_published_time":"2026-04-30T10:47:02+00:00","og_image":[{"width":2000,"height":1333,"url":"https:\/\/files.radiociutat.com\/rctgn\/wp-content\/uploads\/2026\/04\/EMT-Reestructuracio-e1777545955857.jpg","type":"image\/jpeg"}],"author":"Adri\u00e0 Jurado i Mateo","twitter_card":"summary_large_image","twitter_creator":"@RCTgn","twitter_site":"@RCTgn","twitter_misc":{"Escrito por":"Adri\u00e0 Jurado i Mateo","Tiempo de lectura":"3 minutos"},"schema":{"@context":"https:\/\/schema.org","@graph":[{"@type":"Article","@id":"https:\/\/radiociutat.com\/es\/sin-categoria-es\/tarragona-presenta-la-reestructuracion-final-de-las-lineas-de-la-emt\/#article","isPartOf":{"@id":"https:\/\/radiociutat.com\/es\/sin-categoria-es\/tarragona-presenta-la-reestructuracion-final-de-las-lineas-de-la-emt\/"},"author":{"name":"Adri\u00e0 Jurado i Mateo","@id":"https:\/\/radiociutat.com\/es\/#\/schema\/person\/25e4d7920bb5cd13577531d9b2fe1d32"},"headline":"Tarragona presenta la reestructuraci\u00f3n final de las l\u00edneas de la EMT","datePublished":"2026-04-30T10:47:02+00:00","mainEntityOfPage":{"@id":"https:\/\/radiociutat.com\/es\/sin-categoria-es\/tarragona-presenta-la-reestructuracion-final-de-las-lineas-de-la-emt\/"},"wordCount":679,"image":{"@id":"https:\/\/radiociutat.com\/es\/sin-categoria-es\/tarragona-presenta-la-reestructuracion-final-de-las-lineas-de-la-emt\/#primaryimage"},"thumbnailUrl":"https:\/\/files.radiociutat.com\/rctgn\/wp-content\/uploads\/2026\/04\/EMT-Reestructuracio-e1777545955857.jpg","articleSection":["Cr\u00f3nicas"],"inLanguage":"es"},{"@type":"WebPage","@id":"https:\/\/radiociutat.com\/es\/sin-categoria-es\/tarragona-presenta-la-reestructuracion-final-de-las-lineas-de-la-emt\/","url":"https:\/\/radiociutat.com\/es\/sin-categoria-es\/tarragona-presenta-la-reestructuracion-final-de-las-lineas-de-la-emt\/","name":"Tarragona presenta la reestructuraci\u00f3n final de las l\u00edneas de la EMT - R\u00e0dio Ciutat de Tarragona","isPartOf":{"@id":"https:\/\/radiociutat.com\/es\/#website"},"primaryImageOfPage":{"@id":"https:\/\/radiociutat.com\/es\/sin-categoria-es\/tarragona-presenta-la-reestructuracion-final-de-las-lineas-de-la-emt\/#primaryimage"},"image":{"@id":"https:\/\/radiociutat.com\/es\/sin-categoria-es\/tarragona-presenta-la-reestructuracion-final-de-las-lineas-de-la-emt\/#primaryimage"},"thumbnailUrl":"https:\/\/files.radiociutat.com\/rctgn\/wp-content\/uploads\/2026\/04\/EMT-Reestructuracio-e1777545955857.jpg","datePublished":"2026-04-30T10:47:02+00:00","author":{"@id":"https:\/\/radiociutat.com\/es\/#\/schema\/person\/25e4d7920bb5cd13577531d9b2fe1d32"},"breadcrumb":{"@id":"https:\/\/radiociutat.com\/es\/sin-categoria-es\/tarragona-presenta-la-reestructuracion-final-de-las-lineas-de-la-emt\/#breadcrumb"},"inLanguage":"es","potentialAction":[{"@type":"ReadAction","target":["https:\/\/radiociutat.com\/es\/sin-categoria-es\/tarragona-presenta-la-reestructuracion-final-de-las-lineas-de-la-emt\/"]}]},{"@type":"ImageObject","inLanguage":"es","@id":"https:\/\/radiociutat.com\/es\/sin-categoria-es\/tarragona-presenta-la-reestructuracion-final-de-las-lineas-de-la-emt\/#primaryimage","url":"https:\/\/files.radiociutat.com\/rctgn\/wp-content\/uploads\/2026\/04\/EMT-Reestructuracio-e1777545955857.jpg","contentUrl":"https:\/\/files.radiociutat.com\/rctgn\/wp-content\/uploads\/2026\/04\/EMT-Reestructuracio-e1777545955857.jpg","width":2000,"height":1333},{"@type":"BreadcrumbList","@id":"https:\/\/radiociutat.com\/es\/sin-categoria-es\/tarragona-presenta-la-reestructuracion-final-de-las-lineas-de-la-emt\/#breadcrumb","itemListElement":[{"@type":"ListItem","position":1,"name":"Inici","item":"https:\/\/radiociutat.com\/es\/"},{"@type":"ListItem","position":2,"name":"Tarragona presenta la reestructuraci\u00f3n final de las l\u00edneas de la EMT"}]},{"@type":"WebSite","@id":"https:\/\/radiociutat.com\/es\/#website","url":"https:\/\/radiociutat.com\/es\/","name":"R\u00e0dio Ciutat de Tarragona","description":"R\u00e0dio Ciutat de Tarragona - RCTgn.cat R\u00e0dio Online","potentialAction":[{"@type":"SearchAction","target":{"@type":"EntryPoint","urlTemplate":"https:\/\/radiociutat.com\/es\/?s={search_term_string}"},"query-input":{"@type":"PropertyValueSpecification","valueRequired":true,"valueName":"search_term_string"}}],"inLanguage":"es"},{"@type":"Person","@id":"https:\/\/radiociutat.com\/es\/#\/schema\/person\/25e4d7920bb5cd13577531d9b2fe1d32","name":"Adri\u00e0 Jurado i Mateo","url":"https:\/\/radiociutat.com\/es\/author\/ajurado\/"}]}},"_links":{"self":[{"href":"https:\/\/radiociutat.com\/es\/wp-json\/wp\/v2\/posts\/379084","targetHints":{"allow":["GET"]}}],"collection":[{"href":"https:\/\/radiociutat.com\/es\/wp-json\/wp\/v2\/posts"}],"about":[{"href":"https:\/\/radiociutat.com\/es\/wp-json\/wp\/v2\/types\/post"}],"author":[{"embeddable":true,"href":"https:\/\/radiociutat.com\/es\/wp-json\/wp\/v2\/users\/108"}],"replies":[{"embeddable":true,"href":"https:\/\/radiociutat.com\/es\/wp-json\/wp\/v2\/comments?post=379084"}],"version-history":[{"count":0,"href":"https:\/\/radiociutat.com\/es\/wp-json\/wp\/v2\/posts\/379084\/revisions"}],"wp:featuredmedia":[{"embeddable":true,"href":"https:\/\/radiociutat.com\/es\/wp-json\/wp\/v2\/media\/379082"}],"wp:attachment":[{"href":"https:\/\/radiociutat.com\/es\/wp-json\/wp\/v2\/media?parent=379084"}],"wp:term":[{"taxonomy":"category","embeddable":true,"href":"https:\/\/radiociutat.com\/es\/wp-json\/wp\/v2\/categories?post=379084"},{"taxonomy":"post_tag","embeddable":true,"href":"https:\/\/radiociutat.com\/es\/wp-json\/wp\/v2\/tags?post=379084"}],"curies":[{"name":"wp","href":"https:\/\/api.w.org\/{rel}","templated":true}]}}