{"id":379034,"date":"2026-04-30T10:46:14","date_gmt":"2026-04-30T08:46:14","guid":{"rendered":"https:\/\/radiociutat.com\/programes-podcast\/muere-atropellado-un-peaton-en-la-t-750-en-la-pobla-de-mafumet\/"},"modified":"2026-04-30T10:46:14","modified_gmt":"2026-04-30T08:46:14","slug":"muere-atropellado-un-peaton-en-la-t-750-en-la-pobla-de-mafumet","status":"publish","type":"post","link":"https:\/\/radiociutat.com\/es\/ultimas-noticias\/cronicas\/muere-atropellado-un-peaton-en-la-t-750-en-la-pobla-de-mafumet\/","title":{"rendered":"Muere atropellado un peat\u00f3n en la T-750 en la Pobla de Mafumet"},"content":{"rendered":"\n<p>Un peat\u00f3n ha muerto este mi\u00e9rcoles por la tarde en el kil\u00f3metro 1,8 de la carretera T-750, en el t\u00e9rmino municipal de la Pobla de Mafumet. Los servicios de emergencia han recibido el aviso del suceso hacia las cinco y cuarto. <\/p>\n\n\n\n<p>Por causas que se investigan, un cami\u00f3n cisterna que se encontraba en el interior del Pol\u00edgono Qu\u00edmico se ha desfrenado, ha embestido la valla perimetral y ha atropellado a la v\u00edctima, que se encontraba en la v\u00eda p\u00fablica. <\/p>\n\n\n\n<p>A ra\u00edz del siniestro se han activado cuatro patrullas de los Mossos d&#8217;Esquadra, una dotaci\u00f3n de los Bomberos de la Generalitat y unidades del Sistema de Emergencias M\u00e9dicas (SEM).<\/p>\n\n\n\n<p>Desde principio de a\u00f1o, 31 personas han perdido la vida en accidentes de tr\u00e1fico en las carreteras catalanas, 13 de las cuales eran motoristas, colectivo que acumula m\u00e1s siniestralidad. Entre las v\u00edctimas mortales tambi\u00e9n hay 3 ciclistas y 4 peatones. <\/p>\n","protected":false},"excerpt":{"rendered":"<p>Un peat\u00f3n ha muerto este mi\u00e9rcoles por la tarde en el kil\u00f3metro 1,8 de la carretera T-750, en el t\u00e9rmino municipal de la Pobla de Mafumet. Los servicios de emergencia han recibido el aviso del suceso hacia las cinco y cuarto. Por causas que se investigan, un cami\u00f3n cisterna que se encontraba en el interior [&hellip;]<\/p>\n","protected":false},"author":57,"featured_media":379031,"comment_status":"closed","ping_status":"closed","sticky":false,"template":"","format":"standard","meta":{"footnotes":""},"categories":[13688],"tags":[128,260,1351,6392,15026,19,218],"class_list":["post-379034","post","type-post","status-publish","format-standard","has-post-thumbnail","hentry","category-cronicas","tag-actualitat","tag-noticies","tag-pobla-de-mafumet","tag-poligon-quimic","tag-t-750","tag-tarragona","tag-tgn"],"yoast_head":"<!-- This site is optimized with the Yoast SEO Premium plugin v27.4 (Yoast SEO v27.5) - https:\/\/yoast.com\/product\/yoast-seo-premium-wordpress\/ -->\n<title>Muere atropellado un peat\u00f3n en la T-750 en la Pobla de Mafumet - R\u00e0dio Ciutat de Tarragona<\/title>\n<meta name=\"robots\" content=\"index, follow, max-snippet:-1, max-image-preview:large, max-video-preview:-1\" \/>\n<link rel=\"canonical\" href=\"https:\/\/radiociutat.com\/es\/ultimas-noticias\/cronicas\/muere-atropellado-un-peaton-en-la-t-750-en-la-pobla-de-mafumet\/\" \/>\n<meta property=\"og:locale\" content=\"es_ES\" \/>\n<meta property=\"og:type\" content=\"article\" \/>\n<meta property=\"og:title\" content=\"Muere atropellado un peat\u00f3n en la T-750 en la Pobla de Mafumet\" \/>\n<meta property=\"og:description\" content=\"Un peat\u00f3n ha muerto este mi\u00e9rcoles por la tarde en el kil\u00f3metro 1,8 de la carretera T-750, en el t\u00e9rmino municipal de la Pobla de Mafumet. Los servicios de emergencia han recibido el aviso del suceso hacia las cinco y cuarto. Por causas que se investigan, un cami\u00f3n cisterna que se encontraba en el interior [&hellip;]\" \/>\n<meta property=\"og:url\" content=\"https:\/\/radiociutat.com\/es\/ultimas-noticias\/cronicas\/muere-atropellado-un-peaton-en-la-t-750-en-la-pobla-de-mafumet\/\" \/>\n<meta property=\"og:site_name\" content=\"R\u00e0dio Ciutat de Tarragona\" \/>\n<meta property=\"article:publisher\" content=\"https:\/\/www.facebook.com\/rctgn\" \/>\n<meta property=\"article:published_time\" content=\"2026-04-30T08:46:14+00:00\" \/>\n<meta property=\"og:image\" content=\"https:\/\/files.radiociutat.com\/rctgn\/wp-content\/uploads\/2021\/03\/LOGO-RCTGN-RADIO-CIUTAT-DE-TARRAGONA-TRANSPARENTE-TARRAGONA-2020-3000X3000-Redes1-copia.png\" \/>\n\t<meta property=\"og:image:width\" content=\"3000\" \/>\n\t<meta property=\"og:image:height\" content=\"3000\" \/>\n\t<meta property=\"og:image:type\" content=\"image\/png\" \/>\n<meta name=\"author\" content=\"ACN\" \/>\n<meta name=\"twitter:card\" content=\"summary_large_image\" \/>\n<meta name=\"twitter:creator\" content=\"@RCTgn\" \/>\n<meta name=\"twitter:site\" content=\"@RCTgn\" \/>\n<meta name=\"twitter:label1\" content=\"Escrito por\" \/>\n\t<meta name=\"twitter:data1\" content=\"ACN\" \/>\n\t<meta name=\"twitter:label2\" content=\"Tiempo de lectura\" \/>\n\t<meta name=\"twitter:data2\" content=\"1 minuto\" \/>\n<script type=\"application\/ld+json\" class=\"yoast-schema-graph\">{\"@context\":\"https:\\\/\\\/schema.org\",\"@graph\":[{\"@type\":\"Article\",\"@id\":\"https:\\\/\\\/radiociutat.com\\\/es\\\/ultimas-noticias\\\/cronicas\\\/muere-atropellado-un-peaton-en-la-t-750-en-la-pobla-de-mafumet\\\/#article\",\"isPartOf\":{\"@id\":\"https:\\\/\\\/radiociutat.com\\\/es\\\/ultimas-noticias\\\/cronicas\\\/muere-atropellado-un-peaton-en-la-t-750-en-la-pobla-de-mafumet\\\/\"},\"author\":{\"name\":\"ACN\",\"@id\":\"https:\\\/\\\/radiociutat.com\\\/es\\\/#\\\/schema\\\/person\\\/ea8722499f2255e1477bd2975629dc71\"},\"headline\":\"Muere atropellado un peat\u00f3n en la T-750 en la Pobla de Mafumet\",\"datePublished\":\"2026-04-30T08:46:14+00:00\",\"mainEntityOfPage\":{\"@id\":\"https:\\\/\\\/radiociutat.com\\\/es\\\/ultimas-noticias\\\/cronicas\\\/muere-atropellado-un-peaton-en-la-t-750-en-la-pobla-de-mafumet\\\/\"},\"wordCount\":175,\"image\":{\"@id\":\"https:\\\/\\\/radiociutat.com\\\/es\\\/ultimas-noticias\\\/cronicas\\\/muere-atropellado-un-peaton-en-la-t-750-en-la-pobla-de-mafumet\\\/#primaryimage\"},\"thumbnailUrl\":\"https:\\\/\\\/files.radiociutat.com\\\/rctgn\\\/wp-content\\\/uploads\\\/2026\\\/04\\\/t750-pobla-mafumet-e1777538756603.png\",\"keywords\":[\"Actualitat\",\"not\u00edcies\",\"Pobla de Mafumet\",\"Pol\u00edgon Qu\u00edmic\",\"T-750\",\"Tarragona\",\"TGN\"],\"articleSection\":[\"Cr\u00f3nicas\"],\"inLanguage\":\"es\"},{\"@type\":\"WebPage\",\"@id\":\"https:\\\/\\\/radiociutat.com\\\/es\\\/ultimas-noticias\\\/cronicas\\\/muere-atropellado-un-peaton-en-la-t-750-en-la-pobla-de-mafumet\\\/\",\"url\":\"https:\\\/\\\/radiociutat.com\\\/es\\\/ultimas-noticias\\\/cronicas\\\/muere-atropellado-un-peaton-en-la-t-750-en-la-pobla-de-mafumet\\\/\",\"name\":\"Muere atropellado un peat\u00f3n en la T-750 en la Pobla de Mafumet - R\u00e0dio Ciutat de Tarragona\",\"isPartOf\":{\"@id\":\"https:\\\/\\\/radiociutat.com\\\/es\\\/#website\"},\"primaryImageOfPage\":{\"@id\":\"https:\\\/\\\/radiociutat.com\\\/es\\\/ultimas-noticias\\\/cronicas\\\/muere-atropellado-un-peaton-en-la-t-750-en-la-pobla-de-mafumet\\\/#primaryimage\"},\"image\":{\"@id\":\"https:\\\/\\\/radiociutat.com\\\/es\\\/ultimas-noticias\\\/cronicas\\\/muere-atropellado-un-peaton-en-la-t-750-en-la-pobla-de-mafumet\\\/#primaryimage\"},\"thumbnailUrl\":\"https:\\\/\\\/files.radiociutat.com\\\/rctgn\\\/wp-content\\\/uploads\\\/2026\\\/04\\\/t750-pobla-mafumet-e1777538756603.png\",\"datePublished\":\"2026-04-30T08:46:14+00:00\",\"author\":{\"@id\":\"https:\\\/\\\/radiociutat.com\\\/es\\\/#\\\/schema\\\/person\\\/ea8722499f2255e1477bd2975629dc71\"},\"breadcrumb\":{\"@id\":\"https:\\\/\\\/radiociutat.com\\\/es\\\/ultimas-noticias\\\/cronicas\\\/muere-atropellado-un-peaton-en-la-t-750-en-la-pobla-de-mafumet\\\/#breadcrumb\"},\"inLanguage\":\"es\",\"potentialAction\":[{\"@type\":\"ReadAction\",\"target\":[\"https:\\\/\\\/radiociutat.com\\\/es\\\/ultimas-noticias\\\/cronicas\\\/muere-atropellado-un-peaton-en-la-t-750-en-la-pobla-de-mafumet\\\/\"]}]},{\"@type\":\"ImageObject\",\"inLanguage\":\"es\",\"@id\":\"https:\\\/\\\/radiociutat.com\\\/es\\\/ultimas-noticias\\\/cronicas\\\/muere-atropellado-un-peaton-en-la-t-750-en-la-pobla-de-mafumet\\\/#primaryimage\",\"url\":\"https:\\\/\\\/files.radiociutat.com\\\/rctgn\\\/wp-content\\\/uploads\\\/2026\\\/04\\\/t750-pobla-mafumet-e1777538756603.png\",\"contentUrl\":\"https:\\\/\\\/files.radiociutat.com\\\/rctgn\\\/wp-content\\\/uploads\\\/2026\\\/04\\\/t750-pobla-mafumet-e1777538756603.png\",\"width\":1281,\"height\":688},{\"@type\":\"BreadcrumbList\",\"@id\":\"https:\\\/\\\/radiociutat.com\\\/es\\\/ultimas-noticias\\\/cronicas\\\/muere-atropellado-un-peaton-en-la-t-750-en-la-pobla-de-mafumet\\\/#breadcrumb\",\"itemListElement\":[{\"@type\":\"ListItem\",\"position\":1,\"name\":\"Inici\",\"item\":\"https:\\\/\\\/radiociutat.com\\\/es\\\/\"},{\"@type\":\"ListItem\",\"position\":2,\"name\":\"Muere atropellado un peat\u00f3n en la T-750 en la Pobla de Mafumet\"}]},{\"@type\":\"WebSite\",\"@id\":\"https:\\\/\\\/radiociutat.com\\\/es\\\/#website\",\"url\":\"https:\\\/\\\/radiociutat.com\\\/es\\\/\",\"name\":\"R\u00e0dio Ciutat de Tarragona\",\"description\":\"R\u00e0dio Ciutat de Tarragona - RCTgn.cat R\u00e0dio Online\",\"potentialAction\":[{\"@type\":\"SearchAction\",\"target\":{\"@type\":\"EntryPoint\",\"urlTemplate\":\"https:\\\/\\\/radiociutat.com\\\/es\\\/?s={search_term_string}\"},\"query-input\":{\"@type\":\"PropertyValueSpecification\",\"valueRequired\":true,\"valueName\":\"search_term_string\"}}],\"inLanguage\":\"es\"},{\"@type\":\"Person\",\"@id\":\"https:\\\/\\\/radiociutat.com\\\/es\\\/#\\\/schema\\\/person\\\/ea8722499f2255e1477bd2975629dc71\",\"name\":\"ACN\",\"sameAs\":[\"https:\\\/\\\/radiociutat.com\\\/wp-content\\\/uploads\\\/2023\\\/09\\\/acn-e1694789176650.png\"],\"url\":\"https:\\\/\\\/radiociutat.com\\\/es\\\/author\\\/acn\\\/\"}]}<\/script>\n<!-- \/ Yoast SEO Premium plugin. -->","yoast_head_json":{"title":"Muere atropellado un peat\u00f3n en la T-750 en la Pobla de Mafumet - R\u00e0dio Ciutat de Tarragona","robots":{"index":"index","follow":"follow","max-snippet":"max-snippet:-1","max-image-preview":"max-image-preview:large","max-video-preview":"max-video-preview:-1"},"canonical":"https:\/\/radiociutat.com\/es\/ultimas-noticias\/cronicas\/muere-atropellado-un-peaton-en-la-t-750-en-la-pobla-de-mafumet\/","og_locale":"es_ES","og_type":"article","og_title":"Muere atropellado un peat\u00f3n en la T-750 en la Pobla de Mafumet","og_description":"Un peat\u00f3n ha muerto este mi\u00e9rcoles por la tarde en el kil\u00f3metro 1,8 de la carretera T-750, en el t\u00e9rmino municipal de la Pobla de Mafumet. Los servicios de emergencia han recibido el aviso del suceso hacia las cinco y cuarto. Por causas que se investigan, un cami\u00f3n cisterna que se encontraba en el interior [&hellip;]","og_url":"https:\/\/radiociutat.com\/es\/ultimas-noticias\/cronicas\/muere-atropellado-un-peaton-en-la-t-750-en-la-pobla-de-mafumet\/","og_site_name":"R\u00e0dio Ciutat de Tarragona","article_publisher":"https:\/\/www.facebook.com\/rctgn","article_published_time":"2026-04-30T08:46:14+00:00","og_image":[{"width":3000,"height":3000,"url":"https:\/\/files.radiociutat.com\/rctgn\/wp-content\/uploads\/2021\/03\/LOGO-RCTGN-RADIO-CIUTAT-DE-TARRAGONA-TRANSPARENTE-TARRAGONA-2020-3000X3000-Redes1-copia.png","type":"image\/png"}],"author":"ACN","twitter_card":"summary_large_image","twitter_creator":"@RCTgn","twitter_site":"@RCTgn","twitter_misc":{"Escrito por":"ACN","Tiempo de lectura":"1 minuto"},"schema":{"@context":"https:\/\/schema.org","@graph":[{"@type":"Article","@id":"https:\/\/radiociutat.com\/es\/ultimas-noticias\/cronicas\/muere-atropellado-un-peaton-en-la-t-750-en-la-pobla-de-mafumet\/#article","isPartOf":{"@id":"https:\/\/radiociutat.com\/es\/ultimas-noticias\/cronicas\/muere-atropellado-un-peaton-en-la-t-750-en-la-pobla-de-mafumet\/"},"author":{"name":"ACN","@id":"https:\/\/radiociutat.com\/es\/#\/schema\/person\/ea8722499f2255e1477bd2975629dc71"},"headline":"Muere atropellado un peat\u00f3n en la T-750 en la Pobla de Mafumet","datePublished":"2026-04-30T08:46:14+00:00","mainEntityOfPage":{"@id":"https:\/\/radiociutat.com\/es\/ultimas-noticias\/cronicas\/muere-atropellado-un-peaton-en-la-t-750-en-la-pobla-de-mafumet\/"},"wordCount":175,"image":{"@id":"https:\/\/radiociutat.com\/es\/ultimas-noticias\/cronicas\/muere-atropellado-un-peaton-en-la-t-750-en-la-pobla-de-mafumet\/#primaryimage"},"thumbnailUrl":"https:\/\/files.radiociutat.com\/rctgn\/wp-content\/uploads\/2026\/04\/t750-pobla-mafumet-e1777538756603.png","keywords":["Actualitat","not\u00edcies","Pobla de Mafumet","Pol\u00edgon Qu\u00edmic","T-750","Tarragona","TGN"],"articleSection":["Cr\u00f3nicas"],"inLanguage":"es"},{"@type":"WebPage","@id":"https:\/\/radiociutat.com\/es\/ultimas-noticias\/cronicas\/muere-atropellado-un-peaton-en-la-t-750-en-la-pobla-de-mafumet\/","url":"https:\/\/radiociutat.com\/es\/ultimas-noticias\/cronicas\/muere-atropellado-un-peaton-en-la-t-750-en-la-pobla-de-mafumet\/","name":"Muere atropellado un peat\u00f3n en la T-750 en la Pobla de Mafumet - R\u00e0dio Ciutat de Tarragona","isPartOf":{"@id":"https:\/\/radiociutat.com\/es\/#website"},"primaryImageOfPage":{"@id":"https:\/\/radiociutat.com\/es\/ultimas-noticias\/cronicas\/muere-atropellado-un-peaton-en-la-t-750-en-la-pobla-de-mafumet\/#primaryimage"},"image":{"@id":"https:\/\/radiociutat.com\/es\/ultimas-noticias\/cronicas\/muere-atropellado-un-peaton-en-la-t-750-en-la-pobla-de-mafumet\/#primaryimage"},"thumbnailUrl":"https:\/\/files.radiociutat.com\/rctgn\/wp-content\/uploads\/2026\/04\/t750-pobla-mafumet-e1777538756603.png","datePublished":"2026-04-30T08:46:14+00:00","author":{"@id":"https:\/\/radiociutat.com\/es\/#\/schema\/person\/ea8722499f2255e1477bd2975629dc71"},"breadcrumb":{"@id":"https:\/\/radiociutat.com\/es\/ultimas-noticias\/cronicas\/muere-atropellado-un-peaton-en-la-t-750-en-la-pobla-de-mafumet\/#breadcrumb"},"inLanguage":"es","potentialAction":[{"@type":"ReadAction","target":["https:\/\/radiociutat.com\/es\/ultimas-noticias\/cronicas\/muere-atropellado-un-peaton-en-la-t-750-en-la-pobla-de-mafumet\/"]}]},{"@type":"ImageObject","inLanguage":"es","@id":"https:\/\/radiociutat.com\/es\/ultimas-noticias\/cronicas\/muere-atropellado-un-peaton-en-la-t-750-en-la-pobla-de-mafumet\/#primaryimage","url":"https:\/\/files.radiociutat.com\/rctgn\/wp-content\/uploads\/2026\/04\/t750-pobla-mafumet-e1777538756603.png","contentUrl":"https:\/\/files.radiociutat.com\/rctgn\/wp-content\/uploads\/2026\/04\/t750-pobla-mafumet-e1777538756603.png","width":1281,"height":688},{"@type":"BreadcrumbList","@id":"https:\/\/radiociutat.com\/es\/ultimas-noticias\/cronicas\/muere-atropellado-un-peaton-en-la-t-750-en-la-pobla-de-mafumet\/#breadcrumb","itemListElement":[{"@type":"ListItem","position":1,"name":"Inici","item":"https:\/\/radiociutat.com\/es\/"},{"@type":"ListItem","position":2,"name":"Muere atropellado un peat\u00f3n en la T-750 en la Pobla de Mafumet"}]},{"@type":"WebSite","@id":"https:\/\/radiociutat.com\/es\/#website","url":"https:\/\/radiociutat.com\/es\/","name":"R\u00e0dio Ciutat de Tarragona","description":"R\u00e0dio Ciutat de Tarragona - RCTgn.cat R\u00e0dio Online","potentialAction":[{"@type":"SearchAction","target":{"@type":"EntryPoint","urlTemplate":"https:\/\/radiociutat.com\/es\/?s={search_term_string}"},"query-input":{"@type":"PropertyValueSpecification","valueRequired":true,"valueName":"search_term_string"}}],"inLanguage":"es"},{"@type":"Person","@id":"https:\/\/radiociutat.com\/es\/#\/schema\/person\/ea8722499f2255e1477bd2975629dc71","name":"ACN","sameAs":["https:\/\/radiociutat.com\/wp-content\/uploads\/2023\/09\/acn-e1694789176650.png"],"url":"https:\/\/radiociutat.com\/es\/author\/acn\/"}]}},"_links":{"self":[{"href":"https:\/\/radiociutat.com\/es\/wp-json\/wp\/v2\/posts\/379034","targetHints":{"allow":["GET"]}}],"collection":[{"href":"https:\/\/radiociutat.com\/es\/wp-json\/wp\/v2\/posts"}],"about":[{"href":"https:\/\/radiociutat.com\/es\/wp-json\/wp\/v2\/types\/post"}],"author":[{"embeddable":true,"href":"https:\/\/radiociutat.com\/es\/wp-json\/wp\/v2\/users\/57"}],"replies":[{"embeddable":true,"href":"https:\/\/radiociutat.com\/es\/wp-json\/wp\/v2\/comments?post=379034"}],"version-history":[{"count":0,"href":"https:\/\/radiociutat.com\/es\/wp-json\/wp\/v2\/posts\/379034\/revisions"}],"wp:featuredmedia":[{"embeddable":true,"href":"https:\/\/radiociutat.com\/es\/wp-json\/wp\/v2\/media\/379031"}],"wp:attachment":[{"href":"https:\/\/radiociutat.com\/es\/wp-json\/wp\/v2\/media?parent=379034"}],"wp:term":[{"taxonomy":"category","embeddable":true,"href":"https:\/\/radiociutat.com\/es\/wp-json\/wp\/v2\/categories?post=379034"},{"taxonomy":"post_tag","embeddable":true,"href":"https:\/\/radiociutat.com\/es\/wp-json\/wp\/v2\/tags?post=379034"}],"curies":[{"name":"wp","href":"https:\/\/api.w.org\/{rel}","templated":true}]}}