{"id":379027,"date":"2026-04-30T10:35:12","date_gmt":"2026-04-30T08:35:12","guid":{"rendered":"https:\/\/radiociutat.com\/programes-podcast\/el-tamarit-beach-resort-celebra-65-anos-como-referente-del-turismo-familiar\/"},"modified":"2026-04-30T10:35:12","modified_gmt":"2026-04-30T08:35:12","slug":"el-tamarit-beach-resort-celebra-65-anos-como-referente-del-turismo-familiar","status":"publish","type":"post","link":"https:\/\/radiociutat.com\/es\/ultimas-noticias\/cronicas\/el-tamarit-beach-resort-celebra-65-anos-como-referente-del-turismo-familiar\/","title":{"rendered":"El Tamarit Beach Resort celebra 65 a\u00f1os como referente del turismo familiar"},"content":{"rendered":"\n<p>El Tamarit Beach Resort celebra 65 a\u00f1os de historia consolidado como uno de los grandes referentes del camping y del turismo familiar en la Costa Daurada.<\/p>\n\n\n\n<p>El acto conmemorativo se ha celebrado este martes en Tamarit y ha estado presidido por la primera teniente de alcalde de Tarragona, Montse Adan. La celebraci\u00f3n ha reunido a diversas autoridades, representantes del sector tur\u00edstico, colaboradores y clientes, entre ellos el presidente de Tamba Group, Carlos Dexeus.<\/p>\n\n\n\n<p>Durante el acto, se ha puesto en valor la trayectoria del resort, fundado en 1961, y su evoluci\u00f3n constante hasta convertirse en un camping de cinco estrellas reconocido a nivel estatal y europeo. Dexeus ha destacado que el aniversario representa \u201cuna manera de entender la hospitalidad, el territorio y el compromiso con las personas\u201d, subrayando el papel clave del equipo humano y la confianza de varias generaciones de clientes.<\/p>\n\n\n\n<p>El complejo afronta ahora una nueva etapa con el objetivo de desestacionalizar la actividad y mantenerse abierto todo el a\u00f1o, apostando por nuevos segmentos como el turismo s\u00e9nior, los eventos y los grupos deportivos, con una oferta adaptada y sostenible.<\/p>\n\n\n\n<p>Por su parte, Montse Adan ha remarcado el prestigio que aporta el resort a la oferta tur\u00edstica de la ciudad, mientras que la subdelegada del Gobierno, Elisabet Romero, y la directora territorial de Empresa y Trabajo, Maria del Mar Gin\u00e9, han destacado su contribuci\u00f3n econ\u00f3mica y su apuesta por la calidad.<\/p>\n\n\n\n<p>La celebraci\u00f3n llega, adem\u00e1s, en un momento de reconocimiento internacional, con premios como el de ACSI Awards 2025 al mejor camping de Espa\u00f1a y una menci\u00f3n honor\u00edfica en los ACSI Awards Espa\u00f1a 2026, as\u00ed como la nominaci\u00f3n a los PiNCAMP Awards.<\/p>\n","protected":false},"excerpt":{"rendered":"<p>El Tamarit Beach Resort celebra 65 a\u00f1os de historia consolidado como uno de los grandes referentes del camping y del turismo familiar en la Costa Daurada. El acto conmemorativo se ha celebrado este martes en Tamarit y ha estado presidido por la primera teniente de alcalde de Tarragona, Montse Adan. La celebraci\u00f3n ha reunido a [&hellip;]<\/p>\n","protected":false},"author":1,"featured_media":379024,"comment_status":"closed","ping_status":"closed","sticky":false,"template":"","format":"standard","meta":{"footnotes":""},"categories":[13688],"tags":[128,10609,260,129,2208,19,218,448],"class_list":["post-379027","post","type-post","status-publish","format-standard","has-post-thumbnail","hentry","category-cronicas","tag-actualitat","tag-camping-2","tag-noticies","tag-societat","tag-tamarit","tag-tarragona","tag-tgn","tag-turisme"],"yoast_head":"<!-- This site is optimized with the Yoast SEO Premium plugin v27.4 (Yoast SEO v27.5) - https:\/\/yoast.com\/product\/yoast-seo-premium-wordpress\/ -->\n<title>El Tamarit Beach Resort celebra 65 a\u00f1os como referente del turismo familiar - R\u00e0dio Ciutat de Tarragona<\/title>\n<meta name=\"robots\" content=\"index, follow, max-snippet:-1, max-image-preview:large, max-video-preview:-1\" \/>\n<link rel=\"canonical\" href=\"https:\/\/radiociutat.com\/es\/ultimas-noticias\/cronicas\/el-tamarit-beach-resort-celebra-65-anos-como-referente-del-turismo-familiar\/\" \/>\n<meta property=\"og:locale\" content=\"es_ES\" \/>\n<meta property=\"og:type\" content=\"article\" \/>\n<meta property=\"og:title\" content=\"El Tamarit Beach Resort celebra 65 a\u00f1os como referente del turismo familiar\" \/>\n<meta property=\"og:description\" content=\"El Tamarit Beach Resort celebra 65 a\u00f1os de historia consolidado como uno de los grandes referentes del camping y del turismo familiar en la Costa Daurada. El acto conmemorativo se ha celebrado este martes en Tamarit y ha estado presidido por la primera teniente de alcalde de Tarragona, Montse Adan. La celebraci\u00f3n ha reunido a [&hellip;]\" \/>\n<meta property=\"og:url\" content=\"https:\/\/radiociutat.com\/es\/ultimas-noticias\/cronicas\/el-tamarit-beach-resort-celebra-65-anos-como-referente-del-turismo-familiar\/\" \/>\n<meta property=\"og:site_name\" content=\"R\u00e0dio Ciutat de Tarragona\" \/>\n<meta property=\"article:publisher\" content=\"https:\/\/www.facebook.com\/rctgn\" \/>\n<meta property=\"article:published_time\" content=\"2026-04-30T08:35:12+00:00\" \/>\n<meta property=\"og:image\" content=\"https:\/\/files.radiociutat.com\/rctgn\/wp-content\/uploads\/2021\/03\/LOGO-RCTGN-RADIO-CIUTAT-DE-TARRAGONA-TRANSPARENTE-TARRAGONA-2020-3000X3000-Redes1-copia.png\" \/>\n\t<meta property=\"og:image:width\" content=\"3000\" \/>\n\t<meta property=\"og:image:height\" content=\"3000\" \/>\n\t<meta property=\"og:image:type\" content=\"image\/png\" \/>\n<meta name=\"author\" content=\"Redacci\u00f3\" \/>\n<meta name=\"twitter:card\" content=\"summary_large_image\" \/>\n<meta name=\"twitter:creator\" content=\"@RCTgn\" \/>\n<meta name=\"twitter:site\" content=\"@RCTgn\" \/>\n<meta name=\"twitter:label1\" content=\"Escrito por\" \/>\n\t<meta name=\"twitter:data1\" content=\"Redacci\u00f3\" \/>\n\t<meta name=\"twitter:label2\" content=\"Tiempo de lectura\" \/>\n\t<meta name=\"twitter:data2\" content=\"1 minuto\" \/>\n<script type=\"application\/ld+json\" class=\"yoast-schema-graph\">{\"@context\":\"https:\\\/\\\/schema.org\",\"@graph\":[{\"@type\":\"Article\",\"@id\":\"https:\\\/\\\/radiociutat.com\\\/es\\\/ultimas-noticias\\\/cronicas\\\/el-tamarit-beach-resort-celebra-65-anos-como-referente-del-turismo-familiar\\\/#article\",\"isPartOf\":{\"@id\":\"https:\\\/\\\/radiociutat.com\\\/es\\\/ultimas-noticias\\\/cronicas\\\/el-tamarit-beach-resort-celebra-65-anos-como-referente-del-turismo-familiar\\\/\"},\"author\":{\"name\":\"Redacci\u00f3\",\"@id\":\"https:\\\/\\\/radiociutat.com\\\/es\\\/#\\\/schema\\\/person\\\/04b6638f9d2a9ea77408db76c5d8f0b5\"},\"headline\":\"El Tamarit Beach Resort celebra 65 a\u00f1os como referente del turismo familiar\",\"datePublished\":\"2026-04-30T08:35:12+00:00\",\"mainEntityOfPage\":{\"@id\":\"https:\\\/\\\/radiociutat.com\\\/es\\\/ultimas-noticias\\\/cronicas\\\/el-tamarit-beach-resort-celebra-65-anos-como-referente-del-turismo-familiar\\\/\"},\"wordCount\":298,\"image\":{\"@id\":\"https:\\\/\\\/radiociutat.com\\\/es\\\/ultimas-noticias\\\/cronicas\\\/el-tamarit-beach-resort-celebra-65-anos-como-referente-del-turismo-familiar\\\/#primaryimage\"},\"thumbnailUrl\":\"https:\\\/\\\/files.radiociutat.com\\\/rctgn\\\/wp-content\\\/uploads\\\/2026\\\/04\\\/tamarit-beach-resort-65-anys-scaled-e1777538063690.jpg\",\"keywords\":[\"Actualitat\",\"C\u00e0mping\",\"not\u00edcies\",\"Societat\",\"tamarit\",\"Tarragona\",\"TGN\",\"Turisme\"],\"articleSection\":[\"Cr\u00f3nicas\"],\"inLanguage\":\"es\"},{\"@type\":\"WebPage\",\"@id\":\"https:\\\/\\\/radiociutat.com\\\/es\\\/ultimas-noticias\\\/cronicas\\\/el-tamarit-beach-resort-celebra-65-anos-como-referente-del-turismo-familiar\\\/\",\"url\":\"https:\\\/\\\/radiociutat.com\\\/es\\\/ultimas-noticias\\\/cronicas\\\/el-tamarit-beach-resort-celebra-65-anos-como-referente-del-turismo-familiar\\\/\",\"name\":\"El Tamarit Beach Resort celebra 65 a\u00f1os como referente del turismo familiar - R\u00e0dio Ciutat de Tarragona\",\"isPartOf\":{\"@id\":\"https:\\\/\\\/radiociutat.com\\\/es\\\/#website\"},\"primaryImageOfPage\":{\"@id\":\"https:\\\/\\\/radiociutat.com\\\/es\\\/ultimas-noticias\\\/cronicas\\\/el-tamarit-beach-resort-celebra-65-anos-como-referente-del-turismo-familiar\\\/#primaryimage\"},\"image\":{\"@id\":\"https:\\\/\\\/radiociutat.com\\\/es\\\/ultimas-noticias\\\/cronicas\\\/el-tamarit-beach-resort-celebra-65-anos-como-referente-del-turismo-familiar\\\/#primaryimage\"},\"thumbnailUrl\":\"https:\\\/\\\/files.radiociutat.com\\\/rctgn\\\/wp-content\\\/uploads\\\/2026\\\/04\\\/tamarit-beach-resort-65-anys-scaled-e1777538063690.jpg\",\"datePublished\":\"2026-04-30T08:35:12+00:00\",\"author\":{\"@id\":\"https:\\\/\\\/radiociutat.com\\\/es\\\/#\\\/schema\\\/person\\\/04b6638f9d2a9ea77408db76c5d8f0b5\"},\"breadcrumb\":{\"@id\":\"https:\\\/\\\/radiociutat.com\\\/es\\\/ultimas-noticias\\\/cronicas\\\/el-tamarit-beach-resort-celebra-65-anos-como-referente-del-turismo-familiar\\\/#breadcrumb\"},\"inLanguage\":\"es\",\"potentialAction\":[{\"@type\":\"ReadAction\",\"target\":[\"https:\\\/\\\/radiociutat.com\\\/es\\\/ultimas-noticias\\\/cronicas\\\/el-tamarit-beach-resort-celebra-65-anos-como-referente-del-turismo-familiar\\\/\"]}]},{\"@type\":\"ImageObject\",\"inLanguage\":\"es\",\"@id\":\"https:\\\/\\\/radiociutat.com\\\/es\\\/ultimas-noticias\\\/cronicas\\\/el-tamarit-beach-resort-celebra-65-anos-como-referente-del-turismo-familiar\\\/#primaryimage\",\"url\":\"https:\\\/\\\/files.radiociutat.com\\\/rctgn\\\/wp-content\\\/uploads\\\/2026\\\/04\\\/tamarit-beach-resort-65-anys-scaled-e1777538063690.jpg\",\"contentUrl\":\"https:\\\/\\\/files.radiociutat.com\\\/rctgn\\\/wp-content\\\/uploads\\\/2026\\\/04\\\/tamarit-beach-resort-65-anys-scaled-e1777538063690.jpg\",\"width\":2560,\"height\":1440},{\"@type\":\"BreadcrumbList\",\"@id\":\"https:\\\/\\\/radiociutat.com\\\/es\\\/ultimas-noticias\\\/cronicas\\\/el-tamarit-beach-resort-celebra-65-anos-como-referente-del-turismo-familiar\\\/#breadcrumb\",\"itemListElement\":[{\"@type\":\"ListItem\",\"position\":1,\"name\":\"Inici\",\"item\":\"https:\\\/\\\/radiociutat.com\\\/es\\\/\"},{\"@type\":\"ListItem\",\"position\":2,\"name\":\"El Tamarit Beach Resort celebra 65 a\u00f1os como referente del turismo familiar\"}]},{\"@type\":\"WebSite\",\"@id\":\"https:\\\/\\\/radiociutat.com\\\/es\\\/#website\",\"url\":\"https:\\\/\\\/radiociutat.com\\\/es\\\/\",\"name\":\"R\u00e0dio Ciutat de Tarragona\",\"description\":\"R\u00e0dio Ciutat de Tarragona - RCTgn.cat R\u00e0dio Online\",\"potentialAction\":[{\"@type\":\"SearchAction\",\"target\":{\"@type\":\"EntryPoint\",\"urlTemplate\":\"https:\\\/\\\/radiociutat.com\\\/es\\\/?s={search_term_string}\"},\"query-input\":{\"@type\":\"PropertyValueSpecification\",\"valueRequired\":true,\"valueName\":\"search_term_string\"}}],\"inLanguage\":\"es\"},{\"@type\":\"Person\",\"@id\":\"https:\\\/\\\/radiociutat.com\\\/es\\\/#\\\/schema\\\/person\\\/04b6638f9d2a9ea77408db76c5d8f0b5\",\"name\":\"Redacci\u00f3\",\"sameAs\":[\"https:\\\/\\\/radiociutat.com\\\/wp-content\\\/uploads\\\/2023\\\/09\\\/LOGO-RCTGN-CUADRAT.png\"],\"url\":\"https:\\\/\\\/radiociutat.com\\\/es\\\/author\\\/jespinosa\\\/\"}]}<\/script>\n<!-- \/ Yoast SEO Premium plugin. -->","yoast_head_json":{"title":"El Tamarit Beach Resort celebra 65 a\u00f1os como referente del turismo familiar - R\u00e0dio Ciutat de Tarragona","robots":{"index":"index","follow":"follow","max-snippet":"max-snippet:-1","max-image-preview":"max-image-preview:large","max-video-preview":"max-video-preview:-1"},"canonical":"https:\/\/radiociutat.com\/es\/ultimas-noticias\/cronicas\/el-tamarit-beach-resort-celebra-65-anos-como-referente-del-turismo-familiar\/","og_locale":"es_ES","og_type":"article","og_title":"El Tamarit Beach Resort celebra 65 a\u00f1os como referente del turismo familiar","og_description":"El Tamarit Beach Resort celebra 65 a\u00f1os de historia consolidado como uno de los grandes referentes del camping y del turismo familiar en la Costa Daurada. El acto conmemorativo se ha celebrado este martes en Tamarit y ha estado presidido por la primera teniente de alcalde de Tarragona, Montse Adan. La celebraci\u00f3n ha reunido a [&hellip;]","og_url":"https:\/\/radiociutat.com\/es\/ultimas-noticias\/cronicas\/el-tamarit-beach-resort-celebra-65-anos-como-referente-del-turismo-familiar\/","og_site_name":"R\u00e0dio Ciutat de Tarragona","article_publisher":"https:\/\/www.facebook.com\/rctgn","article_published_time":"2026-04-30T08:35:12+00:00","og_image":[{"width":3000,"height":3000,"url":"https:\/\/files.radiociutat.com\/rctgn\/wp-content\/uploads\/2021\/03\/LOGO-RCTGN-RADIO-CIUTAT-DE-TARRAGONA-TRANSPARENTE-TARRAGONA-2020-3000X3000-Redes1-copia.png","type":"image\/png"}],"author":"Redacci\u00f3","twitter_card":"summary_large_image","twitter_creator":"@RCTgn","twitter_site":"@RCTgn","twitter_misc":{"Escrito por":"Redacci\u00f3","Tiempo de lectura":"1 minuto"},"schema":{"@context":"https:\/\/schema.org","@graph":[{"@type":"Article","@id":"https:\/\/radiociutat.com\/es\/ultimas-noticias\/cronicas\/el-tamarit-beach-resort-celebra-65-anos-como-referente-del-turismo-familiar\/#article","isPartOf":{"@id":"https:\/\/radiociutat.com\/es\/ultimas-noticias\/cronicas\/el-tamarit-beach-resort-celebra-65-anos-como-referente-del-turismo-familiar\/"},"author":{"name":"Redacci\u00f3","@id":"https:\/\/radiociutat.com\/es\/#\/schema\/person\/04b6638f9d2a9ea77408db76c5d8f0b5"},"headline":"El Tamarit Beach Resort celebra 65 a\u00f1os como referente del turismo familiar","datePublished":"2026-04-30T08:35:12+00:00","mainEntityOfPage":{"@id":"https:\/\/radiociutat.com\/es\/ultimas-noticias\/cronicas\/el-tamarit-beach-resort-celebra-65-anos-como-referente-del-turismo-familiar\/"},"wordCount":298,"image":{"@id":"https:\/\/radiociutat.com\/es\/ultimas-noticias\/cronicas\/el-tamarit-beach-resort-celebra-65-anos-como-referente-del-turismo-familiar\/#primaryimage"},"thumbnailUrl":"https:\/\/files.radiociutat.com\/rctgn\/wp-content\/uploads\/2026\/04\/tamarit-beach-resort-65-anys-scaled-e1777538063690.jpg","keywords":["Actualitat","C\u00e0mping","not\u00edcies","Societat","tamarit","Tarragona","TGN","Turisme"],"articleSection":["Cr\u00f3nicas"],"inLanguage":"es"},{"@type":"WebPage","@id":"https:\/\/radiociutat.com\/es\/ultimas-noticias\/cronicas\/el-tamarit-beach-resort-celebra-65-anos-como-referente-del-turismo-familiar\/","url":"https:\/\/radiociutat.com\/es\/ultimas-noticias\/cronicas\/el-tamarit-beach-resort-celebra-65-anos-como-referente-del-turismo-familiar\/","name":"El Tamarit Beach Resort celebra 65 a\u00f1os como referente del turismo familiar - R\u00e0dio Ciutat de Tarragona","isPartOf":{"@id":"https:\/\/radiociutat.com\/es\/#website"},"primaryImageOfPage":{"@id":"https:\/\/radiociutat.com\/es\/ultimas-noticias\/cronicas\/el-tamarit-beach-resort-celebra-65-anos-como-referente-del-turismo-familiar\/#primaryimage"},"image":{"@id":"https:\/\/radiociutat.com\/es\/ultimas-noticias\/cronicas\/el-tamarit-beach-resort-celebra-65-anos-como-referente-del-turismo-familiar\/#primaryimage"},"thumbnailUrl":"https:\/\/files.radiociutat.com\/rctgn\/wp-content\/uploads\/2026\/04\/tamarit-beach-resort-65-anys-scaled-e1777538063690.jpg","datePublished":"2026-04-30T08:35:12+00:00","author":{"@id":"https:\/\/radiociutat.com\/es\/#\/schema\/person\/04b6638f9d2a9ea77408db76c5d8f0b5"},"breadcrumb":{"@id":"https:\/\/radiociutat.com\/es\/ultimas-noticias\/cronicas\/el-tamarit-beach-resort-celebra-65-anos-como-referente-del-turismo-familiar\/#breadcrumb"},"inLanguage":"es","potentialAction":[{"@type":"ReadAction","target":["https:\/\/radiociutat.com\/es\/ultimas-noticias\/cronicas\/el-tamarit-beach-resort-celebra-65-anos-como-referente-del-turismo-familiar\/"]}]},{"@type":"ImageObject","inLanguage":"es","@id":"https:\/\/radiociutat.com\/es\/ultimas-noticias\/cronicas\/el-tamarit-beach-resort-celebra-65-anos-como-referente-del-turismo-familiar\/#primaryimage","url":"https:\/\/files.radiociutat.com\/rctgn\/wp-content\/uploads\/2026\/04\/tamarit-beach-resort-65-anys-scaled-e1777538063690.jpg","contentUrl":"https:\/\/files.radiociutat.com\/rctgn\/wp-content\/uploads\/2026\/04\/tamarit-beach-resort-65-anys-scaled-e1777538063690.jpg","width":2560,"height":1440},{"@type":"BreadcrumbList","@id":"https:\/\/radiociutat.com\/es\/ultimas-noticias\/cronicas\/el-tamarit-beach-resort-celebra-65-anos-como-referente-del-turismo-familiar\/#breadcrumb","itemListElement":[{"@type":"ListItem","position":1,"name":"Inici","item":"https:\/\/radiociutat.com\/es\/"},{"@type":"ListItem","position":2,"name":"El Tamarit Beach Resort celebra 65 a\u00f1os como referente del turismo familiar"}]},{"@type":"WebSite","@id":"https:\/\/radiociutat.com\/es\/#website","url":"https:\/\/radiociutat.com\/es\/","name":"R\u00e0dio Ciutat de Tarragona","description":"R\u00e0dio Ciutat de Tarragona - RCTgn.cat R\u00e0dio Online","potentialAction":[{"@type":"SearchAction","target":{"@type":"EntryPoint","urlTemplate":"https:\/\/radiociutat.com\/es\/?s={search_term_string}"},"query-input":{"@type":"PropertyValueSpecification","valueRequired":true,"valueName":"search_term_string"}}],"inLanguage":"es"},{"@type":"Person","@id":"https:\/\/radiociutat.com\/es\/#\/schema\/person\/04b6638f9d2a9ea77408db76c5d8f0b5","name":"Redacci\u00f3","sameAs":["https:\/\/radiociutat.com\/wp-content\/uploads\/2023\/09\/LOGO-RCTGN-CUADRAT.png"],"url":"https:\/\/radiociutat.com\/es\/author\/jespinosa\/"}]}},"_links":{"self":[{"href":"https:\/\/radiociutat.com\/es\/wp-json\/wp\/v2\/posts\/379027","targetHints":{"allow":["GET"]}}],"collection":[{"href":"https:\/\/radiociutat.com\/es\/wp-json\/wp\/v2\/posts"}],"about":[{"href":"https:\/\/radiociutat.com\/es\/wp-json\/wp\/v2\/types\/post"}],"author":[{"embeddable":true,"href":"https:\/\/radiociutat.com\/es\/wp-json\/wp\/v2\/users\/1"}],"replies":[{"embeddable":true,"href":"https:\/\/radiociutat.com\/es\/wp-json\/wp\/v2\/comments?post=379027"}],"version-history":[{"count":0,"href":"https:\/\/radiociutat.com\/es\/wp-json\/wp\/v2\/posts\/379027\/revisions"}],"wp:featuredmedia":[{"embeddable":true,"href":"https:\/\/radiociutat.com\/es\/wp-json\/wp\/v2\/media\/379024"}],"wp:attachment":[{"href":"https:\/\/radiociutat.com\/es\/wp-json\/wp\/v2\/media?parent=379027"}],"wp:term":[{"taxonomy":"category","embeddable":true,"href":"https:\/\/radiociutat.com\/es\/wp-json\/wp\/v2\/categories?post=379027"},{"taxonomy":"post_tag","embeddable":true,"href":"https:\/\/radiociutat.com\/es\/wp-json\/wp\/v2\/tags?post=379027"}],"curies":[{"name":"wp","href":"https:\/\/api.w.org\/{rel}","templated":true}]}}