{"id":379014,"date":"2026-04-29T18:33:56","date_gmt":"2026-04-29T16:33:56","guid":{"rendered":"https:\/\/radiociutat.com\/programes-podcast\/siete-detenidos-en-campclar-por-cultivar-y-vender-drogas-en-pisos-ocupados\/"},"modified":"2026-04-29T18:33:56","modified_gmt":"2026-04-29T16:33:56","slug":"siete-detenidos-en-campclar-por-cultivar-y-vender-drogas-en-pisos-ocupados","status":"publish","type":"post","link":"https:\/\/radiociutat.com\/es\/ultimas-noticias\/cronicas\/siete-detenidos-en-campclar-por-cultivar-y-vender-drogas-en-pisos-ocupados\/","title":{"rendered":"Siete detenidos en Campclar por cultivar y vender drogas en pisos ocupados"},"content":{"rendered":"\n<p>Los Mossos d&#8217;Esquadra han detenido a siete personas y han desmantelado varios puntos de venta de drogas y plantaciones de marihuana en el barrio de Campclar de Tarragona. La investigaci\u00f3n comenz\u00f3 hace dos meses, al recibirse informaci\u00f3n sobre pisos ocupados en el barrio donde se distribu\u00edan sustancias estupefacientes.<\/p>\n\n\n\n<p>Uno de estos puntos de venta estaba muy cerca de un centro escolar. En total, se ha desmantelado un piso y un local donde se vend\u00eda droga. En el piso tambi\u00e9n se consum\u00eda (narcopiso). En otros tres pisos, los Mossos han encontrado unas 700 plantas de marihuana. Los arrestados acumulan m\u00e1s de un centenar de antecedentes policiales, uno es menor de edad y otro ten\u00eda una orden vigente de detenci\u00f3n. En las pr\u00f3ximas horas pasar\u00e1n a disposici\u00f3n judicial.<\/p>\n\n\n\n<p>El dispositivo policial ha identificado cinco puntos vinculados a la actividad delictiva, entre ellos uno de los pisos y el local que se utilizaban como puntos de venta de drogas y otros tres pisos donde hab\u00eda cultivos interiores de cannabis, con un total de 700 plantas. En las entradas y registros realizados este mi\u00e9rcoles al mediod\u00eda, los agentes han intervenido 70 dosis de coca\u00edna, 6,75 gramos de coca\u00edna en roca y 89 dosis de hero\u00edna, todas ellas preparadas para la venta al detalle.<\/p>\n\n\n\n<p>Adem\u00e1s de la droga intervenida, se han rescatado tres cachorros de perro de raza pastor belga Malinois y American Staffordshire terrier, que han quedado a disposici\u00f3n de los servicios competentes.<\/p>\n\n\n\n<h3 class=\"wp-block-heading\" id=\"h-frau-de-llum-i-pisos-per-a-usos-socials\"><strong><em>Fraude el\u00e9ctrico y pisos para usos sociales<\/em><\/strong><\/h3>\n\n\n\n<p>Tambi\u00e9n se ha comprobado que hab\u00eda hasta nueve suministros el\u00e9ctricos fraudulentos, con un total de 230.000 kW defraudados y un perjuicio econ\u00f3mico estimado en unos 50.000 euros anuales, motivo por el cual los t\u00e9cnicos han procedido a la desconexi\u00f3n. La Agencia de la Vivienda de Catalu\u00f1a ha recuperado dos inmuebles, que ser\u00e1n destinados a usos sociales.<\/p>\n","protected":false},"excerpt":{"rendered":"<p>Los Mossos d&#8217;Esquadra han detenido a siete personas y han desmantelado varios puntos de venta de drogas y plantaciones de marihuana en el barrio de Campclar de Tarragona. La investigaci\u00f3n comenz\u00f3 hace dos meses, al recibirse informaci\u00f3n sobre pisos ocupados en el barrio donde se distribu\u00edan sustancias estupefacientes. Uno de estos puntos de venta estaba [&hellip;]<\/p>\n","protected":false},"author":57,"featured_media":378992,"comment_status":"closed","ping_status":"closed","sticky":false,"template":"","format":"standard","meta":{"footnotes":""},"categories":[13688],"tags":[128,825,15021,88,76,260,129,19,218],"class_list":["post-379014","post","type-post","status-publish","format-standard","has-post-thumbnail","hentry","category-cronicas","tag-actualitat","tag-campclar","tag-drogues","tag-info","tag-informatiu","tag-noticies","tag-societat","tag-tarragona","tag-tgn"],"yoast_head":"<!-- This site is optimized with the Yoast SEO Premium plugin v27.4 (Yoast SEO v27.5) - https:\/\/yoast.com\/product\/yoast-seo-premium-wordpress\/ -->\n<title>Siete detenidos en Campclar por cultivar y vender drogas en pisos ocupados - R\u00e0dio Ciutat de Tarragona<\/title>\n<meta name=\"robots\" content=\"index, follow, max-snippet:-1, max-image-preview:large, max-video-preview:-1\" \/>\n<link rel=\"canonical\" href=\"https:\/\/radiociutat.com\/es\/ultimas-noticias\/cronicas\/siete-detenidos-en-campclar-por-cultivar-y-vender-drogas-en-pisos-ocupados\/\" \/>\n<meta property=\"og:locale\" content=\"es_ES\" \/>\n<meta property=\"og:type\" content=\"article\" \/>\n<meta property=\"og:title\" content=\"Siete detenidos en Campclar por cultivar y vender drogas en pisos ocupados\" \/>\n<meta property=\"og:description\" content=\"Los Mossos d&#8217;Esquadra han detenido a siete personas y han desmantelado varios puntos de venta de drogas y plantaciones de marihuana en el barrio de Campclar de Tarragona. La investigaci\u00f3n comenz\u00f3 hace dos meses, al recibirse informaci\u00f3n sobre pisos ocupados en el barrio donde se distribu\u00edan sustancias estupefacientes. Uno de estos puntos de venta estaba [&hellip;]\" \/>\n<meta property=\"og:url\" content=\"https:\/\/radiociutat.com\/es\/ultimas-noticias\/cronicas\/siete-detenidos-en-campclar-por-cultivar-y-vender-drogas-en-pisos-ocupados\/\" \/>\n<meta property=\"og:site_name\" content=\"R\u00e0dio Ciutat de Tarragona\" \/>\n<meta property=\"article:publisher\" content=\"https:\/\/www.facebook.com\/rctgn\" \/>\n<meta property=\"article:published_time\" content=\"2026-04-29T16:33:56+00:00\" \/>\n<meta property=\"og:image\" content=\"https:\/\/files.radiociutat.com\/rctgn\/wp-content\/uploads\/2021\/03\/LOGO-RCTGN-RADIO-CIUTAT-DE-TARRAGONA-TRANSPARENTE-TARRAGONA-2020-3000X3000-Redes1-copia.png\" \/>\n\t<meta property=\"og:image:width\" content=\"3000\" \/>\n\t<meta property=\"og:image:height\" content=\"3000\" \/>\n\t<meta property=\"og:image:type\" content=\"image\/png\" \/>\n<meta name=\"author\" content=\"ACN\" \/>\n<meta name=\"twitter:card\" content=\"summary_large_image\" \/>\n<meta name=\"twitter:creator\" content=\"@RCTgn\" \/>\n<meta name=\"twitter:site\" content=\"@RCTgn\" \/>\n<meta name=\"twitter:label1\" content=\"Escrito por\" \/>\n\t<meta name=\"twitter:data1\" content=\"ACN\" \/>\n\t<meta name=\"twitter:label2\" content=\"Tiempo de lectura\" \/>\n\t<meta name=\"twitter:data2\" content=\"2 minutos\" \/>\n<script type=\"application\/ld+json\" class=\"yoast-schema-graph\">{\"@context\":\"https:\\\/\\\/schema.org\",\"@graph\":[{\"@type\":\"Article\",\"@id\":\"https:\\\/\\\/radiociutat.com\\\/es\\\/ultimas-noticias\\\/cronicas\\\/siete-detenidos-en-campclar-por-cultivar-y-vender-drogas-en-pisos-ocupados\\\/#article\",\"isPartOf\":{\"@id\":\"https:\\\/\\\/radiociutat.com\\\/es\\\/ultimas-noticias\\\/cronicas\\\/siete-detenidos-en-campclar-por-cultivar-y-vender-drogas-en-pisos-ocupados\\\/\"},\"author\":{\"name\":\"ACN\",\"@id\":\"https:\\\/\\\/radiociutat.com\\\/es\\\/#\\\/schema\\\/person\\\/ea8722499f2255e1477bd2975629dc71\"},\"headline\":\"Siete detenidos en Campclar por cultivar y vender drogas en pisos ocupados\",\"datePublished\":\"2026-04-29T16:33:56+00:00\",\"mainEntityOfPage\":{\"@id\":\"https:\\\/\\\/radiociutat.com\\\/es\\\/ultimas-noticias\\\/cronicas\\\/siete-detenidos-en-campclar-por-cultivar-y-vender-drogas-en-pisos-ocupados\\\/\"},\"wordCount\":337,\"image\":{\"@id\":\"https:\\\/\\\/radiociutat.com\\\/es\\\/ultimas-noticias\\\/cronicas\\\/siete-detenidos-en-campclar-por-cultivar-y-vender-drogas-en-pisos-ocupados\\\/#primaryimage\"},\"thumbnailUrl\":\"https:\\\/\\\/files.radiociutat.com\\\/rctgn\\\/wp-content\\\/uploads\\\/2026\\\/04\\\/Pisos-campclar-droga-mossos-scaled-e1777480383461.jpg\",\"keywords\":[\"Actualitat\",\"Campclar\",\"Drogues\",\"Info\",\"Informatiu\",\"not\u00edcies\",\"Societat\",\"Tarragona\",\"TGN\"],\"articleSection\":[\"Cr\u00f3nicas\"],\"inLanguage\":\"es\"},{\"@type\":\"WebPage\",\"@id\":\"https:\\\/\\\/radiociutat.com\\\/es\\\/ultimas-noticias\\\/cronicas\\\/siete-detenidos-en-campclar-por-cultivar-y-vender-drogas-en-pisos-ocupados\\\/\",\"url\":\"https:\\\/\\\/radiociutat.com\\\/es\\\/ultimas-noticias\\\/cronicas\\\/siete-detenidos-en-campclar-por-cultivar-y-vender-drogas-en-pisos-ocupados\\\/\",\"name\":\"Siete detenidos en Campclar por cultivar y vender drogas en pisos ocupados - R\u00e0dio Ciutat de Tarragona\",\"isPartOf\":{\"@id\":\"https:\\\/\\\/radiociutat.com\\\/es\\\/#website\"},\"primaryImageOfPage\":{\"@id\":\"https:\\\/\\\/radiociutat.com\\\/es\\\/ultimas-noticias\\\/cronicas\\\/siete-detenidos-en-campclar-por-cultivar-y-vender-drogas-en-pisos-ocupados\\\/#primaryimage\"},\"image\":{\"@id\":\"https:\\\/\\\/radiociutat.com\\\/es\\\/ultimas-noticias\\\/cronicas\\\/siete-detenidos-en-campclar-por-cultivar-y-vender-drogas-en-pisos-ocupados\\\/#primaryimage\"},\"thumbnailUrl\":\"https:\\\/\\\/files.radiociutat.com\\\/rctgn\\\/wp-content\\\/uploads\\\/2026\\\/04\\\/Pisos-campclar-droga-mossos-scaled-e1777480383461.jpg\",\"datePublished\":\"2026-04-29T16:33:56+00:00\",\"author\":{\"@id\":\"https:\\\/\\\/radiociutat.com\\\/es\\\/#\\\/schema\\\/person\\\/ea8722499f2255e1477bd2975629dc71\"},\"breadcrumb\":{\"@id\":\"https:\\\/\\\/radiociutat.com\\\/es\\\/ultimas-noticias\\\/cronicas\\\/siete-detenidos-en-campclar-por-cultivar-y-vender-drogas-en-pisos-ocupados\\\/#breadcrumb\"},\"inLanguage\":\"es\",\"potentialAction\":[{\"@type\":\"ReadAction\",\"target\":[\"https:\\\/\\\/radiociutat.com\\\/es\\\/ultimas-noticias\\\/cronicas\\\/siete-detenidos-en-campclar-por-cultivar-y-vender-drogas-en-pisos-ocupados\\\/\"]}]},{\"@type\":\"ImageObject\",\"inLanguage\":\"es\",\"@id\":\"https:\\\/\\\/radiociutat.com\\\/es\\\/ultimas-noticias\\\/cronicas\\\/siete-detenidos-en-campclar-por-cultivar-y-vender-drogas-en-pisos-ocupados\\\/#primaryimage\",\"url\":\"https:\\\/\\\/files.radiociutat.com\\\/rctgn\\\/wp-content\\\/uploads\\\/2026\\\/04\\\/Pisos-campclar-droga-mossos-scaled-e1777480383461.jpg\",\"contentUrl\":\"https:\\\/\\\/files.radiociutat.com\\\/rctgn\\\/wp-content\\\/uploads\\\/2026\\\/04\\\/Pisos-campclar-droga-mossos-scaled-e1777480383461.jpg\",\"width\":2560,\"height\":1920,\"caption\":\"oplus_144703488\"},{\"@type\":\"BreadcrumbList\",\"@id\":\"https:\\\/\\\/radiociutat.com\\\/es\\\/ultimas-noticias\\\/cronicas\\\/siete-detenidos-en-campclar-por-cultivar-y-vender-drogas-en-pisos-ocupados\\\/#breadcrumb\",\"itemListElement\":[{\"@type\":\"ListItem\",\"position\":1,\"name\":\"Inici\",\"item\":\"https:\\\/\\\/radiociutat.com\\\/es\\\/\"},{\"@type\":\"ListItem\",\"position\":2,\"name\":\"Siete detenidos en Campclar por cultivar y vender drogas en pisos ocupados\"}]},{\"@type\":\"WebSite\",\"@id\":\"https:\\\/\\\/radiociutat.com\\\/es\\\/#website\",\"url\":\"https:\\\/\\\/radiociutat.com\\\/es\\\/\",\"name\":\"R\u00e0dio Ciutat de Tarragona\",\"description\":\"R\u00e0dio Ciutat de Tarragona - RCTgn.cat R\u00e0dio Online\",\"potentialAction\":[{\"@type\":\"SearchAction\",\"target\":{\"@type\":\"EntryPoint\",\"urlTemplate\":\"https:\\\/\\\/radiociutat.com\\\/es\\\/?s={search_term_string}\"},\"query-input\":{\"@type\":\"PropertyValueSpecification\",\"valueRequired\":true,\"valueName\":\"search_term_string\"}}],\"inLanguage\":\"es\"},{\"@type\":\"Person\",\"@id\":\"https:\\\/\\\/radiociutat.com\\\/es\\\/#\\\/schema\\\/person\\\/ea8722499f2255e1477bd2975629dc71\",\"name\":\"ACN\",\"sameAs\":[\"https:\\\/\\\/radiociutat.com\\\/wp-content\\\/uploads\\\/2023\\\/09\\\/acn-e1694789176650.png\"],\"url\":\"https:\\\/\\\/radiociutat.com\\\/es\\\/author\\\/acn\\\/\"}]}<\/script>\n<!-- \/ Yoast SEO Premium plugin. -->","yoast_head_json":{"title":"Siete detenidos en Campclar por cultivar y vender drogas en pisos ocupados - R\u00e0dio Ciutat de Tarragona","robots":{"index":"index","follow":"follow","max-snippet":"max-snippet:-1","max-image-preview":"max-image-preview:large","max-video-preview":"max-video-preview:-1"},"canonical":"https:\/\/radiociutat.com\/es\/ultimas-noticias\/cronicas\/siete-detenidos-en-campclar-por-cultivar-y-vender-drogas-en-pisos-ocupados\/","og_locale":"es_ES","og_type":"article","og_title":"Siete detenidos en Campclar por cultivar y vender drogas en pisos ocupados","og_description":"Los Mossos d&#8217;Esquadra han detenido a siete personas y han desmantelado varios puntos de venta de drogas y plantaciones de marihuana en el barrio de Campclar de Tarragona. La investigaci\u00f3n comenz\u00f3 hace dos meses, al recibirse informaci\u00f3n sobre pisos ocupados en el barrio donde se distribu\u00edan sustancias estupefacientes. Uno de estos puntos de venta estaba [&hellip;]","og_url":"https:\/\/radiociutat.com\/es\/ultimas-noticias\/cronicas\/siete-detenidos-en-campclar-por-cultivar-y-vender-drogas-en-pisos-ocupados\/","og_site_name":"R\u00e0dio Ciutat de Tarragona","article_publisher":"https:\/\/www.facebook.com\/rctgn","article_published_time":"2026-04-29T16:33:56+00:00","og_image":[{"width":3000,"height":3000,"url":"https:\/\/files.radiociutat.com\/rctgn\/wp-content\/uploads\/2021\/03\/LOGO-RCTGN-RADIO-CIUTAT-DE-TARRAGONA-TRANSPARENTE-TARRAGONA-2020-3000X3000-Redes1-copia.png","type":"image\/png"}],"author":"ACN","twitter_card":"summary_large_image","twitter_creator":"@RCTgn","twitter_site":"@RCTgn","twitter_misc":{"Escrito por":"ACN","Tiempo de lectura":"2 minutos"},"schema":{"@context":"https:\/\/schema.org","@graph":[{"@type":"Article","@id":"https:\/\/radiociutat.com\/es\/ultimas-noticias\/cronicas\/siete-detenidos-en-campclar-por-cultivar-y-vender-drogas-en-pisos-ocupados\/#article","isPartOf":{"@id":"https:\/\/radiociutat.com\/es\/ultimas-noticias\/cronicas\/siete-detenidos-en-campclar-por-cultivar-y-vender-drogas-en-pisos-ocupados\/"},"author":{"name":"ACN","@id":"https:\/\/radiociutat.com\/es\/#\/schema\/person\/ea8722499f2255e1477bd2975629dc71"},"headline":"Siete detenidos en Campclar por cultivar y vender drogas en pisos ocupados","datePublished":"2026-04-29T16:33:56+00:00","mainEntityOfPage":{"@id":"https:\/\/radiociutat.com\/es\/ultimas-noticias\/cronicas\/siete-detenidos-en-campclar-por-cultivar-y-vender-drogas-en-pisos-ocupados\/"},"wordCount":337,"image":{"@id":"https:\/\/radiociutat.com\/es\/ultimas-noticias\/cronicas\/siete-detenidos-en-campclar-por-cultivar-y-vender-drogas-en-pisos-ocupados\/#primaryimage"},"thumbnailUrl":"https:\/\/files.radiociutat.com\/rctgn\/wp-content\/uploads\/2026\/04\/Pisos-campclar-droga-mossos-scaled-e1777480383461.jpg","keywords":["Actualitat","Campclar","Drogues","Info","Informatiu","not\u00edcies","Societat","Tarragona","TGN"],"articleSection":["Cr\u00f3nicas"],"inLanguage":"es"},{"@type":"WebPage","@id":"https:\/\/radiociutat.com\/es\/ultimas-noticias\/cronicas\/siete-detenidos-en-campclar-por-cultivar-y-vender-drogas-en-pisos-ocupados\/","url":"https:\/\/radiociutat.com\/es\/ultimas-noticias\/cronicas\/siete-detenidos-en-campclar-por-cultivar-y-vender-drogas-en-pisos-ocupados\/","name":"Siete detenidos en Campclar por cultivar y vender drogas en pisos ocupados - R\u00e0dio Ciutat de Tarragona","isPartOf":{"@id":"https:\/\/radiociutat.com\/es\/#website"},"primaryImageOfPage":{"@id":"https:\/\/radiociutat.com\/es\/ultimas-noticias\/cronicas\/siete-detenidos-en-campclar-por-cultivar-y-vender-drogas-en-pisos-ocupados\/#primaryimage"},"image":{"@id":"https:\/\/radiociutat.com\/es\/ultimas-noticias\/cronicas\/siete-detenidos-en-campclar-por-cultivar-y-vender-drogas-en-pisos-ocupados\/#primaryimage"},"thumbnailUrl":"https:\/\/files.radiociutat.com\/rctgn\/wp-content\/uploads\/2026\/04\/Pisos-campclar-droga-mossos-scaled-e1777480383461.jpg","datePublished":"2026-04-29T16:33:56+00:00","author":{"@id":"https:\/\/radiociutat.com\/es\/#\/schema\/person\/ea8722499f2255e1477bd2975629dc71"},"breadcrumb":{"@id":"https:\/\/radiociutat.com\/es\/ultimas-noticias\/cronicas\/siete-detenidos-en-campclar-por-cultivar-y-vender-drogas-en-pisos-ocupados\/#breadcrumb"},"inLanguage":"es","potentialAction":[{"@type":"ReadAction","target":["https:\/\/radiociutat.com\/es\/ultimas-noticias\/cronicas\/siete-detenidos-en-campclar-por-cultivar-y-vender-drogas-en-pisos-ocupados\/"]}]},{"@type":"ImageObject","inLanguage":"es","@id":"https:\/\/radiociutat.com\/es\/ultimas-noticias\/cronicas\/siete-detenidos-en-campclar-por-cultivar-y-vender-drogas-en-pisos-ocupados\/#primaryimage","url":"https:\/\/files.radiociutat.com\/rctgn\/wp-content\/uploads\/2026\/04\/Pisos-campclar-droga-mossos-scaled-e1777480383461.jpg","contentUrl":"https:\/\/files.radiociutat.com\/rctgn\/wp-content\/uploads\/2026\/04\/Pisos-campclar-droga-mossos-scaled-e1777480383461.jpg","width":2560,"height":1920,"caption":"oplus_144703488"},{"@type":"BreadcrumbList","@id":"https:\/\/radiociutat.com\/es\/ultimas-noticias\/cronicas\/siete-detenidos-en-campclar-por-cultivar-y-vender-drogas-en-pisos-ocupados\/#breadcrumb","itemListElement":[{"@type":"ListItem","position":1,"name":"Inici","item":"https:\/\/radiociutat.com\/es\/"},{"@type":"ListItem","position":2,"name":"Siete detenidos en Campclar por cultivar y vender drogas en pisos ocupados"}]},{"@type":"WebSite","@id":"https:\/\/radiociutat.com\/es\/#website","url":"https:\/\/radiociutat.com\/es\/","name":"R\u00e0dio Ciutat de Tarragona","description":"R\u00e0dio Ciutat de Tarragona - RCTgn.cat R\u00e0dio Online","potentialAction":[{"@type":"SearchAction","target":{"@type":"EntryPoint","urlTemplate":"https:\/\/radiociutat.com\/es\/?s={search_term_string}"},"query-input":{"@type":"PropertyValueSpecification","valueRequired":true,"valueName":"search_term_string"}}],"inLanguage":"es"},{"@type":"Person","@id":"https:\/\/radiociutat.com\/es\/#\/schema\/person\/ea8722499f2255e1477bd2975629dc71","name":"ACN","sameAs":["https:\/\/radiociutat.com\/wp-content\/uploads\/2023\/09\/acn-e1694789176650.png"],"url":"https:\/\/radiociutat.com\/es\/author\/acn\/"}]}},"_links":{"self":[{"href":"https:\/\/radiociutat.com\/es\/wp-json\/wp\/v2\/posts\/379014","targetHints":{"allow":["GET"]}}],"collection":[{"href":"https:\/\/radiociutat.com\/es\/wp-json\/wp\/v2\/posts"}],"about":[{"href":"https:\/\/radiociutat.com\/es\/wp-json\/wp\/v2\/types\/post"}],"author":[{"embeddable":true,"href":"https:\/\/radiociutat.com\/es\/wp-json\/wp\/v2\/users\/57"}],"replies":[{"embeddable":true,"href":"https:\/\/radiociutat.com\/es\/wp-json\/wp\/v2\/comments?post=379014"}],"version-history":[{"count":0,"href":"https:\/\/radiociutat.com\/es\/wp-json\/wp\/v2\/posts\/379014\/revisions"}],"wp:featuredmedia":[{"embeddable":true,"href":"https:\/\/radiociutat.com\/es\/wp-json\/wp\/v2\/media\/378992"}],"wp:attachment":[{"href":"https:\/\/radiociutat.com\/es\/wp-json\/wp\/v2\/media?parent=379014"}],"wp:term":[{"taxonomy":"category","embeddable":true,"href":"https:\/\/radiociutat.com\/es\/wp-json\/wp\/v2\/categories?post=379014"},{"taxonomy":"post_tag","embeddable":true,"href":"https:\/\/radiociutat.com\/es\/wp-json\/wp\/v2\/tags?post=379014"}],"curies":[{"name":"wp","href":"https:\/\/api.w.org\/{rel}","templated":true}]}}