{"id":378963,"date":"2026-04-29T17:06:34","date_gmt":"2026-04-29T15:06:34","guid":{"rendered":"https:\/\/radiociutat.com\/programes-podcast\/tgn-info-ecologistas-denuncian-que-los-simulacros-nucleares-con-es-alert-son-insuficientes\/"},"modified":"2026-04-29T17:06:34","modified_gmt":"2026-04-29T15:06:34","slug":"tgn-info-ecologistas-denuncian-que-los-simulacros-nucleares-con-es-alert-son-insuficientes","status":"publish","type":"post","link":"https:\/\/radiociutat.com\/es\/carrer-major-el-informativo-territorial-de-carrer-major\/tgn-info-ecologistas-denuncian-que-los-simulacros-nucleares-con-es-alert-son-insuficientes\/","title":{"rendered":"TGN Info | Ecologistas denuncian que los simulacros nucleares con ES-Alert son insuficientes"},"content":{"rendered":"\n<p><strong>Ecologistas en Acci\u00f3n y Greenpeace consideran que los simulacros de activaci\u00f3n del sistema ES-Alert en los municipios situados alrededor de las centrales nucleares catalanas son positivos pero insuficientes, en tanto que son ensayos \u00abparciales y limitados al env\u00edo de mensajes al m\u00f3vil\u00bb.&nbsp;<\/strong><\/p>\n\n\n\n<p>Aseguran que las administraciones competentes \u00abllevan a\u00f1os incumpliendo de manera sistem\u00e1tica sus obligaciones legales en materia de seguridad nuclear\u00bb. Consideran, de acuerdo con la normativa europea y espa\u00f1ola, que se necesitan simulacros generales cada tres a\u00f1os y parciales anuales. Recuerdan que el Plan de Emergencia Nuclear Exterior de las Centrales de Asc\u00f3 y Vandell\u00f2s (PENTA) no se ha renovado desde 2009 y no hay constancia de ning\u00fan simulacro de alcance general en los \u00faltimos a\u00f1os.<\/p>\n\n\n\n<p>El primero de los simulacros con ES-Alert tuvo lugar en la zona I de la nuclear de Vandell\u00f2s II y este mi\u00e9rcoles por la ma\u00f1ana se efect\u00faa en los municipios m\u00e1s pr\u00f3ximos a Asc\u00f3 I y II. Seg\u00fan han precisado las entidades, la Directiva 2014\/87\/Euratom, el Real Decreto 586\/2020 y el PENTA exigen, adem\u00e1s de estos simulacros peri\u00f3dicos, formaci\u00f3n te\u00f3rica y pr\u00e1ctica de la poblaci\u00f3n potencialmente afectada, provisi\u00f3n y mantenimiento de los medios humanos y materiales necesarios, e informaci\u00f3n previa a la ciudadan\u00eda actualizada cada cuatro a\u00f1os.<\/p>\n\n\n\n<p>Seg\u00fan un informe reciente de la S\u00edndica de Greuges, el 58% de los municipios en zona de emergencia nuclear no tienen el Plan de Emergencia Nuclear ante Emergencias Nucleares actualizado.<\/p>\n\n\n\n<p><strong>A todo esto, han a\u00f1adido, se suma que las infraestructuras de evacuaci\u00f3n presentan carencias graves: la R-15 contin\u00faa cortada por obras entre Riba-roja d&#8217;Ebre y Reus, y el desdoblamiento de tramos de la C-12 sigue pendiente.&nbsp;<\/strong><\/p>\n\n\n\n<p>Las organizaciones han presentado requerimientos formales a los ayuntamientos del \u00e1rea de influencia de las centrales de Asc\u00f3 y Vandell\u00f2s, al Delegado del Gobierno en Catalu\u00f1a, al Subdelegado del Gobierno en Tarragona y a la Direcci\u00f3n General de Protecci\u00f3n Civil y Emergencias, exigiendo el cumplimiento inmediato del marco legal vigente y advirtiendo de las responsabilidades civiles y penales que podr\u00edan derivarse de la inacci\u00f3n continuada.<\/p>\n\n\n\n<p>Reiteran que no existen motivos t\u00e9cnicos ni econ\u00f3micos que justifiquen la prolongaci\u00f3n de la vida de las nucleares, que se acercan al final de su vida \u00fatil y cuyo coste energ\u00e9tico \u00abes cada vez m\u00e1s elevado\u00bb. Tampoco, aseguran, existen argumentos de estabilidad del sistema el\u00e9ctrico ni de garant\u00eda de suministro energ\u00e9tico.<\/p>\n\n\n\n<p><strong>Una treintena de docentes han realizado cortes intermitentes este martes desde las seis de la tarde en la N-240 y en la rotonda de acceso a la AP-2 en Montblanc. Maestros y profesores se han movilizado para evidenciar el \u00abmalestar\u00bb de la comunidad educativa con el Govern.&nbsp;<\/strong><\/p>\n\n\n\n<p>Un profesor del instituto Mart\u00ed l&#8217;Hum\u00e0 de Montblanc, Jordi Romeu, ha avisado de que se trata de una \u00ablucha prolongada\u00bb que se alargar\u00e1 hasta el pr\u00f3ximo a\u00f1o, m\u00e1s all\u00e1 de los meses de mayo y junio cuando hay convocadas diversas jornadas de huelga.&nbsp;<\/p>\n\n\n\n<p>Despu\u00e9s de que el martes por la ma\u00f1ana los sindicatos educativos contrarios al acuerdo hayan anunciado tres d\u00edas de huelga en toda Catalu\u00f1a y dos m\u00e1s por territorio en un mes, una treintena de docentes se han movilizado esta tarde en Montblanc para evidenciar que se trata de una \u00ablucha prolongada\u00bb. Romeu ha insistido en que no est\u00e1n conformes con el acuerdo alcanzado entre el Departamento de Educaci\u00f3n y UGT y CCOO. \u00abQuien est\u00e1 llevando esta lucha son los sindicatos mayoritarios\u00bb, ha recordado.<\/p>\n\n\n\n<p>Romeu ha dicho que hay que \u00abatacar la econom\u00eda\u00bb y ha hecho un llamamiento a \u00abparalizar el pa\u00eds\u00bb para ejercer \u00abpresi\u00f3n\u00bb y \u00abdoblegar a la administraci\u00f3n\u00bb. Ha apuntado que hay que \u00abmantener de manera prolongada\u00bb las movilizaciones y ha explicado que realizar cortes como el de hoy por las tardes puede ser una medida de presi\u00f3n porque no \u00abpierden el salario\u00bb.<\/p>\n\n\n\n<p><strong>El puerto de Tarragona prev\u00e9 atraer una inversi\u00f3n privada de m\u00e1s de 120 millones de euros en los pr\u00f3ximos a\u00f1os fruto de la transformaci\u00f3n de su modelo log\u00edstico. As\u00ed lo ha hecho p\u00fablico la Autoridad Portuaria en la presentaci\u00f3n del Anuario TarragonaPort2026, este martes en el Celler de Vila-seca.&nbsp;<\/strong><\/p>\n\n\n\n<p>Seg\u00fan ha apuntado el director del puerto, Josep M. Maceira, entre este 2026 y el pr\u00f3ximo 2027 la Autoridad Portuaria invertir\u00e1 120 millones de euros para promover grandes proyectos como la ampliaci\u00f3n del muelle de Baleares, la instalaci\u00f3n de los OPS (electrificaci\u00f3n de muelles) o la ampliaci\u00f3n del calado del muelle de Castilla. Adem\u00e1s, se prev\u00e9 la inversi\u00f3n privada de otros 120 millones de euros en proyectos como la modernizaci\u00f3n de la cadena log\u00edstica del cereal.<\/p>\n\n\n\n<p>Maceira ha puesto en valor el esfuerzo inversor realizado en 2025, con proyectos de gran impacto como la finalizaci\u00f3n de la terminal de Guadalajara-Marchamalo, la restauraci\u00f3n de los Prats d\u2019Albinyana o la creaci\u00f3n del Parc del Port. Ha reconocido que, actualmente, el puerto tambi\u00e9n experimenta las fluctuaciones derivadas de la inestabilidad geopol\u00edtica mundial. Con todo, considera que el recinto portuario inicia un nuevo ciclo inversor, tanto p\u00fablico como privado, que precisamente responde a esta transformaci\u00f3n del modelo log\u00edstico.<\/p>\n\n\n\n<p>Por su parte, el presidente del Port de Tarragona, Santiago Castell\u00e0, ha explicado que la misi\u00f3n principal del enclave es ser un servicio p\u00fablico que promueva las cadenas de valor en su \u00e1rea de influencia para generar progreso econ\u00f3mico y social. Para lograrlo, ha asegurado, el Port est\u00e1 activando un sistema intermodal formado por las terminales ferroviarias de la Boella y Guadalajara-Marchamalo, la terminal mar\u00edtima polivalente del Muelle de Andaluc\u00eda y la ZAL.<\/p>\n\n\n\n<p><strong>Los Mossos d&#8217;Esquadra detuvieron el domingo a un hombre de 36 a\u00f1os como presunto autor de cuatro robos con fuerza en el interior de veh\u00edculo. Tres de los robos los habr\u00eda cometido la noche del 21 de abril, cuando el arrestado accedi\u00f3 a un parking comunitario de Tarragona.&nbsp;<\/strong><\/p>\n\n\n\n<p>Tras mirar en el interior de varios veh\u00edculos, rompi\u00f3 los cristales de las ventanas para sustraer objetos del interior. Las im\u00e1genes de las c\u00e1maras de seguridad y las gestiones posteriores de los investigadores permitieron identificar al autor, un conocido de la polic\u00eda con una veintena de antecedentes, la mayor\u00eda por robos en interior de veh\u00edculo. La detenci\u00f3n permiti\u00f3 a los Mossos resolver un cuarto robo con una metodolog\u00eda id\u00e9ntica.<\/p>\n\n\n\n<p>En este caso, los hechos se remontaban al mes de febrero en otro parking de la ciudad de Tarragona. Tras acceder al mismo, escogi\u00f3 el veh\u00edculo que le interesaba y rompi\u00f3 el cristal para robar los objetos del interior.<\/p>\n\n\n\n<p>El detenido pas\u00f3 este martes a disposici\u00f3n del juzgado de instrucci\u00f3n en funciones de guardia de Tarragona.<\/p>\n\n\n\n<p><strong>Tarragona ha puesto en marcha el Comit\u00e9 de Evoluci\u00f3n y Seguimiento del Plan de Barrios, el \u00f3rgano que debe supervisar el despliegue del proyecto de transformaci\u00f3n integral del Barrio del Puerto, incluido dentro del programa de mejora urbana, ambiental y social impulsado por la Generalitat y el Ayuntamiento.<\/strong><\/p>\n\n\n\n<p>El plan, seleccionado en la primera convocatoria entre 83 propuestas, prev\u00e9 una inversi\u00f3n total de 25 millones de euros en cinco a\u00f1os, financiados a partes iguales entre las dos administraciones. El proyecto incluye 34 actuaciones que combinan transformaciones f\u00edsicas, transici\u00f3n ecol\u00f3gica y acci\u00f3n sociocomunitaria.<\/p>\n\n\n\n<p>El alcalde de Tarragona ha destacado que el objetivo principal es reducir desigualdades, garantizar el acceso a servicios b\u00e1sicos y mejorar la vivienda, a la vez que se refuerza la cohesi\u00f3n social del barrio.<\/p>\n\n\n\n<p>El comisionado para el impulso de pol\u00edticas urbanas, Carles Mart\u00ed Jofresa, ha subrayado que el modelo apuesta por una transformaci\u00f3n \u201cintegral y duradera\u201d, combinando obra f\u00edsica y acci\u00f3n comunitaria.<\/p>\n\n\n\n<p>El proyecto prev\u00e9 tambi\u00e9n la creaci\u00f3n de equipamientos como un centro c\u00edvico y nuevas herramientas de participaci\u00f3n vecinal. Seg\u00fan los responsables, el plan se estructura en una gobernanza compartida entre administraciones y entidades del barrio, con el objetivo de garantizar el seguimiento y la ejecuci\u00f3n de todas las actuaciones.<\/p>\n\n\n\n<p><strong>Tarragona ha escenificado el inicio de las obras del camino de ronda de la Savinosa con un paseo institucional que ha reunido a representantes de diversas administraciones. El proyecto, impulsado por el Ministerio para la Transici\u00f3n Ecol\u00f3gica, cuenta con una inversi\u00f3n de un mill\u00f3n de euros y un plazo de ejecuci\u00f3n de seis meses, y permitir\u00e1 recuperar 26.000 metros cuadrados de litoral hasta ahora cerrados al p\u00fablico durante m\u00e1s de cincuenta a\u00f1os.<\/strong><\/p>\n\n\n\n<p>El nuevo recorrido conectar\u00e1 la playa de la Arrabassada con la Savinosa, en un entorno de alto valor ambiental con sistemas rocosos, zonas dunares y especies protegidas como el limonium. El trazado final se ha modificado a ra\u00edz de las alegaciones de entidades y colectivos, desplaz\u00e1ndose hacia el interior para reducir el impacto sobre la costa y preservar mejor el ecosistema.<\/p>\n\n\n\n<p>El camino se construir\u00e1 con materiales de bajo impacto, como arena compactada, para evitar alteraciones agresivas del terreno. Durante la visita tambi\u00e9n se ha puesto el foco en el futuro del Preventorio de la Savinosa, todav\u00eda sin uso definido, aunque se plantea convertirlo en un espacio para creadores.<\/p>\n\n\n\n<p><strong>La Empresa Municipal de Transportes de Tarragona ha anunciado un refuerzo especial en el servicio de las l\u00edneas de bus 3 y 54 con motivo de la celebraci\u00f3n de la Feria de Abril. El objetivo principal es facilitar los desplazamientos de los ciudadanos en transporte p\u00fablico y garantizar una movilidad nocturna segura y accesible durante los d\u00edas de m\u00e1xima afluencia al evento, situado en el barrio de Bonavista.<\/strong><strong>&nbsp;<\/strong><\/p>\n\n\n\n<p>El dispositivo especial funcionar\u00e1 durante el jueves, el viernes y el s\u00e1bado, coincidiendo con las jornadas en las que la feria alargar\u00e1 su actividad hasta las 3h de la madrugada. Para dar cobertura a esta demanda, la l\u00ednea 3 dispondr\u00e1 de salidas adicionales desde Bonavista hacia el centro de la ciudad (paradas de Colom y Battestini) en diversas franjas horarias entre las 21.20h y las 3h. Asimismo, la l\u00ednea 54 tambi\u00e9n se reforzar\u00e1 en direcci\u00f3n a Bonavista con frecuencias extras a partir de las 21.15 h.<\/p>\n\n\n\n<p>Por otro lado, el domingo, el servicio se mantendr\u00e1 reforzado hasta las 22h, momento en que est\u00e1 previsto el cierre oficial de la feria. Con este despliegue, la EMT busca fomentar el uso del transporte colectivo por encima del veh\u00edculo privado, facilitando la conexi\u00f3n directa entre el recinto ferial, los barrios de Poniente y el centro de Tarragona.<\/p>\n\n\n\n<p><strong>ERC Tarragona ha denunciado la p\u00e9rdida de cerca de 500.000 euros de fondos europeos Next Generation vinculados a la mejora del sistema de recogida de residuos, en una gesti\u00f3n que atribuyen al gobierno del alcalde Rub\u00e9n Vi\u00f1uales. Seg\u00fan los republicanos, esta situaci\u00f3n supone tambi\u00e9n haber dejado escapar una inversi\u00f3n global superior a los 900.000 euros destinada a la modernizaci\u00f3n del servicio.<\/strong><\/p>\n\n\n\n<p>El grupo municipal ha alertado, adem\u00e1s, del descenso de la recogida selectiva en la ciudad, que en 2025 se situar\u00eda en el 36%, por debajo del a\u00f1o anterior y lejos de los objetivos europeos. Desde ERC recuerdan que peores cifras de reciclaje significa que hay que incinerar m\u00e1s y, por tanto, pagar m\u00e1s por la gesti\u00f3n de la basura, una incineraci\u00f3n que cada vez es m\u00e1s cara. \u201cLa mala gesti\u00f3n del gobierno Vi\u00f1uales la pagamos todas y todos los tarraconenses en el recibo de la basura, la estrategia que est\u00e1 siguiendo Vi\u00f1uales es una verdadera ruina. Instamos al alcalde a rectificar inmediatamente y a implementar el sistema de contenedores cerrados sin dilaciones\u201d, ha reclamado el candidato a la alcald\u00eda Xavi Puig.<\/p>\n\n\n\n<p>Por otro lado, el concejal Jordi Fortuny ha denunciado que Tarragona est\u00e1 pagando un 46% m\u00e1s por la gesti\u00f3n de los residuos, con un gasto que podr\u00eda superar los 6 millones de euros en 2026. Los republicanos tambi\u00e9n critican el aumento previsto en el recibo de la basura y reclaman la implantaci\u00f3n del sistema de contenedores cerrados.<\/p>\n\n\n\n<p><strong>El Ayuntamiento de Reus ha presentado la sexta edici\u00f3n del Festival Roses de Reus, que se celebrar\u00e1 del 8 al 10 de mayo como una fiesta dedicada a la rosa, emblema de la ciudad. La iniciativa coincide con el Concurso Exposici\u00f3n Nacional de Rosas organizado por el Centre de Lectura, con el objetivo de unir esfuerzos para reforzar el posicionamiento de Reus como \u201cCapital de la rosa\u201d. Impulsado por la Concejal\u00eda de Proyecci\u00f3n de Ciudad, el festival cuenta con la implicaci\u00f3n de diversas \u00e1reas municipales y la colaboraci\u00f3n de entidades y centros educativos del territorio.<\/strong><\/p>\n\n\n\n<p>Durante los d\u00edas del festival, diversos espacios emblem\u00e1ticos como el Palacio Bofarull, el Palacio Municipal y el Gaud\u00ed Centre acoger\u00e1n instalaciones art\u00edsticas y ornamentaciones inspiradas en la rosa, muchas de ellas creadas por alumnado de escuelas de arte y jardiner\u00eda. Tambi\u00e9n habr\u00e1 intervenciones en las calles del centro, como recorridos tem\u00e1ticos, estructuras ef\u00edmeras y espacios interactivos, con el objetivo de transformar la ciudad en un gran escenario dedicado a esta flor tan vinculada hist\u00f3ricamente con Reus.<\/p>\n\n\n\n<p>El programa se completar\u00e1 con actividades culturales y l\u00fadicas para todos los p\u00fablicos, como actuaciones musicales, acciones comerciales, proyecciones de mapping en el Campanario y el Mercado de la Rosa en la plaza del Teatro. Adem\u00e1s, el Teatro Bartrina acoger\u00e1 una nueva edici\u00f3n del Concurso Exposici\u00f3n Nacional de Rosas, consolidando as\u00ed un fin de semana en el que la ciudad se reivindica como referente en torno a este s\u00edmbolo identitario.<\/p>\n\n\n\n<p><strong>El Ayuntamiento de Reus ha previsto un plan de movilidad alternativa con motivo de las obras de transformaci\u00f3n de la calle de Astorga en un eje c\u00edvico, que comenzar\u00e1n el lunes 4 de mayo. Los trabajos se realizar\u00e1n en dos fases con una duraci\u00f3n total aproximada de un a\u00f1o; la primera, de unos ocho meses, afectar\u00e1 al tramo de la calle de Astorga entre la rotonda de la avenida de Sant Bernat Calv\u00f3 y la calle de Terenci Moix, as\u00ed como a las calles del Escultor Sunyol y de la Papallona. Desde el inicio de las obras, quedar\u00e1 prohibido estacionar y se cortar\u00e1 el tr\u00e1fico, con recomendaci\u00f3n de utilizar la calle de Pintor Fuster y la avenida de Salou como itinerarios alternativos; posteriormente, tambi\u00e9n se restringir\u00e1 la circulaci\u00f3n en las otras calles afectadas seg\u00fan la evoluci\u00f3n de los trabajos.<\/strong><\/p>\n\n\n\n<p>Las afectaciones estar\u00e1n debidamente se\u00f1alizadas con desv\u00edos indicados en puntos como la avenida de Sant Bernat Calv\u00f3, la plaza de Europa, la calle de Navarra y la avenida del Mediterr\u00e1neo. Tambi\u00e9n se informar\u00e1 del corte y del acceso restringido para vecinos en las calles de Euskadi, de los Avellaners y de la Vicar\u00eda. En cuanto al transporte p\u00fablico, las l\u00edneas 10 y 11 del bus urbano se desviar\u00e1n por la avenida de Salou, lo que comportar\u00e1 la supresi\u00f3n temporal de las paradas de la calle de Astorga; se recomienda utilizar paradas alternativas cercanas como Maria Aur\u00e8lia Capmany o Urbanitzaci\u00f3 P\u00e0mes, seg\u00fan el sentido del recorrido.<\/p>\n\n\n\n<p>Para minimizar el impacto en el estacionamiento, el Ayuntamiento ha habilitado un solar en la calle de la Comunidad de Murcia como aparcamiento disuasorio para el vecindario. Adem\u00e1s, se ofrecer\u00e1 una tarjeta de aparcamiento gratuita en el parking de la Pastoreta a aquellas personas residentes con plaza privada con vado que no podr\u00e1n utilizar durante el periodo de obras, con el objetivo de facilitar alternativas mientras duren los trabajos.<\/p>\n\n\n\n<p><strong>Con motivo de la Semana Internacional del Compost, el Ayuntamiento de Reus instalar\u00e1, del 4 al 8 de mayo, un punto itinerante de informaci\u00f3n y autoservicio de compost en diversos espacios de la ciudad, a trav\u00e9s de la deixalleria m\u00f3vil y con la colaboraci\u00f3n de la Agencia de Residuos de Catalu\u00f1a. El espacio funcionar\u00e1 de 10.00 a 13.30 h y de 16.30 a 19.00 h, y permitir\u00e1 a la ciudadan\u00eda conocer el proceso de compostaje y llevarse una muestra del producto final, con el objetivo de fomentar la separaci\u00f3n de la fracci\u00f3n org\u00e1nica y promover h\u00e1bitos m\u00e1s sostenibles.<\/strong><\/p>\n\n\n\n<p>La iniciativa se enmarca en el programa de la Semana Internacional del Compost 2026, bajo el lema \u201c\u00a1Compost! Alimenta la tierra que nos alimenta\u201d, y tambi\u00e9n tiene una vertiente social, ya que cuenta con la participaci\u00f3n de personas del programa Treball als barris 2025 impulsado por el IMFE Mas Carandell. El concejal de Medio Ambiente de Reus, Daniel Rubio, ha subrayado la importancia de los peque\u00f1os gestos cotidianos en la protecci\u00f3n del medio ambiente y ha remarcado que el compostaje es una herramienta clave para mejorar la calidad del suelo, reducir residuos y avanzar hacia una econom\u00eda circular.<\/p>\n\n\n\n<p><strong>El paseo mar\u00edtimo de la Pineda ha abierto al p\u00fablico esta semana tras m\u00e1s de un a\u00f1o de obras que han transformado la fisonom\u00eda de la zona gracias a una inversi\u00f3n de 8,5 millones de euros que han permitido ganar 20 metros de playa, que en parte se renaturalizar\u00e1, y reducir significativamente el tr\u00e1fico rodado.&nbsp;<\/strong><\/p>\n\n\n\n<p>El secretario de Estado de Medio Ambiente, Hugo Mor\u00e1n, ha visitado este mi\u00e9rcoles la zona y ha afirmado que estos trabajos son \u00abel ejemplo de c\u00f3mo se debe entender el litoral\u00bb. Antes, Mor\u00e1n ha estado en Tarragona, donde se ha dado el pistoletazo de salida a las obras del camino de ronda de la Savinosa, que permitir\u00e1 abrir a la ciudadan\u00eda un espacio que lleva 50 a\u00f1os cerrado y al mismo tiempo ganar 26.000 m2 de espacio de dominio p\u00fablico en primera l\u00ednea de mar.<\/p>\n\n\n\n<p><strong>Tarragona se prepara para acoger una nueva edici\u00f3n del festival de recreaci\u00f3n hist\u00f3rica Tarraco Viva, que volver\u00e1 a convertir a la ciudad en epicentro del mundo cl\u00e1sico con m\u00e1s de 500 actividades y una clara apuesta por la reflexi\u00f3n sobre el pasado.<\/strong><\/p>\n\n\n\n<p>El certamen, que llega a su 28\u00aa edici\u00f3n, girar\u00e1 este a\u00f1o en torno a la pregunta \u201c\u00bfPor qu\u00e9 Roma?\u201d, con el objetivo de analizar el legado de la civilizaci\u00f3n romana y su influencia en el presente. El director del festival, Mag\u00ed Seritjol, explica el porqu\u00e9 de la tem\u00e1tica elegida:<\/p>\n\n\n\n<p>El festival se celebrar\u00e1 del 11 al 24 de mayo y se extender\u00e1 m\u00e1s all\u00e1 de Tarragona, llegando a municipios como Altafulla, Cambrils o Reus. Durante dos semanas, el programa incluir\u00e1 recreaciones hist\u00f3ricas, conferencias y actividades educativas para acercar la historia a todos los p\u00fablicos.<\/p>\n\n\n\n<p>Esta edici\u00f3n tendr\u00e1 un componente especial, ya que ser\u00e1 la \u00faltima dirigida por Mag\u00ed Seritjol, impulsor del festival desde sus inicios. El relevo lo tomar\u00e1 Julio Villar. El certamen mantiene as\u00ed su objetivo de combinar rigor hist\u00f3rico y divulgaci\u00f3n, consolid\u00e1ndose como una cita de referencia en Catalu\u00f1a y en todo el estado.<\/p>\n\n\n\n<p><strong>La Sala Trono de Tarragona ha reafirmado su compromiso con la cuarta convocatoria de Estrena\u2019t al Territori, una iniciativa clave para el fomento de la creaci\u00f3n esc\u00e9nica emergente y la descentralizaci\u00f3n de la producci\u00f3n teatral en Catalu\u00f1a.&nbsp;<\/strong><\/p>\n\n\n\n<p>Como una de las salas impulsoras del proyecto, el espacio tarraconense mantiene su apuesta por potenciar el talento joven y acercar nuevas propuestas art\u00edsticas. Esta iniciativa cuenta con la colaboraci\u00f3n de otros centros de referencia como el Teatro de la Aurora de Igualada, La Mercantil de Balaguer, La Casa del Teatre Nu de Sant Mart\u00ed de Tous y la Sala La Planeta de Girona.<\/p>\n\n\n\n<p>En el marco de esta nueva etapa, se ha formalizado el relevo art\u00edstico entre las formaciones participantes. La compa\u00f1\u00eda tarraconense Al cel Cia ha pasado el testigo a la Cia. Dissident \u00b7 Cia, cuya propuesta se representar\u00e1 pr\u00f3ximamente en el escenario de la Sala Trono. Con este movimiento, el proyecto contin\u00faa su labor de dinamizaci\u00f3n cultural y de vertebraci\u00f3n del sector teatral m\u00e1s all\u00e1 de la capital catalana.<\/p>\n\n\n\n<p>Esta semana se han dado a conocer las cinco propuestas seleccionadas, que este a\u00f1o han recibido un total de 93 proyectos. En el caso de la Sala Trono, acoger\u00e1 el espect\u00e1culo Missa Pagesa, que se podr\u00e1 ver los d\u00edas 20, 21, 27 y 28 de noviembre.<\/p>\n","protected":false},"excerpt":{"rendered":"<p>Ecologistas en Acci\u00f3n y Greenpeace consideran que los simulacros de activaci\u00f3n del sistema ES-Alert en los municipios situados alrededor de las centrales nucleares catalanas son positivos pero insuficientes, en tanto que son ensayos \u00abparciales y limitados al env\u00edo de mensajes al m\u00f3vil\u00bb.&nbsp; Aseguran que las administraciones competentes \u00abllevan a\u00f1os incumpliendo de manera sistem\u00e1tica sus obligaciones [&hellip;]<\/p>\n","protected":false},"author":84,"featured_media":378945,"comment_status":"closed","ping_status":"closed","sticky":false,"template":"","format":"standard","meta":{"footnotes":""},"categories":[13754],"tags":[19,13755],"class_list":["post-378963","post","type-post","status-publish","format-standard","has-post-thumbnail","hentry","category-carrer-major-el-informativo-territorial-de-carrer-major","tag-tarragona","tag-tgn-info-2"],"yoast_head":"<!-- This site is optimized with the Yoast SEO Premium plugin v27.4 (Yoast SEO v27.5) - https:\/\/yoast.com\/product\/yoast-seo-premium-wordpress\/ -->\n<title>TGN Info | Ecologistas denuncian que los simulacros nucleares con ES-Alert son insuficientes - R\u00e0dio Ciutat de Tarragona<\/title>\n<meta name=\"robots\" content=\"index, follow, max-snippet:-1, max-image-preview:large, max-video-preview:-1\" \/>\n<link rel=\"canonical\" href=\"https:\/\/radiociutat.com\/es\/carrer-major-el-informativo-territorial-de-carrer-major\/tgn-info-ecologistas-denuncian-que-los-simulacros-nucleares-con-es-alert-son-insuficientes\/\" \/>\n<meta property=\"og:locale\" content=\"es_ES\" \/>\n<meta property=\"og:type\" content=\"article\" \/>\n<meta property=\"og:title\" content=\"TGN Info | Ecologistas denuncian que los simulacros nucleares con ES-Alert son insuficientes\" \/>\n<meta property=\"og:description\" content=\"Ecologistas en Acci\u00f3n y Greenpeace consideran que los simulacros de activaci\u00f3n del sistema ES-Alert en los municipios situados alrededor de las centrales nucleares catalanas son positivos pero insuficientes, en tanto que son ensayos \u00abparciales y limitados al env\u00edo de mensajes al m\u00f3vil\u00bb.&nbsp; Aseguran que las administraciones competentes \u00abllevan a\u00f1os incumpliendo de manera sistem\u00e1tica sus obligaciones [&hellip;]\" \/>\n<meta property=\"og:url\" content=\"https:\/\/radiociutat.com\/es\/carrer-major-el-informativo-territorial-de-carrer-major\/tgn-info-ecologistas-denuncian-que-los-simulacros-nucleares-con-es-alert-son-insuficientes\/\" \/>\n<meta property=\"og:site_name\" content=\"R\u00e0dio Ciutat de Tarragona\" \/>\n<meta property=\"article:publisher\" content=\"https:\/\/www.facebook.com\/rctgn\" \/>\n<meta property=\"article:published_time\" content=\"2026-04-29T15:06:34+00:00\" \/>\n<meta property=\"og:image\" content=\"https:\/\/files.radiociutat.com\/rctgn\/wp-content\/uploads\/2026\/04\/ES-Alert-scaled.jpg\" \/>\n\t<meta property=\"og:image:width\" content=\"2560\" \/>\n\t<meta property=\"og:image:height\" content=\"1707\" \/>\n\t<meta property=\"og:image:type\" content=\"image\/jpeg\" \/>\n<meta name=\"author\" content=\"Adri\u00e0 Duch\" \/>\n<meta name=\"twitter:card\" content=\"summary_large_image\" \/>\n<meta name=\"twitter:creator\" content=\"@RCTgn\" \/>\n<meta name=\"twitter:site\" content=\"@RCTgn\" \/>\n<meta name=\"twitter:label1\" content=\"Escrito por\" \/>\n\t<meta name=\"twitter:data1\" content=\"Adri\u00e0 Duch\" \/>\n\t<meta name=\"twitter:label2\" content=\"Tiempo de lectura\" \/>\n\t<meta name=\"twitter:data2\" content=\"17 minutos\" \/>\n<script type=\"application\/ld+json\" class=\"yoast-schema-graph\">{\"@context\":\"https:\\\/\\\/schema.org\",\"@graph\":[{\"@type\":\"Article\",\"@id\":\"https:\\\/\\\/radiociutat.com\\\/es\\\/carrer-major-el-informativo-territorial-de-carrer-major\\\/tgn-info-ecologistas-denuncian-que-los-simulacros-nucleares-con-es-alert-son-insuficientes\\\/#article\",\"isPartOf\":{\"@id\":\"https:\\\/\\\/radiociutat.com\\\/es\\\/carrer-major-el-informativo-territorial-de-carrer-major\\\/tgn-info-ecologistas-denuncian-que-los-simulacros-nucleares-con-es-alert-son-insuficientes\\\/\"},\"author\":{\"name\":\"Adri\u00e0 Duch\",\"@id\":\"https:\\\/\\\/radiociutat.com\\\/es\\\/#\\\/schema\\\/person\\\/daeecbc4942e3432e8d8b8663bf7d714\"},\"headline\":\"TGN Info | Ecologistas denuncian que los simulacros nucleares con ES-Alert son insuficientes\",\"datePublished\":\"2026-04-29T15:06:34+00:00\",\"mainEntityOfPage\":{\"@id\":\"https:\\\/\\\/radiociutat.com\\\/es\\\/carrer-major-el-informativo-territorial-de-carrer-major\\\/tgn-info-ecologistas-denuncian-que-los-simulacros-nucleares-con-es-alert-son-insuficientes\\\/\"},\"wordCount\":3462,\"image\":{\"@id\":\"https:\\\/\\\/radiociutat.com\\\/es\\\/carrer-major-el-informativo-territorial-de-carrer-major\\\/tgn-info-ecologistas-denuncian-que-los-simulacros-nucleares-con-es-alert-son-insuficientes\\\/#primaryimage\"},\"thumbnailUrl\":\"https:\\\/\\\/files.radiociutat.com\\\/rctgn\\\/wp-content\\\/uploads\\\/2026\\\/04\\\/ES-Alert-scaled.jpg\",\"keywords\":[\"Tarragona\",\"TGN INFO\"],\"articleSection\":[\"Carrer Major | El Informativo Territorial de Carrer Major\"],\"inLanguage\":\"es\"},{\"@type\":\"WebPage\",\"@id\":\"https:\\\/\\\/radiociutat.com\\\/es\\\/carrer-major-el-informativo-territorial-de-carrer-major\\\/tgn-info-ecologistas-denuncian-que-los-simulacros-nucleares-con-es-alert-son-insuficientes\\\/\",\"url\":\"https:\\\/\\\/radiociutat.com\\\/es\\\/carrer-major-el-informativo-territorial-de-carrer-major\\\/tgn-info-ecologistas-denuncian-que-los-simulacros-nucleares-con-es-alert-son-insuficientes\\\/\",\"name\":\"TGN Info | Ecologistas denuncian que los simulacros nucleares con ES-Alert son insuficientes - R\u00e0dio Ciutat de Tarragona\",\"isPartOf\":{\"@id\":\"https:\\\/\\\/radiociutat.com\\\/es\\\/#website\"},\"primaryImageOfPage\":{\"@id\":\"https:\\\/\\\/radiociutat.com\\\/es\\\/carrer-major-el-informativo-territorial-de-carrer-major\\\/tgn-info-ecologistas-denuncian-que-los-simulacros-nucleares-con-es-alert-son-insuficientes\\\/#primaryimage\"},\"image\":{\"@id\":\"https:\\\/\\\/radiociutat.com\\\/es\\\/carrer-major-el-informativo-territorial-de-carrer-major\\\/tgn-info-ecologistas-denuncian-que-los-simulacros-nucleares-con-es-alert-son-insuficientes\\\/#primaryimage\"},\"thumbnailUrl\":\"https:\\\/\\\/files.radiociutat.com\\\/rctgn\\\/wp-content\\\/uploads\\\/2026\\\/04\\\/ES-Alert-scaled.jpg\",\"datePublished\":\"2026-04-29T15:06:34+00:00\",\"author\":{\"@id\":\"https:\\\/\\\/radiociutat.com\\\/es\\\/#\\\/schema\\\/person\\\/daeecbc4942e3432e8d8b8663bf7d714\"},\"breadcrumb\":{\"@id\":\"https:\\\/\\\/radiociutat.com\\\/es\\\/carrer-major-el-informativo-territorial-de-carrer-major\\\/tgn-info-ecologistas-denuncian-que-los-simulacros-nucleares-con-es-alert-son-insuficientes\\\/#breadcrumb\"},\"inLanguage\":\"es\",\"potentialAction\":[{\"@type\":\"ReadAction\",\"target\":[\"https:\\\/\\\/radiociutat.com\\\/es\\\/carrer-major-el-informativo-territorial-de-carrer-major\\\/tgn-info-ecologistas-denuncian-que-los-simulacros-nucleares-con-es-alert-son-insuficientes\\\/\"]}]},{\"@type\":\"ImageObject\",\"inLanguage\":\"es\",\"@id\":\"https:\\\/\\\/radiociutat.com\\\/es\\\/carrer-major-el-informativo-territorial-de-carrer-major\\\/tgn-info-ecologistas-denuncian-que-los-simulacros-nucleares-con-es-alert-son-insuficientes\\\/#primaryimage\",\"url\":\"https:\\\/\\\/files.radiociutat.com\\\/rctgn\\\/wp-content\\\/uploads\\\/2026\\\/04\\\/ES-Alert-scaled.jpg\",\"contentUrl\":\"https:\\\/\\\/files.radiociutat.com\\\/rctgn\\\/wp-content\\\/uploads\\\/2026\\\/04\\\/ES-Alert-scaled.jpg\",\"width\":2560,\"height\":1707},{\"@type\":\"BreadcrumbList\",\"@id\":\"https:\\\/\\\/radiociutat.com\\\/es\\\/carrer-major-el-informativo-territorial-de-carrer-major\\\/tgn-info-ecologistas-denuncian-que-los-simulacros-nucleares-con-es-alert-son-insuficientes\\\/#breadcrumb\",\"itemListElement\":[{\"@type\":\"ListItem\",\"position\":1,\"name\":\"Inici\",\"item\":\"https:\\\/\\\/radiociutat.com\\\/es\\\/\"},{\"@type\":\"ListItem\",\"position\":2,\"name\":\"TGN Info | Ecologistas denuncian que los simulacros nucleares con ES-Alert son insuficientes\"}]},{\"@type\":\"WebSite\",\"@id\":\"https:\\\/\\\/radiociutat.com\\\/es\\\/#website\",\"url\":\"https:\\\/\\\/radiociutat.com\\\/es\\\/\",\"name\":\"R\u00e0dio Ciutat de Tarragona\",\"description\":\"R\u00e0dio Ciutat de Tarragona - RCTgn.cat R\u00e0dio Online\",\"potentialAction\":[{\"@type\":\"SearchAction\",\"target\":{\"@type\":\"EntryPoint\",\"urlTemplate\":\"https:\\\/\\\/radiociutat.com\\\/es\\\/?s={search_term_string}\"},\"query-input\":{\"@type\":\"PropertyValueSpecification\",\"valueRequired\":true,\"valueName\":\"search_term_string\"}}],\"inLanguage\":\"es\"},{\"@type\":\"Person\",\"@id\":\"https:\\\/\\\/radiociutat.com\\\/es\\\/#\\\/schema\\\/person\\\/daeecbc4942e3432e8d8b8663bf7d714\",\"name\":\"Adri\u00e0 Duch\",\"sameAs\":[\"https:\\\/\\\/radiociutat.com\\\/wp-content\\\/uploads\\\/2024\\\/02\\\/ADRIA-DUCH.png\"],\"url\":\"https:\\\/\\\/radiociutat.com\\\/es\\\/author\\\/adria-duch\\\/\"}]}<\/script>\n<!-- \/ Yoast SEO Premium plugin. -->","yoast_head_json":{"title":"TGN Info | Ecologistas denuncian que los simulacros nucleares con ES-Alert son insuficientes - R\u00e0dio Ciutat de Tarragona","robots":{"index":"index","follow":"follow","max-snippet":"max-snippet:-1","max-image-preview":"max-image-preview:large","max-video-preview":"max-video-preview:-1"},"canonical":"https:\/\/radiociutat.com\/es\/carrer-major-el-informativo-territorial-de-carrer-major\/tgn-info-ecologistas-denuncian-que-los-simulacros-nucleares-con-es-alert-son-insuficientes\/","og_locale":"es_ES","og_type":"article","og_title":"TGN Info | Ecologistas denuncian que los simulacros nucleares con ES-Alert son insuficientes","og_description":"Ecologistas en Acci\u00f3n y Greenpeace consideran que los simulacros de activaci\u00f3n del sistema ES-Alert en los municipios situados alrededor de las centrales nucleares catalanas son positivos pero insuficientes, en tanto que son ensayos \u00abparciales y limitados al env\u00edo de mensajes al m\u00f3vil\u00bb.&nbsp; Aseguran que las administraciones competentes \u00abllevan a\u00f1os incumpliendo de manera sistem\u00e1tica sus obligaciones [&hellip;]","og_url":"https:\/\/radiociutat.com\/es\/carrer-major-el-informativo-territorial-de-carrer-major\/tgn-info-ecologistas-denuncian-que-los-simulacros-nucleares-con-es-alert-son-insuficientes\/","og_site_name":"R\u00e0dio Ciutat de Tarragona","article_publisher":"https:\/\/www.facebook.com\/rctgn","article_published_time":"2026-04-29T15:06:34+00:00","og_image":[{"width":2560,"height":1707,"url":"https:\/\/files.radiociutat.com\/rctgn\/wp-content\/uploads\/2026\/04\/ES-Alert-scaled.jpg","type":"image\/jpeg"}],"author":"Adri\u00e0 Duch","twitter_card":"summary_large_image","twitter_creator":"@RCTgn","twitter_site":"@RCTgn","twitter_misc":{"Escrito por":"Adri\u00e0 Duch","Tiempo de lectura":"17 minutos"},"schema":{"@context":"https:\/\/schema.org","@graph":[{"@type":"Article","@id":"https:\/\/radiociutat.com\/es\/carrer-major-el-informativo-territorial-de-carrer-major\/tgn-info-ecologistas-denuncian-que-los-simulacros-nucleares-con-es-alert-son-insuficientes\/#article","isPartOf":{"@id":"https:\/\/radiociutat.com\/es\/carrer-major-el-informativo-territorial-de-carrer-major\/tgn-info-ecologistas-denuncian-que-los-simulacros-nucleares-con-es-alert-son-insuficientes\/"},"author":{"name":"Adri\u00e0 Duch","@id":"https:\/\/radiociutat.com\/es\/#\/schema\/person\/daeecbc4942e3432e8d8b8663bf7d714"},"headline":"TGN Info | Ecologistas denuncian que los simulacros nucleares con ES-Alert son insuficientes","datePublished":"2026-04-29T15:06:34+00:00","mainEntityOfPage":{"@id":"https:\/\/radiociutat.com\/es\/carrer-major-el-informativo-territorial-de-carrer-major\/tgn-info-ecologistas-denuncian-que-los-simulacros-nucleares-con-es-alert-son-insuficientes\/"},"wordCount":3462,"image":{"@id":"https:\/\/radiociutat.com\/es\/carrer-major-el-informativo-territorial-de-carrer-major\/tgn-info-ecologistas-denuncian-que-los-simulacros-nucleares-con-es-alert-son-insuficientes\/#primaryimage"},"thumbnailUrl":"https:\/\/files.radiociutat.com\/rctgn\/wp-content\/uploads\/2026\/04\/ES-Alert-scaled.jpg","keywords":["Tarragona","TGN INFO"],"articleSection":["Carrer Major | El Informativo Territorial de Carrer Major"],"inLanguage":"es"},{"@type":"WebPage","@id":"https:\/\/radiociutat.com\/es\/carrer-major-el-informativo-territorial-de-carrer-major\/tgn-info-ecologistas-denuncian-que-los-simulacros-nucleares-con-es-alert-son-insuficientes\/","url":"https:\/\/radiociutat.com\/es\/carrer-major-el-informativo-territorial-de-carrer-major\/tgn-info-ecologistas-denuncian-que-los-simulacros-nucleares-con-es-alert-son-insuficientes\/","name":"TGN Info | Ecologistas denuncian que los simulacros nucleares con ES-Alert son insuficientes - R\u00e0dio Ciutat de Tarragona","isPartOf":{"@id":"https:\/\/radiociutat.com\/es\/#website"},"primaryImageOfPage":{"@id":"https:\/\/radiociutat.com\/es\/carrer-major-el-informativo-territorial-de-carrer-major\/tgn-info-ecologistas-denuncian-que-los-simulacros-nucleares-con-es-alert-son-insuficientes\/#primaryimage"},"image":{"@id":"https:\/\/radiociutat.com\/es\/carrer-major-el-informativo-territorial-de-carrer-major\/tgn-info-ecologistas-denuncian-que-los-simulacros-nucleares-con-es-alert-son-insuficientes\/#primaryimage"},"thumbnailUrl":"https:\/\/files.radiociutat.com\/rctgn\/wp-content\/uploads\/2026\/04\/ES-Alert-scaled.jpg","datePublished":"2026-04-29T15:06:34+00:00","author":{"@id":"https:\/\/radiociutat.com\/es\/#\/schema\/person\/daeecbc4942e3432e8d8b8663bf7d714"},"breadcrumb":{"@id":"https:\/\/radiociutat.com\/es\/carrer-major-el-informativo-territorial-de-carrer-major\/tgn-info-ecologistas-denuncian-que-los-simulacros-nucleares-con-es-alert-son-insuficientes\/#breadcrumb"},"inLanguage":"es","potentialAction":[{"@type":"ReadAction","target":["https:\/\/radiociutat.com\/es\/carrer-major-el-informativo-territorial-de-carrer-major\/tgn-info-ecologistas-denuncian-que-los-simulacros-nucleares-con-es-alert-son-insuficientes\/"]}]},{"@type":"ImageObject","inLanguage":"es","@id":"https:\/\/radiociutat.com\/es\/carrer-major-el-informativo-territorial-de-carrer-major\/tgn-info-ecologistas-denuncian-que-los-simulacros-nucleares-con-es-alert-son-insuficientes\/#primaryimage","url":"https:\/\/files.radiociutat.com\/rctgn\/wp-content\/uploads\/2026\/04\/ES-Alert-scaled.jpg","contentUrl":"https:\/\/files.radiociutat.com\/rctgn\/wp-content\/uploads\/2026\/04\/ES-Alert-scaled.jpg","width":2560,"height":1707},{"@type":"BreadcrumbList","@id":"https:\/\/radiociutat.com\/es\/carrer-major-el-informativo-territorial-de-carrer-major\/tgn-info-ecologistas-denuncian-que-los-simulacros-nucleares-con-es-alert-son-insuficientes\/#breadcrumb","itemListElement":[{"@type":"ListItem","position":1,"name":"Inici","item":"https:\/\/radiociutat.com\/es\/"},{"@type":"ListItem","position":2,"name":"TGN Info | Ecologistas denuncian que los simulacros nucleares con ES-Alert son insuficientes"}]},{"@type":"WebSite","@id":"https:\/\/radiociutat.com\/es\/#website","url":"https:\/\/radiociutat.com\/es\/","name":"R\u00e0dio Ciutat de Tarragona","description":"R\u00e0dio Ciutat de Tarragona - RCTgn.cat R\u00e0dio Online","potentialAction":[{"@type":"SearchAction","target":{"@type":"EntryPoint","urlTemplate":"https:\/\/radiociutat.com\/es\/?s={search_term_string}"},"query-input":{"@type":"PropertyValueSpecification","valueRequired":true,"valueName":"search_term_string"}}],"inLanguage":"es"},{"@type":"Person","@id":"https:\/\/radiociutat.com\/es\/#\/schema\/person\/daeecbc4942e3432e8d8b8663bf7d714","name":"Adri\u00e0 Duch","sameAs":["https:\/\/radiociutat.com\/wp-content\/uploads\/2024\/02\/ADRIA-DUCH.png"],"url":"https:\/\/radiociutat.com\/es\/author\/adria-duch\/"}]}},"_links":{"self":[{"href":"https:\/\/radiociutat.com\/es\/wp-json\/wp\/v2\/posts\/378963","targetHints":{"allow":["GET"]}}],"collection":[{"href":"https:\/\/radiociutat.com\/es\/wp-json\/wp\/v2\/posts"}],"about":[{"href":"https:\/\/radiociutat.com\/es\/wp-json\/wp\/v2\/types\/post"}],"author":[{"embeddable":true,"href":"https:\/\/radiociutat.com\/es\/wp-json\/wp\/v2\/users\/84"}],"replies":[{"embeddable":true,"href":"https:\/\/radiociutat.com\/es\/wp-json\/wp\/v2\/comments?post=378963"}],"version-history":[{"count":0,"href":"https:\/\/radiociutat.com\/es\/wp-json\/wp\/v2\/posts\/378963\/revisions"}],"wp:featuredmedia":[{"embeddable":true,"href":"https:\/\/radiociutat.com\/es\/wp-json\/wp\/v2\/media\/378945"}],"wp:attachment":[{"href":"https:\/\/radiociutat.com\/es\/wp-json\/wp\/v2\/media?parent=378963"}],"wp:term":[{"taxonomy":"category","embeddable":true,"href":"https:\/\/radiociutat.com\/es\/wp-json\/wp\/v2\/categories?post=378963"},{"taxonomy":"post_tag","embeddable":true,"href":"https:\/\/radiociutat.com\/es\/wp-json\/wp\/v2\/tags?post=378963"}],"curies":[{"name":"wp","href":"https:\/\/api.w.org\/{rel}","templated":true}]}}