{"id":378961,"date":"2026-04-29T17:07:22","date_gmt":"2026-04-29T15:07:22","guid":{"rendered":"https:\/\/radiociutat.com\/programes-podcast\/el-nuevo-paseo-maritimo-de-la-pineda-abre-al-publico-ganando-20-metros-de-playa\/"},"modified":"2026-04-29T17:07:22","modified_gmt":"2026-04-29T15:07:22","slug":"el-nuevo-paseo-maritimo-de-la-pineda-abre-al-publico-ganando-20-metros-de-playa","status":"publish","type":"post","link":"https:\/\/radiociutat.com\/es\/ultimas-noticias\/cronicas\/el-nuevo-paseo-maritimo-de-la-pineda-abre-al-publico-ganando-20-metros-de-playa\/","title":{"rendered":"El nuevo paseo mar\u00edtimo de la Pineda abre al p\u00fablico ganando 20 metros de playa"},"content":{"rendered":"\n<p>El paseo mar\u00edtimo de la Pineda ha abierto al p\u00fablico esta semana tras m\u00e1s de un a\u00f1o de obras que han transformado la fisonom\u00eda de la zona gracias a una inversi\u00f3n de 8,5 millones de euros que han permitido ganar 20 metros de playa, que en parte se renaturalizar\u00e1, y reducir significativamente el tr\u00e1fico rodado.<\/p>\n\n\n\n<p>El secretario de Estado de Medio Ambiente, Hugo Mor\u00e1n, ha visitado este mi\u00e9rcoles la zona y ha afirmado que estos trabajos son \u00abel ejemplo de c\u00f3mo se debe entender el litoral\u00bb.<\/p>\n\n\n\n<p>Los trabajos han permitido incorporar 38.600 m2 de terrenos al dominio p\u00fablico mar\u00edtimo-terrestre, se ha actuado en 13.000 m2 de zonas pavimentadas, se han generado 19.000 m2 de zonas ajardinadas y se han deconstruido 9.000 m2 a lo largo de un kil\u00f3metro de fachada mar\u00edtima. <\/p>\n\n\n\n<p>El alcalde de Vila-seca, Pere Segura, ha reconocido que se trataba de un d\u00eda de \u00abfelicidad\u00bb, mientras que Mor\u00e1n ha explicado que haber retrasado la l\u00ednea de costa y eliminar un tramo de carretera demuestra que \u00abes posible mejorar la calidad de vida en espacios consolidados sin sembrar m\u00e1s hormig\u00f3n\u00bb.<\/p>\n\n\n\n<p>Respecto a estas inversiones ha citado las reposiciones de arena que se han hecho los \u00faltimos a\u00f1os en muchas playas de manera repetida cada vez que un temporal golpeaba con fuerza el litoral. Mor\u00e1n ha explicado que aunque puede haber casos donde est\u00e9 justificada la aportaci\u00f3n de arena, el hecho de que las tormentas sean frecuentes evidencia \u00abque esta herramienta ya no sirve\u00bb.<\/p>\n","protected":false},"excerpt":{"rendered":"<p>El paseo mar\u00edtimo de la Pineda ha abierto al p\u00fablico esta semana tras m\u00e1s de un a\u00f1o de obras que han transformado la fisonom\u00eda de la zona gracias a una inversi\u00f3n de 8,5 millones de euros que han permitido ganar 20 metros de playa, que en parte se renaturalizar\u00e1, y reducir significativamente el tr\u00e1fico rodado. [&hellip;]<\/p>\n","protected":false},"author":57,"featured_media":378951,"comment_status":"closed","ping_status":"closed","sticky":false,"template":"","format":"standard","meta":{"footnotes":""},"categories":[13688],"tags":[128,15015,260,15017,15016,19,218],"class_list":["post-378961","post","type-post","status-publish","format-standard","has-post-thumbnail","hentry","category-cronicas","tag-actualitat","tag-la-pineda","tag-noticies","tag-passeig-maritim","tag-platja","tag-tarragona","tag-tgn"],"yoast_head":"<!-- This site is optimized with the Yoast SEO Premium plugin v27.4 (Yoast SEO v27.5) - https:\/\/yoast.com\/product\/yoast-seo-premium-wordpress\/ -->\n<title>El nuevo paseo mar\u00edtimo de la Pineda abre al p\u00fablico ganando 20 metros de playa - R\u00e0dio Ciutat de Tarragona<\/title>\n<meta name=\"robots\" content=\"index, follow, max-snippet:-1, max-image-preview:large, max-video-preview:-1\" \/>\n<link rel=\"canonical\" href=\"https:\/\/radiociutat.com\/es\/ultimas-noticias\/cronicas\/el-nuevo-paseo-maritimo-de-la-pineda-abre-al-publico-ganando-20-metros-de-playa\/\" \/>\n<meta property=\"og:locale\" content=\"es_ES\" \/>\n<meta property=\"og:type\" content=\"article\" \/>\n<meta property=\"og:title\" content=\"El nuevo paseo mar\u00edtimo de la Pineda abre al p\u00fablico ganando 20 metros de playa\" \/>\n<meta property=\"og:description\" content=\"El paseo mar\u00edtimo de la Pineda ha abierto al p\u00fablico esta semana tras m\u00e1s de un a\u00f1o de obras que han transformado la fisonom\u00eda de la zona gracias a una inversi\u00f3n de 8,5 millones de euros que han permitido ganar 20 metros de playa, que en parte se renaturalizar\u00e1, y reducir significativamente el tr\u00e1fico rodado. [&hellip;]\" \/>\n<meta property=\"og:url\" content=\"https:\/\/radiociutat.com\/es\/ultimas-noticias\/cronicas\/el-nuevo-paseo-maritimo-de-la-pineda-abre-al-publico-ganando-20-metros-de-playa\/\" \/>\n<meta property=\"og:site_name\" content=\"R\u00e0dio Ciutat de Tarragona\" \/>\n<meta property=\"article:publisher\" content=\"https:\/\/www.facebook.com\/rctgn\" \/>\n<meta property=\"article:published_time\" content=\"2026-04-29T15:07:22+00:00\" \/>\n<meta property=\"og:image\" content=\"https:\/\/files.radiociutat.com\/rctgn\/wp-content\/uploads\/2021\/03\/LOGO-RCTGN-RADIO-CIUTAT-DE-TARRAGONA-TRANSPARENTE-TARRAGONA-2020-3000X3000-Redes1-copia.png\" \/>\n\t<meta property=\"og:image:width\" content=\"3000\" \/>\n\t<meta property=\"og:image:height\" content=\"3000\" \/>\n\t<meta property=\"og:image:type\" content=\"image\/png\" \/>\n<meta name=\"author\" content=\"ACN\" \/>\n<meta name=\"twitter:card\" content=\"summary_large_image\" \/>\n<meta name=\"twitter:creator\" content=\"@RCTgn\" \/>\n<meta name=\"twitter:site\" content=\"@RCTgn\" \/>\n<meta name=\"twitter:label1\" content=\"Escrito por\" \/>\n\t<meta name=\"twitter:data1\" content=\"ACN\" \/>\n\t<meta name=\"twitter:label2\" content=\"Tiempo de lectura\" \/>\n\t<meta name=\"twitter:data2\" content=\"1 minuto\" \/>\n<script type=\"application\/ld+json\" class=\"yoast-schema-graph\">{\"@context\":\"https:\\\/\\\/schema.org\",\"@graph\":[{\"@type\":\"Article\",\"@id\":\"https:\\\/\\\/radiociutat.com\\\/es\\\/ultimas-noticias\\\/cronicas\\\/el-nuevo-paseo-maritimo-de-la-pineda-abre-al-publico-ganando-20-metros-de-playa\\\/#article\",\"isPartOf\":{\"@id\":\"https:\\\/\\\/radiociutat.com\\\/es\\\/ultimas-noticias\\\/cronicas\\\/el-nuevo-paseo-maritimo-de-la-pineda-abre-al-publico-ganando-20-metros-de-playa\\\/\"},\"author\":{\"name\":\"ACN\",\"@id\":\"https:\\\/\\\/radiociutat.com\\\/es\\\/#\\\/schema\\\/person\\\/ea8722499f2255e1477bd2975629dc71\"},\"headline\":\"El nuevo paseo mar\u00edtimo de la Pineda abre al p\u00fablico ganando 20 metros de playa\",\"datePublished\":\"2026-04-29T15:07:22+00:00\",\"mainEntityOfPage\":{\"@id\":\"https:\\\/\\\/radiociutat.com\\\/es\\\/ultimas-noticias\\\/cronicas\\\/el-nuevo-paseo-maritimo-de-la-pineda-abre-al-publico-ganando-20-metros-de-playa\\\/\"},\"wordCount\":276,\"image\":{\"@id\":\"https:\\\/\\\/radiociutat.com\\\/es\\\/ultimas-noticias\\\/cronicas\\\/el-nuevo-paseo-maritimo-de-la-pineda-abre-al-publico-ganando-20-metros-de-playa\\\/#primaryimage\"},\"thumbnailUrl\":\"https:\\\/\\\/files.radiociutat.com\\\/rctgn\\\/wp-content\\\/uploads\\\/2026\\\/04\\\/Passeig-martitim-platja-la-pineda-scaled-e1777475158661.jpg\",\"keywords\":[\"Actualitat\",\"La Pineda\",\"not\u00edcies\",\"Passeig Mar\u00edtim\",\"Platja\",\"Tarragona\",\"TGN\"],\"articleSection\":[\"Cr\u00f3nicas\"],\"inLanguage\":\"es\"},{\"@type\":\"WebPage\",\"@id\":\"https:\\\/\\\/radiociutat.com\\\/es\\\/ultimas-noticias\\\/cronicas\\\/el-nuevo-paseo-maritimo-de-la-pineda-abre-al-publico-ganando-20-metros-de-playa\\\/\",\"url\":\"https:\\\/\\\/radiociutat.com\\\/es\\\/ultimas-noticias\\\/cronicas\\\/el-nuevo-paseo-maritimo-de-la-pineda-abre-al-publico-ganando-20-metros-de-playa\\\/\",\"name\":\"El nuevo paseo mar\u00edtimo de la Pineda abre al p\u00fablico ganando 20 metros de playa - R\u00e0dio Ciutat de Tarragona\",\"isPartOf\":{\"@id\":\"https:\\\/\\\/radiociutat.com\\\/es\\\/#website\"},\"primaryImageOfPage\":{\"@id\":\"https:\\\/\\\/radiociutat.com\\\/es\\\/ultimas-noticias\\\/cronicas\\\/el-nuevo-paseo-maritimo-de-la-pineda-abre-al-publico-ganando-20-metros-de-playa\\\/#primaryimage\"},\"image\":{\"@id\":\"https:\\\/\\\/radiociutat.com\\\/es\\\/ultimas-noticias\\\/cronicas\\\/el-nuevo-paseo-maritimo-de-la-pineda-abre-al-publico-ganando-20-metros-de-playa\\\/#primaryimage\"},\"thumbnailUrl\":\"https:\\\/\\\/files.radiociutat.com\\\/rctgn\\\/wp-content\\\/uploads\\\/2026\\\/04\\\/Passeig-martitim-platja-la-pineda-scaled-e1777475158661.jpg\",\"datePublished\":\"2026-04-29T15:07:22+00:00\",\"author\":{\"@id\":\"https:\\\/\\\/radiociutat.com\\\/es\\\/#\\\/schema\\\/person\\\/ea8722499f2255e1477bd2975629dc71\"},\"breadcrumb\":{\"@id\":\"https:\\\/\\\/radiociutat.com\\\/es\\\/ultimas-noticias\\\/cronicas\\\/el-nuevo-paseo-maritimo-de-la-pineda-abre-al-publico-ganando-20-metros-de-playa\\\/#breadcrumb\"},\"inLanguage\":\"es\",\"potentialAction\":[{\"@type\":\"ReadAction\",\"target\":[\"https:\\\/\\\/radiociutat.com\\\/es\\\/ultimas-noticias\\\/cronicas\\\/el-nuevo-paseo-maritimo-de-la-pineda-abre-al-publico-ganando-20-metros-de-playa\\\/\"]}]},{\"@type\":\"ImageObject\",\"inLanguage\":\"es\",\"@id\":\"https:\\\/\\\/radiociutat.com\\\/es\\\/ultimas-noticias\\\/cronicas\\\/el-nuevo-paseo-maritimo-de-la-pineda-abre-al-publico-ganando-20-metros-de-playa\\\/#primaryimage\",\"url\":\"https:\\\/\\\/files.radiociutat.com\\\/rctgn\\\/wp-content\\\/uploads\\\/2026\\\/04\\\/Passeig-martitim-platja-la-pineda-scaled-e1777475158661.jpg\",\"contentUrl\":\"https:\\\/\\\/files.radiociutat.com\\\/rctgn\\\/wp-content\\\/uploads\\\/2026\\\/04\\\/Passeig-martitim-platja-la-pineda-scaled-e1777475158661.jpg\",\"width\":2560,\"height\":1707,\"caption\":\"Foto: Eloi Tost \\\/ ACN\"},{\"@type\":\"BreadcrumbList\",\"@id\":\"https:\\\/\\\/radiociutat.com\\\/es\\\/ultimas-noticias\\\/cronicas\\\/el-nuevo-paseo-maritimo-de-la-pineda-abre-al-publico-ganando-20-metros-de-playa\\\/#breadcrumb\",\"itemListElement\":[{\"@type\":\"ListItem\",\"position\":1,\"name\":\"Inici\",\"item\":\"https:\\\/\\\/radiociutat.com\\\/es\\\/\"},{\"@type\":\"ListItem\",\"position\":2,\"name\":\"El nuevo paseo mar\u00edtimo de la Pineda abre al p\u00fablico ganando 20 metros de playa\"}]},{\"@type\":\"WebSite\",\"@id\":\"https:\\\/\\\/radiociutat.com\\\/es\\\/#website\",\"url\":\"https:\\\/\\\/radiociutat.com\\\/es\\\/\",\"name\":\"R\u00e0dio Ciutat de Tarragona\",\"description\":\"R\u00e0dio Ciutat de Tarragona - RCTgn.cat R\u00e0dio Online\",\"potentialAction\":[{\"@type\":\"SearchAction\",\"target\":{\"@type\":\"EntryPoint\",\"urlTemplate\":\"https:\\\/\\\/radiociutat.com\\\/es\\\/?s={search_term_string}\"},\"query-input\":{\"@type\":\"PropertyValueSpecification\",\"valueRequired\":true,\"valueName\":\"search_term_string\"}}],\"inLanguage\":\"es\"},{\"@type\":\"Person\",\"@id\":\"https:\\\/\\\/radiociutat.com\\\/es\\\/#\\\/schema\\\/person\\\/ea8722499f2255e1477bd2975629dc71\",\"name\":\"ACN\",\"sameAs\":[\"https:\\\/\\\/radiociutat.com\\\/wp-content\\\/uploads\\\/2023\\\/09\\\/acn-e1694789176650.png\"],\"url\":\"https:\\\/\\\/radiociutat.com\\\/es\\\/author\\\/acn\\\/\"}]}<\/script>\n<!-- \/ Yoast SEO Premium plugin. -->","yoast_head_json":{"title":"El nuevo paseo mar\u00edtimo de la Pineda abre al p\u00fablico ganando 20 metros de playa - R\u00e0dio Ciutat de Tarragona","robots":{"index":"index","follow":"follow","max-snippet":"max-snippet:-1","max-image-preview":"max-image-preview:large","max-video-preview":"max-video-preview:-1"},"canonical":"https:\/\/radiociutat.com\/es\/ultimas-noticias\/cronicas\/el-nuevo-paseo-maritimo-de-la-pineda-abre-al-publico-ganando-20-metros-de-playa\/","og_locale":"es_ES","og_type":"article","og_title":"El nuevo paseo mar\u00edtimo de la Pineda abre al p\u00fablico ganando 20 metros de playa","og_description":"El paseo mar\u00edtimo de la Pineda ha abierto al p\u00fablico esta semana tras m\u00e1s de un a\u00f1o de obras que han transformado la fisonom\u00eda de la zona gracias a una inversi\u00f3n de 8,5 millones de euros que han permitido ganar 20 metros de playa, que en parte se renaturalizar\u00e1, y reducir significativamente el tr\u00e1fico rodado. [&hellip;]","og_url":"https:\/\/radiociutat.com\/es\/ultimas-noticias\/cronicas\/el-nuevo-paseo-maritimo-de-la-pineda-abre-al-publico-ganando-20-metros-de-playa\/","og_site_name":"R\u00e0dio Ciutat de Tarragona","article_publisher":"https:\/\/www.facebook.com\/rctgn","article_published_time":"2026-04-29T15:07:22+00:00","og_image":[{"width":3000,"height":3000,"url":"https:\/\/files.radiociutat.com\/rctgn\/wp-content\/uploads\/2021\/03\/LOGO-RCTGN-RADIO-CIUTAT-DE-TARRAGONA-TRANSPARENTE-TARRAGONA-2020-3000X3000-Redes1-copia.png","type":"image\/png"}],"author":"ACN","twitter_card":"summary_large_image","twitter_creator":"@RCTgn","twitter_site":"@RCTgn","twitter_misc":{"Escrito por":"ACN","Tiempo de lectura":"1 minuto"},"schema":{"@context":"https:\/\/schema.org","@graph":[{"@type":"Article","@id":"https:\/\/radiociutat.com\/es\/ultimas-noticias\/cronicas\/el-nuevo-paseo-maritimo-de-la-pineda-abre-al-publico-ganando-20-metros-de-playa\/#article","isPartOf":{"@id":"https:\/\/radiociutat.com\/es\/ultimas-noticias\/cronicas\/el-nuevo-paseo-maritimo-de-la-pineda-abre-al-publico-ganando-20-metros-de-playa\/"},"author":{"name":"ACN","@id":"https:\/\/radiociutat.com\/es\/#\/schema\/person\/ea8722499f2255e1477bd2975629dc71"},"headline":"El nuevo paseo mar\u00edtimo de la Pineda abre al p\u00fablico ganando 20 metros de playa","datePublished":"2026-04-29T15:07:22+00:00","mainEntityOfPage":{"@id":"https:\/\/radiociutat.com\/es\/ultimas-noticias\/cronicas\/el-nuevo-paseo-maritimo-de-la-pineda-abre-al-publico-ganando-20-metros-de-playa\/"},"wordCount":276,"image":{"@id":"https:\/\/radiociutat.com\/es\/ultimas-noticias\/cronicas\/el-nuevo-paseo-maritimo-de-la-pineda-abre-al-publico-ganando-20-metros-de-playa\/#primaryimage"},"thumbnailUrl":"https:\/\/files.radiociutat.com\/rctgn\/wp-content\/uploads\/2026\/04\/Passeig-martitim-platja-la-pineda-scaled-e1777475158661.jpg","keywords":["Actualitat","La Pineda","not\u00edcies","Passeig Mar\u00edtim","Platja","Tarragona","TGN"],"articleSection":["Cr\u00f3nicas"],"inLanguage":"es"},{"@type":"WebPage","@id":"https:\/\/radiociutat.com\/es\/ultimas-noticias\/cronicas\/el-nuevo-paseo-maritimo-de-la-pineda-abre-al-publico-ganando-20-metros-de-playa\/","url":"https:\/\/radiociutat.com\/es\/ultimas-noticias\/cronicas\/el-nuevo-paseo-maritimo-de-la-pineda-abre-al-publico-ganando-20-metros-de-playa\/","name":"El nuevo paseo mar\u00edtimo de la Pineda abre al p\u00fablico ganando 20 metros de playa - R\u00e0dio Ciutat de Tarragona","isPartOf":{"@id":"https:\/\/radiociutat.com\/es\/#website"},"primaryImageOfPage":{"@id":"https:\/\/radiociutat.com\/es\/ultimas-noticias\/cronicas\/el-nuevo-paseo-maritimo-de-la-pineda-abre-al-publico-ganando-20-metros-de-playa\/#primaryimage"},"image":{"@id":"https:\/\/radiociutat.com\/es\/ultimas-noticias\/cronicas\/el-nuevo-paseo-maritimo-de-la-pineda-abre-al-publico-ganando-20-metros-de-playa\/#primaryimage"},"thumbnailUrl":"https:\/\/files.radiociutat.com\/rctgn\/wp-content\/uploads\/2026\/04\/Passeig-martitim-platja-la-pineda-scaled-e1777475158661.jpg","datePublished":"2026-04-29T15:07:22+00:00","author":{"@id":"https:\/\/radiociutat.com\/es\/#\/schema\/person\/ea8722499f2255e1477bd2975629dc71"},"breadcrumb":{"@id":"https:\/\/radiociutat.com\/es\/ultimas-noticias\/cronicas\/el-nuevo-paseo-maritimo-de-la-pineda-abre-al-publico-ganando-20-metros-de-playa\/#breadcrumb"},"inLanguage":"es","potentialAction":[{"@type":"ReadAction","target":["https:\/\/radiociutat.com\/es\/ultimas-noticias\/cronicas\/el-nuevo-paseo-maritimo-de-la-pineda-abre-al-publico-ganando-20-metros-de-playa\/"]}]},{"@type":"ImageObject","inLanguage":"es","@id":"https:\/\/radiociutat.com\/es\/ultimas-noticias\/cronicas\/el-nuevo-paseo-maritimo-de-la-pineda-abre-al-publico-ganando-20-metros-de-playa\/#primaryimage","url":"https:\/\/files.radiociutat.com\/rctgn\/wp-content\/uploads\/2026\/04\/Passeig-martitim-platja-la-pineda-scaled-e1777475158661.jpg","contentUrl":"https:\/\/files.radiociutat.com\/rctgn\/wp-content\/uploads\/2026\/04\/Passeig-martitim-platja-la-pineda-scaled-e1777475158661.jpg","width":2560,"height":1707,"caption":"Foto: Eloi Tost \/ ACN"},{"@type":"BreadcrumbList","@id":"https:\/\/radiociutat.com\/es\/ultimas-noticias\/cronicas\/el-nuevo-paseo-maritimo-de-la-pineda-abre-al-publico-ganando-20-metros-de-playa\/#breadcrumb","itemListElement":[{"@type":"ListItem","position":1,"name":"Inici","item":"https:\/\/radiociutat.com\/es\/"},{"@type":"ListItem","position":2,"name":"El nuevo paseo mar\u00edtimo de la Pineda abre al p\u00fablico ganando 20 metros de playa"}]},{"@type":"WebSite","@id":"https:\/\/radiociutat.com\/es\/#website","url":"https:\/\/radiociutat.com\/es\/","name":"R\u00e0dio Ciutat de Tarragona","description":"R\u00e0dio Ciutat de Tarragona - RCTgn.cat R\u00e0dio Online","potentialAction":[{"@type":"SearchAction","target":{"@type":"EntryPoint","urlTemplate":"https:\/\/radiociutat.com\/es\/?s={search_term_string}"},"query-input":{"@type":"PropertyValueSpecification","valueRequired":true,"valueName":"search_term_string"}}],"inLanguage":"es"},{"@type":"Person","@id":"https:\/\/radiociutat.com\/es\/#\/schema\/person\/ea8722499f2255e1477bd2975629dc71","name":"ACN","sameAs":["https:\/\/radiociutat.com\/wp-content\/uploads\/2023\/09\/acn-e1694789176650.png"],"url":"https:\/\/radiociutat.com\/es\/author\/acn\/"}]}},"_links":{"self":[{"href":"https:\/\/radiociutat.com\/es\/wp-json\/wp\/v2\/posts\/378961","targetHints":{"allow":["GET"]}}],"collection":[{"href":"https:\/\/radiociutat.com\/es\/wp-json\/wp\/v2\/posts"}],"about":[{"href":"https:\/\/radiociutat.com\/es\/wp-json\/wp\/v2\/types\/post"}],"author":[{"embeddable":true,"href":"https:\/\/radiociutat.com\/es\/wp-json\/wp\/v2\/users\/57"}],"replies":[{"embeddable":true,"href":"https:\/\/radiociutat.com\/es\/wp-json\/wp\/v2\/comments?post=378961"}],"version-history":[{"count":0,"href":"https:\/\/radiociutat.com\/es\/wp-json\/wp\/v2\/posts\/378961\/revisions"}],"wp:featuredmedia":[{"embeddable":true,"href":"https:\/\/radiociutat.com\/es\/wp-json\/wp\/v2\/media\/378951"}],"wp:attachment":[{"href":"https:\/\/radiociutat.com\/es\/wp-json\/wp\/v2\/media?parent=378961"}],"wp:term":[{"taxonomy":"category","embeddable":true,"href":"https:\/\/radiociutat.com\/es\/wp-json\/wp\/v2\/categories?post=378961"},{"taxonomy":"post_tag","embeddable":true,"href":"https:\/\/radiociutat.com\/es\/wp-json\/wp\/v2\/tags?post=378961"}],"curies":[{"name":"wp","href":"https:\/\/api.w.org\/{rel}","templated":true}]}}