{"id":378940,"date":"2026-04-29T16:51:38","date_gmt":"2026-04-29T14:51:38","guid":{"rendered":"https:\/\/radiociutat.com\/programes-podcast\/salou-aprueba-su-primer-plan-local-de-vivienda-con-25-medidas-y-13-meur\/"},"modified":"2026-04-29T16:51:38","modified_gmt":"2026-04-29T14:51:38","slug":"salou-aprueba-su-primer-plan-local-de-vivienda-con-25-medidas-y-13-meur","status":"publish","type":"post","link":"https:\/\/radiociutat.com\/es\/ultimas-noticias\/cronicas\/salou-aprueba-su-primer-plan-local-de-vivienda-con-25-medidas-y-13-meur\/","title":{"rendered":"Salou aprueba su primer Plan Local de Vivienda con 25 medidas y 1,3 MEUR"},"content":{"rendered":"\n<p>Salou ha aprobado, en el pleno municipal, el primer Plan Local de Vivienda, un instrumento estrat\u00e9gico que servir\u00e1 para definir las pol\u00edticas residenciales del municipio durante los pr\u00f3ximos seis a\u00f1os. El documento ha recibido el apoyo de los grupos de gobierno \u2014Sumem per Salou-PSC, Ara Pacte Local y Esquerra Republicana\u2014, mientras que los partidos de la oposici\u00f3n no han votado a favor.<\/p>\n\n\n\n<p>Se ha elaborado a partir de un diagn\u00f3stico exhaustivo que analiza factores como la evoluci\u00f3n demogr\u00e1fica, el parque de viviendas, el mercado inmobiliario y el planeamiento urban\u00edstico, incorporando tambi\u00e9n aportaciones de la ciudadan\u00eda y de los agentes sociales y econ\u00f3micos.<\/p>\n\n\n\n<p>El Plan se estructura en cuatro grandes ejes: reforzar el papel del Ayuntamiento en las pol\u00edticas de vivienda, facilitar el acceso a viviendas asequibles, ampliar el parque disponible y mejorar la calidad de las viviendas existentes.<\/p>\n\n\n\n<p>Para alcanzar estos objetivos, se desplegar\u00e1n 25 actuaciones concretas. Entre las medidas destacadas se encuentra la creaci\u00f3n de un Servicio Municipal de Vivienda con personal t\u00e9cnico propio, la colaboraci\u00f3n con otras administraciones y el tercer sector, y la elaboraci\u00f3n de censos de viviendas vac\u00edas y de uso tur\u00edstico. Tambi\u00e9n se prev\u00e9n incentivos fiscales para movilizar viviendas desocupadas hacia el mercado residencial.<\/p>\n\n\n\n<p>El plan contempla igualmente la promoci\u00f3n de alojamiento dotacional en suelo municipal, la adquisici\u00f3n de viviendas para emergencias sociales, la adaptaci\u00f3n del planeamiento urban\u00edstico y el impulso de la rehabilitaci\u00f3n y la mejora energ\u00e9tica de los edificios. Paralelamente, se reforzar\u00e1n las acciones informativas para facilitar el acceso de la ciudadan\u00eda a las ayudas disponibles.<\/p>\n\n\n\n<p>En cuanto al presupuesto, el Plan Local de Vivienda cuenta con una inversi\u00f3n global de 1.326.364 euros durante los seis a\u00f1os de vigencia, e incluye un sistema de seguimiento y evaluaci\u00f3n para garantizar su desarrollo.<\/p>\n","protected":false},"excerpt":{"rendered":"<p>Salou ha aprobado, en el pleno municipal, el primer Plan Local de Vivienda, un instrumento estrat\u00e9gico que servir\u00e1 para definir las pol\u00edticas residenciales del municipio durante los pr\u00f3ximos seis a\u00f1os. El documento ha recibido el apoyo de los grupos de gobierno \u2014Sumem per Salou-PSC, Ara Pacte Local y Esquerra Republicana\u2014, mientras que los partidos de [&hellip;]<\/p>\n","protected":false},"author":1,"featured_media":378934,"comment_status":"closed","ping_status":"closed","sticky":false,"template":"","format":"standard","meta":{"footnotes":""},"categories":[13688],"tags":[128,88,76,260,15013,13749,129,19,218],"class_list":["post-378940","post","type-post","status-publish","format-standard","has-post-thumbnail","hentry","category-cronicas","tag-actualitat","tag-info","tag-informatiu","tag-noticies","tag-pla-habitatge","tag-salou-2","tag-societat","tag-tarragona","tag-tgn"],"yoast_head":"<!-- This site is optimized with the Yoast SEO Premium plugin v27.4 (Yoast SEO v27.5) - https:\/\/yoast.com\/product\/yoast-seo-premium-wordpress\/ -->\n<title>Salou aprueba su primer Plan Local de Vivienda con 25 medidas y 1,3 MEUR - R\u00e0dio Ciutat de Tarragona<\/title>\n<meta name=\"robots\" content=\"index, follow, max-snippet:-1, max-image-preview:large, max-video-preview:-1\" \/>\n<link rel=\"canonical\" href=\"https:\/\/radiociutat.com\/es\/ultimas-noticias\/cronicas\/salou-aprueba-su-primer-plan-local-de-vivienda-con-25-medidas-y-13-meur\/\" \/>\n<meta property=\"og:locale\" content=\"es_ES\" \/>\n<meta property=\"og:type\" content=\"article\" \/>\n<meta property=\"og:title\" content=\"Salou aprueba su primer Plan Local de Vivienda con 25 medidas y 1,3 MEUR\" \/>\n<meta property=\"og:description\" content=\"Salou ha aprobado, en el pleno municipal, el primer Plan Local de Vivienda, un instrumento estrat\u00e9gico que servir\u00e1 para definir las pol\u00edticas residenciales del municipio durante los pr\u00f3ximos seis a\u00f1os. El documento ha recibido el apoyo de los grupos de gobierno \u2014Sumem per Salou-PSC, Ara Pacte Local y Esquerra Republicana\u2014, mientras que los partidos de [&hellip;]\" \/>\n<meta property=\"og:url\" content=\"https:\/\/radiociutat.com\/es\/ultimas-noticias\/cronicas\/salou-aprueba-su-primer-plan-local-de-vivienda-con-25-medidas-y-13-meur\/\" \/>\n<meta property=\"og:site_name\" content=\"R\u00e0dio Ciutat de Tarragona\" \/>\n<meta property=\"article:publisher\" content=\"https:\/\/www.facebook.com\/rctgn\" \/>\n<meta property=\"article:published_time\" content=\"2026-04-29T14:51:38+00:00\" \/>\n<meta property=\"og:image\" content=\"https:\/\/files.radiociutat.com\/rctgn\/wp-content\/uploads\/2021\/03\/LOGO-RCTGN-RADIO-CIUTAT-DE-TARRAGONA-TRANSPARENTE-TARRAGONA-2020-3000X3000-Redes1-copia.png\" \/>\n\t<meta property=\"og:image:width\" content=\"3000\" \/>\n\t<meta property=\"og:image:height\" content=\"3000\" \/>\n\t<meta property=\"og:image:type\" content=\"image\/png\" \/>\n<meta name=\"author\" content=\"Redacci\u00f3\" \/>\n<meta name=\"twitter:card\" content=\"summary_large_image\" \/>\n<meta name=\"twitter:creator\" content=\"@RCTgn\" \/>\n<meta name=\"twitter:site\" content=\"@RCTgn\" \/>\n<meta name=\"twitter:label1\" content=\"Escrito por\" \/>\n\t<meta name=\"twitter:data1\" content=\"Redacci\u00f3\" \/>\n\t<meta name=\"twitter:label2\" content=\"Tiempo de lectura\" \/>\n\t<meta name=\"twitter:data2\" content=\"2 minutos\" \/>\n<script type=\"application\/ld+json\" class=\"yoast-schema-graph\">{\"@context\":\"https:\\\/\\\/schema.org\",\"@graph\":[{\"@type\":\"Article\",\"@id\":\"https:\\\/\\\/radiociutat.com\\\/es\\\/ultimas-noticias\\\/cronicas\\\/salou-aprueba-su-primer-plan-local-de-vivienda-con-25-medidas-y-13-meur\\\/#article\",\"isPartOf\":{\"@id\":\"https:\\\/\\\/radiociutat.com\\\/es\\\/ultimas-noticias\\\/cronicas\\\/salou-aprueba-su-primer-plan-local-de-vivienda-con-25-medidas-y-13-meur\\\/\"},\"author\":{\"name\":\"Redacci\u00f3\",\"@id\":\"https:\\\/\\\/radiociutat.com\\\/es\\\/#\\\/schema\\\/person\\\/04b6638f9d2a9ea77408db76c5d8f0b5\"},\"headline\":\"Salou aprueba su primer Plan Local de Vivienda con 25 medidas y 1,3 MEUR\",\"datePublished\":\"2026-04-29T14:51:38+00:00\",\"mainEntityOfPage\":{\"@id\":\"https:\\\/\\\/radiociutat.com\\\/es\\\/ultimas-noticias\\\/cronicas\\\/salou-aprueba-su-primer-plan-local-de-vivienda-con-25-medidas-y-13-meur\\\/\"},\"wordCount\":331,\"image\":{\"@id\":\"https:\\\/\\\/radiociutat.com\\\/es\\\/ultimas-noticias\\\/cronicas\\\/salou-aprueba-su-primer-plan-local-de-vivienda-con-25-medidas-y-13-meur\\\/#primaryimage\"},\"thumbnailUrl\":\"https:\\\/\\\/files.radiociutat.com\\\/rctgn\\\/wp-content\\\/uploads\\\/2026\\\/04\\\/salou-pla-habitatge.jpg\",\"keywords\":[\"Actualitat\",\"Info\",\"Informatiu\",\"not\u00edcies\",\"Pla Habitatge\",\"Salou\",\"Societat\",\"Tarragona\",\"TGN\"],\"articleSection\":[\"Cr\u00f3nicas\"],\"inLanguage\":\"es\"},{\"@type\":\"WebPage\",\"@id\":\"https:\\\/\\\/radiociutat.com\\\/es\\\/ultimas-noticias\\\/cronicas\\\/salou-aprueba-su-primer-plan-local-de-vivienda-con-25-medidas-y-13-meur\\\/\",\"url\":\"https:\\\/\\\/radiociutat.com\\\/es\\\/ultimas-noticias\\\/cronicas\\\/salou-aprueba-su-primer-plan-local-de-vivienda-con-25-medidas-y-13-meur\\\/\",\"name\":\"Salou aprueba su primer Plan Local de Vivienda con 25 medidas y 1,3 MEUR - R\u00e0dio Ciutat de Tarragona\",\"isPartOf\":{\"@id\":\"https:\\\/\\\/radiociutat.com\\\/es\\\/#website\"},\"primaryImageOfPage\":{\"@id\":\"https:\\\/\\\/radiociutat.com\\\/es\\\/ultimas-noticias\\\/cronicas\\\/salou-aprueba-su-primer-plan-local-de-vivienda-con-25-medidas-y-13-meur\\\/#primaryimage\"},\"image\":{\"@id\":\"https:\\\/\\\/radiociutat.com\\\/es\\\/ultimas-noticias\\\/cronicas\\\/salou-aprueba-su-primer-plan-local-de-vivienda-con-25-medidas-y-13-meur\\\/#primaryimage\"},\"thumbnailUrl\":\"https:\\\/\\\/files.radiociutat.com\\\/rctgn\\\/wp-content\\\/uploads\\\/2026\\\/04\\\/salou-pla-habitatge.jpg\",\"datePublished\":\"2026-04-29T14:51:38+00:00\",\"author\":{\"@id\":\"https:\\\/\\\/radiociutat.com\\\/es\\\/#\\\/schema\\\/person\\\/04b6638f9d2a9ea77408db76c5d8f0b5\"},\"breadcrumb\":{\"@id\":\"https:\\\/\\\/radiociutat.com\\\/es\\\/ultimas-noticias\\\/cronicas\\\/salou-aprueba-su-primer-plan-local-de-vivienda-con-25-medidas-y-13-meur\\\/#breadcrumb\"},\"inLanguage\":\"es\",\"potentialAction\":[{\"@type\":\"ReadAction\",\"target\":[\"https:\\\/\\\/radiociutat.com\\\/es\\\/ultimas-noticias\\\/cronicas\\\/salou-aprueba-su-primer-plan-local-de-vivienda-con-25-medidas-y-13-meur\\\/\"]}]},{\"@type\":\"ImageObject\",\"inLanguage\":\"es\",\"@id\":\"https:\\\/\\\/radiociutat.com\\\/es\\\/ultimas-noticias\\\/cronicas\\\/salou-aprueba-su-primer-plan-local-de-vivienda-con-25-medidas-y-13-meur\\\/#primaryimage\",\"url\":\"https:\\\/\\\/files.radiociutat.com\\\/rctgn\\\/wp-content\\\/uploads\\\/2026\\\/04\\\/salou-pla-habitatge.jpg\",\"contentUrl\":\"https:\\\/\\\/files.radiociutat.com\\\/rctgn\\\/wp-content\\\/uploads\\\/2026\\\/04\\\/salou-pla-habitatge.jpg\",\"width\":626,\"height\":417},{\"@type\":\"BreadcrumbList\",\"@id\":\"https:\\\/\\\/radiociutat.com\\\/es\\\/ultimas-noticias\\\/cronicas\\\/salou-aprueba-su-primer-plan-local-de-vivienda-con-25-medidas-y-13-meur\\\/#breadcrumb\",\"itemListElement\":[{\"@type\":\"ListItem\",\"position\":1,\"name\":\"Inici\",\"item\":\"https:\\\/\\\/radiociutat.com\\\/es\\\/\"},{\"@type\":\"ListItem\",\"position\":2,\"name\":\"Salou aprueba su primer Plan Local de Vivienda con 25 medidas y 1,3 MEUR\"}]},{\"@type\":\"WebSite\",\"@id\":\"https:\\\/\\\/radiociutat.com\\\/es\\\/#website\",\"url\":\"https:\\\/\\\/radiociutat.com\\\/es\\\/\",\"name\":\"R\u00e0dio Ciutat de Tarragona\",\"description\":\"R\u00e0dio Ciutat de Tarragona - RCTgn.cat R\u00e0dio Online\",\"potentialAction\":[{\"@type\":\"SearchAction\",\"target\":{\"@type\":\"EntryPoint\",\"urlTemplate\":\"https:\\\/\\\/radiociutat.com\\\/es\\\/?s={search_term_string}\"},\"query-input\":{\"@type\":\"PropertyValueSpecification\",\"valueRequired\":true,\"valueName\":\"search_term_string\"}}],\"inLanguage\":\"es\"},{\"@type\":\"Person\",\"@id\":\"https:\\\/\\\/radiociutat.com\\\/es\\\/#\\\/schema\\\/person\\\/04b6638f9d2a9ea77408db76c5d8f0b5\",\"name\":\"Redacci\u00f3\",\"sameAs\":[\"https:\\\/\\\/radiociutat.com\\\/wp-content\\\/uploads\\\/2023\\\/09\\\/LOGO-RCTGN-CUADRAT.png\"],\"url\":\"https:\\\/\\\/radiociutat.com\\\/es\\\/author\\\/jespinosa\\\/\"}]}<\/script>\n<!-- \/ Yoast SEO Premium plugin. -->","yoast_head_json":{"title":"Salou aprueba su primer Plan Local de Vivienda con 25 medidas y 1,3 MEUR - R\u00e0dio Ciutat de Tarragona","robots":{"index":"index","follow":"follow","max-snippet":"max-snippet:-1","max-image-preview":"max-image-preview:large","max-video-preview":"max-video-preview:-1"},"canonical":"https:\/\/radiociutat.com\/es\/ultimas-noticias\/cronicas\/salou-aprueba-su-primer-plan-local-de-vivienda-con-25-medidas-y-13-meur\/","og_locale":"es_ES","og_type":"article","og_title":"Salou aprueba su primer Plan Local de Vivienda con 25 medidas y 1,3 MEUR","og_description":"Salou ha aprobado, en el pleno municipal, el primer Plan Local de Vivienda, un instrumento estrat\u00e9gico que servir\u00e1 para definir las pol\u00edticas residenciales del municipio durante los pr\u00f3ximos seis a\u00f1os. El documento ha recibido el apoyo de los grupos de gobierno \u2014Sumem per Salou-PSC, Ara Pacte Local y Esquerra Republicana\u2014, mientras que los partidos de [&hellip;]","og_url":"https:\/\/radiociutat.com\/es\/ultimas-noticias\/cronicas\/salou-aprueba-su-primer-plan-local-de-vivienda-con-25-medidas-y-13-meur\/","og_site_name":"R\u00e0dio Ciutat de Tarragona","article_publisher":"https:\/\/www.facebook.com\/rctgn","article_published_time":"2026-04-29T14:51:38+00:00","og_image":[{"width":3000,"height":3000,"url":"https:\/\/files.radiociutat.com\/rctgn\/wp-content\/uploads\/2021\/03\/LOGO-RCTGN-RADIO-CIUTAT-DE-TARRAGONA-TRANSPARENTE-TARRAGONA-2020-3000X3000-Redes1-copia.png","type":"image\/png"}],"author":"Redacci\u00f3","twitter_card":"summary_large_image","twitter_creator":"@RCTgn","twitter_site":"@RCTgn","twitter_misc":{"Escrito por":"Redacci\u00f3","Tiempo de lectura":"2 minutos"},"schema":{"@context":"https:\/\/schema.org","@graph":[{"@type":"Article","@id":"https:\/\/radiociutat.com\/es\/ultimas-noticias\/cronicas\/salou-aprueba-su-primer-plan-local-de-vivienda-con-25-medidas-y-13-meur\/#article","isPartOf":{"@id":"https:\/\/radiociutat.com\/es\/ultimas-noticias\/cronicas\/salou-aprueba-su-primer-plan-local-de-vivienda-con-25-medidas-y-13-meur\/"},"author":{"name":"Redacci\u00f3","@id":"https:\/\/radiociutat.com\/es\/#\/schema\/person\/04b6638f9d2a9ea77408db76c5d8f0b5"},"headline":"Salou aprueba su primer Plan Local de Vivienda con 25 medidas y 1,3 MEUR","datePublished":"2026-04-29T14:51:38+00:00","mainEntityOfPage":{"@id":"https:\/\/radiociutat.com\/es\/ultimas-noticias\/cronicas\/salou-aprueba-su-primer-plan-local-de-vivienda-con-25-medidas-y-13-meur\/"},"wordCount":331,"image":{"@id":"https:\/\/radiociutat.com\/es\/ultimas-noticias\/cronicas\/salou-aprueba-su-primer-plan-local-de-vivienda-con-25-medidas-y-13-meur\/#primaryimage"},"thumbnailUrl":"https:\/\/files.radiociutat.com\/rctgn\/wp-content\/uploads\/2026\/04\/salou-pla-habitatge.jpg","keywords":["Actualitat","Info","Informatiu","not\u00edcies","Pla Habitatge","Salou","Societat","Tarragona","TGN"],"articleSection":["Cr\u00f3nicas"],"inLanguage":"es"},{"@type":"WebPage","@id":"https:\/\/radiociutat.com\/es\/ultimas-noticias\/cronicas\/salou-aprueba-su-primer-plan-local-de-vivienda-con-25-medidas-y-13-meur\/","url":"https:\/\/radiociutat.com\/es\/ultimas-noticias\/cronicas\/salou-aprueba-su-primer-plan-local-de-vivienda-con-25-medidas-y-13-meur\/","name":"Salou aprueba su primer Plan Local de Vivienda con 25 medidas y 1,3 MEUR - R\u00e0dio Ciutat de Tarragona","isPartOf":{"@id":"https:\/\/radiociutat.com\/es\/#website"},"primaryImageOfPage":{"@id":"https:\/\/radiociutat.com\/es\/ultimas-noticias\/cronicas\/salou-aprueba-su-primer-plan-local-de-vivienda-con-25-medidas-y-13-meur\/#primaryimage"},"image":{"@id":"https:\/\/radiociutat.com\/es\/ultimas-noticias\/cronicas\/salou-aprueba-su-primer-plan-local-de-vivienda-con-25-medidas-y-13-meur\/#primaryimage"},"thumbnailUrl":"https:\/\/files.radiociutat.com\/rctgn\/wp-content\/uploads\/2026\/04\/salou-pla-habitatge.jpg","datePublished":"2026-04-29T14:51:38+00:00","author":{"@id":"https:\/\/radiociutat.com\/es\/#\/schema\/person\/04b6638f9d2a9ea77408db76c5d8f0b5"},"breadcrumb":{"@id":"https:\/\/radiociutat.com\/es\/ultimas-noticias\/cronicas\/salou-aprueba-su-primer-plan-local-de-vivienda-con-25-medidas-y-13-meur\/#breadcrumb"},"inLanguage":"es","potentialAction":[{"@type":"ReadAction","target":["https:\/\/radiociutat.com\/es\/ultimas-noticias\/cronicas\/salou-aprueba-su-primer-plan-local-de-vivienda-con-25-medidas-y-13-meur\/"]}]},{"@type":"ImageObject","inLanguage":"es","@id":"https:\/\/radiociutat.com\/es\/ultimas-noticias\/cronicas\/salou-aprueba-su-primer-plan-local-de-vivienda-con-25-medidas-y-13-meur\/#primaryimage","url":"https:\/\/files.radiociutat.com\/rctgn\/wp-content\/uploads\/2026\/04\/salou-pla-habitatge.jpg","contentUrl":"https:\/\/files.radiociutat.com\/rctgn\/wp-content\/uploads\/2026\/04\/salou-pla-habitatge.jpg","width":626,"height":417},{"@type":"BreadcrumbList","@id":"https:\/\/radiociutat.com\/es\/ultimas-noticias\/cronicas\/salou-aprueba-su-primer-plan-local-de-vivienda-con-25-medidas-y-13-meur\/#breadcrumb","itemListElement":[{"@type":"ListItem","position":1,"name":"Inici","item":"https:\/\/radiociutat.com\/es\/"},{"@type":"ListItem","position":2,"name":"Salou aprueba su primer Plan Local de Vivienda con 25 medidas y 1,3 MEUR"}]},{"@type":"WebSite","@id":"https:\/\/radiociutat.com\/es\/#website","url":"https:\/\/radiociutat.com\/es\/","name":"R\u00e0dio Ciutat de Tarragona","description":"R\u00e0dio Ciutat de Tarragona - RCTgn.cat R\u00e0dio Online","potentialAction":[{"@type":"SearchAction","target":{"@type":"EntryPoint","urlTemplate":"https:\/\/radiociutat.com\/es\/?s={search_term_string}"},"query-input":{"@type":"PropertyValueSpecification","valueRequired":true,"valueName":"search_term_string"}}],"inLanguage":"es"},{"@type":"Person","@id":"https:\/\/radiociutat.com\/es\/#\/schema\/person\/04b6638f9d2a9ea77408db76c5d8f0b5","name":"Redacci\u00f3","sameAs":["https:\/\/radiociutat.com\/wp-content\/uploads\/2023\/09\/LOGO-RCTGN-CUADRAT.png"],"url":"https:\/\/radiociutat.com\/es\/author\/jespinosa\/"}]}},"_links":{"self":[{"href":"https:\/\/radiociutat.com\/es\/wp-json\/wp\/v2\/posts\/378940","targetHints":{"allow":["GET"]}}],"collection":[{"href":"https:\/\/radiociutat.com\/es\/wp-json\/wp\/v2\/posts"}],"about":[{"href":"https:\/\/radiociutat.com\/es\/wp-json\/wp\/v2\/types\/post"}],"author":[{"embeddable":true,"href":"https:\/\/radiociutat.com\/es\/wp-json\/wp\/v2\/users\/1"}],"replies":[{"embeddable":true,"href":"https:\/\/radiociutat.com\/es\/wp-json\/wp\/v2\/comments?post=378940"}],"version-history":[{"count":0,"href":"https:\/\/radiociutat.com\/es\/wp-json\/wp\/v2\/posts\/378940\/revisions"}],"wp:featuredmedia":[{"embeddable":true,"href":"https:\/\/radiociutat.com\/es\/wp-json\/wp\/v2\/media\/378934"}],"wp:attachment":[{"href":"https:\/\/radiociutat.com\/es\/wp-json\/wp\/v2\/media?parent=378940"}],"wp:term":[{"taxonomy":"category","embeddable":true,"href":"https:\/\/radiociutat.com\/es\/wp-json\/wp\/v2\/categories?post=378940"},{"taxonomy":"post_tag","embeddable":true,"href":"https:\/\/radiociutat.com\/es\/wp-json\/wp\/v2\/tags?post=378940"}],"curies":[{"name":"wp","href":"https:\/\/api.w.org\/{rel}","templated":true}]}}