{"id":378938,"date":"2026-04-29T16:50:34","date_gmt":"2026-04-29T14:50:34","guid":{"rendered":"https:\/\/radiociutat.com\/programes-podcast\/tarragona-daily-el-barri-del-port-inicia-su-transformacion-con-34-actuaciones\/"},"modified":"2026-04-29T16:50:34","modified_gmt":"2026-04-29T14:50:34","slug":"tarragona-daily-el-barri-del-port-inicia-su-transformacion-con-34-actuaciones","status":"publish","type":"post","link":"https:\/\/radiociutat.com\/es\/sin-categoria-es\/tarragona-daily-el-barri-del-port-inicia-su-transformacion-con-34-actuaciones\/","title":{"rendered":"Tarragona Daily | El Barri del Port inicia su transformaci\u00f3n con 34 actuaciones"},"content":{"rendered":"\n<p><a href=\"https:\/\/radiociutat.com\/ultimes-noticies-tarragona\/croniques-actualitat\/tarragona-posa-en-marxa-la-transformacio-integral-del-barri-del-port\/\">Tarragona pone en marcha la transformaci\u00f3n integral del Barri del Port<\/a><\/p>\n\n\n\n<p><strong>Tarragona ha puesto en marcha el Comit\u00e9 de Evoluci\u00f3n y Seguimiento del Plan de Barrios, encargado de supervisar la transformaci\u00f3n integral del Barri del Port. El proyecto, impulsado por la Generalitat y el Ayuntamiento, prev\u00e9 una inversi\u00f3n de 25 millones de euros en cinco a\u00f1os.<\/strong><\/p>\n\n\n\n<p>El plan incluye 34 actuaciones que combinan transformaci\u00f3n urbana, transici\u00f3n ecol\u00f3gica y acci\u00f3n sociocomunitaria, con el objetivo de reducir desigualdades, mejorar el acceso a servicios y reforzar la cohesi\u00f3n social.<\/p>\n\n\n\n<p>El comisionado Carles Mart\u00ed Jufresa destaca el car\u00e1cter integral del modelo. El proyecto prev\u00e9 nuevos equipamientos, como un centro c\u00edvico, y se basa en una gobernanza compartida con entidades del barrio.<\/p>\n\n\n\n<p><a href=\"https:\/\/radiociutat.com\/ultimes-noticies-tarragona\/croniques-actualitat\/passeig-institucional-per-les-obres-del-cami-de-ronda-de-la-savinosa\/\">Paseo institucional por las obras del camino de Ronda de la Savinosa<\/a><\/p>\n\n\n\n<p><strong>Tarragona ha escenificado el inicio de las obras del camino de ronda de la Savinosa con un paseo institucional. El proyecto, impulsado por el Ministerio para la Transici\u00f3n Ecol\u00f3gica, cuenta con un mill\u00f3n de euros de inversi\u00f3n y un plazo de seis meses, y permitir\u00e1 recuperar 26.000 m\u00b2 de litoral cerrados durante m\u00e1s de cincuenta a\u00f1os.<\/strong><\/p>\n\n\n\n<p>El recorrido conectar\u00e1 la Arrabassada con la Savinosa en un entorno de gran valor ambiental. El trazado se ha modificado a ra\u00edz de la presi\u00f3n ciudadana para reducir el impacto sobre la costa y proteger espacios dunares y especies sensibles.<\/p>\n\n\n\n<p>El camino se construir\u00e1 con materiales de bajo impacto. Paralelamente, se mantiene abierto el futuro del Preventorio, todav\u00eda sin uso definido.<\/p>\n\n\n\n<p><a href=\"https:\/\/radiociutat.com\/ultimes-noticies-tarragona\/croniques-actualitat\/el-per-que-de-roma-centra-una-nova-edicio-de-tarraco-viva\/\">El \u201cporqu\u00e9\u201d de Roma centra una nueva edici\u00f3n de Tarraco Viva<\/a><\/p>\n\n\n\n<p><strong>Tarragona acoger\u00e1 una nueva edici\u00f3n de Tarraco Viva, que convertir\u00e1 la ciudad en epicentro del mundo cl\u00e1sico con m\u00e1s de 500 actividades. El festival, que llega a su 28\u00aa edici\u00f3n, girar\u00e1 en torno a la pregunta \u201c\u00bfPor qu\u00e9 Roma?\u201d, con el objetivo de reflexionar sobre el legado romano y su influencia actual.<\/strong><\/p>\n\n\n\n<p>El certamen se celebrar\u00e1 del 11 al 24 de mayo y se extender\u00e1 a municipios como Altafulla, Cambrils o Reus, con recreaciones hist\u00f3ricas, conferencias y actividades educativas.<\/p>\n\n\n\n<p>Esta edici\u00f3n ser\u00e1 la \u00faltima dirigida por Mag\u00ed Seritjol, fundador del festival, que pasar\u00e1 el relevo a Julio Villar.<\/p>\n\n\n\n<p><a href=\"https:\/\/radiociutat.com\/provincia-de-tarragona\/demarcacio-tarragona\/camp-de-tarragona-demarcacio-tarragona\/tarragones\/tarragona-municipis\/es-facilita-el-transport-nocturn-en-bus-a-bonavista-per-la-fira-dabril\/\">Se facilita el transporte nocturno en bus a Bonavista por la Feria de Abril<\/a><\/p>\n\n\n\n<p><strong>La Empresa Municipal de Transportes de Tarragona reforzar\u00e1 el servicio de bus con motivo de la Feria de Abril en Bonavista para facilitar la movilidad nocturna. Las l\u00edneas 3 y 54 ampliar\u00e1n frecuencias entre jueves y s\u00e1bado, con servicio hasta las 3 de la madrugada, coincidiendo con los d\u00edas de m\u00e1xima afluencia.<\/strong><\/p>\n\n\n\n<p>La l\u00ednea 3 ofrecer\u00e1 salidas adicionales hacia el centro, mientras que la 54 reforzar\u00e1 los trayectos en direcci\u00f3n a Bonavista a partir del anochecer. El domingo, el dispositivo se mantendr\u00e1 hasta las 22 h.<\/p>\n","protected":false},"excerpt":{"rendered":"<p>Tarragona pone en marcha la transformaci\u00f3n integral del Barri del Port Tarragona ha puesto en marcha el Comit\u00e9 de Evoluci\u00f3n y Seguimiento del Plan de Barrios, encargado de supervisar la transformaci\u00f3n integral del Barri del Port. El proyecto, impulsado por la Generalitat y el Ayuntamiento, prev\u00e9 una inversi\u00f3n de 25 millones de euros en cinco [&hellip;]<\/p>\n","protected":false},"author":84,"featured_media":353247,"comment_status":"closed","ping_status":"closed","sticky":false,"template":"","format":"standard","meta":{"footnotes":""},"categories":[13773],"tags":[],"class_list":["post-378938","post","type-post","status-publish","format-standard","has-post-thumbnail","hentry","category-sin-categoria-es"],"yoast_head":"<!-- This site is optimized with the Yoast SEO Premium plugin v27.4 (Yoast SEO v27.5) - https:\/\/yoast.com\/product\/yoast-seo-premium-wordpress\/ -->\n<title>Tarragona Daily | El Barri del Port inicia su transformaci\u00f3n con 34 actuaciones - R\u00e0dio Ciutat de Tarragona<\/title>\n<meta name=\"robots\" content=\"index, follow, max-snippet:-1, max-image-preview:large, max-video-preview:-1\" \/>\n<link rel=\"canonical\" href=\"https:\/\/radiociutat.com\/es\/sin-categoria-es\/tarragona-daily-el-barri-del-port-inicia-su-transformacion-con-34-actuaciones\/\" \/>\n<meta property=\"og:locale\" content=\"es_ES\" \/>\n<meta property=\"og:type\" content=\"article\" \/>\n<meta property=\"og:title\" content=\"Tarragona Daily | El Barri del Port inicia su transformaci\u00f3n con 34 actuaciones\" \/>\n<meta property=\"og:description\" content=\"Tarragona pone en marcha la transformaci\u00f3n integral del Barri del Port Tarragona ha puesto en marcha el Comit\u00e9 de Evoluci\u00f3n y Seguimiento del Plan de Barrios, encargado de supervisar la transformaci\u00f3n integral del Barri del Port. El proyecto, impulsado por la Generalitat y el Ayuntamiento, prev\u00e9 una inversi\u00f3n de 25 millones de euros en cinco [&hellip;]\" \/>\n<meta property=\"og:url\" content=\"https:\/\/radiociutat.com\/es\/sin-categoria-es\/tarragona-daily-el-barri-del-port-inicia-su-transformacion-con-34-actuaciones\/\" \/>\n<meta property=\"og:site_name\" content=\"R\u00e0dio Ciutat de Tarragona\" \/>\n<meta property=\"article:publisher\" content=\"https:\/\/www.facebook.com\/rctgn\" \/>\n<meta property=\"article:published_time\" content=\"2026-04-29T14:50:34+00:00\" \/>\n<meta property=\"og:image\" content=\"https:\/\/files.radiociutat.com\/rctgn\/wp-content\/uploads\/2025\/04\/IMG-20250424-WA0003-e1745489463724.jpg\" \/>\n\t<meta property=\"og:image:width\" content=\"500\" \/>\n\t<meta property=\"og:image:height\" content=\"290\" \/>\n\t<meta property=\"og:image:type\" content=\"image\/jpeg\" \/>\n<meta name=\"author\" content=\"Adri\u00e0 Duch\" \/>\n<meta name=\"twitter:card\" content=\"summary_large_image\" \/>\n<meta name=\"twitter:creator\" content=\"@RCTgn\" \/>\n<meta name=\"twitter:site\" content=\"@RCTgn\" \/>\n<meta name=\"twitter:label1\" content=\"Escrito por\" \/>\n\t<meta name=\"twitter:data1\" content=\"Adri\u00e0 Duch\" \/>\n\t<meta name=\"twitter:label2\" content=\"Tiempo de lectura\" \/>\n\t<meta name=\"twitter:data2\" content=\"2 minutos\" \/>\n<script type=\"application\/ld+json\" class=\"yoast-schema-graph\">{\"@context\":\"https:\\\/\\\/schema.org\",\"@graph\":[{\"@type\":\"Article\",\"@id\":\"https:\\\/\\\/radiociutat.com\\\/es\\\/sin-categoria-es\\\/tarragona-daily-el-barri-del-port-inicia-su-transformacion-con-34-actuaciones\\\/#article\",\"isPartOf\":{\"@id\":\"https:\\\/\\\/radiociutat.com\\\/es\\\/sin-categoria-es\\\/tarragona-daily-el-barri-del-port-inicia-su-transformacion-con-34-actuaciones\\\/\"},\"author\":{\"name\":\"Adri\u00e0 Duch\",\"@id\":\"https:\\\/\\\/radiociutat.com\\\/es\\\/#\\\/schema\\\/person\\\/daeecbc4942e3432e8d8b8663bf7d714\"},\"headline\":\"Tarragona Daily | El Barri del Port inicia su transformaci\u00f3n con 34 actuaciones\",\"datePublished\":\"2026-04-29T14:50:34+00:00\",\"mainEntityOfPage\":{\"@id\":\"https:\\\/\\\/radiociutat.com\\\/es\\\/sin-categoria-es\\\/tarragona-daily-el-barri-del-port-inicia-su-transformacion-con-34-actuaciones\\\/\"},\"wordCount\":489,\"image\":{\"@id\":\"https:\\\/\\\/radiociutat.com\\\/es\\\/sin-categoria-es\\\/tarragona-daily-el-barri-del-port-inicia-su-transformacion-con-34-actuaciones\\\/#primaryimage\"},\"thumbnailUrl\":\"https:\\\/\\\/files.radiociutat.com\\\/rctgn\\\/wp-content\\\/uploads\\\/2025\\\/04\\\/IMG-20250424-WA0003-e1745489463724.jpg\",\"inLanguage\":\"es\"},{\"@type\":\"WebPage\",\"@id\":\"https:\\\/\\\/radiociutat.com\\\/es\\\/sin-categoria-es\\\/tarragona-daily-el-barri-del-port-inicia-su-transformacion-con-34-actuaciones\\\/\",\"url\":\"https:\\\/\\\/radiociutat.com\\\/es\\\/sin-categoria-es\\\/tarragona-daily-el-barri-del-port-inicia-su-transformacion-con-34-actuaciones\\\/\",\"name\":\"Tarragona Daily | El Barri del Port inicia su transformaci\u00f3n con 34 actuaciones - R\u00e0dio Ciutat de Tarragona\",\"isPartOf\":{\"@id\":\"https:\\\/\\\/radiociutat.com\\\/es\\\/#website\"},\"primaryImageOfPage\":{\"@id\":\"https:\\\/\\\/radiociutat.com\\\/es\\\/sin-categoria-es\\\/tarragona-daily-el-barri-del-port-inicia-su-transformacion-con-34-actuaciones\\\/#primaryimage\"},\"image\":{\"@id\":\"https:\\\/\\\/radiociutat.com\\\/es\\\/sin-categoria-es\\\/tarragona-daily-el-barri-del-port-inicia-su-transformacion-con-34-actuaciones\\\/#primaryimage\"},\"thumbnailUrl\":\"https:\\\/\\\/files.radiociutat.com\\\/rctgn\\\/wp-content\\\/uploads\\\/2025\\\/04\\\/IMG-20250424-WA0003-e1745489463724.jpg\",\"datePublished\":\"2026-04-29T14:50:34+00:00\",\"author\":{\"@id\":\"https:\\\/\\\/radiociutat.com\\\/es\\\/#\\\/schema\\\/person\\\/daeecbc4942e3432e8d8b8663bf7d714\"},\"breadcrumb\":{\"@id\":\"https:\\\/\\\/radiociutat.com\\\/es\\\/sin-categoria-es\\\/tarragona-daily-el-barri-del-port-inicia-su-transformacion-con-34-actuaciones\\\/#breadcrumb\"},\"inLanguage\":\"es\",\"potentialAction\":[{\"@type\":\"ReadAction\",\"target\":[\"https:\\\/\\\/radiociutat.com\\\/es\\\/sin-categoria-es\\\/tarragona-daily-el-barri-del-port-inicia-su-transformacion-con-34-actuaciones\\\/\"]}]},{\"@type\":\"ImageObject\",\"inLanguage\":\"es\",\"@id\":\"https:\\\/\\\/radiociutat.com\\\/es\\\/sin-categoria-es\\\/tarragona-daily-el-barri-del-port-inicia-su-transformacion-con-34-actuaciones\\\/#primaryimage\",\"url\":\"https:\\\/\\\/files.radiociutat.com\\\/rctgn\\\/wp-content\\\/uploads\\\/2025\\\/04\\\/IMG-20250424-WA0003-e1745489463724.jpg\",\"contentUrl\":\"https:\\\/\\\/files.radiociutat.com\\\/rctgn\\\/wp-content\\\/uploads\\\/2025\\\/04\\\/IMG-20250424-WA0003-e1745489463724.jpg\",\"width\":500,\"height\":290,\"caption\":\"Carrer Reial, al barri del Port.\"},{\"@type\":\"BreadcrumbList\",\"@id\":\"https:\\\/\\\/radiociutat.com\\\/es\\\/sin-categoria-es\\\/tarragona-daily-el-barri-del-port-inicia-su-transformacion-con-34-actuaciones\\\/#breadcrumb\",\"itemListElement\":[{\"@type\":\"ListItem\",\"position\":1,\"name\":\"Inici\",\"item\":\"https:\\\/\\\/radiociutat.com\\\/es\\\/\"},{\"@type\":\"ListItem\",\"position\":2,\"name\":\"Tarragona Daily | El Barri del Port inicia su transformaci\u00f3n con 34 actuaciones\"}]},{\"@type\":\"WebSite\",\"@id\":\"https:\\\/\\\/radiociutat.com\\\/es\\\/#website\",\"url\":\"https:\\\/\\\/radiociutat.com\\\/es\\\/\",\"name\":\"R\u00e0dio Ciutat de Tarragona\",\"description\":\"R\u00e0dio Ciutat de Tarragona - RCTgn.cat R\u00e0dio Online\",\"potentialAction\":[{\"@type\":\"SearchAction\",\"target\":{\"@type\":\"EntryPoint\",\"urlTemplate\":\"https:\\\/\\\/radiociutat.com\\\/es\\\/?s={search_term_string}\"},\"query-input\":{\"@type\":\"PropertyValueSpecification\",\"valueRequired\":true,\"valueName\":\"search_term_string\"}}],\"inLanguage\":\"es\"},{\"@type\":\"Person\",\"@id\":\"https:\\\/\\\/radiociutat.com\\\/es\\\/#\\\/schema\\\/person\\\/daeecbc4942e3432e8d8b8663bf7d714\",\"name\":\"Adri\u00e0 Duch\",\"sameAs\":[\"https:\\\/\\\/radiociutat.com\\\/wp-content\\\/uploads\\\/2024\\\/02\\\/ADRIA-DUCH.png\"],\"url\":\"https:\\\/\\\/radiociutat.com\\\/es\\\/author\\\/adria-duch\\\/\"}]}<\/script>\n<!-- \/ Yoast SEO Premium plugin. -->","yoast_head_json":{"title":"Tarragona Daily | El Barri del Port inicia su transformaci\u00f3n con 34 actuaciones - R\u00e0dio Ciutat de Tarragona","robots":{"index":"index","follow":"follow","max-snippet":"max-snippet:-1","max-image-preview":"max-image-preview:large","max-video-preview":"max-video-preview:-1"},"canonical":"https:\/\/radiociutat.com\/es\/sin-categoria-es\/tarragona-daily-el-barri-del-port-inicia-su-transformacion-con-34-actuaciones\/","og_locale":"es_ES","og_type":"article","og_title":"Tarragona Daily | El Barri del Port inicia su transformaci\u00f3n con 34 actuaciones","og_description":"Tarragona pone en marcha la transformaci\u00f3n integral del Barri del Port Tarragona ha puesto en marcha el Comit\u00e9 de Evoluci\u00f3n y Seguimiento del Plan de Barrios, encargado de supervisar la transformaci\u00f3n integral del Barri del Port. El proyecto, impulsado por la Generalitat y el Ayuntamiento, prev\u00e9 una inversi\u00f3n de 25 millones de euros en cinco [&hellip;]","og_url":"https:\/\/radiociutat.com\/es\/sin-categoria-es\/tarragona-daily-el-barri-del-port-inicia-su-transformacion-con-34-actuaciones\/","og_site_name":"R\u00e0dio Ciutat de Tarragona","article_publisher":"https:\/\/www.facebook.com\/rctgn","article_published_time":"2026-04-29T14:50:34+00:00","og_image":[{"width":500,"height":290,"url":"https:\/\/files.radiociutat.com\/rctgn\/wp-content\/uploads\/2025\/04\/IMG-20250424-WA0003-e1745489463724.jpg","type":"image\/jpeg"}],"author":"Adri\u00e0 Duch","twitter_card":"summary_large_image","twitter_creator":"@RCTgn","twitter_site":"@RCTgn","twitter_misc":{"Escrito por":"Adri\u00e0 Duch","Tiempo de lectura":"2 minutos"},"schema":{"@context":"https:\/\/schema.org","@graph":[{"@type":"Article","@id":"https:\/\/radiociutat.com\/es\/sin-categoria-es\/tarragona-daily-el-barri-del-port-inicia-su-transformacion-con-34-actuaciones\/#article","isPartOf":{"@id":"https:\/\/radiociutat.com\/es\/sin-categoria-es\/tarragona-daily-el-barri-del-port-inicia-su-transformacion-con-34-actuaciones\/"},"author":{"name":"Adri\u00e0 Duch","@id":"https:\/\/radiociutat.com\/es\/#\/schema\/person\/daeecbc4942e3432e8d8b8663bf7d714"},"headline":"Tarragona Daily | El Barri del Port inicia su transformaci\u00f3n con 34 actuaciones","datePublished":"2026-04-29T14:50:34+00:00","mainEntityOfPage":{"@id":"https:\/\/radiociutat.com\/es\/sin-categoria-es\/tarragona-daily-el-barri-del-port-inicia-su-transformacion-con-34-actuaciones\/"},"wordCount":489,"image":{"@id":"https:\/\/radiociutat.com\/es\/sin-categoria-es\/tarragona-daily-el-barri-del-port-inicia-su-transformacion-con-34-actuaciones\/#primaryimage"},"thumbnailUrl":"https:\/\/files.radiociutat.com\/rctgn\/wp-content\/uploads\/2025\/04\/IMG-20250424-WA0003-e1745489463724.jpg","inLanguage":"es"},{"@type":"WebPage","@id":"https:\/\/radiociutat.com\/es\/sin-categoria-es\/tarragona-daily-el-barri-del-port-inicia-su-transformacion-con-34-actuaciones\/","url":"https:\/\/radiociutat.com\/es\/sin-categoria-es\/tarragona-daily-el-barri-del-port-inicia-su-transformacion-con-34-actuaciones\/","name":"Tarragona Daily | El Barri del Port inicia su transformaci\u00f3n con 34 actuaciones - R\u00e0dio Ciutat de Tarragona","isPartOf":{"@id":"https:\/\/radiociutat.com\/es\/#website"},"primaryImageOfPage":{"@id":"https:\/\/radiociutat.com\/es\/sin-categoria-es\/tarragona-daily-el-barri-del-port-inicia-su-transformacion-con-34-actuaciones\/#primaryimage"},"image":{"@id":"https:\/\/radiociutat.com\/es\/sin-categoria-es\/tarragona-daily-el-barri-del-port-inicia-su-transformacion-con-34-actuaciones\/#primaryimage"},"thumbnailUrl":"https:\/\/files.radiociutat.com\/rctgn\/wp-content\/uploads\/2025\/04\/IMG-20250424-WA0003-e1745489463724.jpg","datePublished":"2026-04-29T14:50:34+00:00","author":{"@id":"https:\/\/radiociutat.com\/es\/#\/schema\/person\/daeecbc4942e3432e8d8b8663bf7d714"},"breadcrumb":{"@id":"https:\/\/radiociutat.com\/es\/sin-categoria-es\/tarragona-daily-el-barri-del-port-inicia-su-transformacion-con-34-actuaciones\/#breadcrumb"},"inLanguage":"es","potentialAction":[{"@type":"ReadAction","target":["https:\/\/radiociutat.com\/es\/sin-categoria-es\/tarragona-daily-el-barri-del-port-inicia-su-transformacion-con-34-actuaciones\/"]}]},{"@type":"ImageObject","inLanguage":"es","@id":"https:\/\/radiociutat.com\/es\/sin-categoria-es\/tarragona-daily-el-barri-del-port-inicia-su-transformacion-con-34-actuaciones\/#primaryimage","url":"https:\/\/files.radiociutat.com\/rctgn\/wp-content\/uploads\/2025\/04\/IMG-20250424-WA0003-e1745489463724.jpg","contentUrl":"https:\/\/files.radiociutat.com\/rctgn\/wp-content\/uploads\/2025\/04\/IMG-20250424-WA0003-e1745489463724.jpg","width":500,"height":290,"caption":"Carrer Reial, al barri del Port."},{"@type":"BreadcrumbList","@id":"https:\/\/radiociutat.com\/es\/sin-categoria-es\/tarragona-daily-el-barri-del-port-inicia-su-transformacion-con-34-actuaciones\/#breadcrumb","itemListElement":[{"@type":"ListItem","position":1,"name":"Inici","item":"https:\/\/radiociutat.com\/es\/"},{"@type":"ListItem","position":2,"name":"Tarragona Daily | El Barri del Port inicia su transformaci\u00f3n con 34 actuaciones"}]},{"@type":"WebSite","@id":"https:\/\/radiociutat.com\/es\/#website","url":"https:\/\/radiociutat.com\/es\/","name":"R\u00e0dio Ciutat de Tarragona","description":"R\u00e0dio Ciutat de Tarragona - RCTgn.cat R\u00e0dio Online","potentialAction":[{"@type":"SearchAction","target":{"@type":"EntryPoint","urlTemplate":"https:\/\/radiociutat.com\/es\/?s={search_term_string}"},"query-input":{"@type":"PropertyValueSpecification","valueRequired":true,"valueName":"search_term_string"}}],"inLanguage":"es"},{"@type":"Person","@id":"https:\/\/radiociutat.com\/es\/#\/schema\/person\/daeecbc4942e3432e8d8b8663bf7d714","name":"Adri\u00e0 Duch","sameAs":["https:\/\/radiociutat.com\/wp-content\/uploads\/2024\/02\/ADRIA-DUCH.png"],"url":"https:\/\/radiociutat.com\/es\/author\/adria-duch\/"}]}},"_links":{"self":[{"href":"https:\/\/radiociutat.com\/es\/wp-json\/wp\/v2\/posts\/378938","targetHints":{"allow":["GET"]}}],"collection":[{"href":"https:\/\/radiociutat.com\/es\/wp-json\/wp\/v2\/posts"}],"about":[{"href":"https:\/\/radiociutat.com\/es\/wp-json\/wp\/v2\/types\/post"}],"author":[{"embeddable":true,"href":"https:\/\/radiociutat.com\/es\/wp-json\/wp\/v2\/users\/84"}],"replies":[{"embeddable":true,"href":"https:\/\/radiociutat.com\/es\/wp-json\/wp\/v2\/comments?post=378938"}],"version-history":[{"count":0,"href":"https:\/\/radiociutat.com\/es\/wp-json\/wp\/v2\/posts\/378938\/revisions"}],"wp:featuredmedia":[{"embeddable":true,"href":"https:\/\/radiociutat.com\/es\/wp-json\/wp\/v2\/media\/353247"}],"wp:attachment":[{"href":"https:\/\/radiociutat.com\/es\/wp-json\/wp\/v2\/media?parent=378938"}],"wp:term":[{"taxonomy":"category","embeddable":true,"href":"https:\/\/radiociutat.com\/es\/wp-json\/wp\/v2\/categories?post=378938"},{"taxonomy":"post_tag","embeddable":true,"href":"https:\/\/radiociutat.com\/es\/wp-json\/wp\/v2\/tags?post=378938"}],"curies":[{"name":"wp","href":"https:\/\/api.w.org\/{rel}","templated":true}]}}