{"id":378929,"date":"2026-04-29T16:36:10","date_gmt":"2026-04-29T14:36:10","guid":{"rendered":"https:\/\/radiociutat.com\/programes-podcast\/el-govern-quiere-poner-fin-al-colapso-de-la-dependencia-con-el-plan-cura\/"},"modified":"2026-04-29T16:36:10","modified_gmt":"2026-04-29T14:36:10","slug":"el-govern-quiere-poner-fin-al-colapso-de-la-dependencia-con-el-plan-cura","status":"publish","type":"post","link":"https:\/\/radiociutat.com\/es\/ultimas-noticias\/cronicas\/el-govern-quiere-poner-fin-al-colapso-de-la-dependencia-con-el-plan-cura\/","title":{"rendered":"El Govern quiere poner fin al colapso de la dependencia con el Plan CURA"},"content":{"rendered":"\n<p>El gobierno de la Generalitat quiere transformar el modelo de atenci\u00f3n a la dependencia en Catalu\u00f1a y reducir las listas de espera. Por ello pone en marcha el Plan CURA, una iniciativa presentada este mi\u00e9rcoles en Tarragona en una reuni\u00f3n con representantes del mundo local de toda la provincia.<\/p>\n\n\n\n<p>El Plan CURA incluye cuatro ejes y un total de dieciocho medidas destinadas a agilizar los tr\u00e1mites y mejorar la atenci\u00f3n a las personas dependientes. Entre las principales novedades, destaca la priorizaci\u00f3n de las personas con mayor necesidad \u2014especialmente aquellas susceptibles de recibir el grado III\u2014, as\u00ed como la agilizaci\u00f3n de las prestaciones econ\u00f3micas.<\/p>\n\n\n\n<p>Tambi\u00e9n se prev\u00e9 la creaci\u00f3n de una ayuda de cobertura m\u00ednima para las personas que est\u00e1n a la espera de un recurso asistencial, y el fin de los pagos indebidos dentro del sistema.<\/p>\n\n\n\n<p>Actualmente, en Catalu\u00f1a hay m\u00e1s de 128.000 personas en alguna fase del proceso de dependencia. De estas, m\u00e1s de 18.500 se encuentran en el Camp de Tarragona y las Terres de l\u2019Ebre.<\/p>\n\n\n\n<p>En concreto, 9.032 personas est\u00e1n pendientes de valoraci\u00f3n, mientras que 9.540 esperan recibir el Programa Individual de Atenci\u00f3n, el documento que determina qu\u00e9 prestaci\u00f3n econ\u00f3mica o recurso \u2014como atenci\u00f3n domiciliaria, centro de d\u00eda o residencia\u2014 necesitan.<\/p>\n","protected":false},"excerpt":{"rendered":"<p>El gobierno de la Generalitat quiere transformar el modelo de atenci\u00f3n a la dependencia en Catalu\u00f1a y reducir las listas de espera. Por ello pone en marcha el Plan CURA, una iniciativa presentada este mi\u00e9rcoles en Tarragona en una reuni\u00f3n con representantes del mundo local de toda la provincia. El Plan CURA incluye cuatro ejes [&hellip;]<\/p>\n","protected":false},"author":1,"featured_media":378927,"comment_status":"closed","ping_status":"closed","sticky":false,"template":"","format":"standard","meta":{"footnotes":""},"categories":[13688],"tags":[128,15010,88,260,15009,129,19,218],"class_list":["post-378929","post","type-post","status-publish","format-standard","has-post-thumbnail","hentry","category-cronicas","tag-actualitat","tag-dependencia-2","tag-info","tag-noticies","tag-pla-cura","tag-societat","tag-tarragona","tag-tgn"],"yoast_head":"<!-- This site is optimized with the Yoast SEO Premium plugin v27.4 (Yoast SEO v27.5) - https:\/\/yoast.com\/product\/yoast-seo-premium-wordpress\/ -->\n<title>El Govern quiere poner fin al colapso de la dependencia con el Plan CURA - R\u00e0dio Ciutat de Tarragona<\/title>\n<meta name=\"robots\" content=\"index, follow, max-snippet:-1, max-image-preview:large, max-video-preview:-1\" \/>\n<link rel=\"canonical\" href=\"https:\/\/radiociutat.com\/es\/ultimas-noticias\/cronicas\/el-govern-quiere-poner-fin-al-colapso-de-la-dependencia-con-el-plan-cura\/\" \/>\n<meta property=\"og:locale\" content=\"es_ES\" \/>\n<meta property=\"og:type\" content=\"article\" \/>\n<meta property=\"og:title\" content=\"El Govern quiere poner fin al colapso de la dependencia con el Plan CURA\" \/>\n<meta property=\"og:description\" content=\"El gobierno de la Generalitat quiere transformar el modelo de atenci\u00f3n a la dependencia en Catalu\u00f1a y reducir las listas de espera. Por ello pone en marcha el Plan CURA, una iniciativa presentada este mi\u00e9rcoles en Tarragona en una reuni\u00f3n con representantes del mundo local de toda la provincia. El Plan CURA incluye cuatro ejes [&hellip;]\" \/>\n<meta property=\"og:url\" content=\"https:\/\/radiociutat.com\/es\/ultimas-noticias\/cronicas\/el-govern-quiere-poner-fin-al-colapso-de-la-dependencia-con-el-plan-cura\/\" \/>\n<meta property=\"og:site_name\" content=\"R\u00e0dio Ciutat de Tarragona\" \/>\n<meta property=\"article:publisher\" content=\"https:\/\/www.facebook.com\/rctgn\" \/>\n<meta property=\"article:published_time\" content=\"2026-04-29T14:36:10+00:00\" \/>\n<meta property=\"og:image\" content=\"https:\/\/files.radiociutat.com\/rctgn\/wp-content\/uploads\/2021\/03\/LOGO-RCTGN-RADIO-CIUTAT-DE-TARRAGONA-TRANSPARENTE-TARRAGONA-2020-3000X3000-Redes1-copia.png\" \/>\n\t<meta property=\"og:image:width\" content=\"3000\" \/>\n\t<meta property=\"og:image:height\" content=\"3000\" \/>\n\t<meta property=\"og:image:type\" content=\"image\/png\" \/>\n<meta name=\"author\" content=\"Redacci\u00f3\" \/>\n<meta name=\"twitter:card\" content=\"summary_large_image\" \/>\n<meta name=\"twitter:creator\" content=\"@RCTgn\" \/>\n<meta name=\"twitter:site\" content=\"@RCTgn\" \/>\n<meta name=\"twitter:label1\" content=\"Escrito por\" \/>\n\t<meta name=\"twitter:data1\" content=\"Redacci\u00f3\" \/>\n\t<meta name=\"twitter:label2\" content=\"Tiempo de lectura\" \/>\n\t<meta name=\"twitter:data2\" content=\"1 minuto\" \/>\n<script type=\"application\/ld+json\" class=\"yoast-schema-graph\">{\"@context\":\"https:\\\/\\\/schema.org\",\"@graph\":[{\"@type\":\"Article\",\"@id\":\"https:\\\/\\\/radiociutat.com\\\/es\\\/ultimas-noticias\\\/cronicas\\\/el-govern-quiere-poner-fin-al-colapso-de-la-dependencia-con-el-plan-cura\\\/#article\",\"isPartOf\":{\"@id\":\"https:\\\/\\\/radiociutat.com\\\/es\\\/ultimas-noticias\\\/cronicas\\\/el-govern-quiere-poner-fin-al-colapso-de-la-dependencia-con-el-plan-cura\\\/\"},\"author\":{\"name\":\"Redacci\u00f3\",\"@id\":\"https:\\\/\\\/radiociutat.com\\\/es\\\/#\\\/schema\\\/person\\\/04b6638f9d2a9ea77408db76c5d8f0b5\"},\"headline\":\"El Govern quiere poner fin al colapso de la dependencia con el Plan CURA\",\"datePublished\":\"2026-04-29T14:36:10+00:00\",\"mainEntityOfPage\":{\"@id\":\"https:\\\/\\\/radiociutat.com\\\/es\\\/ultimas-noticias\\\/cronicas\\\/el-govern-quiere-poner-fin-al-colapso-de-la-dependencia-con-el-plan-cura\\\/\"},\"wordCount\":238,\"image\":{\"@id\":\"https:\\\/\\\/radiociutat.com\\\/es\\\/ultimas-noticias\\\/cronicas\\\/el-govern-quiere-poner-fin-al-colapso-de-la-dependencia-con-el-plan-cura\\\/#primaryimage\"},\"thumbnailUrl\":\"https:\\\/\\\/files.radiociutat.com\\\/rctgn\\\/wp-content\\\/uploads\\\/2026\\\/04\\\/Pla-CURA-Tarragona-e1777473360280.jpg\",\"keywords\":[\"Actualitat\",\"Depend\u00e8ncia\",\"Info\",\"not\u00edcies\",\"Pla CURA\",\"Societat\",\"Tarragona\",\"TGN\"],\"articleSection\":[\"Cr\u00f3nicas\"],\"inLanguage\":\"es\"},{\"@type\":\"WebPage\",\"@id\":\"https:\\\/\\\/radiociutat.com\\\/es\\\/ultimas-noticias\\\/cronicas\\\/el-govern-quiere-poner-fin-al-colapso-de-la-dependencia-con-el-plan-cura\\\/\",\"url\":\"https:\\\/\\\/radiociutat.com\\\/es\\\/ultimas-noticias\\\/cronicas\\\/el-govern-quiere-poner-fin-al-colapso-de-la-dependencia-con-el-plan-cura\\\/\",\"name\":\"El Govern quiere poner fin al colapso de la dependencia con el Plan CURA - R\u00e0dio Ciutat de Tarragona\",\"isPartOf\":{\"@id\":\"https:\\\/\\\/radiociutat.com\\\/es\\\/#website\"},\"primaryImageOfPage\":{\"@id\":\"https:\\\/\\\/radiociutat.com\\\/es\\\/ultimas-noticias\\\/cronicas\\\/el-govern-quiere-poner-fin-al-colapso-de-la-dependencia-con-el-plan-cura\\\/#primaryimage\"},\"image\":{\"@id\":\"https:\\\/\\\/radiociutat.com\\\/es\\\/ultimas-noticias\\\/cronicas\\\/el-govern-quiere-poner-fin-al-colapso-de-la-dependencia-con-el-plan-cura\\\/#primaryimage\"},\"thumbnailUrl\":\"https:\\\/\\\/files.radiociutat.com\\\/rctgn\\\/wp-content\\\/uploads\\\/2026\\\/04\\\/Pla-CURA-Tarragona-e1777473360280.jpg\",\"datePublished\":\"2026-04-29T14:36:10+00:00\",\"author\":{\"@id\":\"https:\\\/\\\/radiociutat.com\\\/es\\\/#\\\/schema\\\/person\\\/04b6638f9d2a9ea77408db76c5d8f0b5\"},\"breadcrumb\":{\"@id\":\"https:\\\/\\\/radiociutat.com\\\/es\\\/ultimas-noticias\\\/cronicas\\\/el-govern-quiere-poner-fin-al-colapso-de-la-dependencia-con-el-plan-cura\\\/#breadcrumb\"},\"inLanguage\":\"es\",\"potentialAction\":[{\"@type\":\"ReadAction\",\"target\":[\"https:\\\/\\\/radiociutat.com\\\/es\\\/ultimas-noticias\\\/cronicas\\\/el-govern-quiere-poner-fin-al-colapso-de-la-dependencia-con-el-plan-cura\\\/\"]}]},{\"@type\":\"ImageObject\",\"inLanguage\":\"es\",\"@id\":\"https:\\\/\\\/radiociutat.com\\\/es\\\/ultimas-noticias\\\/cronicas\\\/el-govern-quiere-poner-fin-al-colapso-de-la-dependencia-con-el-plan-cura\\\/#primaryimage\",\"url\":\"https:\\\/\\\/files.radiociutat.com\\\/rctgn\\\/wp-content\\\/uploads\\\/2026\\\/04\\\/Pla-CURA-Tarragona-e1777473360280.jpg\",\"contentUrl\":\"https:\\\/\\\/files.radiociutat.com\\\/rctgn\\\/wp-content\\\/uploads\\\/2026\\\/04\\\/Pla-CURA-Tarragona-e1777473360280.jpg\",\"width\":1280,\"height\":720},{\"@type\":\"BreadcrumbList\",\"@id\":\"https:\\\/\\\/radiociutat.com\\\/es\\\/ultimas-noticias\\\/cronicas\\\/el-govern-quiere-poner-fin-al-colapso-de-la-dependencia-con-el-plan-cura\\\/#breadcrumb\",\"itemListElement\":[{\"@type\":\"ListItem\",\"position\":1,\"name\":\"Inici\",\"item\":\"https:\\\/\\\/radiociutat.com\\\/es\\\/\"},{\"@type\":\"ListItem\",\"position\":2,\"name\":\"El Govern quiere poner fin al colapso de la dependencia con el Plan CURA\"}]},{\"@type\":\"WebSite\",\"@id\":\"https:\\\/\\\/radiociutat.com\\\/es\\\/#website\",\"url\":\"https:\\\/\\\/radiociutat.com\\\/es\\\/\",\"name\":\"R\u00e0dio Ciutat de Tarragona\",\"description\":\"R\u00e0dio Ciutat de Tarragona - RCTgn.cat R\u00e0dio Online\",\"potentialAction\":[{\"@type\":\"SearchAction\",\"target\":{\"@type\":\"EntryPoint\",\"urlTemplate\":\"https:\\\/\\\/radiociutat.com\\\/es\\\/?s={search_term_string}\"},\"query-input\":{\"@type\":\"PropertyValueSpecification\",\"valueRequired\":true,\"valueName\":\"search_term_string\"}}],\"inLanguage\":\"es\"},{\"@type\":\"Person\",\"@id\":\"https:\\\/\\\/radiociutat.com\\\/es\\\/#\\\/schema\\\/person\\\/04b6638f9d2a9ea77408db76c5d8f0b5\",\"name\":\"Redacci\u00f3\",\"sameAs\":[\"https:\\\/\\\/radiociutat.com\\\/wp-content\\\/uploads\\\/2023\\\/09\\\/LOGO-RCTGN-CUADRAT.png\"],\"url\":\"https:\\\/\\\/radiociutat.com\\\/es\\\/author\\\/jespinosa\\\/\"}]}<\/script>\n<!-- \/ Yoast SEO Premium plugin. -->","yoast_head_json":{"title":"El Govern quiere poner fin al colapso de la dependencia con el Plan CURA - R\u00e0dio Ciutat de Tarragona","robots":{"index":"index","follow":"follow","max-snippet":"max-snippet:-1","max-image-preview":"max-image-preview:large","max-video-preview":"max-video-preview:-1"},"canonical":"https:\/\/radiociutat.com\/es\/ultimas-noticias\/cronicas\/el-govern-quiere-poner-fin-al-colapso-de-la-dependencia-con-el-plan-cura\/","og_locale":"es_ES","og_type":"article","og_title":"El Govern quiere poner fin al colapso de la dependencia con el Plan CURA","og_description":"El gobierno de la Generalitat quiere transformar el modelo de atenci\u00f3n a la dependencia en Catalu\u00f1a y reducir las listas de espera. Por ello pone en marcha el Plan CURA, una iniciativa presentada este mi\u00e9rcoles en Tarragona en una reuni\u00f3n con representantes del mundo local de toda la provincia. El Plan CURA incluye cuatro ejes [&hellip;]","og_url":"https:\/\/radiociutat.com\/es\/ultimas-noticias\/cronicas\/el-govern-quiere-poner-fin-al-colapso-de-la-dependencia-con-el-plan-cura\/","og_site_name":"R\u00e0dio Ciutat de Tarragona","article_publisher":"https:\/\/www.facebook.com\/rctgn","article_published_time":"2026-04-29T14:36:10+00:00","og_image":[{"width":3000,"height":3000,"url":"https:\/\/files.radiociutat.com\/rctgn\/wp-content\/uploads\/2021\/03\/LOGO-RCTGN-RADIO-CIUTAT-DE-TARRAGONA-TRANSPARENTE-TARRAGONA-2020-3000X3000-Redes1-copia.png","type":"image\/png"}],"author":"Redacci\u00f3","twitter_card":"summary_large_image","twitter_creator":"@RCTgn","twitter_site":"@RCTgn","twitter_misc":{"Escrito por":"Redacci\u00f3","Tiempo de lectura":"1 minuto"},"schema":{"@context":"https:\/\/schema.org","@graph":[{"@type":"Article","@id":"https:\/\/radiociutat.com\/es\/ultimas-noticias\/cronicas\/el-govern-quiere-poner-fin-al-colapso-de-la-dependencia-con-el-plan-cura\/#article","isPartOf":{"@id":"https:\/\/radiociutat.com\/es\/ultimas-noticias\/cronicas\/el-govern-quiere-poner-fin-al-colapso-de-la-dependencia-con-el-plan-cura\/"},"author":{"name":"Redacci\u00f3","@id":"https:\/\/radiociutat.com\/es\/#\/schema\/person\/04b6638f9d2a9ea77408db76c5d8f0b5"},"headline":"El Govern quiere poner fin al colapso de la dependencia con el Plan CURA","datePublished":"2026-04-29T14:36:10+00:00","mainEntityOfPage":{"@id":"https:\/\/radiociutat.com\/es\/ultimas-noticias\/cronicas\/el-govern-quiere-poner-fin-al-colapso-de-la-dependencia-con-el-plan-cura\/"},"wordCount":238,"image":{"@id":"https:\/\/radiociutat.com\/es\/ultimas-noticias\/cronicas\/el-govern-quiere-poner-fin-al-colapso-de-la-dependencia-con-el-plan-cura\/#primaryimage"},"thumbnailUrl":"https:\/\/files.radiociutat.com\/rctgn\/wp-content\/uploads\/2026\/04\/Pla-CURA-Tarragona-e1777473360280.jpg","keywords":["Actualitat","Depend\u00e8ncia","Info","not\u00edcies","Pla CURA","Societat","Tarragona","TGN"],"articleSection":["Cr\u00f3nicas"],"inLanguage":"es"},{"@type":"WebPage","@id":"https:\/\/radiociutat.com\/es\/ultimas-noticias\/cronicas\/el-govern-quiere-poner-fin-al-colapso-de-la-dependencia-con-el-plan-cura\/","url":"https:\/\/radiociutat.com\/es\/ultimas-noticias\/cronicas\/el-govern-quiere-poner-fin-al-colapso-de-la-dependencia-con-el-plan-cura\/","name":"El Govern quiere poner fin al colapso de la dependencia con el Plan CURA - R\u00e0dio Ciutat de Tarragona","isPartOf":{"@id":"https:\/\/radiociutat.com\/es\/#website"},"primaryImageOfPage":{"@id":"https:\/\/radiociutat.com\/es\/ultimas-noticias\/cronicas\/el-govern-quiere-poner-fin-al-colapso-de-la-dependencia-con-el-plan-cura\/#primaryimage"},"image":{"@id":"https:\/\/radiociutat.com\/es\/ultimas-noticias\/cronicas\/el-govern-quiere-poner-fin-al-colapso-de-la-dependencia-con-el-plan-cura\/#primaryimage"},"thumbnailUrl":"https:\/\/files.radiociutat.com\/rctgn\/wp-content\/uploads\/2026\/04\/Pla-CURA-Tarragona-e1777473360280.jpg","datePublished":"2026-04-29T14:36:10+00:00","author":{"@id":"https:\/\/radiociutat.com\/es\/#\/schema\/person\/04b6638f9d2a9ea77408db76c5d8f0b5"},"breadcrumb":{"@id":"https:\/\/radiociutat.com\/es\/ultimas-noticias\/cronicas\/el-govern-quiere-poner-fin-al-colapso-de-la-dependencia-con-el-plan-cura\/#breadcrumb"},"inLanguage":"es","potentialAction":[{"@type":"ReadAction","target":["https:\/\/radiociutat.com\/es\/ultimas-noticias\/cronicas\/el-govern-quiere-poner-fin-al-colapso-de-la-dependencia-con-el-plan-cura\/"]}]},{"@type":"ImageObject","inLanguage":"es","@id":"https:\/\/radiociutat.com\/es\/ultimas-noticias\/cronicas\/el-govern-quiere-poner-fin-al-colapso-de-la-dependencia-con-el-plan-cura\/#primaryimage","url":"https:\/\/files.radiociutat.com\/rctgn\/wp-content\/uploads\/2026\/04\/Pla-CURA-Tarragona-e1777473360280.jpg","contentUrl":"https:\/\/files.radiociutat.com\/rctgn\/wp-content\/uploads\/2026\/04\/Pla-CURA-Tarragona-e1777473360280.jpg","width":1280,"height":720},{"@type":"BreadcrumbList","@id":"https:\/\/radiociutat.com\/es\/ultimas-noticias\/cronicas\/el-govern-quiere-poner-fin-al-colapso-de-la-dependencia-con-el-plan-cura\/#breadcrumb","itemListElement":[{"@type":"ListItem","position":1,"name":"Inici","item":"https:\/\/radiociutat.com\/es\/"},{"@type":"ListItem","position":2,"name":"El Govern quiere poner fin al colapso de la dependencia con el Plan CURA"}]},{"@type":"WebSite","@id":"https:\/\/radiociutat.com\/es\/#website","url":"https:\/\/radiociutat.com\/es\/","name":"R\u00e0dio Ciutat de Tarragona","description":"R\u00e0dio Ciutat de Tarragona - RCTgn.cat R\u00e0dio Online","potentialAction":[{"@type":"SearchAction","target":{"@type":"EntryPoint","urlTemplate":"https:\/\/radiociutat.com\/es\/?s={search_term_string}"},"query-input":{"@type":"PropertyValueSpecification","valueRequired":true,"valueName":"search_term_string"}}],"inLanguage":"es"},{"@type":"Person","@id":"https:\/\/radiociutat.com\/es\/#\/schema\/person\/04b6638f9d2a9ea77408db76c5d8f0b5","name":"Redacci\u00f3","sameAs":["https:\/\/radiociutat.com\/wp-content\/uploads\/2023\/09\/LOGO-RCTGN-CUADRAT.png"],"url":"https:\/\/radiociutat.com\/es\/author\/jespinosa\/"}]}},"_links":{"self":[{"href":"https:\/\/radiociutat.com\/es\/wp-json\/wp\/v2\/posts\/378929","targetHints":{"allow":["GET"]}}],"collection":[{"href":"https:\/\/radiociutat.com\/es\/wp-json\/wp\/v2\/posts"}],"about":[{"href":"https:\/\/radiociutat.com\/es\/wp-json\/wp\/v2\/types\/post"}],"author":[{"embeddable":true,"href":"https:\/\/radiociutat.com\/es\/wp-json\/wp\/v2\/users\/1"}],"replies":[{"embeddable":true,"href":"https:\/\/radiociutat.com\/es\/wp-json\/wp\/v2\/comments?post=378929"}],"version-history":[{"count":0,"href":"https:\/\/radiociutat.com\/es\/wp-json\/wp\/v2\/posts\/378929\/revisions"}],"wp:featuredmedia":[{"embeddable":true,"href":"https:\/\/radiociutat.com\/es\/wp-json\/wp\/v2\/media\/378927"}],"wp:attachment":[{"href":"https:\/\/radiociutat.com\/es\/wp-json\/wp\/v2\/media?parent=378929"}],"wp:term":[{"taxonomy":"category","embeddable":true,"href":"https:\/\/radiociutat.com\/es\/wp-json\/wp\/v2\/categories?post=378929"},{"taxonomy":"post_tag","embeddable":true,"href":"https:\/\/radiociutat.com\/es\/wp-json\/wp\/v2\/tags?post=378929"}],"curies":[{"name":"wp","href":"https:\/\/api.w.org\/{rel}","templated":true}]}}