{"id":378916,"date":"2026-04-29T16:18:01","date_gmt":"2026-04-29T14:18:01","guid":{"rendered":"https:\/\/radiociutat.com\/programes-podcast\/la-furgo-tarraco-viva-celebra-su-28o-aniversario-bajo-el-lema-por-que-roma\/"},"modified":"2026-04-29T16:18:01","modified_gmt":"2026-04-29T14:18:01","slug":"la-furgo-tarraco-viva-celebra-su-28o-aniversario-bajo-el-lema-por-que-roma","status":"publish","type":"post","link":"https:\/\/radiociutat.com\/es\/carrer-major-tarragona-secciones\/carrermajor-la-furgo\/la-furgo-tarraco-viva-celebra-su-28o-aniversario-bajo-el-lema-por-que-roma\/","title":{"rendered":"La Furgo | Tarraco Viva celebra su 28\u00ba aniversario bajo el lema \u201c\u00bfPor qu\u00e9 Roma?\u201d"},"content":{"rendered":"\n<p>Hoy en La Furgo de #CarrerMajor nos trasladamos a uno de los escenarios m\u00e1s emblem\u00e1ticos de Tarragona para hablar de uno de los eventos culturales m\u00e1s esperados del a\u00f1o: el Festival T\u00e0rraco Viva. Con unas vistas privilegiadas desde el Pretorio, conversamos con el concejal de Patrimonio del Ayuntamiento de Tarragona, Nacho Garc\u00eda, para conocer todos los detalles de una nueva edici\u00f3n que llega ya a su 28\u00aa convocatoria.<\/p>\n\n\n\n<p>El festival, plenamente consolidado como un referente en la divulgaci\u00f3n hist\u00f3rica, se celebrar\u00e1 del 11 al 24 de mayo con m\u00e1s de 500 actividades repartidas por toda la ciudad y el territorio. Este a\u00f1o, bajo el lema \u201c\u00bfPor qu\u00e9 Roma?\u201d, la propuesta invita a reflexionar sobre la importancia del Imperio Romano, su legado y el papel clave que jug\u00f3 T\u00e0rraco en su desarrollo.<\/p>\n\n\n\n<p>Durante dos semanas, Tarragona se convertir\u00e1 en un aut\u00e9ntico escenario de recreaci\u00f3n hist\u00f3rica, con actividades para todos los p\u00fablicos: desde representaciones y mon\u00f3logos hasta conferencias y talleres. El primer fin de semana tendr\u00e1 el Puerto como epicentro, conectando la ciudad con el Mediterr\u00e1neo como cuna de civilizaciones, mientras que el segundo se trasladar\u00e1 al Camp de Mart y la Part Alta, con los monumentos como protagonistas.<\/p>\n\n\n\n<p>Uno de los rasgos distintivos de T\u00e0rraco Viva es su rigor hist\u00f3rico, que lo diferencia de otros festivales similares. Esta combinaci\u00f3n de divulgaci\u00f3n y entretenimiento ha permitido que el evento crezca a\u00f1o tras a\u00f1o, generando tambi\u00e9n un impacto econ\u00f3mico y cultural importante en la ciudad.<\/p>\n\n\n\n<p>Con la implicaci\u00f3n de numerosos grupos de recreaci\u00f3n y expertos, el festival se prepara durante todo el a\u00f1o para ofrecer una experiencia \u00fanica. Una cita imprescindible para descubrir, aprender y disfrutar de la historia en vivo, y que vuelve a demostrar que Tarragona sabe mirar al pasado para entender mejor el presente.<\/p>\n","protected":false},"excerpt":{"rendered":"<p>Hoy en La Furgo de #CarrerMajor nos trasladamos a uno de los escenarios m\u00e1s emblem\u00e1ticos de Tarragona para hablar de uno de los eventos culturales m\u00e1s esperados del a\u00f1o: el Festival T\u00e0rraco Viva. Con unas vistas privilegiadas desde el Pretorio, conversamos con el concejal de Patrimonio del Ayuntamiento de Tarragona, Nacho Garc\u00eda, para conocer todos [&hellip;]<\/p>\n","protected":false},"author":84,"featured_media":378914,"comment_status":"closed","ping_status":"closed","sticky":false,"template":"","format":"standard","meta":{"footnotes":""},"categories":[13711],"tags":[13712,19],"class_list":["post-378916","post","type-post","status-publish","format-standard","has-post-thumbnail","hentry","category-carrermajor-la-furgo","tag-la-furgo-2","tag-tarragona"],"yoast_head":"<!-- This site is optimized with the Yoast SEO Premium plugin v27.4 (Yoast SEO v27.5) - https:\/\/yoast.com\/product\/yoast-seo-premium-wordpress\/ -->\n<title>La Furgo | Tarraco Viva celebra su 28\u00ba aniversario bajo el lema \u201c\u00bfPor qu\u00e9 Roma?\u201d - R\u00e0dio Ciutat de Tarragona<\/title>\n<meta name=\"robots\" content=\"index, follow, max-snippet:-1, max-image-preview:large, max-video-preview:-1\" \/>\n<link rel=\"canonical\" href=\"https:\/\/radiociutat.com\/es\/carrer-major-tarragona-secciones\/carrermajor-la-furgo\/la-furgo-tarraco-viva-celebra-su-28o-aniversario-bajo-el-lema-por-que-roma\/\" \/>\n<meta property=\"og:locale\" content=\"es_ES\" \/>\n<meta property=\"og:type\" content=\"article\" \/>\n<meta property=\"og:title\" content=\"La Furgo | Tarraco Viva celebra su 28\u00ba aniversario bajo el lema \u201c\u00bfPor qu\u00e9 Roma?\u201d\" \/>\n<meta property=\"og:description\" content=\"Hoy en La Furgo de #CarrerMajor nos trasladamos a uno de los escenarios m\u00e1s emblem\u00e1ticos de Tarragona para hablar de uno de los eventos culturales m\u00e1s esperados del a\u00f1o: el Festival T\u00e0rraco Viva. Con unas vistas privilegiadas desde el Pretorio, conversamos con el concejal de Patrimonio del Ayuntamiento de Tarragona, Nacho Garc\u00eda, para conocer todos [&hellip;]\" \/>\n<meta property=\"og:url\" content=\"https:\/\/radiociutat.com\/es\/carrer-major-tarragona-secciones\/carrermajor-la-furgo\/la-furgo-tarraco-viva-celebra-su-28o-aniversario-bajo-el-lema-por-que-roma\/\" \/>\n<meta property=\"og:site_name\" content=\"R\u00e0dio Ciutat de Tarragona\" \/>\n<meta property=\"article:publisher\" content=\"https:\/\/www.facebook.com\/rctgn\" \/>\n<meta property=\"article:published_time\" content=\"2026-04-29T14:18:01+00:00\" \/>\n<meta property=\"og:image\" content=\"https:\/\/files.radiociutat.com\/rctgn\/wp-content\/uploads\/2021\/03\/LOGO-RCTGN-RADIO-CIUTAT-DE-TARRAGONA-TRANSPARENTE-TARRAGONA-2020-3000X3000-Redes1-copia.png\" \/>\n\t<meta property=\"og:image:width\" content=\"3000\" \/>\n\t<meta property=\"og:image:height\" content=\"3000\" \/>\n\t<meta property=\"og:image:type\" content=\"image\/png\" \/>\n<meta name=\"author\" content=\"Adri\u00e0 Duch\" \/>\n<meta name=\"twitter:card\" content=\"summary_large_image\" \/>\n<meta name=\"twitter:creator\" content=\"@RCTgn\" \/>\n<meta name=\"twitter:site\" content=\"@RCTgn\" \/>\n<meta name=\"twitter:label1\" content=\"Escrito por\" \/>\n\t<meta name=\"twitter:data1\" content=\"Adri\u00e0 Duch\" \/>\n\t<meta name=\"twitter:label2\" content=\"Tiempo de lectura\" \/>\n\t<meta name=\"twitter:data2\" content=\"2 minutos\" \/>\n<script type=\"application\/ld+json\" class=\"yoast-schema-graph\">{\"@context\":\"https:\\\/\\\/schema.org\",\"@graph\":[{\"@type\":\"Article\",\"@id\":\"https:\\\/\\\/radiociutat.com\\\/es\\\/carrer-major-tarragona-secciones\\\/carrermajor-la-furgo\\\/la-furgo-tarraco-viva-celebra-su-28o-aniversario-bajo-el-lema-por-que-roma\\\/#article\",\"isPartOf\":{\"@id\":\"https:\\\/\\\/radiociutat.com\\\/es\\\/carrer-major-tarragona-secciones\\\/carrermajor-la-furgo\\\/la-furgo-tarraco-viva-celebra-su-28o-aniversario-bajo-el-lema-por-que-roma\\\/\"},\"author\":{\"name\":\"Adri\u00e0 Duch\",\"@id\":\"https:\\\/\\\/radiociutat.com\\\/es\\\/#\\\/schema\\\/person\\\/daeecbc4942e3432e8d8b8663bf7d714\"},\"headline\":\"La Furgo | Tarraco Viva celebra su 28\u00ba aniversario bajo el lema \u201c\u00bfPor qu\u00e9 Roma?\u201d\",\"datePublished\":\"2026-04-29T14:18:01+00:00\",\"mainEntityOfPage\":{\"@id\":\"https:\\\/\\\/radiociutat.com\\\/es\\\/carrer-major-tarragona-secciones\\\/carrermajor-la-furgo\\\/la-furgo-tarraco-viva-celebra-su-28o-aniversario-bajo-el-lema-por-que-roma\\\/\"},\"wordCount\":332,\"image\":{\"@id\":\"https:\\\/\\\/radiociutat.com\\\/es\\\/carrer-major-tarragona-secciones\\\/carrermajor-la-furgo\\\/la-furgo-tarraco-viva-celebra-su-28o-aniversario-bajo-el-lema-por-que-roma\\\/#primaryimage\"},\"thumbnailUrl\":\"https:\\\/\\\/files.radiociutat.com\\\/rctgn\\\/wp-content\\\/uploads\\\/2026\\\/04\\\/Furgo-Tarraco-Viva.jpeg\",\"keywords\":[\"La Furgo\",\"Tarragona\"],\"articleSection\":[\"#CarrerMajor La Furgo\"],\"inLanguage\":\"es\"},{\"@type\":\"WebPage\",\"@id\":\"https:\\\/\\\/radiociutat.com\\\/es\\\/carrer-major-tarragona-secciones\\\/carrermajor-la-furgo\\\/la-furgo-tarraco-viva-celebra-su-28o-aniversario-bajo-el-lema-por-que-roma\\\/\",\"url\":\"https:\\\/\\\/radiociutat.com\\\/es\\\/carrer-major-tarragona-secciones\\\/carrermajor-la-furgo\\\/la-furgo-tarraco-viva-celebra-su-28o-aniversario-bajo-el-lema-por-que-roma\\\/\",\"name\":\"La Furgo | Tarraco Viva celebra su 28\u00ba aniversario bajo el lema \u201c\u00bfPor qu\u00e9 Roma?\u201d - R\u00e0dio Ciutat de Tarragona\",\"isPartOf\":{\"@id\":\"https:\\\/\\\/radiociutat.com\\\/es\\\/#website\"},\"primaryImageOfPage\":{\"@id\":\"https:\\\/\\\/radiociutat.com\\\/es\\\/carrer-major-tarragona-secciones\\\/carrermajor-la-furgo\\\/la-furgo-tarraco-viva-celebra-su-28o-aniversario-bajo-el-lema-por-que-roma\\\/#primaryimage\"},\"image\":{\"@id\":\"https:\\\/\\\/radiociutat.com\\\/es\\\/carrer-major-tarragona-secciones\\\/carrermajor-la-furgo\\\/la-furgo-tarraco-viva-celebra-su-28o-aniversario-bajo-el-lema-por-que-roma\\\/#primaryimage\"},\"thumbnailUrl\":\"https:\\\/\\\/files.radiociutat.com\\\/rctgn\\\/wp-content\\\/uploads\\\/2026\\\/04\\\/Furgo-Tarraco-Viva.jpeg\",\"datePublished\":\"2026-04-29T14:18:01+00:00\",\"author\":{\"@id\":\"https:\\\/\\\/radiociutat.com\\\/es\\\/#\\\/schema\\\/person\\\/daeecbc4942e3432e8d8b8663bf7d714\"},\"breadcrumb\":{\"@id\":\"https:\\\/\\\/radiociutat.com\\\/es\\\/carrer-major-tarragona-secciones\\\/carrermajor-la-furgo\\\/la-furgo-tarraco-viva-celebra-su-28o-aniversario-bajo-el-lema-por-que-roma\\\/#breadcrumb\"},\"inLanguage\":\"es\",\"potentialAction\":[{\"@type\":\"ReadAction\",\"target\":[\"https:\\\/\\\/radiociutat.com\\\/es\\\/carrer-major-tarragona-secciones\\\/carrermajor-la-furgo\\\/la-furgo-tarraco-viva-celebra-su-28o-aniversario-bajo-el-lema-por-que-roma\\\/\"]}]},{\"@type\":\"ImageObject\",\"inLanguage\":\"es\",\"@id\":\"https:\\\/\\\/radiociutat.com\\\/es\\\/carrer-major-tarragona-secciones\\\/carrermajor-la-furgo\\\/la-furgo-tarraco-viva-celebra-su-28o-aniversario-bajo-el-lema-por-que-roma\\\/#primaryimage\",\"url\":\"https:\\\/\\\/files.radiociutat.com\\\/rctgn\\\/wp-content\\\/uploads\\\/2026\\\/04\\\/Furgo-Tarraco-Viva.jpeg\",\"contentUrl\":\"https:\\\/\\\/files.radiociutat.com\\\/rctgn\\\/wp-content\\\/uploads\\\/2026\\\/04\\\/Furgo-Tarraco-Viva.jpeg\",\"width\":1600,\"height\":903},{\"@type\":\"BreadcrumbList\",\"@id\":\"https:\\\/\\\/radiociutat.com\\\/es\\\/carrer-major-tarragona-secciones\\\/carrermajor-la-furgo\\\/la-furgo-tarraco-viva-celebra-su-28o-aniversario-bajo-el-lema-por-que-roma\\\/#breadcrumb\",\"itemListElement\":[{\"@type\":\"ListItem\",\"position\":1,\"name\":\"Inici\",\"item\":\"https:\\\/\\\/radiociutat.com\\\/es\\\/\"},{\"@type\":\"ListItem\",\"position\":2,\"name\":\"La Furgo | Tarraco Viva celebra su 28\u00ba aniversario bajo el lema \u201c\u00bfPor qu\u00e9 Roma?\u201d\"}]},{\"@type\":\"WebSite\",\"@id\":\"https:\\\/\\\/radiociutat.com\\\/es\\\/#website\",\"url\":\"https:\\\/\\\/radiociutat.com\\\/es\\\/\",\"name\":\"R\u00e0dio Ciutat de Tarragona\",\"description\":\"R\u00e0dio Ciutat de Tarragona - RCTgn.cat R\u00e0dio Online\",\"potentialAction\":[{\"@type\":\"SearchAction\",\"target\":{\"@type\":\"EntryPoint\",\"urlTemplate\":\"https:\\\/\\\/radiociutat.com\\\/es\\\/?s={search_term_string}\"},\"query-input\":{\"@type\":\"PropertyValueSpecification\",\"valueRequired\":true,\"valueName\":\"search_term_string\"}}],\"inLanguage\":\"es\"},{\"@type\":\"Person\",\"@id\":\"https:\\\/\\\/radiociutat.com\\\/es\\\/#\\\/schema\\\/person\\\/daeecbc4942e3432e8d8b8663bf7d714\",\"name\":\"Adri\u00e0 Duch\",\"sameAs\":[\"https:\\\/\\\/radiociutat.com\\\/wp-content\\\/uploads\\\/2024\\\/02\\\/ADRIA-DUCH.png\"],\"url\":\"https:\\\/\\\/radiociutat.com\\\/es\\\/author\\\/adria-duch\\\/\"}]}<\/script>\n<!-- \/ Yoast SEO Premium plugin. -->","yoast_head_json":{"title":"La Furgo | Tarraco Viva celebra su 28\u00ba aniversario bajo el lema \u201c\u00bfPor qu\u00e9 Roma?\u201d - R\u00e0dio Ciutat de Tarragona","robots":{"index":"index","follow":"follow","max-snippet":"max-snippet:-1","max-image-preview":"max-image-preview:large","max-video-preview":"max-video-preview:-1"},"canonical":"https:\/\/radiociutat.com\/es\/carrer-major-tarragona-secciones\/carrermajor-la-furgo\/la-furgo-tarraco-viva-celebra-su-28o-aniversario-bajo-el-lema-por-que-roma\/","og_locale":"es_ES","og_type":"article","og_title":"La Furgo | Tarraco Viva celebra su 28\u00ba aniversario bajo el lema \u201c\u00bfPor qu\u00e9 Roma?\u201d","og_description":"Hoy en La Furgo de #CarrerMajor nos trasladamos a uno de los escenarios m\u00e1s emblem\u00e1ticos de Tarragona para hablar de uno de los eventos culturales m\u00e1s esperados del a\u00f1o: el Festival T\u00e0rraco Viva. Con unas vistas privilegiadas desde el Pretorio, conversamos con el concejal de Patrimonio del Ayuntamiento de Tarragona, Nacho Garc\u00eda, para conocer todos [&hellip;]","og_url":"https:\/\/radiociutat.com\/es\/carrer-major-tarragona-secciones\/carrermajor-la-furgo\/la-furgo-tarraco-viva-celebra-su-28o-aniversario-bajo-el-lema-por-que-roma\/","og_site_name":"R\u00e0dio Ciutat de Tarragona","article_publisher":"https:\/\/www.facebook.com\/rctgn","article_published_time":"2026-04-29T14:18:01+00:00","og_image":[{"width":3000,"height":3000,"url":"https:\/\/files.radiociutat.com\/rctgn\/wp-content\/uploads\/2021\/03\/LOGO-RCTGN-RADIO-CIUTAT-DE-TARRAGONA-TRANSPARENTE-TARRAGONA-2020-3000X3000-Redes1-copia.png","type":"image\/png"}],"author":"Adri\u00e0 Duch","twitter_card":"summary_large_image","twitter_creator":"@RCTgn","twitter_site":"@RCTgn","twitter_misc":{"Escrito por":"Adri\u00e0 Duch","Tiempo de lectura":"2 minutos"},"schema":{"@context":"https:\/\/schema.org","@graph":[{"@type":"Article","@id":"https:\/\/radiociutat.com\/es\/carrer-major-tarragona-secciones\/carrermajor-la-furgo\/la-furgo-tarraco-viva-celebra-su-28o-aniversario-bajo-el-lema-por-que-roma\/#article","isPartOf":{"@id":"https:\/\/radiociutat.com\/es\/carrer-major-tarragona-secciones\/carrermajor-la-furgo\/la-furgo-tarraco-viva-celebra-su-28o-aniversario-bajo-el-lema-por-que-roma\/"},"author":{"name":"Adri\u00e0 Duch","@id":"https:\/\/radiociutat.com\/es\/#\/schema\/person\/daeecbc4942e3432e8d8b8663bf7d714"},"headline":"La Furgo | Tarraco Viva celebra su 28\u00ba aniversario bajo el lema \u201c\u00bfPor qu\u00e9 Roma?\u201d","datePublished":"2026-04-29T14:18:01+00:00","mainEntityOfPage":{"@id":"https:\/\/radiociutat.com\/es\/carrer-major-tarragona-secciones\/carrermajor-la-furgo\/la-furgo-tarraco-viva-celebra-su-28o-aniversario-bajo-el-lema-por-que-roma\/"},"wordCount":332,"image":{"@id":"https:\/\/radiociutat.com\/es\/carrer-major-tarragona-secciones\/carrermajor-la-furgo\/la-furgo-tarraco-viva-celebra-su-28o-aniversario-bajo-el-lema-por-que-roma\/#primaryimage"},"thumbnailUrl":"https:\/\/files.radiociutat.com\/rctgn\/wp-content\/uploads\/2026\/04\/Furgo-Tarraco-Viva.jpeg","keywords":["La Furgo","Tarragona"],"articleSection":["#CarrerMajor La Furgo"],"inLanguage":"es"},{"@type":"WebPage","@id":"https:\/\/radiociutat.com\/es\/carrer-major-tarragona-secciones\/carrermajor-la-furgo\/la-furgo-tarraco-viva-celebra-su-28o-aniversario-bajo-el-lema-por-que-roma\/","url":"https:\/\/radiociutat.com\/es\/carrer-major-tarragona-secciones\/carrermajor-la-furgo\/la-furgo-tarraco-viva-celebra-su-28o-aniversario-bajo-el-lema-por-que-roma\/","name":"La Furgo | Tarraco Viva celebra su 28\u00ba aniversario bajo el lema \u201c\u00bfPor qu\u00e9 Roma?\u201d - R\u00e0dio Ciutat de Tarragona","isPartOf":{"@id":"https:\/\/radiociutat.com\/es\/#website"},"primaryImageOfPage":{"@id":"https:\/\/radiociutat.com\/es\/carrer-major-tarragona-secciones\/carrermajor-la-furgo\/la-furgo-tarraco-viva-celebra-su-28o-aniversario-bajo-el-lema-por-que-roma\/#primaryimage"},"image":{"@id":"https:\/\/radiociutat.com\/es\/carrer-major-tarragona-secciones\/carrermajor-la-furgo\/la-furgo-tarraco-viva-celebra-su-28o-aniversario-bajo-el-lema-por-que-roma\/#primaryimage"},"thumbnailUrl":"https:\/\/files.radiociutat.com\/rctgn\/wp-content\/uploads\/2026\/04\/Furgo-Tarraco-Viva.jpeg","datePublished":"2026-04-29T14:18:01+00:00","author":{"@id":"https:\/\/radiociutat.com\/es\/#\/schema\/person\/daeecbc4942e3432e8d8b8663bf7d714"},"breadcrumb":{"@id":"https:\/\/radiociutat.com\/es\/carrer-major-tarragona-secciones\/carrermajor-la-furgo\/la-furgo-tarraco-viva-celebra-su-28o-aniversario-bajo-el-lema-por-que-roma\/#breadcrumb"},"inLanguage":"es","potentialAction":[{"@type":"ReadAction","target":["https:\/\/radiociutat.com\/es\/carrer-major-tarragona-secciones\/carrermajor-la-furgo\/la-furgo-tarraco-viva-celebra-su-28o-aniversario-bajo-el-lema-por-que-roma\/"]}]},{"@type":"ImageObject","inLanguage":"es","@id":"https:\/\/radiociutat.com\/es\/carrer-major-tarragona-secciones\/carrermajor-la-furgo\/la-furgo-tarraco-viva-celebra-su-28o-aniversario-bajo-el-lema-por-que-roma\/#primaryimage","url":"https:\/\/files.radiociutat.com\/rctgn\/wp-content\/uploads\/2026\/04\/Furgo-Tarraco-Viva.jpeg","contentUrl":"https:\/\/files.radiociutat.com\/rctgn\/wp-content\/uploads\/2026\/04\/Furgo-Tarraco-Viva.jpeg","width":1600,"height":903},{"@type":"BreadcrumbList","@id":"https:\/\/radiociutat.com\/es\/carrer-major-tarragona-secciones\/carrermajor-la-furgo\/la-furgo-tarraco-viva-celebra-su-28o-aniversario-bajo-el-lema-por-que-roma\/#breadcrumb","itemListElement":[{"@type":"ListItem","position":1,"name":"Inici","item":"https:\/\/radiociutat.com\/es\/"},{"@type":"ListItem","position":2,"name":"La Furgo | Tarraco Viva celebra su 28\u00ba aniversario bajo el lema \u201c\u00bfPor qu\u00e9 Roma?\u201d"}]},{"@type":"WebSite","@id":"https:\/\/radiociutat.com\/es\/#website","url":"https:\/\/radiociutat.com\/es\/","name":"R\u00e0dio Ciutat de Tarragona","description":"R\u00e0dio Ciutat de Tarragona - RCTgn.cat R\u00e0dio Online","potentialAction":[{"@type":"SearchAction","target":{"@type":"EntryPoint","urlTemplate":"https:\/\/radiociutat.com\/es\/?s={search_term_string}"},"query-input":{"@type":"PropertyValueSpecification","valueRequired":true,"valueName":"search_term_string"}}],"inLanguage":"es"},{"@type":"Person","@id":"https:\/\/radiociutat.com\/es\/#\/schema\/person\/daeecbc4942e3432e8d8b8663bf7d714","name":"Adri\u00e0 Duch","sameAs":["https:\/\/radiociutat.com\/wp-content\/uploads\/2024\/02\/ADRIA-DUCH.png"],"url":"https:\/\/radiociutat.com\/es\/author\/adria-duch\/"}]}},"_links":{"self":[{"href":"https:\/\/radiociutat.com\/es\/wp-json\/wp\/v2\/posts\/378916","targetHints":{"allow":["GET"]}}],"collection":[{"href":"https:\/\/radiociutat.com\/es\/wp-json\/wp\/v2\/posts"}],"about":[{"href":"https:\/\/radiociutat.com\/es\/wp-json\/wp\/v2\/types\/post"}],"author":[{"embeddable":true,"href":"https:\/\/radiociutat.com\/es\/wp-json\/wp\/v2\/users\/84"}],"replies":[{"embeddable":true,"href":"https:\/\/radiociutat.com\/es\/wp-json\/wp\/v2\/comments?post=378916"}],"version-history":[{"count":0,"href":"https:\/\/radiociutat.com\/es\/wp-json\/wp\/v2\/posts\/378916\/revisions"}],"wp:featuredmedia":[{"embeddable":true,"href":"https:\/\/radiociutat.com\/es\/wp-json\/wp\/v2\/media\/378914"}],"wp:attachment":[{"href":"https:\/\/radiociutat.com\/es\/wp-json\/wp\/v2\/media?parent=378916"}],"wp:term":[{"taxonomy":"category","embeddable":true,"href":"https:\/\/radiociutat.com\/es\/wp-json\/wp\/v2\/categories?post=378916"},{"taxonomy":"post_tag","embeddable":true,"href":"https:\/\/radiociutat.com\/es\/wp-json\/wp\/v2\/tags?post=378916"}],"curies":[{"name":"wp","href":"https:\/\/api.w.org\/{rel}","templated":true}]}}