{"id":378909,"date":"2026-04-29T15:46:33","date_gmt":"2026-04-29T13:46:33","guid":{"rendered":"https:\/\/radiociutat.com\/programes-podcast\/paseo-institucional-por-las-obras-del-camino-de-ronda-de-la-savinosa\/"},"modified":"2026-04-29T15:46:33","modified_gmt":"2026-04-29T13:46:33","slug":"paseo-institucional-por-las-obras-del-camino-de-ronda-de-la-savinosa","status":"publish","type":"post","link":"https:\/\/radiociutat.com\/es\/ultimas-noticias\/cronicas\/paseo-institucional-por-las-obras-del-camino-de-ronda-de-la-savinosa\/","title":{"rendered":"Paseo institucional por las obras del camino de ronda de la Savinosa"},"content":{"rendered":"\n<p>Tarragona ha escenificado el inicio de las obras del <strong>camino de ronda de la Savinosa<\/strong> con un paseo institucional que ha reunido a representantes de todas las administraciones implicadas. La actuaci\u00f3n, impulsada por el Ministerio para la Transici\u00f3n Ecol\u00f3gica y el Reto Demogr\u00e1fico, cuenta con una inversi\u00f3n de un mill\u00f3n de euros y un plazo de ejecuci\u00f3n de seis meses. Adem\u00e1s, el proyecto permitir\u00e1 incorporar <strong>26.000 metros cuadrados de dominio p\u00fablico mar\u00edtimo-terrestre<\/strong>, abriendo as\u00ed a la ciudadan\u00eda un espacio que ha estado cerrado durante m\u00e1s de 50 a\u00f1os.<\/p>\n\n\n\n<h2 class=\"wp-block-heading\" id=\"h-recuperar-un-espai-tancat-durant-decades\"><strong>Recuperar un espacio cerrado durante d\u00e9cadas<\/strong><\/h2>\n\n\n\n<p>Por un lado, el nuevo recorrido conectar\u00e1 la playa de la Arrabassada con la Savinosa. Por otro lado, representa una recuperaci\u00f3n hist\u00f3rica de un tramo de litoral inaccesible para diversas generaciones.<\/p>\n\n\n\n<p>Adem\u00e1s, el proyecto se enmarca en un entorno de alto valor ambiental y paisaj\u00edstico. En este tramo conviven sistemas rocosos, zonas dunares y vegetaci\u00f3n litoral protegida, con presencia de especies sensibles como el <strong>lim\u00f2nium<\/strong>. Tambi\u00e9n se han identificado espacios singulares como rocas fosilizadas.<\/p>\n\n\n\n<figure class=\"wp-block-image size-large\"><img loading=\"lazy\" decoding=\"async\" width=\"1024\" height=\"768\" src=\"https:\/\/files.radiociutat.com\/rctgn\/wp-content\/uploads\/2026\/04\/WhatsApp-Image-2026-04-29-at-15.42.48-1024x768.jpeg\" alt=\"camino de ronda Savinosa Tarragona\" class=\"wp-image-378904\" srcset=\"https:\/\/files.radiociutat.com\/rctgn\/wp-content\/uploads\/2026\/04\/WhatsApp-Image-2026-04-29-at-15.42.48-1024x768.jpeg 1024w, https:\/\/files.radiociutat.com\/rctgn\/wp-content\/uploads\/2026\/04\/WhatsApp-Image-2026-04-29-at-15.42.48-300x225.jpeg 300w, https:\/\/files.radiociutat.com\/rctgn\/wp-content\/uploads\/2026\/04\/WhatsApp-Image-2026-04-29-at-15.42.48-768x576.jpeg 768w, https:\/\/files.radiociutat.com\/rctgn\/wp-content\/uploads\/2026\/04\/WhatsApp-Image-2026-04-29-at-15.42.48-1536x1152.jpeg 1536w, https:\/\/files.radiociutat.com\/rctgn\/wp-content\/uploads\/2026\/04\/WhatsApp-Image-2026-04-29-at-15.42.48-2048x1536.jpeg 2048w, https:\/\/files.radiociutat.com\/rctgn\/wp-content\/uploads\/2026\/04\/WhatsApp-Image-2026-04-29-at-15.42.48-560x420.jpeg 560w, https:\/\/files.radiociutat.com\/rctgn\/wp-content\/uploads\/2026\/04\/WhatsApp-Image-2026-04-29-at-15.42.48-80x60.jpeg 80w, https:\/\/files.radiociutat.com\/rctgn\/wp-content\/uploads\/2026\/04\/WhatsApp-Image-2026-04-29-at-15.42.48-100x75.jpeg 100w, https:\/\/files.radiociutat.com\/rctgn\/wp-content\/uploads\/2026\/04\/WhatsApp-Image-2026-04-29-at-15.42.48-180x135.jpeg 180w, https:\/\/files.radiociutat.com\/rctgn\/wp-content\/uploads\/2026\/04\/WhatsApp-Image-2026-04-29-at-15.42.48-238x178.jpeg 238w, https:\/\/files.radiociutat.com\/rctgn\/wp-content\/uploads\/2026\/04\/WhatsApp-Image-2026-04-29-at-15.42.48-265x198.jpeg 265w, https:\/\/files.radiociutat.com\/rctgn\/wp-content\/uploads\/2026\/04\/WhatsApp-Image-2026-04-29-at-15.42.48-640x480.jpeg 640w, https:\/\/files.radiociutat.com\/rctgn\/wp-content\/uploads\/2026\/04\/WhatsApp-Image-2026-04-29-at-15.42.48-681x511.jpeg 681w\" sizes=\"auto, (max-width: 1024px) 100vw, 1024px\" \/><figcaption class=\"wp-element-caption\">Lim\u00f2nium o ensopeguera, una planta que luce especialmente en junio<\/figcaption><\/figure>\n\n\n\n<h2 class=\"wp-block-heading\" id=\"h-un-tracat-modificat-per-pressio-ciutadana\"><strong>Un trazado modificado por presi\u00f3n ciudadana<\/strong><\/h2>\n\n\n\n<p>Ahora bien, el recorrido final no es el que se plante\u00f3 inicialmente. De hecho, el proyecto ha sido objeto de numerosas <strong>alegaciones<\/strong> por parte de entidades y colectivos. Gracias a este impulso ciudadano, el trazado se ha acabado modificando y se ha desplazado m\u00e1s hacia el interior.<\/p>\n\n\n\n<p>Esto ha permitido, por un lado, reducir el impacto directo sobre la l\u00ednea de costa. Y, por el otro, proteger mejor tanto los sistemas dunares como especies vegetales en riesgo. Por tanto, el resultado final responde a un equilibrio entre accesibilidad y conservaci\u00f3n.<\/p>\n\n\n\n<p>En paralelo, tambi\u00e9n se ha puesto \u00e9nfasis en el sistema constructivo. En este caso, se ha optado por una soluci\u00f3n con el menor impacto posible sobre el terreno. Concretamente, el camino se har\u00e1 con una capa de material tipo arena compactada. As\u00ed, se evita tener que perforar o alterar de manera agresiva el subsuelo.<\/p>\n\n\n\n<h2 class=\"wp-block-heading\" id=\"h-el-preventori-pendent-de-futur\"><strong>El Preventorio, pendiente de futuro<\/strong><\/h2>\n\n\n\n<p>Por otro lado, el paseo tambi\u00e9n ha vuelto a poner el foco en el <strong>Preventorio de la Savinosa<\/strong>, una infraestructura hist\u00f3rica que contin\u00faa sin uso definido. El alcalde de Tarragona, <strong>Rub\u00e9n Vi\u00f1uales<\/strong>, ha avanzado que se trabaja con la <strong>Diputaci\u00f3n de Tarragona<\/strong>, en una propuesta para convertirlo en un espacio de co-working para artistas, a pesar de la complejidad del proyecto.<\/p>\n\n\n\n<p>Con todo, el recorrido institucional, m\u00e1s all\u00e1 de los agradecimientos y la fotograf\u00eda conjunta, deja una imagen clara. El <strong>camino de ronda de la Savinosa<\/strong> empieza a abrirse, s\u00ed, pero lo hace bajo la atenta mirada de un edificio que contin\u00faa esperando respuesta.<\/p>\n\n\n\n<figure class=\"wp-block-image size-large\"><img loading=\"lazy\" decoding=\"async\" width=\"1024\" height=\"768\" src=\"https:\/\/files.radiociutat.com\/rctgn\/wp-content\/uploads\/2026\/04\/WhatsApp-Image-2026-04-29-at-15.42.48-2-1024x768.jpeg\" alt=\"camino de ronda Savinosa Tarragona\" class=\"wp-image-378898\" srcset=\"https:\/\/files.radiociutat.com\/rctgn\/wp-content\/uploads\/2026\/04\/WhatsApp-Image-2026-04-29-at-15.42.48-2-1024x768.jpeg 1024w, https:\/\/files.radiociutat.com\/rctgn\/wp-content\/uploads\/2026\/04\/WhatsApp-Image-2026-04-29-at-15.42.48-2-300x225.jpeg 300w, https:\/\/files.radiociutat.com\/rctgn\/wp-content\/uploads\/2026\/04\/WhatsApp-Image-2026-04-29-at-15.42.48-2-768x576.jpeg 768w, https:\/\/files.radiociutat.com\/rctgn\/wp-content\/uploads\/2026\/04\/WhatsApp-Image-2026-04-29-at-15.42.48-2-1536x1152.jpeg 1536w, https:\/\/files.radiociutat.com\/rctgn\/wp-content\/uploads\/2026\/04\/WhatsApp-Image-2026-04-29-at-15.42.48-2-2048x1536.jpeg 2048w, https:\/\/files.radiociutat.com\/rctgn\/wp-content\/uploads\/2026\/04\/WhatsApp-Image-2026-04-29-at-15.42.48-2-560x420.jpeg 560w, https:\/\/files.radiociutat.com\/rctgn\/wp-content\/uploads\/2026\/04\/WhatsApp-Image-2026-04-29-at-15.42.48-2-80x60.jpeg 80w, https:\/\/files.radiociutat.com\/rctgn\/wp-content\/uploads\/2026\/04\/WhatsApp-Image-2026-04-29-at-15.42.48-2-100x75.jpeg 100w, https:\/\/files.radiociutat.com\/rctgn\/wp-content\/uploads\/2026\/04\/WhatsApp-Image-2026-04-29-at-15.42.48-2-180x135.jpeg 180w, https:\/\/files.radiociutat.com\/rctgn\/wp-content\/uploads\/2026\/04\/WhatsApp-Image-2026-04-29-at-15.42.48-2-238x178.jpeg 238w, https:\/\/files.radiociutat.com\/rctgn\/wp-content\/uploads\/2026\/04\/WhatsApp-Image-2026-04-29-at-15.42.48-2-265x198.jpeg 265w, https:\/\/files.radiociutat.com\/rctgn\/wp-content\/uploads\/2026\/04\/WhatsApp-Image-2026-04-29-at-15.42.48-2-640x480.jpeg 640w, https:\/\/files.radiociutat.com\/rctgn\/wp-content\/uploads\/2026\/04\/WhatsApp-Image-2026-04-29-at-15.42.48-2-681x511.jpeg 681w\" sizes=\"auto, (max-width: 1024px) 100vw, 1024px\" \/><\/figure>\n","protected":false},"excerpt":{"rendered":"<p>Tarragona ha escenificado el inicio de las obras del camino de ronda de la Savinosa con un paseo institucional que ha reunido a representantes de todas las administraciones implicadas. La actuaci\u00f3n, impulsada por el Ministerio para la Transici\u00f3n Ecol\u00f3gica y el Reto Demogr\u00e1fico, cuenta con una inversi\u00f3n de un mill\u00f3n de euros y un plazo [&hellip;]<\/p>\n","protected":false},"author":108,"featured_media":378903,"comment_status":"closed","ping_status":"closed","sticky":false,"template":"","format":"standard","meta":{"footnotes":""},"categories":[13688,13716],"tags":[13766,989,12068,13770,19],"class_list":["post-378909","post","type-post","status-publish","format-standard","has-post-thumbnail","hentry","category-cronicas","category-ultimas-noticias","tag-camino-de-ronda","tag-platges","tag-platja-de-larrabassada","tag-savinosa-2","tag-tarragona"],"yoast_head":"<!-- This site is optimized with the Yoast SEO Premium plugin v27.4 (Yoast SEO v27.5) - https:\/\/yoast.com\/product\/yoast-seo-premium-wordpress\/ -->\n<title>Paseo institucional por las obras del camino de ronda de la Savinosa - R\u00e0dio Ciutat de Tarragona<\/title>\n<meta name=\"robots\" content=\"index, follow, max-snippet:-1, max-image-preview:large, max-video-preview:-1\" \/>\n<link rel=\"canonical\" href=\"https:\/\/radiociutat.com\/es\/ultimas-noticias\/cronicas\/paseo-institucional-por-las-obras-del-camino-de-ronda-de-la-savinosa\/\" \/>\n<meta property=\"og:locale\" content=\"es_ES\" \/>\n<meta property=\"og:type\" content=\"article\" \/>\n<meta property=\"og:title\" content=\"Paseo institucional por las obras del camino de ronda de la Savinosa\" \/>\n<meta property=\"og:description\" content=\"Tarragona ha escenificado el inicio de las obras del camino de ronda de la Savinosa con un paseo institucional que ha reunido a representantes de todas las administraciones implicadas. La actuaci\u00f3n, impulsada por el Ministerio para la Transici\u00f3n Ecol\u00f3gica y el Reto Demogr\u00e1fico, cuenta con una inversi\u00f3n de un mill\u00f3n de euros y un plazo [&hellip;]\" \/>\n<meta property=\"og:url\" content=\"https:\/\/radiociutat.com\/es\/ultimas-noticias\/cronicas\/paseo-institucional-por-las-obras-del-camino-de-ronda-de-la-savinosa\/\" \/>\n<meta property=\"og:site_name\" content=\"R\u00e0dio Ciutat de Tarragona\" \/>\n<meta property=\"article:publisher\" content=\"https:\/\/www.facebook.com\/rctgn\" \/>\n<meta property=\"article:published_time\" content=\"2026-04-29T13:46:33+00:00\" \/>\n<meta property=\"og:image\" content=\"https:\/\/files.radiociutat.com\/rctgn\/wp-content\/uploads\/2026\/04\/WhatsApp-Image-2026-04-29-at-15.42.48-scaled.jpeg\" \/>\n\t<meta property=\"og:image:width\" content=\"2560\" \/>\n\t<meta property=\"og:image:height\" content=\"1920\" \/>\n\t<meta property=\"og:image:type\" content=\"image\/jpeg\" \/>\n<meta name=\"author\" content=\"Adri\u00e0 Jurado i Mateo\" \/>\n<meta name=\"twitter:card\" content=\"summary_large_image\" \/>\n<meta name=\"twitter:creator\" content=\"@RCTgn\" \/>\n<meta name=\"twitter:site\" content=\"@RCTgn\" \/>\n<meta name=\"twitter:label1\" content=\"Escrito por\" \/>\n\t<meta name=\"twitter:data1\" content=\"Adri\u00e0 Jurado i Mateo\" \/>\n\t<meta name=\"twitter:label2\" content=\"Tiempo de lectura\" \/>\n\t<meta name=\"twitter:data2\" content=\"2 minutos\" \/>\n<script type=\"application\/ld+json\" class=\"yoast-schema-graph\">{\"@context\":\"https:\\\/\\\/schema.org\",\"@graph\":[{\"@type\":\"Article\",\"@id\":\"https:\\\/\\\/radiociutat.com\\\/es\\\/ultimas-noticias\\\/cronicas\\\/paseo-institucional-por-las-obras-del-camino-de-ronda-de-la-savinosa\\\/#article\",\"isPartOf\":{\"@id\":\"https:\\\/\\\/radiociutat.com\\\/es\\\/ultimas-noticias\\\/cronicas\\\/paseo-institucional-por-las-obras-del-camino-de-ronda-de-la-savinosa\\\/\"},\"author\":{\"name\":\"Adri\u00e0 Jurado i Mateo\",\"@id\":\"https:\\\/\\\/radiociutat.com\\\/es\\\/#\\\/schema\\\/person\\\/25e4d7920bb5cd13577531d9b2fe1d32\"},\"headline\":\"Paseo institucional por las obras del camino de ronda de la Savinosa\",\"datePublished\":\"2026-04-29T13:46:33+00:00\",\"mainEntityOfPage\":{\"@id\":\"https:\\\/\\\/radiociutat.com\\\/es\\\/ultimas-noticias\\\/cronicas\\\/paseo-institucional-por-las-obras-del-camino-de-ronda-de-la-savinosa\\\/\"},\"wordCount\":484,\"image\":{\"@id\":\"https:\\\/\\\/radiociutat.com\\\/es\\\/ultimas-noticias\\\/cronicas\\\/paseo-institucional-por-las-obras-del-camino-de-ronda-de-la-savinosa\\\/#primaryimage\"},\"thumbnailUrl\":\"https:\\\/\\\/files.radiociutat.com\\\/rctgn\\\/wp-content\\\/uploads\\\/2026\\\/04\\\/WhatsApp-Image-2026-04-29-at-15.42.48-1-scaled.jpeg\",\"keywords\":[\"camino de ronda\",\"platges\",\"Platja de l'Arrabassada\",\"Savinosa\",\"Tarragona\"],\"articleSection\":[\"Cr\u00f3nicas\",\"\u00daltimas noticias\"],\"inLanguage\":\"es\"},{\"@type\":\"WebPage\",\"@id\":\"https:\\\/\\\/radiociutat.com\\\/es\\\/ultimas-noticias\\\/cronicas\\\/paseo-institucional-por-las-obras-del-camino-de-ronda-de-la-savinosa\\\/\",\"url\":\"https:\\\/\\\/radiociutat.com\\\/es\\\/ultimas-noticias\\\/cronicas\\\/paseo-institucional-por-las-obras-del-camino-de-ronda-de-la-savinosa\\\/\",\"name\":\"Paseo institucional por las obras del camino de ronda de la Savinosa - R\u00e0dio Ciutat de Tarragona\",\"isPartOf\":{\"@id\":\"https:\\\/\\\/radiociutat.com\\\/es\\\/#website\"},\"primaryImageOfPage\":{\"@id\":\"https:\\\/\\\/radiociutat.com\\\/es\\\/ultimas-noticias\\\/cronicas\\\/paseo-institucional-por-las-obras-del-camino-de-ronda-de-la-savinosa\\\/#primaryimage\"},\"image\":{\"@id\":\"https:\\\/\\\/radiociutat.com\\\/es\\\/ultimas-noticias\\\/cronicas\\\/paseo-institucional-por-las-obras-del-camino-de-ronda-de-la-savinosa\\\/#primaryimage\"},\"thumbnailUrl\":\"https:\\\/\\\/files.radiociutat.com\\\/rctgn\\\/wp-content\\\/uploads\\\/2026\\\/04\\\/WhatsApp-Image-2026-04-29-at-15.42.48-1-scaled.jpeg\",\"datePublished\":\"2026-04-29T13:46:33+00:00\",\"author\":{\"@id\":\"https:\\\/\\\/radiociutat.com\\\/es\\\/#\\\/schema\\\/person\\\/25e4d7920bb5cd13577531d9b2fe1d32\"},\"breadcrumb\":{\"@id\":\"https:\\\/\\\/radiociutat.com\\\/es\\\/ultimas-noticias\\\/cronicas\\\/paseo-institucional-por-las-obras-del-camino-de-ronda-de-la-savinosa\\\/#breadcrumb\"},\"inLanguage\":\"es\",\"potentialAction\":[{\"@type\":\"ReadAction\",\"target\":[\"https:\\\/\\\/radiociutat.com\\\/es\\\/ultimas-noticias\\\/cronicas\\\/paseo-institucional-por-las-obras-del-camino-de-ronda-de-la-savinosa\\\/\"]}]},{\"@type\":\"ImageObject\",\"inLanguage\":\"es\",\"@id\":\"https:\\\/\\\/radiociutat.com\\\/es\\\/ultimas-noticias\\\/cronicas\\\/paseo-institucional-por-las-obras-del-camino-de-ronda-de-la-savinosa\\\/#primaryimage\",\"url\":\"https:\\\/\\\/files.radiociutat.com\\\/rctgn\\\/wp-content\\\/uploads\\\/2026\\\/04\\\/WhatsApp-Image-2026-04-29-at-15.42.48-1-scaled.jpeg\",\"contentUrl\":\"https:\\\/\\\/files.radiociutat.com\\\/rctgn\\\/wp-content\\\/uploads\\\/2026\\\/04\\\/WhatsApp-Image-2026-04-29-at-15.42.48-1-scaled.jpeg\",\"width\":2560,\"height\":1856,\"caption\":\"cam\u00ed de ronda Savinosa Tarragona\"},{\"@type\":\"BreadcrumbList\",\"@id\":\"https:\\\/\\\/radiociutat.com\\\/es\\\/ultimas-noticias\\\/cronicas\\\/paseo-institucional-por-las-obras-del-camino-de-ronda-de-la-savinosa\\\/#breadcrumb\",\"itemListElement\":[{\"@type\":\"ListItem\",\"position\":1,\"name\":\"Inici\",\"item\":\"https:\\\/\\\/radiociutat.com\\\/es\\\/\"},{\"@type\":\"ListItem\",\"position\":2,\"name\":\"Paseo institucional por las obras del camino de ronda de la Savinosa\"}]},{\"@type\":\"WebSite\",\"@id\":\"https:\\\/\\\/radiociutat.com\\\/es\\\/#website\",\"url\":\"https:\\\/\\\/radiociutat.com\\\/es\\\/\",\"name\":\"R\u00e0dio Ciutat de Tarragona\",\"description\":\"R\u00e0dio Ciutat de Tarragona - RCTgn.cat R\u00e0dio Online\",\"potentialAction\":[{\"@type\":\"SearchAction\",\"target\":{\"@type\":\"EntryPoint\",\"urlTemplate\":\"https:\\\/\\\/radiociutat.com\\\/es\\\/?s={search_term_string}\"},\"query-input\":{\"@type\":\"PropertyValueSpecification\",\"valueRequired\":true,\"valueName\":\"search_term_string\"}}],\"inLanguage\":\"es\"},{\"@type\":\"Person\",\"@id\":\"https:\\\/\\\/radiociutat.com\\\/es\\\/#\\\/schema\\\/person\\\/25e4d7920bb5cd13577531d9b2fe1d32\",\"name\":\"Adri\u00e0 Jurado i Mateo\",\"url\":\"https:\\\/\\\/radiociutat.com\\\/es\\\/author\\\/ajurado\\\/\"}]}<\/script>\n<!-- \/ Yoast SEO Premium plugin. -->","yoast_head_json":{"title":"Paseo institucional por las obras del camino de ronda de la Savinosa - R\u00e0dio Ciutat de Tarragona","robots":{"index":"index","follow":"follow","max-snippet":"max-snippet:-1","max-image-preview":"max-image-preview:large","max-video-preview":"max-video-preview:-1"},"canonical":"https:\/\/radiociutat.com\/es\/ultimas-noticias\/cronicas\/paseo-institucional-por-las-obras-del-camino-de-ronda-de-la-savinosa\/","og_locale":"es_ES","og_type":"article","og_title":"Paseo institucional por las obras del camino de ronda de la Savinosa","og_description":"Tarragona ha escenificado el inicio de las obras del camino de ronda de la Savinosa con un paseo institucional que ha reunido a representantes de todas las administraciones implicadas. La actuaci\u00f3n, impulsada por el Ministerio para la Transici\u00f3n Ecol\u00f3gica y el Reto Demogr\u00e1fico, cuenta con una inversi\u00f3n de un mill\u00f3n de euros y un plazo [&hellip;]","og_url":"https:\/\/radiociutat.com\/es\/ultimas-noticias\/cronicas\/paseo-institucional-por-las-obras-del-camino-de-ronda-de-la-savinosa\/","og_site_name":"R\u00e0dio Ciutat de Tarragona","article_publisher":"https:\/\/www.facebook.com\/rctgn","article_published_time":"2026-04-29T13:46:33+00:00","og_image":[{"width":2560,"height":1920,"url":"https:\/\/files.radiociutat.com\/rctgn\/wp-content\/uploads\/2026\/04\/WhatsApp-Image-2026-04-29-at-15.42.48-scaled.jpeg","type":"image\/jpeg"}],"author":"Adri\u00e0 Jurado i Mateo","twitter_card":"summary_large_image","twitter_creator":"@RCTgn","twitter_site":"@RCTgn","twitter_misc":{"Escrito por":"Adri\u00e0 Jurado i Mateo","Tiempo de lectura":"2 minutos"},"schema":{"@context":"https:\/\/schema.org","@graph":[{"@type":"Article","@id":"https:\/\/radiociutat.com\/es\/ultimas-noticias\/cronicas\/paseo-institucional-por-las-obras-del-camino-de-ronda-de-la-savinosa\/#article","isPartOf":{"@id":"https:\/\/radiociutat.com\/es\/ultimas-noticias\/cronicas\/paseo-institucional-por-las-obras-del-camino-de-ronda-de-la-savinosa\/"},"author":{"name":"Adri\u00e0 Jurado i Mateo","@id":"https:\/\/radiociutat.com\/es\/#\/schema\/person\/25e4d7920bb5cd13577531d9b2fe1d32"},"headline":"Paseo institucional por las obras del camino de ronda de la Savinosa","datePublished":"2026-04-29T13:46:33+00:00","mainEntityOfPage":{"@id":"https:\/\/radiociutat.com\/es\/ultimas-noticias\/cronicas\/paseo-institucional-por-las-obras-del-camino-de-ronda-de-la-savinosa\/"},"wordCount":484,"image":{"@id":"https:\/\/radiociutat.com\/es\/ultimas-noticias\/cronicas\/paseo-institucional-por-las-obras-del-camino-de-ronda-de-la-savinosa\/#primaryimage"},"thumbnailUrl":"https:\/\/files.radiociutat.com\/rctgn\/wp-content\/uploads\/2026\/04\/WhatsApp-Image-2026-04-29-at-15.42.48-1-scaled.jpeg","keywords":["camino de ronda","platges","Platja de l'Arrabassada","Savinosa","Tarragona"],"articleSection":["Cr\u00f3nicas","\u00daltimas noticias"],"inLanguage":"es"},{"@type":"WebPage","@id":"https:\/\/radiociutat.com\/es\/ultimas-noticias\/cronicas\/paseo-institucional-por-las-obras-del-camino-de-ronda-de-la-savinosa\/","url":"https:\/\/radiociutat.com\/es\/ultimas-noticias\/cronicas\/paseo-institucional-por-las-obras-del-camino-de-ronda-de-la-savinosa\/","name":"Paseo institucional por las obras del camino de ronda de la Savinosa - R\u00e0dio Ciutat de Tarragona","isPartOf":{"@id":"https:\/\/radiociutat.com\/es\/#website"},"primaryImageOfPage":{"@id":"https:\/\/radiociutat.com\/es\/ultimas-noticias\/cronicas\/paseo-institucional-por-las-obras-del-camino-de-ronda-de-la-savinosa\/#primaryimage"},"image":{"@id":"https:\/\/radiociutat.com\/es\/ultimas-noticias\/cronicas\/paseo-institucional-por-las-obras-del-camino-de-ronda-de-la-savinosa\/#primaryimage"},"thumbnailUrl":"https:\/\/files.radiociutat.com\/rctgn\/wp-content\/uploads\/2026\/04\/WhatsApp-Image-2026-04-29-at-15.42.48-1-scaled.jpeg","datePublished":"2026-04-29T13:46:33+00:00","author":{"@id":"https:\/\/radiociutat.com\/es\/#\/schema\/person\/25e4d7920bb5cd13577531d9b2fe1d32"},"breadcrumb":{"@id":"https:\/\/radiociutat.com\/es\/ultimas-noticias\/cronicas\/paseo-institucional-por-las-obras-del-camino-de-ronda-de-la-savinosa\/#breadcrumb"},"inLanguage":"es","potentialAction":[{"@type":"ReadAction","target":["https:\/\/radiociutat.com\/es\/ultimas-noticias\/cronicas\/paseo-institucional-por-las-obras-del-camino-de-ronda-de-la-savinosa\/"]}]},{"@type":"ImageObject","inLanguage":"es","@id":"https:\/\/radiociutat.com\/es\/ultimas-noticias\/cronicas\/paseo-institucional-por-las-obras-del-camino-de-ronda-de-la-savinosa\/#primaryimage","url":"https:\/\/files.radiociutat.com\/rctgn\/wp-content\/uploads\/2026\/04\/WhatsApp-Image-2026-04-29-at-15.42.48-1-scaled.jpeg","contentUrl":"https:\/\/files.radiociutat.com\/rctgn\/wp-content\/uploads\/2026\/04\/WhatsApp-Image-2026-04-29-at-15.42.48-1-scaled.jpeg","width":2560,"height":1856,"caption":"cam\u00ed de ronda Savinosa Tarragona"},{"@type":"BreadcrumbList","@id":"https:\/\/radiociutat.com\/es\/ultimas-noticias\/cronicas\/paseo-institucional-por-las-obras-del-camino-de-ronda-de-la-savinosa\/#breadcrumb","itemListElement":[{"@type":"ListItem","position":1,"name":"Inici","item":"https:\/\/radiociutat.com\/es\/"},{"@type":"ListItem","position":2,"name":"Paseo institucional por las obras del camino de ronda de la Savinosa"}]},{"@type":"WebSite","@id":"https:\/\/radiociutat.com\/es\/#website","url":"https:\/\/radiociutat.com\/es\/","name":"R\u00e0dio Ciutat de Tarragona","description":"R\u00e0dio Ciutat de Tarragona - RCTgn.cat R\u00e0dio Online","potentialAction":[{"@type":"SearchAction","target":{"@type":"EntryPoint","urlTemplate":"https:\/\/radiociutat.com\/es\/?s={search_term_string}"},"query-input":{"@type":"PropertyValueSpecification","valueRequired":true,"valueName":"search_term_string"}}],"inLanguage":"es"},{"@type":"Person","@id":"https:\/\/radiociutat.com\/es\/#\/schema\/person\/25e4d7920bb5cd13577531d9b2fe1d32","name":"Adri\u00e0 Jurado i Mateo","url":"https:\/\/radiociutat.com\/es\/author\/ajurado\/"}]}},"_links":{"self":[{"href":"https:\/\/radiociutat.com\/es\/wp-json\/wp\/v2\/posts\/378909","targetHints":{"allow":["GET"]}}],"collection":[{"href":"https:\/\/radiociutat.com\/es\/wp-json\/wp\/v2\/posts"}],"about":[{"href":"https:\/\/radiociutat.com\/es\/wp-json\/wp\/v2\/types\/post"}],"author":[{"embeddable":true,"href":"https:\/\/radiociutat.com\/es\/wp-json\/wp\/v2\/users\/108"}],"replies":[{"embeddable":true,"href":"https:\/\/radiociutat.com\/es\/wp-json\/wp\/v2\/comments?post=378909"}],"version-history":[{"count":0,"href":"https:\/\/radiociutat.com\/es\/wp-json\/wp\/v2\/posts\/378909\/revisions"}],"wp:featuredmedia":[{"embeddable":true,"href":"https:\/\/radiociutat.com\/es\/wp-json\/wp\/v2\/media\/378903"}],"wp:attachment":[{"href":"https:\/\/radiociutat.com\/es\/wp-json\/wp\/v2\/media?parent=378909"}],"wp:term":[{"taxonomy":"category","embeddable":true,"href":"https:\/\/radiociutat.com\/es\/wp-json\/wp\/v2\/categories?post=378909"},{"taxonomy":"post_tag","embeddable":true,"href":"https:\/\/radiociutat.com\/es\/wp-json\/wp\/v2\/tags?post=378909"}],"curies":[{"name":"wp","href":"https:\/\/api.w.org\/{rel}","templated":true}]}}