{"id":378814,"date":"2026-04-29T13:08:18","date_gmt":"2026-04-29T11:08:18","guid":{"rendered":"https:\/\/radiociutat.com\/programes-podcast\/el-puerto-recibe-un-nuevo-referente-en-el-transporte-de-fruta-y-descarga-seis-mil-toneladas-de-kiwis\/"},"modified":"2026-04-29T13:08:18","modified_gmt":"2026-04-29T11:08:18","slug":"el-puerto-recibe-un-nuevo-referente-en-el-transporte-de-fruta-y-descarga-seis-mil-toneladas-de-kiwis","status":"publish","type":"post","link":"https:\/\/radiociutat.com\/es\/provincia-de-tarragona\/el-puerto-recibe-un-nuevo-referente-en-el-transporte-de-fruta-y-descarga-seis-mil-toneladas-de-kiwis\/","title":{"rendered":"El Puerto recibe un nuevo referente en el transporte de fruta y descarga seis mil toneladas de kiwis"},"content":{"rendered":"<p>El Port de Tarragona ha acogido esta semana en el Moll de Reus la escala del buque Snow Flower, la primera embarcaci\u00f3n de la nueva y avanzada flota de clase Snow de la compa\u00f1\u00eda Cool Carriers. Esta escala es especialmente significativa para la infraestructura portuaria, ya que se trata del primer viaje del barco despu\u00e9s de su entrega y marca oficialmente el inicio de la temporada de importaci\u00f3n de kiwi en Tarragona.<\/p>\n<p>Durante esta primera operativa se han descargado m\u00e1s de seis mil toneladas de kiwis, una cifra que reafirma el papel del puerto como uno de los principales nodos log\u00edsticos para la distribuci\u00f3n de fruta fresca. El Snow Flower destaca por ser un modelo de referencia en cuanto a la eficiencia y la sostenibilidad, utilizando tecnolog\u00eda de \u00faltima generaci\u00f3n para reducir el impacto ambiental en el transporte de mercanc\u00edas refrigeradas.<\/p>\n","protected":false},"excerpt":{"rendered":"<p>El Port de Tarragona ha acogido esta semana en el Moll de Reus la escala del buque Snow Flower, la primera embarcaci\u00f3n de la nueva y avanzada flota de clase Snow de la compa\u00f1\u00eda Cool Carriers. Esta escala es especialmente significativa para la infraestructura portuaria, ya que se trata del primer viaje del barco despu\u00e9s [&hellip;]<\/p>\n","protected":false},"author":106,"featured_media":378801,"comment_status":"closed","ping_status":"closed","sticky":false,"template":"","format":"standard","meta":{"footnotes":""},"categories":[14600,14046,14047,14520,14048,14553,14026,12404,14029,14041],"tags":[],"class_list":["post-378814","post","type-post","status-publish","format-standard","has-post-thumbnail","hentry","category-agricultura-mundo-rural","category-campo-de-tarragona","category-demarcacion-de-tarragona","category-economia-empresa","category-maritimo-pesquero","category-medio-ambiente","category-nota-automatica","category-provincia-de-tarragona","category-tarragona","category-tarragones"],"yoast_head":"<!-- This site is optimized with the Yoast SEO Premium plugin v27.4 (Yoast SEO v27.5) - https:\/\/yoast.com\/product\/yoast-seo-premium-wordpress\/ -->\n<title>El Puerto recibe un nuevo referente en el transporte de fruta y descarga seis mil toneladas de kiwis - R\u00e0dio Ciutat de Tarragona<\/title>\n<meta name=\"robots\" content=\"index, follow, max-snippet:-1, max-image-preview:large, max-video-preview:-1\" \/>\n<link rel=\"canonical\" href=\"https:\/\/radiociutat.com\/es\/provincia-de-tarragona\/el-puerto-recibe-un-nuevo-referente-en-el-transporte-de-fruta-y-descarga-seis-mil-toneladas-de-kiwis\/\" \/>\n<meta property=\"og:locale\" content=\"es_ES\" \/>\n<meta property=\"og:type\" content=\"article\" \/>\n<meta property=\"og:title\" content=\"El Puerto recibe un nuevo referente en el transporte de fruta y descarga seis mil toneladas de kiwis\" \/>\n<meta property=\"og:description\" content=\"El Port de Tarragona ha acogido esta semana en el Moll de Reus la escala del buque Snow Flower, la primera embarcaci\u00f3n de la nueva y avanzada flota de clase Snow de la compa\u00f1\u00eda Cool Carriers. Esta escala es especialmente significativa para la infraestructura portuaria, ya que se trata del primer viaje del barco despu\u00e9s [&hellip;]\" \/>\n<meta property=\"og:url\" content=\"https:\/\/radiociutat.com\/es\/provincia-de-tarragona\/el-puerto-recibe-un-nuevo-referente-en-el-transporte-de-fruta-y-descarga-seis-mil-toneladas-de-kiwis\/\" \/>\n<meta property=\"og:site_name\" content=\"R\u00e0dio Ciutat de Tarragona\" \/>\n<meta property=\"article:publisher\" content=\"https:\/\/www.facebook.com\/rctgn\" \/>\n<meta property=\"article:published_time\" content=\"2026-04-29T11:08:18+00:00\" \/>\n<meta property=\"og:image\" content=\"https:\/\/files.radiociutat.com\/rctgn\/wp-content\/uploads\/2021\/03\/LOGO-RCTGN-RADIO-CIUTAT-DE-TARRAGONA-TRANSPARENTE-TARRAGONA-2020-3000X3000-Redes1-copia.png\" \/>\n\t<meta property=\"og:image:width\" content=\"3000\" \/>\n\t<meta property=\"og:image:height\" content=\"3000\" \/>\n\t<meta property=\"og:image:type\" content=\"image\/png\" \/>\n<meta name=\"author\" content=\"AutoNota\" \/>\n<meta name=\"twitter:card\" content=\"summary_large_image\" \/>\n<meta name=\"twitter:creator\" content=\"@RCTgn\" \/>\n<meta name=\"twitter:site\" content=\"@RCTgn\" \/>\n<meta name=\"twitter:label1\" content=\"Escrito por\" \/>\n\t<meta name=\"twitter:data1\" content=\"AutoNota\" \/>\n\t<meta name=\"twitter:label2\" content=\"Tiempo de lectura\" \/>\n\t<meta name=\"twitter:data2\" content=\"1 minuto\" \/>\n<script type=\"application\/ld+json\" class=\"yoast-schema-graph\">{\"@context\":\"https:\\\/\\\/schema.org\",\"@graph\":[{\"@type\":\"Article\",\"@id\":\"https:\\\/\\\/radiociutat.com\\\/es\\\/provincia-de-tarragona\\\/el-puerto-recibe-un-nuevo-referente-en-el-transporte-de-fruta-y-descarga-seis-mil-toneladas-de-kiwis\\\/#article\",\"isPartOf\":{\"@id\":\"https:\\\/\\\/radiociutat.com\\\/es\\\/provincia-de-tarragona\\\/el-puerto-recibe-un-nuevo-referente-en-el-transporte-de-fruta-y-descarga-seis-mil-toneladas-de-kiwis\\\/\"},\"author\":{\"name\":\"AutoNota\",\"@id\":\"https:\\\/\\\/radiociutat.com\\\/es\\\/#\\\/schema\\\/person\\\/fd401dfbfd2adfe3f166b553b083e78d\"},\"headline\":\"El Puerto recibe un nuevo referente en el transporte de fruta y descarga seis mil toneladas de kiwis\",\"datePublished\":\"2026-04-29T11:08:18+00:00\",\"mainEntityOfPage\":{\"@id\":\"https:\\\/\\\/radiociutat.com\\\/es\\\/provincia-de-tarragona\\\/el-puerto-recibe-un-nuevo-referente-en-el-transporte-de-fruta-y-descarga-seis-mil-toneladas-de-kiwis\\\/\"},\"wordCount\":169,\"image\":{\"@id\":\"https:\\\/\\\/radiociutat.com\\\/es\\\/provincia-de-tarragona\\\/el-puerto-recibe-un-nuevo-referente-en-el-transporte-de-fruta-y-descarga-seis-mil-toneladas-de-kiwis\\\/#primaryimage\"},\"thumbnailUrl\":\"https:\\\/\\\/files.radiociutat.com\\\/rctgn\\\/wp-content\\\/uploads\\\/2026\\\/04\\\/20260427_vaixell_kiwis_reus_142-scaled-e1777460830576.jpg\",\"articleSection\":[\"Agricultura - Mundo rural\",\"Campo de Tarragona\",\"Demarcaci\u00f3n de Tarragona\",\"Econom\u00eda \\\/ Empresa\",\"Mar\u00edtimo - Pesquero\",\"Medio Ambiente\",\"Nota autom\u00e1tica\",\"Prov\u00edncia de Tarragona\",\"Tarragona\",\"Tarragon\u00e9s\"],\"inLanguage\":\"es\"},{\"@type\":\"WebPage\",\"@id\":\"https:\\\/\\\/radiociutat.com\\\/es\\\/provincia-de-tarragona\\\/el-puerto-recibe-un-nuevo-referente-en-el-transporte-de-fruta-y-descarga-seis-mil-toneladas-de-kiwis\\\/\",\"url\":\"https:\\\/\\\/radiociutat.com\\\/es\\\/provincia-de-tarragona\\\/el-puerto-recibe-un-nuevo-referente-en-el-transporte-de-fruta-y-descarga-seis-mil-toneladas-de-kiwis\\\/\",\"name\":\"El Puerto recibe un nuevo referente en el transporte de fruta y descarga seis mil toneladas de kiwis - R\u00e0dio Ciutat de Tarragona\",\"isPartOf\":{\"@id\":\"https:\\\/\\\/radiociutat.com\\\/es\\\/#website\"},\"primaryImageOfPage\":{\"@id\":\"https:\\\/\\\/radiociutat.com\\\/es\\\/provincia-de-tarragona\\\/el-puerto-recibe-un-nuevo-referente-en-el-transporte-de-fruta-y-descarga-seis-mil-toneladas-de-kiwis\\\/#primaryimage\"},\"image\":{\"@id\":\"https:\\\/\\\/radiociutat.com\\\/es\\\/provincia-de-tarragona\\\/el-puerto-recibe-un-nuevo-referente-en-el-transporte-de-fruta-y-descarga-seis-mil-toneladas-de-kiwis\\\/#primaryimage\"},\"thumbnailUrl\":\"https:\\\/\\\/files.radiociutat.com\\\/rctgn\\\/wp-content\\\/uploads\\\/2026\\\/04\\\/20260427_vaixell_kiwis_reus_142-scaled-e1777460830576.jpg\",\"datePublished\":\"2026-04-29T11:08:18+00:00\",\"author\":{\"@id\":\"https:\\\/\\\/radiociutat.com\\\/es\\\/#\\\/schema\\\/person\\\/fd401dfbfd2adfe3f166b553b083e78d\"},\"breadcrumb\":{\"@id\":\"https:\\\/\\\/radiociutat.com\\\/es\\\/provincia-de-tarragona\\\/el-puerto-recibe-un-nuevo-referente-en-el-transporte-de-fruta-y-descarga-seis-mil-toneladas-de-kiwis\\\/#breadcrumb\"},\"inLanguage\":\"es\",\"potentialAction\":[{\"@type\":\"ReadAction\",\"target\":[\"https:\\\/\\\/radiociutat.com\\\/es\\\/provincia-de-tarragona\\\/el-puerto-recibe-un-nuevo-referente-en-el-transporte-de-fruta-y-descarga-seis-mil-toneladas-de-kiwis\\\/\"]}]},{\"@type\":\"ImageObject\",\"inLanguage\":\"es\",\"@id\":\"https:\\\/\\\/radiociutat.com\\\/es\\\/provincia-de-tarragona\\\/el-puerto-recibe-un-nuevo-referente-en-el-transporte-de-fruta-y-descarga-seis-mil-toneladas-de-kiwis\\\/#primaryimage\",\"url\":\"https:\\\/\\\/files.radiociutat.com\\\/rctgn\\\/wp-content\\\/uploads\\\/2026\\\/04\\\/20260427_vaixell_kiwis_reus_142-scaled-e1777460830576.jpg\",\"contentUrl\":\"https:\\\/\\\/files.radiociutat.com\\\/rctgn\\\/wp-content\\\/uploads\\\/2026\\\/04\\\/20260427_vaixell_kiwis_reus_142-scaled-e1777460830576.jpg\",\"width\":2560,\"height\":1440},{\"@type\":\"BreadcrumbList\",\"@id\":\"https:\\\/\\\/radiociutat.com\\\/es\\\/provincia-de-tarragona\\\/el-puerto-recibe-un-nuevo-referente-en-el-transporte-de-fruta-y-descarga-seis-mil-toneladas-de-kiwis\\\/#breadcrumb\",\"itemListElement\":[{\"@type\":\"ListItem\",\"position\":1,\"name\":\"Inici\",\"item\":\"https:\\\/\\\/radiociutat.com\\\/es\\\/\"},{\"@type\":\"ListItem\",\"position\":2,\"name\":\"El Puerto recibe un nuevo referente en el transporte de fruta y descarga seis mil toneladas de kiwis\"}]},{\"@type\":\"WebSite\",\"@id\":\"https:\\\/\\\/radiociutat.com\\\/es\\\/#website\",\"url\":\"https:\\\/\\\/radiociutat.com\\\/es\\\/\",\"name\":\"R\u00e0dio Ciutat de Tarragona\",\"description\":\"R\u00e0dio Ciutat de Tarragona - RCTgn.cat R\u00e0dio Online\",\"potentialAction\":[{\"@type\":\"SearchAction\",\"target\":{\"@type\":\"EntryPoint\",\"urlTemplate\":\"https:\\\/\\\/radiociutat.com\\\/es\\\/?s={search_term_string}\"},\"query-input\":{\"@type\":\"PropertyValueSpecification\",\"valueRequired\":true,\"valueName\":\"search_term_string\"}}],\"inLanguage\":\"es\"},{\"@type\":\"Person\",\"@id\":\"https:\\\/\\\/radiociutat.com\\\/es\\\/#\\\/schema\\\/person\\\/fd401dfbfd2adfe3f166b553b083e78d\",\"name\":\"AutoNota\",\"description\":\"AutoNota, el suport intel\u00b7ligent per a la redacci\u00f3 AutoNota \u00e9s un servei propi de R\u00e0dio Ciutat que utilitza la intel\u00b7lig\u00e8ncia artificial per donar suport al treball period\u00edstic. La seva funci\u00f3 principal \u00e9s etiquetar, categoritzar i contextualitzar les informacions que arriben a la redacci\u00f3, sobretot procedents d\u2019empreses i institucions. Tot i que la IA ajuda a ordenar i donar forma als continguts, \u00e9s sempre l\u2019equip de redacci\u00f3 qui els revisa, edita i publica. D\u2019aquesta manera, garantim que totes les publicacions d\u2019AutoNota comptin amb la curaci\u00f3 i l\u2019aval professional d\u2019una persona periodista de R\u00e0dio Ciutat.\",\"url\":\"https:\\\/\\\/radiociutat.com\\\/es\\\/author\\\/autonota\\\/\"}]}<\/script>\n<!-- \/ Yoast SEO Premium plugin. -->","yoast_head_json":{"title":"El Puerto recibe un nuevo referente en el transporte de fruta y descarga seis mil toneladas de kiwis - R\u00e0dio Ciutat de Tarragona","robots":{"index":"index","follow":"follow","max-snippet":"max-snippet:-1","max-image-preview":"max-image-preview:large","max-video-preview":"max-video-preview:-1"},"canonical":"https:\/\/radiociutat.com\/es\/provincia-de-tarragona\/el-puerto-recibe-un-nuevo-referente-en-el-transporte-de-fruta-y-descarga-seis-mil-toneladas-de-kiwis\/","og_locale":"es_ES","og_type":"article","og_title":"El Puerto recibe un nuevo referente en el transporte de fruta y descarga seis mil toneladas de kiwis","og_description":"El Port de Tarragona ha acogido esta semana en el Moll de Reus la escala del buque Snow Flower, la primera embarcaci\u00f3n de la nueva y avanzada flota de clase Snow de la compa\u00f1\u00eda Cool Carriers. Esta escala es especialmente significativa para la infraestructura portuaria, ya que se trata del primer viaje del barco despu\u00e9s [&hellip;]","og_url":"https:\/\/radiociutat.com\/es\/provincia-de-tarragona\/el-puerto-recibe-un-nuevo-referente-en-el-transporte-de-fruta-y-descarga-seis-mil-toneladas-de-kiwis\/","og_site_name":"R\u00e0dio Ciutat de Tarragona","article_publisher":"https:\/\/www.facebook.com\/rctgn","article_published_time":"2026-04-29T11:08:18+00:00","og_image":[{"width":3000,"height":3000,"url":"https:\/\/files.radiociutat.com\/rctgn\/wp-content\/uploads\/2021\/03\/LOGO-RCTGN-RADIO-CIUTAT-DE-TARRAGONA-TRANSPARENTE-TARRAGONA-2020-3000X3000-Redes1-copia.png","type":"image\/png"}],"author":"AutoNota","twitter_card":"summary_large_image","twitter_creator":"@RCTgn","twitter_site":"@RCTgn","twitter_misc":{"Escrito por":"AutoNota","Tiempo de lectura":"1 minuto"},"schema":{"@context":"https:\/\/schema.org","@graph":[{"@type":"Article","@id":"https:\/\/radiociutat.com\/es\/provincia-de-tarragona\/el-puerto-recibe-un-nuevo-referente-en-el-transporte-de-fruta-y-descarga-seis-mil-toneladas-de-kiwis\/#article","isPartOf":{"@id":"https:\/\/radiociutat.com\/es\/provincia-de-tarragona\/el-puerto-recibe-un-nuevo-referente-en-el-transporte-de-fruta-y-descarga-seis-mil-toneladas-de-kiwis\/"},"author":{"name":"AutoNota","@id":"https:\/\/radiociutat.com\/es\/#\/schema\/person\/fd401dfbfd2adfe3f166b553b083e78d"},"headline":"El Puerto recibe un nuevo referente en el transporte de fruta y descarga seis mil toneladas de kiwis","datePublished":"2026-04-29T11:08:18+00:00","mainEntityOfPage":{"@id":"https:\/\/radiociutat.com\/es\/provincia-de-tarragona\/el-puerto-recibe-un-nuevo-referente-en-el-transporte-de-fruta-y-descarga-seis-mil-toneladas-de-kiwis\/"},"wordCount":169,"image":{"@id":"https:\/\/radiociutat.com\/es\/provincia-de-tarragona\/el-puerto-recibe-un-nuevo-referente-en-el-transporte-de-fruta-y-descarga-seis-mil-toneladas-de-kiwis\/#primaryimage"},"thumbnailUrl":"https:\/\/files.radiociutat.com\/rctgn\/wp-content\/uploads\/2026\/04\/20260427_vaixell_kiwis_reus_142-scaled-e1777460830576.jpg","articleSection":["Agricultura - Mundo rural","Campo de Tarragona","Demarcaci\u00f3n de Tarragona","Econom\u00eda \/ Empresa","Mar\u00edtimo - Pesquero","Medio Ambiente","Nota autom\u00e1tica","Prov\u00edncia de Tarragona","Tarragona","Tarragon\u00e9s"],"inLanguage":"es"},{"@type":"WebPage","@id":"https:\/\/radiociutat.com\/es\/provincia-de-tarragona\/el-puerto-recibe-un-nuevo-referente-en-el-transporte-de-fruta-y-descarga-seis-mil-toneladas-de-kiwis\/","url":"https:\/\/radiociutat.com\/es\/provincia-de-tarragona\/el-puerto-recibe-un-nuevo-referente-en-el-transporte-de-fruta-y-descarga-seis-mil-toneladas-de-kiwis\/","name":"El Puerto recibe un nuevo referente en el transporte de fruta y descarga seis mil toneladas de kiwis - R\u00e0dio Ciutat de Tarragona","isPartOf":{"@id":"https:\/\/radiociutat.com\/es\/#website"},"primaryImageOfPage":{"@id":"https:\/\/radiociutat.com\/es\/provincia-de-tarragona\/el-puerto-recibe-un-nuevo-referente-en-el-transporte-de-fruta-y-descarga-seis-mil-toneladas-de-kiwis\/#primaryimage"},"image":{"@id":"https:\/\/radiociutat.com\/es\/provincia-de-tarragona\/el-puerto-recibe-un-nuevo-referente-en-el-transporte-de-fruta-y-descarga-seis-mil-toneladas-de-kiwis\/#primaryimage"},"thumbnailUrl":"https:\/\/files.radiociutat.com\/rctgn\/wp-content\/uploads\/2026\/04\/20260427_vaixell_kiwis_reus_142-scaled-e1777460830576.jpg","datePublished":"2026-04-29T11:08:18+00:00","author":{"@id":"https:\/\/radiociutat.com\/es\/#\/schema\/person\/fd401dfbfd2adfe3f166b553b083e78d"},"breadcrumb":{"@id":"https:\/\/radiociutat.com\/es\/provincia-de-tarragona\/el-puerto-recibe-un-nuevo-referente-en-el-transporte-de-fruta-y-descarga-seis-mil-toneladas-de-kiwis\/#breadcrumb"},"inLanguage":"es","potentialAction":[{"@type":"ReadAction","target":["https:\/\/radiociutat.com\/es\/provincia-de-tarragona\/el-puerto-recibe-un-nuevo-referente-en-el-transporte-de-fruta-y-descarga-seis-mil-toneladas-de-kiwis\/"]}]},{"@type":"ImageObject","inLanguage":"es","@id":"https:\/\/radiociutat.com\/es\/provincia-de-tarragona\/el-puerto-recibe-un-nuevo-referente-en-el-transporte-de-fruta-y-descarga-seis-mil-toneladas-de-kiwis\/#primaryimage","url":"https:\/\/files.radiociutat.com\/rctgn\/wp-content\/uploads\/2026\/04\/20260427_vaixell_kiwis_reus_142-scaled-e1777460830576.jpg","contentUrl":"https:\/\/files.radiociutat.com\/rctgn\/wp-content\/uploads\/2026\/04\/20260427_vaixell_kiwis_reus_142-scaled-e1777460830576.jpg","width":2560,"height":1440},{"@type":"BreadcrumbList","@id":"https:\/\/radiociutat.com\/es\/provincia-de-tarragona\/el-puerto-recibe-un-nuevo-referente-en-el-transporte-de-fruta-y-descarga-seis-mil-toneladas-de-kiwis\/#breadcrumb","itemListElement":[{"@type":"ListItem","position":1,"name":"Inici","item":"https:\/\/radiociutat.com\/es\/"},{"@type":"ListItem","position":2,"name":"El Puerto recibe un nuevo referente en el transporte de fruta y descarga seis mil toneladas de kiwis"}]},{"@type":"WebSite","@id":"https:\/\/radiociutat.com\/es\/#website","url":"https:\/\/radiociutat.com\/es\/","name":"R\u00e0dio Ciutat de Tarragona","description":"R\u00e0dio Ciutat de Tarragona - RCTgn.cat R\u00e0dio Online","potentialAction":[{"@type":"SearchAction","target":{"@type":"EntryPoint","urlTemplate":"https:\/\/radiociutat.com\/es\/?s={search_term_string}"},"query-input":{"@type":"PropertyValueSpecification","valueRequired":true,"valueName":"search_term_string"}}],"inLanguage":"es"},{"@type":"Person","@id":"https:\/\/radiociutat.com\/es\/#\/schema\/person\/fd401dfbfd2adfe3f166b553b083e78d","name":"AutoNota","description":"AutoNota, el suport intel\u00b7ligent per a la redacci\u00f3 AutoNota \u00e9s un servei propi de R\u00e0dio Ciutat que utilitza la intel\u00b7lig\u00e8ncia artificial per donar suport al treball period\u00edstic. La seva funci\u00f3 principal \u00e9s etiquetar, categoritzar i contextualitzar les informacions que arriben a la redacci\u00f3, sobretot procedents d\u2019empreses i institucions. Tot i que la IA ajuda a ordenar i donar forma als continguts, \u00e9s sempre l\u2019equip de redacci\u00f3 qui els revisa, edita i publica. D\u2019aquesta manera, garantim que totes les publicacions d\u2019AutoNota comptin amb la curaci\u00f3 i l\u2019aval professional d\u2019una persona periodista de R\u00e0dio Ciutat.","url":"https:\/\/radiociutat.com\/es\/author\/autonota\/"}]}},"_links":{"self":[{"href":"https:\/\/radiociutat.com\/es\/wp-json\/wp\/v2\/posts\/378814","targetHints":{"allow":["GET"]}}],"collection":[{"href":"https:\/\/radiociutat.com\/es\/wp-json\/wp\/v2\/posts"}],"about":[{"href":"https:\/\/radiociutat.com\/es\/wp-json\/wp\/v2\/types\/post"}],"author":[{"embeddable":true,"href":"https:\/\/radiociutat.com\/es\/wp-json\/wp\/v2\/users\/106"}],"replies":[{"embeddable":true,"href":"https:\/\/radiociutat.com\/es\/wp-json\/wp\/v2\/comments?post=378814"}],"version-history":[{"count":0,"href":"https:\/\/radiociutat.com\/es\/wp-json\/wp\/v2\/posts\/378814\/revisions"}],"wp:featuredmedia":[{"embeddable":true,"href":"https:\/\/radiociutat.com\/es\/wp-json\/wp\/v2\/media\/378801"}],"wp:attachment":[{"href":"https:\/\/radiociutat.com\/es\/wp-json\/wp\/v2\/media?parent=378814"}],"wp:term":[{"taxonomy":"category","embeddable":true,"href":"https:\/\/radiociutat.com\/es\/wp-json\/wp\/v2\/categories?post=378814"},{"taxonomy":"post_tag","embeddable":true,"href":"https:\/\/radiociutat.com\/es\/wp-json\/wp\/v2\/tags?post=378814"}],"curies":[{"name":"wp","href":"https:\/\/api.w.org\/{rel}","templated":true}]}}