{"id":378796,"date":"2026-04-29T12:42:36","date_gmt":"2026-04-29T10:42:36","guid":{"rendered":"https:\/\/radiociutat.com\/programes-podcast\/erc-tarragona-denuncia-la-perdida-de-500-000-euros-en-la-gestion-de-residuos\/"},"modified":"2026-04-29T12:42:36","modified_gmt":"2026-04-29T10:42:36","slug":"erc-tarragona-denuncia-la-perdida-de-500-000-euros-en-la-gestion-de-residuos","status":"publish","type":"post","link":"https:\/\/radiociutat.com\/es\/ultimas-noticias\/cronicas\/erc-tarragona-denuncia-la-perdida-de-500-000-euros-en-la-gestion-de-residuos\/","title":{"rendered":"ERC Tarragona denuncia la p\u00e9rdida de 500.000 euros en la gesti\u00f3n de residuos"},"content":{"rendered":"\n<p>ERC Tarragona ha denunciado la p\u00e9rdida de <strong>cerca de 500.000 euros de fondos europeos Next Generation<\/strong> vinculados a la mejora del sistema de recogida de residuos, en una gesti\u00f3n que atribuyen al gobierno del alcalde Rub\u00e9n Vi\u00f1uales. Seg\u00fan los republicanos, esta situaci\u00f3n supone tambi\u00e9n haber dejado escapar una inversi\u00f3n global superior a los <strong>900.000 euros<\/strong> destinada a la modernizaci\u00f3n del servicio.<\/p>\n\n\n\n<p>El grupo municipal ha alertado, adem\u00e1s, del <strong>descenso de la recogida selectiva en la ciudad<\/strong>, que en 2025 se situar\u00eda en el <strong>36%<\/strong>, por debajo del a\u00f1o anterior y lejos de los objetivos europeos. Desde ERC recuerdan que <strong>peores cifras de reciclaje significa que hay que incinerar m\u00e1s<\/strong> y, por lo tanto, pagar m\u00e1s por la gesti\u00f3n de la basura, una incineraci\u00f3n que cada vez es m\u00e1s cara. \u201cLa mala gesti\u00f3n del gobierno Vi\u00f1uales la pagamos todas y todos los tarraconenses en el recibo de la basura, la estrategia que est\u00e1 siguiendo Vi\u00f1uales es <strong>una verdadera ruina<\/strong>. Instamos al alcalde a rectificar inmediatamente y a implementar el sistema de contenedores cerrados sin dilaciones\u201d, ha reclamado el alcaldable <strong>Xavi Puig.<\/strong><\/p>\n\n\n\n<p>Por otro lado el concejal <strong>Jordi Fortuny<\/strong> ha denunciado que Tarragona est\u00e1 pagando <strong>un 46% m\u00e1s por la gesti\u00f3n de los residuos<\/strong>, con un gasto que podr\u00eda superar los 6 millones de euros en 2026. Los republicanos tambi\u00e9n critican el aumento previsto en el recibo de la basura y reclaman la implantaci\u00f3n del sistema de contenedores cerrados.<\/p>\n\n\n\n<p><\/p>\n","protected":false},"excerpt":{"rendered":"<p>ERC Tarragona ha denunciado la p\u00e9rdida de cerca de 500.000 euros de fondos europeos Next Generation vinculados a la mejora del sistema de recogida de residuos, en una gesti\u00f3n que atribuyen al gobierno del alcalde Rub\u00e9n Vi\u00f1uales. Seg\u00fan los republicanos, esta situaci\u00f3n supone tambi\u00e9n haber dejado escapar una inversi\u00f3n global superior a los 900.000 euros [&hellip;]<\/p>\n","protected":false},"author":1,"featured_media":378794,"comment_status":"closed","ping_status":"closed","sticky":false,"template":"","format":"standard","meta":{"footnotes":""},"categories":[13688],"tags":[1540,19],"class_list":["post-378796","post","type-post","status-publish","format-standard","has-post-thumbnail","hentry","category-cronicas","tag-residus","tag-tarragona"],"yoast_head":"<!-- This site is optimized with the Yoast SEO Premium plugin v27.4 (Yoast SEO v27.5) - https:\/\/yoast.com\/product\/yoast-seo-premium-wordpress\/ -->\n<title>ERC Tarragona denuncia la p\u00e9rdida de 500.000 euros en la gesti\u00f3n de residuos - R\u00e0dio Ciutat de Tarragona<\/title>\n<meta name=\"robots\" content=\"index, follow, max-snippet:-1, max-image-preview:large, max-video-preview:-1\" \/>\n<link rel=\"canonical\" href=\"https:\/\/radiociutat.com\/es\/ultimas-noticias\/cronicas\/erc-tarragona-denuncia-la-perdida-de-500-000-euros-en-la-gestion-de-residuos\/\" \/>\n<meta property=\"og:locale\" content=\"es_ES\" \/>\n<meta property=\"og:type\" content=\"article\" \/>\n<meta property=\"og:title\" content=\"ERC Tarragona denuncia la p\u00e9rdida de 500.000 euros en la gesti\u00f3n de residuos\" \/>\n<meta property=\"og:description\" content=\"ERC Tarragona ha denunciado la p\u00e9rdida de cerca de 500.000 euros de fondos europeos Next Generation vinculados a la mejora del sistema de recogida de residuos, en una gesti\u00f3n que atribuyen al gobierno del alcalde Rub\u00e9n Vi\u00f1uales. Seg\u00fan los republicanos, esta situaci\u00f3n supone tambi\u00e9n haber dejado escapar una inversi\u00f3n global superior a los 900.000 euros [&hellip;]\" \/>\n<meta property=\"og:url\" content=\"https:\/\/radiociutat.com\/es\/ultimas-noticias\/cronicas\/erc-tarragona-denuncia-la-perdida-de-500-000-euros-en-la-gestion-de-residuos\/\" \/>\n<meta property=\"og:site_name\" content=\"R\u00e0dio Ciutat de Tarragona\" \/>\n<meta property=\"article:publisher\" content=\"https:\/\/www.facebook.com\/rctgn\" \/>\n<meta property=\"article:published_time\" content=\"2026-04-29T10:42:36+00:00\" \/>\n<meta property=\"og:image\" content=\"https:\/\/files.radiociutat.com\/rctgn\/wp-content\/uploads\/2026\/04\/Xavi-Puig-durant-atencio-als-mitjans.jpeg\" \/>\n\t<meta property=\"og:image:width\" content=\"1600\" \/>\n\t<meta property=\"og:image:height\" content=\"1200\" \/>\n\t<meta property=\"og:image:type\" content=\"image\/jpeg\" \/>\n<meta name=\"author\" content=\"Redacci\u00f3\" \/>\n<meta name=\"twitter:card\" content=\"summary_large_image\" \/>\n<meta name=\"twitter:creator\" content=\"@RCTgn\" \/>\n<meta name=\"twitter:site\" content=\"@RCTgn\" \/>\n<meta name=\"twitter:label1\" content=\"Escrito por\" \/>\n\t<meta name=\"twitter:data1\" content=\"Redacci\u00f3\" \/>\n\t<meta name=\"twitter:label2\" content=\"Tiempo de lectura\" \/>\n\t<meta name=\"twitter:data2\" content=\"1 minuto\" \/>\n<script type=\"application\/ld+json\" class=\"yoast-schema-graph\">{\"@context\":\"https:\\\/\\\/schema.org\",\"@graph\":[{\"@type\":\"Article\",\"@id\":\"https:\\\/\\\/radiociutat.com\\\/es\\\/ultimas-noticias\\\/cronicas\\\/erc-tarragona-denuncia-la-perdida-de-500-000-euros-en-la-gestion-de-residuos\\\/#article\",\"isPartOf\":{\"@id\":\"https:\\\/\\\/radiociutat.com\\\/es\\\/ultimas-noticias\\\/cronicas\\\/erc-tarragona-denuncia-la-perdida-de-500-000-euros-en-la-gestion-de-residuos\\\/\"},\"author\":{\"name\":\"Redacci\u00f3\",\"@id\":\"https:\\\/\\\/radiociutat.com\\\/es\\\/#\\\/schema\\\/person\\\/04b6638f9d2a9ea77408db76c5d8f0b5\"},\"headline\":\"ERC Tarragona denuncia la p\u00e9rdida de 500.000 euros en la gesti\u00f3n de residuos\",\"datePublished\":\"2026-04-29T10:42:36+00:00\",\"mainEntityOfPage\":{\"@id\":\"https:\\\/\\\/radiociutat.com\\\/es\\\/ultimas-noticias\\\/cronicas\\\/erc-tarragona-denuncia-la-perdida-de-500-000-euros-en-la-gestion-de-residuos\\\/\"},\"wordCount\":269,\"image\":{\"@id\":\"https:\\\/\\\/radiociutat.com\\\/es\\\/ultimas-noticias\\\/cronicas\\\/erc-tarragona-denuncia-la-perdida-de-500-000-euros-en-la-gestion-de-residuos\\\/#primaryimage\"},\"thumbnailUrl\":\"https:\\\/\\\/files.radiociutat.com\\\/rctgn\\\/wp-content\\\/uploads\\\/2026\\\/04\\\/Xavi-Puig-durant-atencio-als-mitjans.jpeg\",\"keywords\":[\"residus\",\"Tarragona\"],\"articleSection\":[\"Cr\u00f3nicas\"],\"inLanguage\":\"es\"},{\"@type\":\"WebPage\",\"@id\":\"https:\\\/\\\/radiociutat.com\\\/es\\\/ultimas-noticias\\\/cronicas\\\/erc-tarragona-denuncia-la-perdida-de-500-000-euros-en-la-gestion-de-residuos\\\/\",\"url\":\"https:\\\/\\\/radiociutat.com\\\/es\\\/ultimas-noticias\\\/cronicas\\\/erc-tarragona-denuncia-la-perdida-de-500-000-euros-en-la-gestion-de-residuos\\\/\",\"name\":\"ERC Tarragona denuncia la p\u00e9rdida de 500.000 euros en la gesti\u00f3n de residuos - R\u00e0dio Ciutat de Tarragona\",\"isPartOf\":{\"@id\":\"https:\\\/\\\/radiociutat.com\\\/es\\\/#website\"},\"primaryImageOfPage\":{\"@id\":\"https:\\\/\\\/radiociutat.com\\\/es\\\/ultimas-noticias\\\/cronicas\\\/erc-tarragona-denuncia-la-perdida-de-500-000-euros-en-la-gestion-de-residuos\\\/#primaryimage\"},\"image\":{\"@id\":\"https:\\\/\\\/radiociutat.com\\\/es\\\/ultimas-noticias\\\/cronicas\\\/erc-tarragona-denuncia-la-perdida-de-500-000-euros-en-la-gestion-de-residuos\\\/#primaryimage\"},\"thumbnailUrl\":\"https:\\\/\\\/files.radiociutat.com\\\/rctgn\\\/wp-content\\\/uploads\\\/2026\\\/04\\\/Xavi-Puig-durant-atencio-als-mitjans.jpeg\",\"datePublished\":\"2026-04-29T10:42:36+00:00\",\"author\":{\"@id\":\"https:\\\/\\\/radiociutat.com\\\/es\\\/#\\\/schema\\\/person\\\/04b6638f9d2a9ea77408db76c5d8f0b5\"},\"breadcrumb\":{\"@id\":\"https:\\\/\\\/radiociutat.com\\\/es\\\/ultimas-noticias\\\/cronicas\\\/erc-tarragona-denuncia-la-perdida-de-500-000-euros-en-la-gestion-de-residuos\\\/#breadcrumb\"},\"inLanguage\":\"es\",\"potentialAction\":[{\"@type\":\"ReadAction\",\"target\":[\"https:\\\/\\\/radiociutat.com\\\/es\\\/ultimas-noticias\\\/cronicas\\\/erc-tarragona-denuncia-la-perdida-de-500-000-euros-en-la-gestion-de-residuos\\\/\"]}]},{\"@type\":\"ImageObject\",\"inLanguage\":\"es\",\"@id\":\"https:\\\/\\\/radiociutat.com\\\/es\\\/ultimas-noticias\\\/cronicas\\\/erc-tarragona-denuncia-la-perdida-de-500-000-euros-en-la-gestion-de-residuos\\\/#primaryimage\",\"url\":\"https:\\\/\\\/files.radiociutat.com\\\/rctgn\\\/wp-content\\\/uploads\\\/2026\\\/04\\\/Xavi-Puig-durant-atencio-als-mitjans.jpeg\",\"contentUrl\":\"https:\\\/\\\/files.radiociutat.com\\\/rctgn\\\/wp-content\\\/uploads\\\/2026\\\/04\\\/Xavi-Puig-durant-atencio-als-mitjans.jpeg\",\"width\":1600,\"height\":1200},{\"@type\":\"BreadcrumbList\",\"@id\":\"https:\\\/\\\/radiociutat.com\\\/es\\\/ultimas-noticias\\\/cronicas\\\/erc-tarragona-denuncia-la-perdida-de-500-000-euros-en-la-gestion-de-residuos\\\/#breadcrumb\",\"itemListElement\":[{\"@type\":\"ListItem\",\"position\":1,\"name\":\"Inici\",\"item\":\"https:\\\/\\\/radiociutat.com\\\/es\\\/\"},{\"@type\":\"ListItem\",\"position\":2,\"name\":\"ERC Tarragona denuncia la p\u00e9rdida de 500.000 euros en la gesti\u00f3n de residuos\"}]},{\"@type\":\"WebSite\",\"@id\":\"https:\\\/\\\/radiociutat.com\\\/es\\\/#website\",\"url\":\"https:\\\/\\\/radiociutat.com\\\/es\\\/\",\"name\":\"R\u00e0dio Ciutat de Tarragona\",\"description\":\"R\u00e0dio Ciutat de Tarragona - RCTgn.cat R\u00e0dio Online\",\"potentialAction\":[{\"@type\":\"SearchAction\",\"target\":{\"@type\":\"EntryPoint\",\"urlTemplate\":\"https:\\\/\\\/radiociutat.com\\\/es\\\/?s={search_term_string}\"},\"query-input\":{\"@type\":\"PropertyValueSpecification\",\"valueRequired\":true,\"valueName\":\"search_term_string\"}}],\"inLanguage\":\"es\"},{\"@type\":\"Person\",\"@id\":\"https:\\\/\\\/radiociutat.com\\\/es\\\/#\\\/schema\\\/person\\\/04b6638f9d2a9ea77408db76c5d8f0b5\",\"name\":\"Redacci\u00f3\",\"sameAs\":[\"https:\\\/\\\/radiociutat.com\\\/wp-content\\\/uploads\\\/2023\\\/09\\\/LOGO-RCTGN-CUADRAT.png\"],\"url\":\"https:\\\/\\\/radiociutat.com\\\/es\\\/author\\\/jespinosa\\\/\"}]}<\/script>\n<!-- \/ Yoast SEO Premium plugin. -->","yoast_head_json":{"title":"ERC Tarragona denuncia la p\u00e9rdida de 500.000 euros en la gesti\u00f3n de residuos - R\u00e0dio Ciutat de Tarragona","robots":{"index":"index","follow":"follow","max-snippet":"max-snippet:-1","max-image-preview":"max-image-preview:large","max-video-preview":"max-video-preview:-1"},"canonical":"https:\/\/radiociutat.com\/es\/ultimas-noticias\/cronicas\/erc-tarragona-denuncia-la-perdida-de-500-000-euros-en-la-gestion-de-residuos\/","og_locale":"es_ES","og_type":"article","og_title":"ERC Tarragona denuncia la p\u00e9rdida de 500.000 euros en la gesti\u00f3n de residuos","og_description":"ERC Tarragona ha denunciado la p\u00e9rdida de cerca de 500.000 euros de fondos europeos Next Generation vinculados a la mejora del sistema de recogida de residuos, en una gesti\u00f3n que atribuyen al gobierno del alcalde Rub\u00e9n Vi\u00f1uales. Seg\u00fan los republicanos, esta situaci\u00f3n supone tambi\u00e9n haber dejado escapar una inversi\u00f3n global superior a los 900.000 euros [&hellip;]","og_url":"https:\/\/radiociutat.com\/es\/ultimas-noticias\/cronicas\/erc-tarragona-denuncia-la-perdida-de-500-000-euros-en-la-gestion-de-residuos\/","og_site_name":"R\u00e0dio Ciutat de Tarragona","article_publisher":"https:\/\/www.facebook.com\/rctgn","article_published_time":"2026-04-29T10:42:36+00:00","og_image":[{"width":1600,"height":1200,"url":"https:\/\/files.radiociutat.com\/rctgn\/wp-content\/uploads\/2026\/04\/Xavi-Puig-durant-atencio-als-mitjans.jpeg","type":"image\/jpeg"}],"author":"Redacci\u00f3","twitter_card":"summary_large_image","twitter_creator":"@RCTgn","twitter_site":"@RCTgn","twitter_misc":{"Escrito por":"Redacci\u00f3","Tiempo de lectura":"1 minuto"},"schema":{"@context":"https:\/\/schema.org","@graph":[{"@type":"Article","@id":"https:\/\/radiociutat.com\/es\/ultimas-noticias\/cronicas\/erc-tarragona-denuncia-la-perdida-de-500-000-euros-en-la-gestion-de-residuos\/#article","isPartOf":{"@id":"https:\/\/radiociutat.com\/es\/ultimas-noticias\/cronicas\/erc-tarragona-denuncia-la-perdida-de-500-000-euros-en-la-gestion-de-residuos\/"},"author":{"name":"Redacci\u00f3","@id":"https:\/\/radiociutat.com\/es\/#\/schema\/person\/04b6638f9d2a9ea77408db76c5d8f0b5"},"headline":"ERC Tarragona denuncia la p\u00e9rdida de 500.000 euros en la gesti\u00f3n de residuos","datePublished":"2026-04-29T10:42:36+00:00","mainEntityOfPage":{"@id":"https:\/\/radiociutat.com\/es\/ultimas-noticias\/cronicas\/erc-tarragona-denuncia-la-perdida-de-500-000-euros-en-la-gestion-de-residuos\/"},"wordCount":269,"image":{"@id":"https:\/\/radiociutat.com\/es\/ultimas-noticias\/cronicas\/erc-tarragona-denuncia-la-perdida-de-500-000-euros-en-la-gestion-de-residuos\/#primaryimage"},"thumbnailUrl":"https:\/\/files.radiociutat.com\/rctgn\/wp-content\/uploads\/2026\/04\/Xavi-Puig-durant-atencio-als-mitjans.jpeg","keywords":["residus","Tarragona"],"articleSection":["Cr\u00f3nicas"],"inLanguage":"es"},{"@type":"WebPage","@id":"https:\/\/radiociutat.com\/es\/ultimas-noticias\/cronicas\/erc-tarragona-denuncia-la-perdida-de-500-000-euros-en-la-gestion-de-residuos\/","url":"https:\/\/radiociutat.com\/es\/ultimas-noticias\/cronicas\/erc-tarragona-denuncia-la-perdida-de-500-000-euros-en-la-gestion-de-residuos\/","name":"ERC Tarragona denuncia la p\u00e9rdida de 500.000 euros en la gesti\u00f3n de residuos - R\u00e0dio Ciutat de Tarragona","isPartOf":{"@id":"https:\/\/radiociutat.com\/es\/#website"},"primaryImageOfPage":{"@id":"https:\/\/radiociutat.com\/es\/ultimas-noticias\/cronicas\/erc-tarragona-denuncia-la-perdida-de-500-000-euros-en-la-gestion-de-residuos\/#primaryimage"},"image":{"@id":"https:\/\/radiociutat.com\/es\/ultimas-noticias\/cronicas\/erc-tarragona-denuncia-la-perdida-de-500-000-euros-en-la-gestion-de-residuos\/#primaryimage"},"thumbnailUrl":"https:\/\/files.radiociutat.com\/rctgn\/wp-content\/uploads\/2026\/04\/Xavi-Puig-durant-atencio-als-mitjans.jpeg","datePublished":"2026-04-29T10:42:36+00:00","author":{"@id":"https:\/\/radiociutat.com\/es\/#\/schema\/person\/04b6638f9d2a9ea77408db76c5d8f0b5"},"breadcrumb":{"@id":"https:\/\/radiociutat.com\/es\/ultimas-noticias\/cronicas\/erc-tarragona-denuncia-la-perdida-de-500-000-euros-en-la-gestion-de-residuos\/#breadcrumb"},"inLanguage":"es","potentialAction":[{"@type":"ReadAction","target":["https:\/\/radiociutat.com\/es\/ultimas-noticias\/cronicas\/erc-tarragona-denuncia-la-perdida-de-500-000-euros-en-la-gestion-de-residuos\/"]}]},{"@type":"ImageObject","inLanguage":"es","@id":"https:\/\/radiociutat.com\/es\/ultimas-noticias\/cronicas\/erc-tarragona-denuncia-la-perdida-de-500-000-euros-en-la-gestion-de-residuos\/#primaryimage","url":"https:\/\/files.radiociutat.com\/rctgn\/wp-content\/uploads\/2026\/04\/Xavi-Puig-durant-atencio-als-mitjans.jpeg","contentUrl":"https:\/\/files.radiociutat.com\/rctgn\/wp-content\/uploads\/2026\/04\/Xavi-Puig-durant-atencio-als-mitjans.jpeg","width":1600,"height":1200},{"@type":"BreadcrumbList","@id":"https:\/\/radiociutat.com\/es\/ultimas-noticias\/cronicas\/erc-tarragona-denuncia-la-perdida-de-500-000-euros-en-la-gestion-de-residuos\/#breadcrumb","itemListElement":[{"@type":"ListItem","position":1,"name":"Inici","item":"https:\/\/radiociutat.com\/es\/"},{"@type":"ListItem","position":2,"name":"ERC Tarragona denuncia la p\u00e9rdida de 500.000 euros en la gesti\u00f3n de residuos"}]},{"@type":"WebSite","@id":"https:\/\/radiociutat.com\/es\/#website","url":"https:\/\/radiociutat.com\/es\/","name":"R\u00e0dio Ciutat de Tarragona","description":"R\u00e0dio Ciutat de Tarragona - RCTgn.cat R\u00e0dio Online","potentialAction":[{"@type":"SearchAction","target":{"@type":"EntryPoint","urlTemplate":"https:\/\/radiociutat.com\/es\/?s={search_term_string}"},"query-input":{"@type":"PropertyValueSpecification","valueRequired":true,"valueName":"search_term_string"}}],"inLanguage":"es"},{"@type":"Person","@id":"https:\/\/radiociutat.com\/es\/#\/schema\/person\/04b6638f9d2a9ea77408db76c5d8f0b5","name":"Redacci\u00f3","sameAs":["https:\/\/radiociutat.com\/wp-content\/uploads\/2023\/09\/LOGO-RCTGN-CUADRAT.png"],"url":"https:\/\/radiociutat.com\/es\/author\/jespinosa\/"}]}},"_links":{"self":[{"href":"https:\/\/radiociutat.com\/es\/wp-json\/wp\/v2\/posts\/378796","targetHints":{"allow":["GET"]}}],"collection":[{"href":"https:\/\/radiociutat.com\/es\/wp-json\/wp\/v2\/posts"}],"about":[{"href":"https:\/\/radiociutat.com\/es\/wp-json\/wp\/v2\/types\/post"}],"author":[{"embeddable":true,"href":"https:\/\/radiociutat.com\/es\/wp-json\/wp\/v2\/users\/1"}],"replies":[{"embeddable":true,"href":"https:\/\/radiociutat.com\/es\/wp-json\/wp\/v2\/comments?post=378796"}],"version-history":[{"count":0,"href":"https:\/\/radiociutat.com\/es\/wp-json\/wp\/v2\/posts\/378796\/revisions"}],"wp:featuredmedia":[{"embeddable":true,"href":"https:\/\/radiociutat.com\/es\/wp-json\/wp\/v2\/media\/378794"}],"wp:attachment":[{"href":"https:\/\/radiociutat.com\/es\/wp-json\/wp\/v2\/media?parent=378796"}],"wp:term":[{"taxonomy":"category","embeddable":true,"href":"https:\/\/radiociutat.com\/es\/wp-json\/wp\/v2\/categories?post=378796"},{"taxonomy":"post_tag","embeddable":true,"href":"https:\/\/radiociutat.com\/es\/wp-json\/wp\/v2\/tags?post=378796"}],"curies":[{"name":"wp","href":"https:\/\/api.w.org\/{rel}","templated":true}]}}