{"id":378786,"date":"2026-04-29T12:32:59","date_gmt":"2026-04-29T10:32:59","guid":{"rendered":"https:\/\/radiociutat.com\/programes-podcast\/se-facilita-el-transporte-nocturno-en-autobus-a-bonavista-por-la-feria-de-abril\/"},"modified":"2026-04-29T12:32:59","modified_gmt":"2026-04-29T10:32:59","slug":"se-facilita-el-transporte-nocturno-en-autobus-a-bonavista-por-la-feria-de-abril","status":"publish","type":"post","link":"https:\/\/radiociutat.com\/es\/provincia-de-tarragona\/se-facilita-el-transporte-nocturno-en-autobus-a-bonavista-por-la-feria-de-abril\/","title":{"rendered":"Se facilita el transporte nocturno en autob\u00fas a Bonavista por la Feria de Abril"},"content":{"rendered":"<p>La Empresa Municipal de Transportes de Tarragona ha anunciado un refuerzo especial en el servicio de las l\u00edneas de autob\u00fas 3 y 54 con motivo de la celebraci\u00f3n de la Feria de Abril. El objetivo principal es facilitar los desplazamientos de los ciudadanos en transporte p\u00fablico y garantizar una movilidad nocturna segura y accesible durante los d\u00edas de m\u00e1xima afluencia al evento, situado en el barrio de Bonavista.<\/p>\n<p>El dispositivo especial funcionar\u00e1 durante el jueves, el viernes y el s\u00e1bado, coincidiendo con las jornadas en las que la feria alargar\u00e1 su actividad hasta las 3h de la madrugada. Para dar cobertura a esta demanda, la l\u00ednea 3 dispondr\u00e1 de salidas adicionales desde Bonavista hacia el centro de la ciudad (paradas de Colom y Battestini) en diversas franjas horarias entre las 21.20h y las 3h. Asimismo, la l\u00ednea 54 tambi\u00e9n se reforzar\u00e1 en direcci\u00f3n a Bonavista con frecuencias extras a partir de las 21.15 h.<\/p>\n<p>Por otro lado, el domingo, el servicio se mantendr\u00e1 reforzado hasta las 22h, momento en que est\u00e1 previsto el cierre oficial de la feria. Con este despliegue, la EMT busca fomentar el uso del transporte colectivo por encima del veh\u00edculo privado, facilitando la conexi\u00f3n directa entre el recinto ferial, los barrios de Ponent y el centro de Tarragona.<\/p>\n","protected":false},"excerpt":{"rendered":"<p>La Empresa Municipal de Transportes de Tarragona ha anunciado un refuerzo especial en el servicio de las l\u00edneas de autob\u00fas 3 y 54 con motivo de la celebraci\u00f3n de la Feria de Abril. El objetivo principal es facilitar los desplazamientos de los ciudadanos en transporte p\u00fablico y garantizar una movilidad nocturna segura y accesible durante [&hellip;]<\/p>\n","protected":false},"author":106,"featured_media":378730,"comment_status":"closed","ping_status":"closed","sticky":false,"template":"","format":"standard","meta":{"footnotes":""},"categories":[14046,14061,14026,12404,14028,14029,14041],"tags":[],"class_list":["post-378786","post","type-post","status-publish","format-standard","has-post-thumbnail","hentry","category-campo-de-tarragona","category-estilo-de-vida-moda-gastronomia-ocio-viajes","category-nota-automatica","category-provincia-de-tarragona","category-sociedad","category-tarragona","category-tarragones"],"yoast_head":"<!-- This site is optimized with the Yoast SEO Premium plugin v27.4 (Yoast SEO v27.5) - https:\/\/yoast.com\/product\/yoast-seo-premium-wordpress\/ -->\n<title>Se facilita el transporte nocturno en autob\u00fas a Bonavista por la Feria de Abril - R\u00e0dio Ciutat de Tarragona<\/title>\n<meta name=\"robots\" content=\"index, follow, max-snippet:-1, max-image-preview:large, max-video-preview:-1\" \/>\n<link rel=\"canonical\" href=\"https:\/\/radiociutat.com\/es\/provincia-de-tarragona\/se-facilita-el-transporte-nocturno-en-autobus-a-bonavista-por-la-feria-de-abril\/\" \/>\n<meta property=\"og:locale\" content=\"es_ES\" \/>\n<meta property=\"og:type\" content=\"article\" \/>\n<meta property=\"og:title\" content=\"Se facilita el transporte nocturno en autob\u00fas a Bonavista por la Feria de Abril\" \/>\n<meta property=\"og:description\" content=\"La Empresa Municipal de Transportes de Tarragona ha anunciado un refuerzo especial en el servicio de las l\u00edneas de autob\u00fas 3 y 54 con motivo de la celebraci\u00f3n de la Feria de Abril. El objetivo principal es facilitar los desplazamientos de los ciudadanos en transporte p\u00fablico y garantizar una movilidad nocturna segura y accesible durante [&hellip;]\" \/>\n<meta property=\"og:url\" content=\"https:\/\/radiociutat.com\/es\/provincia-de-tarragona\/se-facilita-el-transporte-nocturno-en-autobus-a-bonavista-por-la-feria-de-abril\/\" \/>\n<meta property=\"og:site_name\" content=\"R\u00e0dio Ciutat de Tarragona\" \/>\n<meta property=\"article:publisher\" content=\"https:\/\/www.facebook.com\/rctgn\" \/>\n<meta property=\"article:published_time\" content=\"2026-04-29T10:32:59+00:00\" \/>\n<meta property=\"og:image\" content=\"https:\/\/files.radiociutat.com\/rctgn\/wp-content\/uploads\/2021\/03\/LOGO-RCTGN-RADIO-CIUTAT-DE-TARRAGONA-TRANSPARENTE-TARRAGONA-2020-3000X3000-Redes1-copia.png\" \/>\n\t<meta property=\"og:image:width\" content=\"3000\" \/>\n\t<meta property=\"og:image:height\" content=\"3000\" \/>\n\t<meta property=\"og:image:type\" content=\"image\/png\" \/>\n<meta name=\"author\" content=\"AutoNota\" \/>\n<meta name=\"twitter:card\" content=\"summary_large_image\" \/>\n<meta name=\"twitter:creator\" content=\"@RCTgn\" \/>\n<meta name=\"twitter:site\" content=\"@RCTgn\" \/>\n<meta name=\"twitter:label1\" content=\"Escrito por\" \/>\n\t<meta name=\"twitter:data1\" content=\"AutoNota\" \/>\n\t<meta name=\"twitter:label2\" content=\"Tiempo de lectura\" \/>\n\t<meta name=\"twitter:data2\" content=\"1 minuto\" \/>\n<script type=\"application\/ld+json\" class=\"yoast-schema-graph\">{\"@context\":\"https:\\\/\\\/schema.org\",\"@graph\":[{\"@type\":\"Article\",\"@id\":\"https:\\\/\\\/radiociutat.com\\\/es\\\/provincia-de-tarragona\\\/se-facilita-el-transporte-nocturno-en-autobus-a-bonavista-por-la-feria-de-abril\\\/#article\",\"isPartOf\":{\"@id\":\"https:\\\/\\\/radiociutat.com\\\/es\\\/provincia-de-tarragona\\\/se-facilita-el-transporte-nocturno-en-autobus-a-bonavista-por-la-feria-de-abril\\\/\"},\"author\":{\"name\":\"AutoNota\",\"@id\":\"https:\\\/\\\/radiociutat.com\\\/es\\\/#\\\/schema\\\/person\\\/fd401dfbfd2adfe3f166b553b083e78d\"},\"headline\":\"Se facilita el transporte nocturno en autob\u00fas a Bonavista por la Feria de Abril\",\"datePublished\":\"2026-04-29T10:32:59+00:00\",\"mainEntityOfPage\":{\"@id\":\"https:\\\/\\\/radiociutat.com\\\/es\\\/provincia-de-tarragona\\\/se-facilita-el-transporte-nocturno-en-autobus-a-bonavista-por-la-feria-de-abril\\\/\"},\"wordCount\":235,\"image\":{\"@id\":\"https:\\\/\\\/radiociutat.com\\\/es\\\/provincia-de-tarragona\\\/se-facilita-el-transporte-nocturno-en-autobus-a-bonavista-por-la-feria-de-abril\\\/#primaryimage\"},\"thumbnailUrl\":\"https:\\\/\\\/files.radiociutat.com\\\/rctgn\\\/wp-content\\\/uploads\\\/2026\\\/04\\\/EMT-Tarragona-e1777458698546.jpg\",\"articleSection\":[\"Campo de Tarragona\",\"Estilo de vida (moda, gastronom\u00eda, ocio, viajes)\",\"Nota autom\u00e1tica\",\"Prov\u00edncia de Tarragona\",\"Sociedad\",\"Tarragona\",\"Tarragon\u00e9s\"],\"inLanguage\":\"es\"},{\"@type\":\"WebPage\",\"@id\":\"https:\\\/\\\/radiociutat.com\\\/es\\\/provincia-de-tarragona\\\/se-facilita-el-transporte-nocturno-en-autobus-a-bonavista-por-la-feria-de-abril\\\/\",\"url\":\"https:\\\/\\\/radiociutat.com\\\/es\\\/provincia-de-tarragona\\\/se-facilita-el-transporte-nocturno-en-autobus-a-bonavista-por-la-feria-de-abril\\\/\",\"name\":\"Se facilita el transporte nocturno en autob\u00fas a Bonavista por la Feria de Abril - R\u00e0dio Ciutat de Tarragona\",\"isPartOf\":{\"@id\":\"https:\\\/\\\/radiociutat.com\\\/es\\\/#website\"},\"primaryImageOfPage\":{\"@id\":\"https:\\\/\\\/radiociutat.com\\\/es\\\/provincia-de-tarragona\\\/se-facilita-el-transporte-nocturno-en-autobus-a-bonavista-por-la-feria-de-abril\\\/#primaryimage\"},\"image\":{\"@id\":\"https:\\\/\\\/radiociutat.com\\\/es\\\/provincia-de-tarragona\\\/se-facilita-el-transporte-nocturno-en-autobus-a-bonavista-por-la-feria-de-abril\\\/#primaryimage\"},\"thumbnailUrl\":\"https:\\\/\\\/files.radiociutat.com\\\/rctgn\\\/wp-content\\\/uploads\\\/2026\\\/04\\\/EMT-Tarragona-e1777458698546.jpg\",\"datePublished\":\"2026-04-29T10:32:59+00:00\",\"author\":{\"@id\":\"https:\\\/\\\/radiociutat.com\\\/es\\\/#\\\/schema\\\/person\\\/fd401dfbfd2adfe3f166b553b083e78d\"},\"breadcrumb\":{\"@id\":\"https:\\\/\\\/radiociutat.com\\\/es\\\/provincia-de-tarragona\\\/se-facilita-el-transporte-nocturno-en-autobus-a-bonavista-por-la-feria-de-abril\\\/#breadcrumb\"},\"inLanguage\":\"es\",\"potentialAction\":[{\"@type\":\"ReadAction\",\"target\":[\"https:\\\/\\\/radiociutat.com\\\/es\\\/provincia-de-tarragona\\\/se-facilita-el-transporte-nocturno-en-autobus-a-bonavista-por-la-feria-de-abril\\\/\"]}]},{\"@type\":\"ImageObject\",\"inLanguage\":\"es\",\"@id\":\"https:\\\/\\\/radiociutat.com\\\/es\\\/provincia-de-tarragona\\\/se-facilita-el-transporte-nocturno-en-autobus-a-bonavista-por-la-feria-de-abril\\\/#primaryimage\",\"url\":\"https:\\\/\\\/files.radiociutat.com\\\/rctgn\\\/wp-content\\\/uploads\\\/2026\\\/04\\\/EMT-Tarragona-e1777458698546.jpg\",\"contentUrl\":\"https:\\\/\\\/files.radiociutat.com\\\/rctgn\\\/wp-content\\\/uploads\\\/2026\\\/04\\\/EMT-Tarragona-e1777458698546.jpg\",\"width\":1900,\"height\":1266},{\"@type\":\"BreadcrumbList\",\"@id\":\"https:\\\/\\\/radiociutat.com\\\/es\\\/provincia-de-tarragona\\\/se-facilita-el-transporte-nocturno-en-autobus-a-bonavista-por-la-feria-de-abril\\\/#breadcrumb\",\"itemListElement\":[{\"@type\":\"ListItem\",\"position\":1,\"name\":\"Inici\",\"item\":\"https:\\\/\\\/radiociutat.com\\\/es\\\/\"},{\"@type\":\"ListItem\",\"position\":2,\"name\":\"Se facilita el transporte nocturno en autob\u00fas a Bonavista por la Feria de Abril\"}]},{\"@type\":\"WebSite\",\"@id\":\"https:\\\/\\\/radiociutat.com\\\/es\\\/#website\",\"url\":\"https:\\\/\\\/radiociutat.com\\\/es\\\/\",\"name\":\"R\u00e0dio Ciutat de Tarragona\",\"description\":\"R\u00e0dio Ciutat de Tarragona - RCTgn.cat R\u00e0dio Online\",\"potentialAction\":[{\"@type\":\"SearchAction\",\"target\":{\"@type\":\"EntryPoint\",\"urlTemplate\":\"https:\\\/\\\/radiociutat.com\\\/es\\\/?s={search_term_string}\"},\"query-input\":{\"@type\":\"PropertyValueSpecification\",\"valueRequired\":true,\"valueName\":\"search_term_string\"}}],\"inLanguage\":\"es\"},{\"@type\":\"Person\",\"@id\":\"https:\\\/\\\/radiociutat.com\\\/es\\\/#\\\/schema\\\/person\\\/fd401dfbfd2adfe3f166b553b083e78d\",\"name\":\"AutoNota\",\"description\":\"AutoNota, el suport intel\u00b7ligent per a la redacci\u00f3 AutoNota \u00e9s un servei propi de R\u00e0dio Ciutat que utilitza la intel\u00b7lig\u00e8ncia artificial per donar suport al treball period\u00edstic. La seva funci\u00f3 principal \u00e9s etiquetar, categoritzar i contextualitzar les informacions que arriben a la redacci\u00f3, sobretot procedents d\u2019empreses i institucions. Tot i que la IA ajuda a ordenar i donar forma als continguts, \u00e9s sempre l\u2019equip de redacci\u00f3 qui els revisa, edita i publica. D\u2019aquesta manera, garantim que totes les publicacions d\u2019AutoNota comptin amb la curaci\u00f3 i l\u2019aval professional d\u2019una persona periodista de R\u00e0dio Ciutat.\",\"url\":\"https:\\\/\\\/radiociutat.com\\\/es\\\/author\\\/autonota\\\/\"}]}<\/script>\n<!-- \/ Yoast SEO Premium plugin. -->","yoast_head_json":{"title":"Se facilita el transporte nocturno en autob\u00fas a Bonavista por la Feria de Abril - R\u00e0dio Ciutat de Tarragona","robots":{"index":"index","follow":"follow","max-snippet":"max-snippet:-1","max-image-preview":"max-image-preview:large","max-video-preview":"max-video-preview:-1"},"canonical":"https:\/\/radiociutat.com\/es\/provincia-de-tarragona\/se-facilita-el-transporte-nocturno-en-autobus-a-bonavista-por-la-feria-de-abril\/","og_locale":"es_ES","og_type":"article","og_title":"Se facilita el transporte nocturno en autob\u00fas a Bonavista por la Feria de Abril","og_description":"La Empresa Municipal de Transportes de Tarragona ha anunciado un refuerzo especial en el servicio de las l\u00edneas de autob\u00fas 3 y 54 con motivo de la celebraci\u00f3n de la Feria de Abril. El objetivo principal es facilitar los desplazamientos de los ciudadanos en transporte p\u00fablico y garantizar una movilidad nocturna segura y accesible durante [&hellip;]","og_url":"https:\/\/radiociutat.com\/es\/provincia-de-tarragona\/se-facilita-el-transporte-nocturno-en-autobus-a-bonavista-por-la-feria-de-abril\/","og_site_name":"R\u00e0dio Ciutat de Tarragona","article_publisher":"https:\/\/www.facebook.com\/rctgn","article_published_time":"2026-04-29T10:32:59+00:00","og_image":[{"width":3000,"height":3000,"url":"https:\/\/files.radiociutat.com\/rctgn\/wp-content\/uploads\/2021\/03\/LOGO-RCTGN-RADIO-CIUTAT-DE-TARRAGONA-TRANSPARENTE-TARRAGONA-2020-3000X3000-Redes1-copia.png","type":"image\/png"}],"author":"AutoNota","twitter_card":"summary_large_image","twitter_creator":"@RCTgn","twitter_site":"@RCTgn","twitter_misc":{"Escrito por":"AutoNota","Tiempo de lectura":"1 minuto"},"schema":{"@context":"https:\/\/schema.org","@graph":[{"@type":"Article","@id":"https:\/\/radiociutat.com\/es\/provincia-de-tarragona\/se-facilita-el-transporte-nocturno-en-autobus-a-bonavista-por-la-feria-de-abril\/#article","isPartOf":{"@id":"https:\/\/radiociutat.com\/es\/provincia-de-tarragona\/se-facilita-el-transporte-nocturno-en-autobus-a-bonavista-por-la-feria-de-abril\/"},"author":{"name":"AutoNota","@id":"https:\/\/radiociutat.com\/es\/#\/schema\/person\/fd401dfbfd2adfe3f166b553b083e78d"},"headline":"Se facilita el transporte nocturno en autob\u00fas a Bonavista por la Feria de Abril","datePublished":"2026-04-29T10:32:59+00:00","mainEntityOfPage":{"@id":"https:\/\/radiociutat.com\/es\/provincia-de-tarragona\/se-facilita-el-transporte-nocturno-en-autobus-a-bonavista-por-la-feria-de-abril\/"},"wordCount":235,"image":{"@id":"https:\/\/radiociutat.com\/es\/provincia-de-tarragona\/se-facilita-el-transporte-nocturno-en-autobus-a-bonavista-por-la-feria-de-abril\/#primaryimage"},"thumbnailUrl":"https:\/\/files.radiociutat.com\/rctgn\/wp-content\/uploads\/2026\/04\/EMT-Tarragona-e1777458698546.jpg","articleSection":["Campo de Tarragona","Estilo de vida (moda, gastronom\u00eda, ocio, viajes)","Nota autom\u00e1tica","Prov\u00edncia de Tarragona","Sociedad","Tarragona","Tarragon\u00e9s"],"inLanguage":"es"},{"@type":"WebPage","@id":"https:\/\/radiociutat.com\/es\/provincia-de-tarragona\/se-facilita-el-transporte-nocturno-en-autobus-a-bonavista-por-la-feria-de-abril\/","url":"https:\/\/radiociutat.com\/es\/provincia-de-tarragona\/se-facilita-el-transporte-nocturno-en-autobus-a-bonavista-por-la-feria-de-abril\/","name":"Se facilita el transporte nocturno en autob\u00fas a Bonavista por la Feria de Abril - R\u00e0dio Ciutat de Tarragona","isPartOf":{"@id":"https:\/\/radiociutat.com\/es\/#website"},"primaryImageOfPage":{"@id":"https:\/\/radiociutat.com\/es\/provincia-de-tarragona\/se-facilita-el-transporte-nocturno-en-autobus-a-bonavista-por-la-feria-de-abril\/#primaryimage"},"image":{"@id":"https:\/\/radiociutat.com\/es\/provincia-de-tarragona\/se-facilita-el-transporte-nocturno-en-autobus-a-bonavista-por-la-feria-de-abril\/#primaryimage"},"thumbnailUrl":"https:\/\/files.radiociutat.com\/rctgn\/wp-content\/uploads\/2026\/04\/EMT-Tarragona-e1777458698546.jpg","datePublished":"2026-04-29T10:32:59+00:00","author":{"@id":"https:\/\/radiociutat.com\/es\/#\/schema\/person\/fd401dfbfd2adfe3f166b553b083e78d"},"breadcrumb":{"@id":"https:\/\/radiociutat.com\/es\/provincia-de-tarragona\/se-facilita-el-transporte-nocturno-en-autobus-a-bonavista-por-la-feria-de-abril\/#breadcrumb"},"inLanguage":"es","potentialAction":[{"@type":"ReadAction","target":["https:\/\/radiociutat.com\/es\/provincia-de-tarragona\/se-facilita-el-transporte-nocturno-en-autobus-a-bonavista-por-la-feria-de-abril\/"]}]},{"@type":"ImageObject","inLanguage":"es","@id":"https:\/\/radiociutat.com\/es\/provincia-de-tarragona\/se-facilita-el-transporte-nocturno-en-autobus-a-bonavista-por-la-feria-de-abril\/#primaryimage","url":"https:\/\/files.radiociutat.com\/rctgn\/wp-content\/uploads\/2026\/04\/EMT-Tarragona-e1777458698546.jpg","contentUrl":"https:\/\/files.radiociutat.com\/rctgn\/wp-content\/uploads\/2026\/04\/EMT-Tarragona-e1777458698546.jpg","width":1900,"height":1266},{"@type":"BreadcrumbList","@id":"https:\/\/radiociutat.com\/es\/provincia-de-tarragona\/se-facilita-el-transporte-nocturno-en-autobus-a-bonavista-por-la-feria-de-abril\/#breadcrumb","itemListElement":[{"@type":"ListItem","position":1,"name":"Inici","item":"https:\/\/radiociutat.com\/es\/"},{"@type":"ListItem","position":2,"name":"Se facilita el transporte nocturno en autob\u00fas a Bonavista por la Feria de Abril"}]},{"@type":"WebSite","@id":"https:\/\/radiociutat.com\/es\/#website","url":"https:\/\/radiociutat.com\/es\/","name":"R\u00e0dio Ciutat de Tarragona","description":"R\u00e0dio Ciutat de Tarragona - RCTgn.cat R\u00e0dio Online","potentialAction":[{"@type":"SearchAction","target":{"@type":"EntryPoint","urlTemplate":"https:\/\/radiociutat.com\/es\/?s={search_term_string}"},"query-input":{"@type":"PropertyValueSpecification","valueRequired":true,"valueName":"search_term_string"}}],"inLanguage":"es"},{"@type":"Person","@id":"https:\/\/radiociutat.com\/es\/#\/schema\/person\/fd401dfbfd2adfe3f166b553b083e78d","name":"AutoNota","description":"AutoNota, el suport intel\u00b7ligent per a la redacci\u00f3 AutoNota \u00e9s un servei propi de R\u00e0dio Ciutat que utilitza la intel\u00b7lig\u00e8ncia artificial per donar suport al treball period\u00edstic. La seva funci\u00f3 principal \u00e9s etiquetar, categoritzar i contextualitzar les informacions que arriben a la redacci\u00f3, sobretot procedents d\u2019empreses i institucions. Tot i que la IA ajuda a ordenar i donar forma als continguts, \u00e9s sempre l\u2019equip de redacci\u00f3 qui els revisa, edita i publica. D\u2019aquesta manera, garantim que totes les publicacions d\u2019AutoNota comptin amb la curaci\u00f3 i l\u2019aval professional d\u2019una persona periodista de R\u00e0dio Ciutat.","url":"https:\/\/radiociutat.com\/es\/author\/autonota\/"}]}},"_links":{"self":[{"href":"https:\/\/radiociutat.com\/es\/wp-json\/wp\/v2\/posts\/378786","targetHints":{"allow":["GET"]}}],"collection":[{"href":"https:\/\/radiociutat.com\/es\/wp-json\/wp\/v2\/posts"}],"about":[{"href":"https:\/\/radiociutat.com\/es\/wp-json\/wp\/v2\/types\/post"}],"author":[{"embeddable":true,"href":"https:\/\/radiociutat.com\/es\/wp-json\/wp\/v2\/users\/106"}],"replies":[{"embeddable":true,"href":"https:\/\/radiociutat.com\/es\/wp-json\/wp\/v2\/comments?post=378786"}],"version-history":[{"count":0,"href":"https:\/\/radiociutat.com\/es\/wp-json\/wp\/v2\/posts\/378786\/revisions"}],"wp:featuredmedia":[{"embeddable":true,"href":"https:\/\/radiociutat.com\/es\/wp-json\/wp\/v2\/media\/378730"}],"wp:attachment":[{"href":"https:\/\/radiociutat.com\/es\/wp-json\/wp\/v2\/media?parent=378786"}],"wp:term":[{"taxonomy":"category","embeddable":true,"href":"https:\/\/radiociutat.com\/es\/wp-json\/wp\/v2\/categories?post=378786"},{"taxonomy":"post_tag","embeddable":true,"href":"https:\/\/radiociutat.com\/es\/wp-json\/wp\/v2\/tags?post=378786"}],"curies":[{"name":"wp","href":"https:\/\/api.w.org\/{rel}","templated":true}]}}