{"id":378743,"date":"2026-04-29T12:08:44","date_gmt":"2026-04-29T10:08:44","guid":{"rendered":"https:\/\/radiociutat.com\/programes-podcast\/el-por-que-de-roma-centra-una-nueva-edicion-de-tarraco-viva\/"},"modified":"2026-04-29T12:08:44","modified_gmt":"2026-04-29T10:08:44","slug":"el-por-que-de-roma-centra-una-nueva-edicion-de-tarraco-viva","status":"publish","type":"post","link":"https:\/\/radiociutat.com\/es\/ultimas-noticias\/cronicas\/el-por-que-de-roma-centra-una-nueva-edicion-de-tarraco-viva\/","title":{"rendered":"El \u201cpor qu\u00e9\u201d de Roma centra una nueva edici\u00f3n de Tarraco Viva"},"content":{"rendered":"\n<p>Tarragona se prepara para acoger una nueva edici\u00f3n del festival de recreaci\u00f3n hist\u00f3rica Tarraco Viva, que volver\u00e1 a convertir la ciudad en epicentro del mundo cl\u00e1sico con <strong>m\u00e1s de 500 actividades<\/strong> y una clara apuesta por la reflexi\u00f3n sobre el pasado. <\/p>\n\n\n\n<p>El certamen, que llega a su <strong>28\u00aa edici\u00f3n<\/strong>, girar\u00e1 este a\u00f1o en torno a la pregunta <strong>\u201c\u00bfPor qu\u00e9 Roma?\u201d<\/strong>, con el objetivo de analizar el legado de la civilizaci\u00f3n romana y su influencia en el presente. El director del festival, Mag\u00ed Seritjol, explica el porqu\u00e9 de la tem\u00e1tica elegida: <\/p>\n\n\n\n<figure class=\"wp-block-audio\"><audio controls src=\"https:\/\/files.radiociutat.com\/rctgn\/wp-content\/uploads\/2026\/04\/Magi-Seritjol-Tarraco-Viva.mp3\"><\/audio><\/figure>\n\n\n\n<p>El festival se celebrar\u00e1 del <strong>11 al 24 de mayo<\/strong> y se extender\u00e1 m\u00e1s all\u00e1 de Tarragona, llegando a municipios como Altafulla, Cambrils o Reus. Durante dos semanas, el programa incluir\u00e1 <strong>recreaciones hist\u00f3ricas, conferencias y actividades educativas para acercar la historia a todos los p\u00fablicos.<\/strong><\/p>\n\n\n\n<p>Esta edici\u00f3n tendr\u00e1 un componente especial, ya que <strong>ser\u00e1 la \u00faltima dirigida por Mag\u00ed Seritjol<\/strong>, impulsor del festival desde sus inicios. El relevo lo tomar\u00e1 <strong>Julio Villar<\/strong>. El certamen mantiene as\u00ed su objetivo de combinar <strong>rigor hist\u00f3rico y divulgaci\u00f3n<\/strong>, consolid\u00e1ndose como una cita de referencia en Catalu\u00f1a y en todo el estado. <\/p>\n","protected":false},"excerpt":{"rendered":"<p>Tarragona se prepara para acoger una nueva edici\u00f3n del festival de recreaci\u00f3n hist\u00f3rica Tarraco Viva, que volver\u00e1 a convertir la ciudad en epicentro del mundo cl\u00e1sico con m\u00e1s de 500 actividades y una clara apuesta por la reflexi\u00f3n sobre el pasado. El certamen, que llega a su 28\u00aa edici\u00f3n, girar\u00e1 este a\u00f1o en torno a [&hellip;]<\/p>\n","protected":false},"author":84,"featured_media":378723,"comment_status":"closed","ping_status":"closed","sticky":false,"template":"","format":"standard","meta":{"footnotes":""},"categories":[13688],"tags":[704,19],"class_list":["post-378743","post","type-post","status-publish","format-standard","has-post-thumbnail","hentry","category-cronicas","tag-tarraco-viva","tag-tarragona"],"yoast_head":"<!-- This site is optimized with the Yoast SEO Premium plugin v27.4 (Yoast SEO v27.5) - https:\/\/yoast.com\/product\/yoast-seo-premium-wordpress\/ -->\n<title>El \u201cpor qu\u00e9\u201d de Roma centra una nueva edici\u00f3n de Tarraco Viva - R\u00e0dio Ciutat de Tarragona<\/title>\n<meta name=\"robots\" content=\"index, follow, max-snippet:-1, max-image-preview:large, max-video-preview:-1\" \/>\n<link rel=\"canonical\" href=\"https:\/\/radiociutat.com\/es\/ultimas-noticias\/cronicas\/el-por-que-de-roma-centra-una-nueva-edicion-de-tarraco-viva\/\" \/>\n<meta property=\"og:locale\" content=\"es_ES\" \/>\n<meta property=\"og:type\" content=\"article\" \/>\n<meta property=\"og:title\" content=\"El \u201cpor qu\u00e9\u201d de Roma centra una nueva edici\u00f3n de Tarraco Viva\" \/>\n<meta property=\"og:description\" content=\"Tarragona se prepara para acoger una nueva edici\u00f3n del festival de recreaci\u00f3n hist\u00f3rica Tarraco Viva, que volver\u00e1 a convertir la ciudad en epicentro del mundo cl\u00e1sico con m\u00e1s de 500 actividades y una clara apuesta por la reflexi\u00f3n sobre el pasado. El certamen, que llega a su 28\u00aa edici\u00f3n, girar\u00e1 este a\u00f1o en torno a [&hellip;]\" \/>\n<meta property=\"og:url\" content=\"https:\/\/radiociutat.com\/es\/ultimas-noticias\/cronicas\/el-por-que-de-roma-centra-una-nueva-edicion-de-tarraco-viva\/\" \/>\n<meta property=\"og:site_name\" content=\"R\u00e0dio Ciutat de Tarragona\" \/>\n<meta property=\"article:publisher\" content=\"https:\/\/www.facebook.com\/rctgn\" \/>\n<meta property=\"article:published_time\" content=\"2026-04-29T10:08:44+00:00\" \/>\n<meta property=\"og:image\" content=\"https:\/\/files.radiociutat.com\/rctgn\/wp-content\/uploads\/2021\/03\/LOGO-RCTGN-RADIO-CIUTAT-DE-TARRAGONA-TRANSPARENTE-TARRAGONA-2020-3000X3000-Redes1-copia.png\" \/>\n\t<meta property=\"og:image:width\" content=\"3000\" \/>\n\t<meta property=\"og:image:height\" content=\"3000\" \/>\n\t<meta property=\"og:image:type\" content=\"image\/png\" \/>\n<meta name=\"author\" content=\"Adri\u00e0 Duch\" \/>\n<meta name=\"twitter:card\" content=\"summary_large_image\" \/>\n<meta name=\"twitter:creator\" content=\"@RCTgn\" \/>\n<meta name=\"twitter:site\" content=\"@RCTgn\" \/>\n<meta name=\"twitter:label1\" content=\"Escrito por\" \/>\n\t<meta name=\"twitter:data1\" content=\"Adri\u00e0 Duch\" \/>\n\t<meta name=\"twitter:label2\" content=\"Tiempo de lectura\" \/>\n\t<meta name=\"twitter:data2\" content=\"1 minuto\" \/>\n<script type=\"application\/ld+json\" class=\"yoast-schema-graph\">{\"@context\":\"https:\\\/\\\/schema.org\",\"@graph\":[{\"@type\":\"Article\",\"@id\":\"https:\\\/\\\/radiociutat.com\\\/es\\\/ultimas-noticias\\\/cronicas\\\/el-por-que-de-roma-centra-una-nueva-edicion-de-tarraco-viva\\\/#article\",\"isPartOf\":{\"@id\":\"https:\\\/\\\/radiociutat.com\\\/es\\\/ultimas-noticias\\\/cronicas\\\/el-por-que-de-roma-centra-una-nueva-edicion-de-tarraco-viva\\\/\"},\"author\":{\"name\":\"Adri\u00e0 Duch\",\"@id\":\"https:\\\/\\\/radiociutat.com\\\/es\\\/#\\\/schema\\\/person\\\/daeecbc4942e3432e8d8b8663bf7d714\"},\"headline\":\"El \u201cpor qu\u00e9\u201d de Roma centra una nueva edici\u00f3n de Tarraco Viva\",\"datePublished\":\"2026-04-29T10:08:44+00:00\",\"mainEntityOfPage\":{\"@id\":\"https:\\\/\\\/radiociutat.com\\\/es\\\/ultimas-noticias\\\/cronicas\\\/el-por-que-de-roma-centra-una-nueva-edicion-de-tarraco-viva\\\/\"},\"wordCount\":214,\"image\":{\"@id\":\"https:\\\/\\\/radiociutat.com\\\/es\\\/ultimas-noticias\\\/cronicas\\\/el-por-que-de-roma-centra-una-nueva-edicion-de-tarraco-viva\\\/#primaryimage\"},\"thumbnailUrl\":\"https:\\\/\\\/files.radiociutat.com\\\/rctgn\\\/wp-content\\\/uploads\\\/2026\\\/04\\\/Tarraco-Viva-Magi-Seritjol-scaled.jpg\",\"keywords\":[\"TARRACO VIVA\",\"Tarragona\"],\"articleSection\":[\"Cr\u00f3nicas\"],\"inLanguage\":\"es\"},{\"@type\":\"WebPage\",\"@id\":\"https:\\\/\\\/radiociutat.com\\\/es\\\/ultimas-noticias\\\/cronicas\\\/el-por-que-de-roma-centra-una-nueva-edicion-de-tarraco-viva\\\/\",\"url\":\"https:\\\/\\\/radiociutat.com\\\/es\\\/ultimas-noticias\\\/cronicas\\\/el-por-que-de-roma-centra-una-nueva-edicion-de-tarraco-viva\\\/\",\"name\":\"El \u201cpor qu\u00e9\u201d de Roma centra una nueva edici\u00f3n de Tarraco Viva - R\u00e0dio Ciutat de Tarragona\",\"isPartOf\":{\"@id\":\"https:\\\/\\\/radiociutat.com\\\/es\\\/#website\"},\"primaryImageOfPage\":{\"@id\":\"https:\\\/\\\/radiociutat.com\\\/es\\\/ultimas-noticias\\\/cronicas\\\/el-por-que-de-roma-centra-una-nueva-edicion-de-tarraco-viva\\\/#primaryimage\"},\"image\":{\"@id\":\"https:\\\/\\\/radiociutat.com\\\/es\\\/ultimas-noticias\\\/cronicas\\\/el-por-que-de-roma-centra-una-nueva-edicion-de-tarraco-viva\\\/#primaryimage\"},\"thumbnailUrl\":\"https:\\\/\\\/files.radiociutat.com\\\/rctgn\\\/wp-content\\\/uploads\\\/2026\\\/04\\\/Tarraco-Viva-Magi-Seritjol-scaled.jpg\",\"datePublished\":\"2026-04-29T10:08:44+00:00\",\"author\":{\"@id\":\"https:\\\/\\\/radiociutat.com\\\/es\\\/#\\\/schema\\\/person\\\/daeecbc4942e3432e8d8b8663bf7d714\"},\"breadcrumb\":{\"@id\":\"https:\\\/\\\/radiociutat.com\\\/es\\\/ultimas-noticias\\\/cronicas\\\/el-por-que-de-roma-centra-una-nueva-edicion-de-tarraco-viva\\\/#breadcrumb\"},\"inLanguage\":\"es\",\"potentialAction\":[{\"@type\":\"ReadAction\",\"target\":[\"https:\\\/\\\/radiociutat.com\\\/es\\\/ultimas-noticias\\\/cronicas\\\/el-por-que-de-roma-centra-una-nueva-edicion-de-tarraco-viva\\\/\"]}]},{\"@type\":\"ImageObject\",\"inLanguage\":\"es\",\"@id\":\"https:\\\/\\\/radiociutat.com\\\/es\\\/ultimas-noticias\\\/cronicas\\\/el-por-que-de-roma-centra-una-nueva-edicion-de-tarraco-viva\\\/#primaryimage\",\"url\":\"https:\\\/\\\/files.radiociutat.com\\\/rctgn\\\/wp-content\\\/uploads\\\/2026\\\/04\\\/Tarraco-Viva-Magi-Seritjol-scaled.jpg\",\"contentUrl\":\"https:\\\/\\\/files.radiociutat.com\\\/rctgn\\\/wp-content\\\/uploads\\\/2026\\\/04\\\/Tarraco-Viva-Magi-Seritjol-scaled.jpg\",\"width\":2560,\"height\":1707},{\"@type\":\"BreadcrumbList\",\"@id\":\"https:\\\/\\\/radiociutat.com\\\/es\\\/ultimas-noticias\\\/cronicas\\\/el-por-que-de-roma-centra-una-nueva-edicion-de-tarraco-viva\\\/#breadcrumb\",\"itemListElement\":[{\"@type\":\"ListItem\",\"position\":1,\"name\":\"Inici\",\"item\":\"https:\\\/\\\/radiociutat.com\\\/es\\\/\"},{\"@type\":\"ListItem\",\"position\":2,\"name\":\"El \u201cpor qu\u00e9\u201d de Roma centra una nueva edici\u00f3n de Tarraco Viva\"}]},{\"@type\":\"WebSite\",\"@id\":\"https:\\\/\\\/radiociutat.com\\\/es\\\/#website\",\"url\":\"https:\\\/\\\/radiociutat.com\\\/es\\\/\",\"name\":\"R\u00e0dio Ciutat de Tarragona\",\"description\":\"R\u00e0dio Ciutat de Tarragona - RCTgn.cat R\u00e0dio Online\",\"potentialAction\":[{\"@type\":\"SearchAction\",\"target\":{\"@type\":\"EntryPoint\",\"urlTemplate\":\"https:\\\/\\\/radiociutat.com\\\/es\\\/?s={search_term_string}\"},\"query-input\":{\"@type\":\"PropertyValueSpecification\",\"valueRequired\":true,\"valueName\":\"search_term_string\"}}],\"inLanguage\":\"es\"},{\"@type\":\"Person\",\"@id\":\"https:\\\/\\\/radiociutat.com\\\/es\\\/#\\\/schema\\\/person\\\/daeecbc4942e3432e8d8b8663bf7d714\",\"name\":\"Adri\u00e0 Duch\",\"sameAs\":[\"https:\\\/\\\/radiociutat.com\\\/wp-content\\\/uploads\\\/2024\\\/02\\\/ADRIA-DUCH.png\"],\"url\":\"https:\\\/\\\/radiociutat.com\\\/es\\\/author\\\/adria-duch\\\/\"}]}<\/script>\n<!-- \/ Yoast SEO Premium plugin. -->","yoast_head_json":{"title":"El \u201cpor qu\u00e9\u201d de Roma centra una nueva edici\u00f3n de Tarraco Viva - R\u00e0dio Ciutat de Tarragona","robots":{"index":"index","follow":"follow","max-snippet":"max-snippet:-1","max-image-preview":"max-image-preview:large","max-video-preview":"max-video-preview:-1"},"canonical":"https:\/\/radiociutat.com\/es\/ultimas-noticias\/cronicas\/el-por-que-de-roma-centra-una-nueva-edicion-de-tarraco-viva\/","og_locale":"es_ES","og_type":"article","og_title":"El \u201cpor qu\u00e9\u201d de Roma centra una nueva edici\u00f3n de Tarraco Viva","og_description":"Tarragona se prepara para acoger una nueva edici\u00f3n del festival de recreaci\u00f3n hist\u00f3rica Tarraco Viva, que volver\u00e1 a convertir la ciudad en epicentro del mundo cl\u00e1sico con m\u00e1s de 500 actividades y una clara apuesta por la reflexi\u00f3n sobre el pasado. El certamen, que llega a su 28\u00aa edici\u00f3n, girar\u00e1 este a\u00f1o en torno a [&hellip;]","og_url":"https:\/\/radiociutat.com\/es\/ultimas-noticias\/cronicas\/el-por-que-de-roma-centra-una-nueva-edicion-de-tarraco-viva\/","og_site_name":"R\u00e0dio Ciutat de Tarragona","article_publisher":"https:\/\/www.facebook.com\/rctgn","article_published_time":"2026-04-29T10:08:44+00:00","og_image":[{"width":3000,"height":3000,"url":"https:\/\/files.radiociutat.com\/rctgn\/wp-content\/uploads\/2021\/03\/LOGO-RCTGN-RADIO-CIUTAT-DE-TARRAGONA-TRANSPARENTE-TARRAGONA-2020-3000X3000-Redes1-copia.png","type":"image\/png"}],"author":"Adri\u00e0 Duch","twitter_card":"summary_large_image","twitter_creator":"@RCTgn","twitter_site":"@RCTgn","twitter_misc":{"Escrito por":"Adri\u00e0 Duch","Tiempo de lectura":"1 minuto"},"schema":{"@context":"https:\/\/schema.org","@graph":[{"@type":"Article","@id":"https:\/\/radiociutat.com\/es\/ultimas-noticias\/cronicas\/el-por-que-de-roma-centra-una-nueva-edicion-de-tarraco-viva\/#article","isPartOf":{"@id":"https:\/\/radiociutat.com\/es\/ultimas-noticias\/cronicas\/el-por-que-de-roma-centra-una-nueva-edicion-de-tarraco-viva\/"},"author":{"name":"Adri\u00e0 Duch","@id":"https:\/\/radiociutat.com\/es\/#\/schema\/person\/daeecbc4942e3432e8d8b8663bf7d714"},"headline":"El \u201cpor qu\u00e9\u201d de Roma centra una nueva edici\u00f3n de Tarraco Viva","datePublished":"2026-04-29T10:08:44+00:00","mainEntityOfPage":{"@id":"https:\/\/radiociutat.com\/es\/ultimas-noticias\/cronicas\/el-por-que-de-roma-centra-una-nueva-edicion-de-tarraco-viva\/"},"wordCount":214,"image":{"@id":"https:\/\/radiociutat.com\/es\/ultimas-noticias\/cronicas\/el-por-que-de-roma-centra-una-nueva-edicion-de-tarraco-viva\/#primaryimage"},"thumbnailUrl":"https:\/\/files.radiociutat.com\/rctgn\/wp-content\/uploads\/2026\/04\/Tarraco-Viva-Magi-Seritjol-scaled.jpg","keywords":["TARRACO VIVA","Tarragona"],"articleSection":["Cr\u00f3nicas"],"inLanguage":"es"},{"@type":"WebPage","@id":"https:\/\/radiociutat.com\/es\/ultimas-noticias\/cronicas\/el-por-que-de-roma-centra-una-nueva-edicion-de-tarraco-viva\/","url":"https:\/\/radiociutat.com\/es\/ultimas-noticias\/cronicas\/el-por-que-de-roma-centra-una-nueva-edicion-de-tarraco-viva\/","name":"El \u201cpor qu\u00e9\u201d de Roma centra una nueva edici\u00f3n de Tarraco Viva - R\u00e0dio Ciutat de Tarragona","isPartOf":{"@id":"https:\/\/radiociutat.com\/es\/#website"},"primaryImageOfPage":{"@id":"https:\/\/radiociutat.com\/es\/ultimas-noticias\/cronicas\/el-por-que-de-roma-centra-una-nueva-edicion-de-tarraco-viva\/#primaryimage"},"image":{"@id":"https:\/\/radiociutat.com\/es\/ultimas-noticias\/cronicas\/el-por-que-de-roma-centra-una-nueva-edicion-de-tarraco-viva\/#primaryimage"},"thumbnailUrl":"https:\/\/files.radiociutat.com\/rctgn\/wp-content\/uploads\/2026\/04\/Tarraco-Viva-Magi-Seritjol-scaled.jpg","datePublished":"2026-04-29T10:08:44+00:00","author":{"@id":"https:\/\/radiociutat.com\/es\/#\/schema\/person\/daeecbc4942e3432e8d8b8663bf7d714"},"breadcrumb":{"@id":"https:\/\/radiociutat.com\/es\/ultimas-noticias\/cronicas\/el-por-que-de-roma-centra-una-nueva-edicion-de-tarraco-viva\/#breadcrumb"},"inLanguage":"es","potentialAction":[{"@type":"ReadAction","target":["https:\/\/radiociutat.com\/es\/ultimas-noticias\/cronicas\/el-por-que-de-roma-centra-una-nueva-edicion-de-tarraco-viva\/"]}]},{"@type":"ImageObject","inLanguage":"es","@id":"https:\/\/radiociutat.com\/es\/ultimas-noticias\/cronicas\/el-por-que-de-roma-centra-una-nueva-edicion-de-tarraco-viva\/#primaryimage","url":"https:\/\/files.radiociutat.com\/rctgn\/wp-content\/uploads\/2026\/04\/Tarraco-Viva-Magi-Seritjol-scaled.jpg","contentUrl":"https:\/\/files.radiociutat.com\/rctgn\/wp-content\/uploads\/2026\/04\/Tarraco-Viva-Magi-Seritjol-scaled.jpg","width":2560,"height":1707},{"@type":"BreadcrumbList","@id":"https:\/\/radiociutat.com\/es\/ultimas-noticias\/cronicas\/el-por-que-de-roma-centra-una-nueva-edicion-de-tarraco-viva\/#breadcrumb","itemListElement":[{"@type":"ListItem","position":1,"name":"Inici","item":"https:\/\/radiociutat.com\/es\/"},{"@type":"ListItem","position":2,"name":"El \u201cpor qu\u00e9\u201d de Roma centra una nueva edici\u00f3n de Tarraco Viva"}]},{"@type":"WebSite","@id":"https:\/\/radiociutat.com\/es\/#website","url":"https:\/\/radiociutat.com\/es\/","name":"R\u00e0dio Ciutat de Tarragona","description":"R\u00e0dio Ciutat de Tarragona - RCTgn.cat R\u00e0dio Online","potentialAction":[{"@type":"SearchAction","target":{"@type":"EntryPoint","urlTemplate":"https:\/\/radiociutat.com\/es\/?s={search_term_string}"},"query-input":{"@type":"PropertyValueSpecification","valueRequired":true,"valueName":"search_term_string"}}],"inLanguage":"es"},{"@type":"Person","@id":"https:\/\/radiociutat.com\/es\/#\/schema\/person\/daeecbc4942e3432e8d8b8663bf7d714","name":"Adri\u00e0 Duch","sameAs":["https:\/\/radiociutat.com\/wp-content\/uploads\/2024\/02\/ADRIA-DUCH.png"],"url":"https:\/\/radiociutat.com\/es\/author\/adria-duch\/"}]}},"_links":{"self":[{"href":"https:\/\/radiociutat.com\/es\/wp-json\/wp\/v2\/posts\/378743","targetHints":{"allow":["GET"]}}],"collection":[{"href":"https:\/\/radiociutat.com\/es\/wp-json\/wp\/v2\/posts"}],"about":[{"href":"https:\/\/radiociutat.com\/es\/wp-json\/wp\/v2\/types\/post"}],"author":[{"embeddable":true,"href":"https:\/\/radiociutat.com\/es\/wp-json\/wp\/v2\/users\/84"}],"replies":[{"embeddable":true,"href":"https:\/\/radiociutat.com\/es\/wp-json\/wp\/v2\/comments?post=378743"}],"version-history":[{"count":0,"href":"https:\/\/radiociutat.com\/es\/wp-json\/wp\/v2\/posts\/378743\/revisions"}],"wp:featuredmedia":[{"embeddable":true,"href":"https:\/\/radiociutat.com\/es\/wp-json\/wp\/v2\/media\/378723"}],"wp:attachment":[{"href":"https:\/\/radiociutat.com\/es\/wp-json\/wp\/v2\/media?parent=378743"}],"wp:term":[{"taxonomy":"category","embeddable":true,"href":"https:\/\/radiociutat.com\/es\/wp-json\/wp\/v2\/categories?post=378743"},{"taxonomy":"post_tag","embeddable":true,"href":"https:\/\/radiociutat.com\/es\/wp-json\/wp\/v2\/tags?post=378743"}],"curies":[{"name":"wp","href":"https:\/\/api.w.org\/{rel}","templated":true}]}}