{"id":378736,"date":"2026-04-29T11:59:34","date_gmt":"2026-04-29T09:59:34","guid":{"rendered":"https:\/\/radiociutat.com\/programes-podcast\/detenido-por-robar-en-cuatro-coches-en-un-parking-comunitario-de-tarragona\/"},"modified":"2026-04-29T11:59:34","modified_gmt":"2026-04-29T09:59:34","slug":"detenido-por-robar-en-cuatro-coches-en-un-parking-comunitario-de-tarragona","status":"publish","type":"post","link":"https:\/\/radiociutat.com\/es\/ultimas-noticias\/cronicas\/detenido-por-robar-en-cuatro-coches-en-un-parking-comunitario-de-tarragona\/","title":{"rendered":"Detenido por robar en cuatro coches en un parking comunitario de Tarragona"},"content":{"rendered":"\n<p>Los Mossos d&#8217;Esquadra detuvieron el domingo a un hombre de 36 a\u00f1os como presunto autor de cuatro robos con fuerza en el interior de veh\u00edculo. Tres de los robos los habr\u00eda cometido la noche del 21 de abril, cuando el arrestado accedi\u00f3 a un parking comunitario de Tarragona.<\/p>\n\n\n\n<p>Tras mirar en el interior de varios veh\u00edculos, rompi\u00f3 los cristales de las ventanas para sustraer objetos del interior. Las im\u00e1genes de las c\u00e1maras de seguridad y las gestiones posteriores de los investigadores permitieron identificar al autor, un conocido de la polic\u00eda con una veintena de antecedentes, la mayor\u00eda por robos en el interior de veh\u00edculo. <\/p>\n\n\n\n<p>La detenci\u00f3n permiti\u00f3 a los Mossos resolver un cuarto robo con una metodolog\u00eda id\u00e9ntica. En este caso, los hechos se remontaban al mes de febrero en otro parking de la ciudad de Tarragona. Tras acceder al mismo, escogi\u00f3 el veh\u00edculo que le interesaba y rompi\u00f3 el cristal para robar los objetos del interior.<\/p>\n\n\n\n<p>El detenido pas\u00f3 este martes a disposici\u00f3n del juzgado de instrucci\u00f3n en funciones de guardia de Tarragona.<\/p>\n","protected":false},"excerpt":{"rendered":"<p>Los Mossos d&#8217;Esquadra detuvieron el domingo a un hombre de 36 a\u00f1os como presunto autor de cuatro robos con fuerza en el interior de veh\u00edculo. Tres de los robos los habr\u00eda cometido la noche del 21 de abril, cuando el arrestado accedi\u00f3 a un parking comunitario de Tarragona. Tras mirar en el interior de varios [&hellip;]<\/p>\n","protected":false},"author":57,"featured_media":378734,"comment_status":"closed","ping_status":"closed","sticky":false,"template":"","format":"standard","meta":{"footnotes":""},"categories":[13688],"tags":[128,3552,88,260,8547,129,19,218],"class_list":["post-378736","post","type-post","status-publish","format-standard","has-post-thumbnail","hentry","category-cronicas","tag-actualitat","tag-cotxes","tag-info","tag-noticies","tag-parquing","tag-societat","tag-tarragona","tag-tgn"],"yoast_head":"<!-- This site is optimized with the Yoast SEO Premium plugin v27.4 (Yoast SEO v27.5) - https:\/\/yoast.com\/product\/yoast-seo-premium-wordpress\/ -->\n<title>Detenido por robar en cuatro coches en un parking comunitario de Tarragona - R\u00e0dio Ciutat de Tarragona<\/title>\n<meta name=\"robots\" content=\"index, follow, max-snippet:-1, max-image-preview:large, max-video-preview:-1\" \/>\n<link rel=\"canonical\" href=\"https:\/\/radiociutat.com\/es\/ultimas-noticias\/cronicas\/detenido-por-robar-en-cuatro-coches-en-un-parking-comunitario-de-tarragona\/\" \/>\n<meta property=\"og:locale\" content=\"es_ES\" \/>\n<meta property=\"og:type\" content=\"article\" \/>\n<meta property=\"og:title\" content=\"Detenido por robar en cuatro coches en un parking comunitario de Tarragona\" \/>\n<meta property=\"og:description\" content=\"Los Mossos d&#8217;Esquadra detuvieron el domingo a un hombre de 36 a\u00f1os como presunto autor de cuatro robos con fuerza en el interior de veh\u00edculo. Tres de los robos los habr\u00eda cometido la noche del 21 de abril, cuando el arrestado accedi\u00f3 a un parking comunitario de Tarragona. Tras mirar en el interior de varios [&hellip;]\" \/>\n<meta property=\"og:url\" content=\"https:\/\/radiociutat.com\/es\/ultimas-noticias\/cronicas\/detenido-por-robar-en-cuatro-coches-en-un-parking-comunitario-de-tarragona\/\" \/>\n<meta property=\"og:site_name\" content=\"R\u00e0dio Ciutat de Tarragona\" \/>\n<meta property=\"article:publisher\" content=\"https:\/\/www.facebook.com\/rctgn\" \/>\n<meta property=\"article:published_time\" content=\"2026-04-29T09:59:34+00:00\" \/>\n<meta property=\"og:image\" content=\"https:\/\/files.radiociutat.com\/rctgn\/wp-content\/uploads\/2021\/03\/LOGO-RCTGN-RADIO-CIUTAT-DE-TARRAGONA-TRANSPARENTE-TARRAGONA-2020-3000X3000-Redes1-copia.png\" \/>\n\t<meta property=\"og:image:width\" content=\"3000\" \/>\n\t<meta property=\"og:image:height\" content=\"3000\" \/>\n\t<meta property=\"og:image:type\" content=\"image\/png\" \/>\n<meta name=\"author\" content=\"ACN\" \/>\n<meta name=\"twitter:card\" content=\"summary_large_image\" \/>\n<meta name=\"twitter:creator\" content=\"@RCTgn\" \/>\n<meta name=\"twitter:site\" content=\"@RCTgn\" \/>\n<meta name=\"twitter:label1\" content=\"Escrito por\" \/>\n\t<meta name=\"twitter:data1\" content=\"ACN\" \/>\n\t<meta name=\"twitter:label2\" content=\"Tiempo de lectura\" \/>\n\t<meta name=\"twitter:data2\" content=\"1 minuto\" \/>\n<script type=\"application\/ld+json\" class=\"yoast-schema-graph\">{\"@context\":\"https:\\\/\\\/schema.org\",\"@graph\":[{\"@type\":\"Article\",\"@id\":\"https:\\\/\\\/radiociutat.com\\\/es\\\/ultimas-noticias\\\/cronicas\\\/detenido-por-robar-en-cuatro-coches-en-un-parking-comunitario-de-tarragona\\\/#article\",\"isPartOf\":{\"@id\":\"https:\\\/\\\/radiociutat.com\\\/es\\\/ultimas-noticias\\\/cronicas\\\/detenido-por-robar-en-cuatro-coches-en-un-parking-comunitario-de-tarragona\\\/\"},\"author\":{\"name\":\"ACN\",\"@id\":\"https:\\\/\\\/radiociutat.com\\\/es\\\/#\\\/schema\\\/person\\\/ea8722499f2255e1477bd2975629dc71\"},\"headline\":\"Detenido por robar en cuatro coches en un parking comunitario de Tarragona\",\"datePublished\":\"2026-04-29T09:59:34+00:00\",\"mainEntityOfPage\":{\"@id\":\"https:\\\/\\\/radiociutat.com\\\/es\\\/ultimas-noticias\\\/cronicas\\\/detenido-por-robar-en-cuatro-coches-en-un-parking-comunitario-de-tarragona\\\/\"},\"wordCount\":200,\"image\":{\"@id\":\"https:\\\/\\\/radiociutat.com\\\/es\\\/ultimas-noticias\\\/cronicas\\\/detenido-por-robar-en-cuatro-coches-en-un-parking-comunitario-de-tarragona\\\/#primaryimage\"},\"thumbnailUrl\":\"https:\\\/\\\/files.radiociutat.com\\\/rctgn\\\/wp-content\\\/uploads\\\/2026\\\/04\\\/cotxe-robatori-lladre-e1777456631445.png\",\"keywords\":[\"Actualitat\",\"Cotxes\",\"Info\",\"not\u00edcies\",\"P\u00e0rquing\",\"Societat\",\"Tarragona\",\"TGN\"],\"articleSection\":[\"Cr\u00f3nicas\"],\"inLanguage\":\"es\"},{\"@type\":\"WebPage\",\"@id\":\"https:\\\/\\\/radiociutat.com\\\/es\\\/ultimas-noticias\\\/cronicas\\\/detenido-por-robar-en-cuatro-coches-en-un-parking-comunitario-de-tarragona\\\/\",\"url\":\"https:\\\/\\\/radiociutat.com\\\/es\\\/ultimas-noticias\\\/cronicas\\\/detenido-por-robar-en-cuatro-coches-en-un-parking-comunitario-de-tarragona\\\/\",\"name\":\"Detenido por robar en cuatro coches en un parking comunitario de Tarragona - R\u00e0dio Ciutat de Tarragona\",\"isPartOf\":{\"@id\":\"https:\\\/\\\/radiociutat.com\\\/es\\\/#website\"},\"primaryImageOfPage\":{\"@id\":\"https:\\\/\\\/radiociutat.com\\\/es\\\/ultimas-noticias\\\/cronicas\\\/detenido-por-robar-en-cuatro-coches-en-un-parking-comunitario-de-tarragona\\\/#primaryimage\"},\"image\":{\"@id\":\"https:\\\/\\\/radiociutat.com\\\/es\\\/ultimas-noticias\\\/cronicas\\\/detenido-por-robar-en-cuatro-coches-en-un-parking-comunitario-de-tarragona\\\/#primaryimage\"},\"thumbnailUrl\":\"https:\\\/\\\/files.radiociutat.com\\\/rctgn\\\/wp-content\\\/uploads\\\/2026\\\/04\\\/cotxe-robatori-lladre-e1777456631445.png\",\"datePublished\":\"2026-04-29T09:59:34+00:00\",\"author\":{\"@id\":\"https:\\\/\\\/radiociutat.com\\\/es\\\/#\\\/schema\\\/person\\\/ea8722499f2255e1477bd2975629dc71\"},\"breadcrumb\":{\"@id\":\"https:\\\/\\\/radiociutat.com\\\/es\\\/ultimas-noticias\\\/cronicas\\\/detenido-por-robar-en-cuatro-coches-en-un-parking-comunitario-de-tarragona\\\/#breadcrumb\"},\"inLanguage\":\"es\",\"potentialAction\":[{\"@type\":\"ReadAction\",\"target\":[\"https:\\\/\\\/radiociutat.com\\\/es\\\/ultimas-noticias\\\/cronicas\\\/detenido-por-robar-en-cuatro-coches-en-un-parking-comunitario-de-tarragona\\\/\"]}]},{\"@type\":\"ImageObject\",\"inLanguage\":\"es\",\"@id\":\"https:\\\/\\\/radiociutat.com\\\/es\\\/ultimas-noticias\\\/cronicas\\\/detenido-por-robar-en-cuatro-coches-en-un-parking-comunitario-de-tarragona\\\/#primaryimage\",\"url\":\"https:\\\/\\\/files.radiociutat.com\\\/rctgn\\\/wp-content\\\/uploads\\\/2026\\\/04\\\/cotxe-robatori-lladre-e1777456631445.png\",\"contentUrl\":\"https:\\\/\\\/files.radiociutat.com\\\/rctgn\\\/wp-content\\\/uploads\\\/2026\\\/04\\\/cotxe-robatori-lladre-e1777456631445.png\",\"width\":950,\"height\":713},{\"@type\":\"BreadcrumbList\",\"@id\":\"https:\\\/\\\/radiociutat.com\\\/es\\\/ultimas-noticias\\\/cronicas\\\/detenido-por-robar-en-cuatro-coches-en-un-parking-comunitario-de-tarragona\\\/#breadcrumb\",\"itemListElement\":[{\"@type\":\"ListItem\",\"position\":1,\"name\":\"Inici\",\"item\":\"https:\\\/\\\/radiociutat.com\\\/es\\\/\"},{\"@type\":\"ListItem\",\"position\":2,\"name\":\"Detenido por robar en cuatro coches en un parking comunitario de Tarragona\"}]},{\"@type\":\"WebSite\",\"@id\":\"https:\\\/\\\/radiociutat.com\\\/es\\\/#website\",\"url\":\"https:\\\/\\\/radiociutat.com\\\/es\\\/\",\"name\":\"R\u00e0dio Ciutat de Tarragona\",\"description\":\"R\u00e0dio Ciutat de Tarragona - RCTgn.cat R\u00e0dio Online\",\"potentialAction\":[{\"@type\":\"SearchAction\",\"target\":{\"@type\":\"EntryPoint\",\"urlTemplate\":\"https:\\\/\\\/radiociutat.com\\\/es\\\/?s={search_term_string}\"},\"query-input\":{\"@type\":\"PropertyValueSpecification\",\"valueRequired\":true,\"valueName\":\"search_term_string\"}}],\"inLanguage\":\"es\"},{\"@type\":\"Person\",\"@id\":\"https:\\\/\\\/radiociutat.com\\\/es\\\/#\\\/schema\\\/person\\\/ea8722499f2255e1477bd2975629dc71\",\"name\":\"ACN\",\"sameAs\":[\"https:\\\/\\\/radiociutat.com\\\/wp-content\\\/uploads\\\/2023\\\/09\\\/acn-e1694789176650.png\"],\"url\":\"https:\\\/\\\/radiociutat.com\\\/es\\\/author\\\/acn\\\/\"}]}<\/script>\n<!-- \/ Yoast SEO Premium plugin. -->","yoast_head_json":{"title":"Detenido por robar en cuatro coches en un parking comunitario de Tarragona - R\u00e0dio Ciutat de Tarragona","robots":{"index":"index","follow":"follow","max-snippet":"max-snippet:-1","max-image-preview":"max-image-preview:large","max-video-preview":"max-video-preview:-1"},"canonical":"https:\/\/radiociutat.com\/es\/ultimas-noticias\/cronicas\/detenido-por-robar-en-cuatro-coches-en-un-parking-comunitario-de-tarragona\/","og_locale":"es_ES","og_type":"article","og_title":"Detenido por robar en cuatro coches en un parking comunitario de Tarragona","og_description":"Los Mossos d&#8217;Esquadra detuvieron el domingo a un hombre de 36 a\u00f1os como presunto autor de cuatro robos con fuerza en el interior de veh\u00edculo. Tres de los robos los habr\u00eda cometido la noche del 21 de abril, cuando el arrestado accedi\u00f3 a un parking comunitario de Tarragona. Tras mirar en el interior de varios [&hellip;]","og_url":"https:\/\/radiociutat.com\/es\/ultimas-noticias\/cronicas\/detenido-por-robar-en-cuatro-coches-en-un-parking-comunitario-de-tarragona\/","og_site_name":"R\u00e0dio Ciutat de Tarragona","article_publisher":"https:\/\/www.facebook.com\/rctgn","article_published_time":"2026-04-29T09:59:34+00:00","og_image":[{"width":3000,"height":3000,"url":"https:\/\/files.radiociutat.com\/rctgn\/wp-content\/uploads\/2021\/03\/LOGO-RCTGN-RADIO-CIUTAT-DE-TARRAGONA-TRANSPARENTE-TARRAGONA-2020-3000X3000-Redes1-copia.png","type":"image\/png"}],"author":"ACN","twitter_card":"summary_large_image","twitter_creator":"@RCTgn","twitter_site":"@RCTgn","twitter_misc":{"Escrito por":"ACN","Tiempo de lectura":"1 minuto"},"schema":{"@context":"https:\/\/schema.org","@graph":[{"@type":"Article","@id":"https:\/\/radiociutat.com\/es\/ultimas-noticias\/cronicas\/detenido-por-robar-en-cuatro-coches-en-un-parking-comunitario-de-tarragona\/#article","isPartOf":{"@id":"https:\/\/radiociutat.com\/es\/ultimas-noticias\/cronicas\/detenido-por-robar-en-cuatro-coches-en-un-parking-comunitario-de-tarragona\/"},"author":{"name":"ACN","@id":"https:\/\/radiociutat.com\/es\/#\/schema\/person\/ea8722499f2255e1477bd2975629dc71"},"headline":"Detenido por robar en cuatro coches en un parking comunitario de Tarragona","datePublished":"2026-04-29T09:59:34+00:00","mainEntityOfPage":{"@id":"https:\/\/radiociutat.com\/es\/ultimas-noticias\/cronicas\/detenido-por-robar-en-cuatro-coches-en-un-parking-comunitario-de-tarragona\/"},"wordCount":200,"image":{"@id":"https:\/\/radiociutat.com\/es\/ultimas-noticias\/cronicas\/detenido-por-robar-en-cuatro-coches-en-un-parking-comunitario-de-tarragona\/#primaryimage"},"thumbnailUrl":"https:\/\/files.radiociutat.com\/rctgn\/wp-content\/uploads\/2026\/04\/cotxe-robatori-lladre-e1777456631445.png","keywords":["Actualitat","Cotxes","Info","not\u00edcies","P\u00e0rquing","Societat","Tarragona","TGN"],"articleSection":["Cr\u00f3nicas"],"inLanguage":"es"},{"@type":"WebPage","@id":"https:\/\/radiociutat.com\/es\/ultimas-noticias\/cronicas\/detenido-por-robar-en-cuatro-coches-en-un-parking-comunitario-de-tarragona\/","url":"https:\/\/radiociutat.com\/es\/ultimas-noticias\/cronicas\/detenido-por-robar-en-cuatro-coches-en-un-parking-comunitario-de-tarragona\/","name":"Detenido por robar en cuatro coches en un parking comunitario de Tarragona - R\u00e0dio Ciutat de Tarragona","isPartOf":{"@id":"https:\/\/radiociutat.com\/es\/#website"},"primaryImageOfPage":{"@id":"https:\/\/radiociutat.com\/es\/ultimas-noticias\/cronicas\/detenido-por-robar-en-cuatro-coches-en-un-parking-comunitario-de-tarragona\/#primaryimage"},"image":{"@id":"https:\/\/radiociutat.com\/es\/ultimas-noticias\/cronicas\/detenido-por-robar-en-cuatro-coches-en-un-parking-comunitario-de-tarragona\/#primaryimage"},"thumbnailUrl":"https:\/\/files.radiociutat.com\/rctgn\/wp-content\/uploads\/2026\/04\/cotxe-robatori-lladre-e1777456631445.png","datePublished":"2026-04-29T09:59:34+00:00","author":{"@id":"https:\/\/radiociutat.com\/es\/#\/schema\/person\/ea8722499f2255e1477bd2975629dc71"},"breadcrumb":{"@id":"https:\/\/radiociutat.com\/es\/ultimas-noticias\/cronicas\/detenido-por-robar-en-cuatro-coches-en-un-parking-comunitario-de-tarragona\/#breadcrumb"},"inLanguage":"es","potentialAction":[{"@type":"ReadAction","target":["https:\/\/radiociutat.com\/es\/ultimas-noticias\/cronicas\/detenido-por-robar-en-cuatro-coches-en-un-parking-comunitario-de-tarragona\/"]}]},{"@type":"ImageObject","inLanguage":"es","@id":"https:\/\/radiociutat.com\/es\/ultimas-noticias\/cronicas\/detenido-por-robar-en-cuatro-coches-en-un-parking-comunitario-de-tarragona\/#primaryimage","url":"https:\/\/files.radiociutat.com\/rctgn\/wp-content\/uploads\/2026\/04\/cotxe-robatori-lladre-e1777456631445.png","contentUrl":"https:\/\/files.radiociutat.com\/rctgn\/wp-content\/uploads\/2026\/04\/cotxe-robatori-lladre-e1777456631445.png","width":950,"height":713},{"@type":"BreadcrumbList","@id":"https:\/\/radiociutat.com\/es\/ultimas-noticias\/cronicas\/detenido-por-robar-en-cuatro-coches-en-un-parking-comunitario-de-tarragona\/#breadcrumb","itemListElement":[{"@type":"ListItem","position":1,"name":"Inici","item":"https:\/\/radiociutat.com\/es\/"},{"@type":"ListItem","position":2,"name":"Detenido por robar en cuatro coches en un parking comunitario de Tarragona"}]},{"@type":"WebSite","@id":"https:\/\/radiociutat.com\/es\/#website","url":"https:\/\/radiociutat.com\/es\/","name":"R\u00e0dio Ciutat de Tarragona","description":"R\u00e0dio Ciutat de Tarragona - RCTgn.cat R\u00e0dio Online","potentialAction":[{"@type":"SearchAction","target":{"@type":"EntryPoint","urlTemplate":"https:\/\/radiociutat.com\/es\/?s={search_term_string}"},"query-input":{"@type":"PropertyValueSpecification","valueRequired":true,"valueName":"search_term_string"}}],"inLanguage":"es"},{"@type":"Person","@id":"https:\/\/radiociutat.com\/es\/#\/schema\/person\/ea8722499f2255e1477bd2975629dc71","name":"ACN","sameAs":["https:\/\/radiociutat.com\/wp-content\/uploads\/2023\/09\/acn-e1694789176650.png"],"url":"https:\/\/radiociutat.com\/es\/author\/acn\/"}]}},"_links":{"self":[{"href":"https:\/\/radiociutat.com\/es\/wp-json\/wp\/v2\/posts\/378736","targetHints":{"allow":["GET"]}}],"collection":[{"href":"https:\/\/radiociutat.com\/es\/wp-json\/wp\/v2\/posts"}],"about":[{"href":"https:\/\/radiociutat.com\/es\/wp-json\/wp\/v2\/types\/post"}],"author":[{"embeddable":true,"href":"https:\/\/radiociutat.com\/es\/wp-json\/wp\/v2\/users\/57"}],"replies":[{"embeddable":true,"href":"https:\/\/radiociutat.com\/es\/wp-json\/wp\/v2\/comments?post=378736"}],"version-history":[{"count":0,"href":"https:\/\/radiociutat.com\/es\/wp-json\/wp\/v2\/posts\/378736\/revisions"}],"wp:featuredmedia":[{"embeddable":true,"href":"https:\/\/radiociutat.com\/es\/wp-json\/wp\/v2\/media\/378734"}],"wp:attachment":[{"href":"https:\/\/radiociutat.com\/es\/wp-json\/wp\/v2\/media?parent=378736"}],"wp:term":[{"taxonomy":"category","embeddable":true,"href":"https:\/\/radiociutat.com\/es\/wp-json\/wp\/v2\/categories?post=378736"},{"taxonomy":"post_tag","embeddable":true,"href":"https:\/\/radiociutat.com\/es\/wp-json\/wp\/v2\/tags?post=378736"}],"curies":[{"name":"wp","href":"https:\/\/api.w.org\/{rel}","templated":true}]}}