{"id":378657,"date":"2026-04-29T09:28:56","date_gmt":"2026-04-29T07:28:56","guid":{"rendered":"https:\/\/radiociutat.com\/programes-podcast\/salou-impulsa-un-debate-sobre-las-fake-news-para-fomentar-el-espiritu-critico\/"},"modified":"2026-04-29T09:28:56","modified_gmt":"2026-04-29T07:28:56","slug":"salou-impulsa-un-debate-sobre-las-fake-news-para-fomentar-el-espiritu-critico","status":"publish","type":"post","link":"https:\/\/radiociutat.com\/es\/ultimas-noticias\/cronicas\/salou-impulsa-un-debate-sobre-las-fake-news-para-fomentar-el-espiritu-critico\/","title":{"rendered":"Salou impulsa un debate sobre las \u2018fake news\u2019 para fomentar el esp\u00edritu cr\u00edtico"},"content":{"rendered":"\n<p>Salou acoger\u00e1 una <strong>mesa redonda sobre desinformaci\u00f3n<\/strong> que reunir\u00e1 a <strong>periodistas y representantes de la justicia<\/strong> con el objetivo de analizar <strong>el impacto de las fake news en la sociedad<\/strong> y reforzar el pensamiento cr\u00edtico de la ciudadan\u00eda. El acto forma parte de un <strong>nuevo ciclo de conferencias municipales<\/strong> dedicado a temas de actualidad.<\/p>\n\n\n\n<p>La sesi\u00f3n, que coincidir\u00e1 con el <strong>D\u00eda Internacional de la Libertad de Expresi\u00f3n<\/strong>, servir\u00e1 tambi\u00e9n para presentar la <strong>nueva sala de prensa municipal<\/strong>, un espacio remodelado y polivalente. El alcalde, Pere Granados, ser\u00e1 el encargado de abrir el acto institucionalmente.<\/p>\n\n\n\n<p>El debate, bajo el t\u00edtulo <strong>\u201c\u00bfFakes? No, gracias\u201d<\/strong>, contar\u00e1 con la participaci\u00f3n del decano de los jueces de Reus, Diego \u00c1lvarez de Juan; la periodista Norian Mu\u00f1oz; el periodista de investigaci\u00f3n Carlos Enrique Bayo, y el director Marc Just. La moderaci\u00f3n correr\u00e1 a cargo de Javier D\u00edaz.<\/p>\n\n\n\n<p>El encuentro, <strong>abierto al p\u00fablico<\/strong>, incluir\u00e1 un turno de palabra y pretende ofrecer herramientas para <strong>interpretar mejor la informaci\u00f3n<\/strong> en un contexto marcado por la proliferaci\u00f3n de contenidos no verificados.<\/p>\n\n\n\n<p><\/p>\n","protected":false},"excerpt":{"rendered":"<p>Salou acoger\u00e1 una mesa redonda sobre desinformaci\u00f3n que reunir\u00e1 a periodistas y representantes de la justicia con el objetivo de analizar el impacto de las fake news en la sociedad y reforzar el pensamiento cr\u00edtico de la ciudadan\u00eda. El acto forma parte de un nuevo ciclo de conferencias municipales dedicado a temas de actualidad. La [&hellip;]<\/p>\n","protected":false},"author":1,"featured_media":378655,"comment_status":"closed","ping_status":"closed","sticky":false,"template":"","format":"standard","meta":{"footnotes":""},"categories":[13688],"tags":[5568,13749,19],"class_list":["post-378657","post","type-post","status-publish","format-standard","has-post-thumbnail","hentry","category-cronicas","tag-fake-news","tag-salou-2","tag-tarragona"],"yoast_head":"<!-- This site is optimized with the Yoast SEO Premium plugin v27.4 (Yoast SEO v27.5) - https:\/\/yoast.com\/product\/yoast-seo-premium-wordpress\/ -->\n<title>Salou impulsa un debate sobre las \u2018fake news\u2019 para fomentar el esp\u00edritu cr\u00edtico - R\u00e0dio Ciutat de Tarragona<\/title>\n<meta name=\"robots\" content=\"index, follow, max-snippet:-1, max-image-preview:large, max-video-preview:-1\" \/>\n<link rel=\"canonical\" href=\"https:\/\/radiociutat.com\/es\/ultimas-noticias\/cronicas\/salou-impulsa-un-debate-sobre-las-fake-news-para-fomentar-el-espiritu-critico\/\" \/>\n<meta property=\"og:locale\" content=\"es_ES\" \/>\n<meta property=\"og:type\" content=\"article\" \/>\n<meta property=\"og:title\" content=\"Salou impulsa un debate sobre las \u2018fake news\u2019 para fomentar el esp\u00edritu cr\u00edtico\" \/>\n<meta property=\"og:description\" content=\"Salou acoger\u00e1 una mesa redonda sobre desinformaci\u00f3n que reunir\u00e1 a periodistas y representantes de la justicia con el objetivo de analizar el impacto de las fake news en la sociedad y reforzar el pensamiento cr\u00edtico de la ciudadan\u00eda. El acto forma parte de un nuevo ciclo de conferencias municipales dedicado a temas de actualidad. La [&hellip;]\" \/>\n<meta property=\"og:url\" content=\"https:\/\/radiociutat.com\/es\/ultimas-noticias\/cronicas\/salou-impulsa-un-debate-sobre-las-fake-news-para-fomentar-el-espiritu-critico\/\" \/>\n<meta property=\"og:site_name\" content=\"R\u00e0dio Ciutat de Tarragona\" \/>\n<meta property=\"article:publisher\" content=\"https:\/\/www.facebook.com\/rctgn\" \/>\n<meta property=\"article:published_time\" content=\"2026-04-29T07:28:56+00:00\" \/>\n<meta property=\"og:image\" content=\"https:\/\/files.radiociutat.com\/rctgn\/wp-content\/uploads\/2026\/04\/ajuntament-salou.jpg\" \/>\n\t<meta property=\"og:image:width\" content=\"1023\" \/>\n\t<meta property=\"og:image:height\" content=\"1537\" \/>\n\t<meta property=\"og:image:type\" content=\"image\/jpeg\" \/>\n<meta name=\"author\" content=\"Redacci\u00f3\" \/>\n<meta name=\"twitter:card\" content=\"summary_large_image\" \/>\n<meta name=\"twitter:creator\" content=\"@RCTgn\" \/>\n<meta name=\"twitter:site\" content=\"@RCTgn\" \/>\n<meta name=\"twitter:label1\" content=\"Escrito por\" \/>\n\t<meta name=\"twitter:data1\" content=\"Redacci\u00f3\" \/>\n\t<meta name=\"twitter:label2\" content=\"Tiempo de lectura\" \/>\n\t<meta name=\"twitter:data2\" content=\"1 minuto\" \/>\n<script type=\"application\/ld+json\" class=\"yoast-schema-graph\">{\"@context\":\"https:\\\/\\\/schema.org\",\"@graph\":[{\"@type\":\"Article\",\"@id\":\"https:\\\/\\\/radiociutat.com\\\/es\\\/ultimas-noticias\\\/cronicas\\\/salou-impulsa-un-debate-sobre-las-fake-news-para-fomentar-el-espiritu-critico\\\/#article\",\"isPartOf\":{\"@id\":\"https:\\\/\\\/radiociutat.com\\\/es\\\/ultimas-noticias\\\/cronicas\\\/salou-impulsa-un-debate-sobre-las-fake-news-para-fomentar-el-espiritu-critico\\\/\"},\"author\":{\"name\":\"Redacci\u00f3\",\"@id\":\"https:\\\/\\\/radiociutat.com\\\/es\\\/#\\\/schema\\\/person\\\/04b6638f9d2a9ea77408db76c5d8f0b5\"},\"headline\":\"Salou impulsa un debate sobre las \u2018fake news\u2019 para fomentar el esp\u00edritu cr\u00edtico\",\"datePublished\":\"2026-04-29T07:28:56+00:00\",\"mainEntityOfPage\":{\"@id\":\"https:\\\/\\\/radiociutat.com\\\/es\\\/ultimas-noticias\\\/cronicas\\\/salou-impulsa-un-debate-sobre-las-fake-news-para-fomentar-el-espiritu-critico\\\/\"},\"wordCount\":202,\"image\":{\"@id\":\"https:\\\/\\\/radiociutat.com\\\/es\\\/ultimas-noticias\\\/cronicas\\\/salou-impulsa-un-debate-sobre-las-fake-news-para-fomentar-el-espiritu-critico\\\/#primaryimage\"},\"thumbnailUrl\":\"https:\\\/\\\/files.radiociutat.com\\\/rctgn\\\/wp-content\\\/uploads\\\/2026\\\/04\\\/ajuntament-salou.jpg\",\"keywords\":[\"Fake News\",\"Salou\",\"Tarragona\"],\"articleSection\":[\"Cr\u00f3nicas\"],\"inLanguage\":\"es\"},{\"@type\":\"WebPage\",\"@id\":\"https:\\\/\\\/radiociutat.com\\\/es\\\/ultimas-noticias\\\/cronicas\\\/salou-impulsa-un-debate-sobre-las-fake-news-para-fomentar-el-espiritu-critico\\\/\",\"url\":\"https:\\\/\\\/radiociutat.com\\\/es\\\/ultimas-noticias\\\/cronicas\\\/salou-impulsa-un-debate-sobre-las-fake-news-para-fomentar-el-espiritu-critico\\\/\",\"name\":\"Salou impulsa un debate sobre las \u2018fake news\u2019 para fomentar el esp\u00edritu cr\u00edtico - R\u00e0dio Ciutat de Tarragona\",\"isPartOf\":{\"@id\":\"https:\\\/\\\/radiociutat.com\\\/es\\\/#website\"},\"primaryImageOfPage\":{\"@id\":\"https:\\\/\\\/radiociutat.com\\\/es\\\/ultimas-noticias\\\/cronicas\\\/salou-impulsa-un-debate-sobre-las-fake-news-para-fomentar-el-espiritu-critico\\\/#primaryimage\"},\"image\":{\"@id\":\"https:\\\/\\\/radiociutat.com\\\/es\\\/ultimas-noticias\\\/cronicas\\\/salou-impulsa-un-debate-sobre-las-fake-news-para-fomentar-el-espiritu-critico\\\/#primaryimage\"},\"thumbnailUrl\":\"https:\\\/\\\/files.radiociutat.com\\\/rctgn\\\/wp-content\\\/uploads\\\/2026\\\/04\\\/ajuntament-salou.jpg\",\"datePublished\":\"2026-04-29T07:28:56+00:00\",\"author\":{\"@id\":\"https:\\\/\\\/radiociutat.com\\\/es\\\/#\\\/schema\\\/person\\\/04b6638f9d2a9ea77408db76c5d8f0b5\"},\"breadcrumb\":{\"@id\":\"https:\\\/\\\/radiociutat.com\\\/es\\\/ultimas-noticias\\\/cronicas\\\/salou-impulsa-un-debate-sobre-las-fake-news-para-fomentar-el-espiritu-critico\\\/#breadcrumb\"},\"inLanguage\":\"es\",\"potentialAction\":[{\"@type\":\"ReadAction\",\"target\":[\"https:\\\/\\\/radiociutat.com\\\/es\\\/ultimas-noticias\\\/cronicas\\\/salou-impulsa-un-debate-sobre-las-fake-news-para-fomentar-el-espiritu-critico\\\/\"]}]},{\"@type\":\"ImageObject\",\"inLanguage\":\"es\",\"@id\":\"https:\\\/\\\/radiociutat.com\\\/es\\\/ultimas-noticias\\\/cronicas\\\/salou-impulsa-un-debate-sobre-las-fake-news-para-fomentar-el-espiritu-critico\\\/#primaryimage\",\"url\":\"https:\\\/\\\/files.radiociutat.com\\\/rctgn\\\/wp-content\\\/uploads\\\/2026\\\/04\\\/ajuntament-salou.jpg\",\"contentUrl\":\"https:\\\/\\\/files.radiociutat.com\\\/rctgn\\\/wp-content\\\/uploads\\\/2026\\\/04\\\/ajuntament-salou.jpg\",\"width\":1023,\"height\":1537},{\"@type\":\"BreadcrumbList\",\"@id\":\"https:\\\/\\\/radiociutat.com\\\/es\\\/ultimas-noticias\\\/cronicas\\\/salou-impulsa-un-debate-sobre-las-fake-news-para-fomentar-el-espiritu-critico\\\/#breadcrumb\",\"itemListElement\":[{\"@type\":\"ListItem\",\"position\":1,\"name\":\"Inici\",\"item\":\"https:\\\/\\\/radiociutat.com\\\/es\\\/\"},{\"@type\":\"ListItem\",\"position\":2,\"name\":\"Salou impulsa un debate sobre las \u2018fake news\u2019 para fomentar el esp\u00edritu cr\u00edtico\"}]},{\"@type\":\"WebSite\",\"@id\":\"https:\\\/\\\/radiociutat.com\\\/es\\\/#website\",\"url\":\"https:\\\/\\\/radiociutat.com\\\/es\\\/\",\"name\":\"R\u00e0dio Ciutat de Tarragona\",\"description\":\"R\u00e0dio Ciutat de Tarragona - RCTgn.cat R\u00e0dio Online\",\"potentialAction\":[{\"@type\":\"SearchAction\",\"target\":{\"@type\":\"EntryPoint\",\"urlTemplate\":\"https:\\\/\\\/radiociutat.com\\\/es\\\/?s={search_term_string}\"},\"query-input\":{\"@type\":\"PropertyValueSpecification\",\"valueRequired\":true,\"valueName\":\"search_term_string\"}}],\"inLanguage\":\"es\"},{\"@type\":\"Person\",\"@id\":\"https:\\\/\\\/radiociutat.com\\\/es\\\/#\\\/schema\\\/person\\\/04b6638f9d2a9ea77408db76c5d8f0b5\",\"name\":\"Redacci\u00f3\",\"sameAs\":[\"https:\\\/\\\/radiociutat.com\\\/wp-content\\\/uploads\\\/2023\\\/09\\\/LOGO-RCTGN-CUADRAT.png\"],\"url\":\"https:\\\/\\\/radiociutat.com\\\/es\\\/author\\\/jespinosa\\\/\"}]}<\/script>\n<!-- \/ Yoast SEO Premium plugin. -->","yoast_head_json":{"title":"Salou impulsa un debate sobre las \u2018fake news\u2019 para fomentar el esp\u00edritu cr\u00edtico - R\u00e0dio Ciutat de Tarragona","robots":{"index":"index","follow":"follow","max-snippet":"max-snippet:-1","max-image-preview":"max-image-preview:large","max-video-preview":"max-video-preview:-1"},"canonical":"https:\/\/radiociutat.com\/es\/ultimas-noticias\/cronicas\/salou-impulsa-un-debate-sobre-las-fake-news-para-fomentar-el-espiritu-critico\/","og_locale":"es_ES","og_type":"article","og_title":"Salou impulsa un debate sobre las \u2018fake news\u2019 para fomentar el esp\u00edritu cr\u00edtico","og_description":"Salou acoger\u00e1 una mesa redonda sobre desinformaci\u00f3n que reunir\u00e1 a periodistas y representantes de la justicia con el objetivo de analizar el impacto de las fake news en la sociedad y reforzar el pensamiento cr\u00edtico de la ciudadan\u00eda. El acto forma parte de un nuevo ciclo de conferencias municipales dedicado a temas de actualidad. La [&hellip;]","og_url":"https:\/\/radiociutat.com\/es\/ultimas-noticias\/cronicas\/salou-impulsa-un-debate-sobre-las-fake-news-para-fomentar-el-espiritu-critico\/","og_site_name":"R\u00e0dio Ciutat de Tarragona","article_publisher":"https:\/\/www.facebook.com\/rctgn","article_published_time":"2026-04-29T07:28:56+00:00","og_image":[{"width":1023,"height":1537,"url":"https:\/\/files.radiociutat.com\/rctgn\/wp-content\/uploads\/2026\/04\/ajuntament-salou.jpg","type":"image\/jpeg"}],"author":"Redacci\u00f3","twitter_card":"summary_large_image","twitter_creator":"@RCTgn","twitter_site":"@RCTgn","twitter_misc":{"Escrito por":"Redacci\u00f3","Tiempo de lectura":"1 minuto"},"schema":{"@context":"https:\/\/schema.org","@graph":[{"@type":"Article","@id":"https:\/\/radiociutat.com\/es\/ultimas-noticias\/cronicas\/salou-impulsa-un-debate-sobre-las-fake-news-para-fomentar-el-espiritu-critico\/#article","isPartOf":{"@id":"https:\/\/radiociutat.com\/es\/ultimas-noticias\/cronicas\/salou-impulsa-un-debate-sobre-las-fake-news-para-fomentar-el-espiritu-critico\/"},"author":{"name":"Redacci\u00f3","@id":"https:\/\/radiociutat.com\/es\/#\/schema\/person\/04b6638f9d2a9ea77408db76c5d8f0b5"},"headline":"Salou impulsa un debate sobre las \u2018fake news\u2019 para fomentar el esp\u00edritu cr\u00edtico","datePublished":"2026-04-29T07:28:56+00:00","mainEntityOfPage":{"@id":"https:\/\/radiociutat.com\/es\/ultimas-noticias\/cronicas\/salou-impulsa-un-debate-sobre-las-fake-news-para-fomentar-el-espiritu-critico\/"},"wordCount":202,"image":{"@id":"https:\/\/radiociutat.com\/es\/ultimas-noticias\/cronicas\/salou-impulsa-un-debate-sobre-las-fake-news-para-fomentar-el-espiritu-critico\/#primaryimage"},"thumbnailUrl":"https:\/\/files.radiociutat.com\/rctgn\/wp-content\/uploads\/2026\/04\/ajuntament-salou.jpg","keywords":["Fake News","Salou","Tarragona"],"articleSection":["Cr\u00f3nicas"],"inLanguage":"es"},{"@type":"WebPage","@id":"https:\/\/radiociutat.com\/es\/ultimas-noticias\/cronicas\/salou-impulsa-un-debate-sobre-las-fake-news-para-fomentar-el-espiritu-critico\/","url":"https:\/\/radiociutat.com\/es\/ultimas-noticias\/cronicas\/salou-impulsa-un-debate-sobre-las-fake-news-para-fomentar-el-espiritu-critico\/","name":"Salou impulsa un debate sobre las \u2018fake news\u2019 para fomentar el esp\u00edritu cr\u00edtico - R\u00e0dio Ciutat de Tarragona","isPartOf":{"@id":"https:\/\/radiociutat.com\/es\/#website"},"primaryImageOfPage":{"@id":"https:\/\/radiociutat.com\/es\/ultimas-noticias\/cronicas\/salou-impulsa-un-debate-sobre-las-fake-news-para-fomentar-el-espiritu-critico\/#primaryimage"},"image":{"@id":"https:\/\/radiociutat.com\/es\/ultimas-noticias\/cronicas\/salou-impulsa-un-debate-sobre-las-fake-news-para-fomentar-el-espiritu-critico\/#primaryimage"},"thumbnailUrl":"https:\/\/files.radiociutat.com\/rctgn\/wp-content\/uploads\/2026\/04\/ajuntament-salou.jpg","datePublished":"2026-04-29T07:28:56+00:00","author":{"@id":"https:\/\/radiociutat.com\/es\/#\/schema\/person\/04b6638f9d2a9ea77408db76c5d8f0b5"},"breadcrumb":{"@id":"https:\/\/radiociutat.com\/es\/ultimas-noticias\/cronicas\/salou-impulsa-un-debate-sobre-las-fake-news-para-fomentar-el-espiritu-critico\/#breadcrumb"},"inLanguage":"es","potentialAction":[{"@type":"ReadAction","target":["https:\/\/radiociutat.com\/es\/ultimas-noticias\/cronicas\/salou-impulsa-un-debate-sobre-las-fake-news-para-fomentar-el-espiritu-critico\/"]}]},{"@type":"ImageObject","inLanguage":"es","@id":"https:\/\/radiociutat.com\/es\/ultimas-noticias\/cronicas\/salou-impulsa-un-debate-sobre-las-fake-news-para-fomentar-el-espiritu-critico\/#primaryimage","url":"https:\/\/files.radiociutat.com\/rctgn\/wp-content\/uploads\/2026\/04\/ajuntament-salou.jpg","contentUrl":"https:\/\/files.radiociutat.com\/rctgn\/wp-content\/uploads\/2026\/04\/ajuntament-salou.jpg","width":1023,"height":1537},{"@type":"BreadcrumbList","@id":"https:\/\/radiociutat.com\/es\/ultimas-noticias\/cronicas\/salou-impulsa-un-debate-sobre-las-fake-news-para-fomentar-el-espiritu-critico\/#breadcrumb","itemListElement":[{"@type":"ListItem","position":1,"name":"Inici","item":"https:\/\/radiociutat.com\/es\/"},{"@type":"ListItem","position":2,"name":"Salou impulsa un debate sobre las \u2018fake news\u2019 para fomentar el esp\u00edritu cr\u00edtico"}]},{"@type":"WebSite","@id":"https:\/\/radiociutat.com\/es\/#website","url":"https:\/\/radiociutat.com\/es\/","name":"R\u00e0dio Ciutat de Tarragona","description":"R\u00e0dio Ciutat de Tarragona - RCTgn.cat R\u00e0dio Online","potentialAction":[{"@type":"SearchAction","target":{"@type":"EntryPoint","urlTemplate":"https:\/\/radiociutat.com\/es\/?s={search_term_string}"},"query-input":{"@type":"PropertyValueSpecification","valueRequired":true,"valueName":"search_term_string"}}],"inLanguage":"es"},{"@type":"Person","@id":"https:\/\/radiociutat.com\/es\/#\/schema\/person\/04b6638f9d2a9ea77408db76c5d8f0b5","name":"Redacci\u00f3","sameAs":["https:\/\/radiociutat.com\/wp-content\/uploads\/2023\/09\/LOGO-RCTGN-CUADRAT.png"],"url":"https:\/\/radiociutat.com\/es\/author\/jespinosa\/"}]}},"_links":{"self":[{"href":"https:\/\/radiociutat.com\/es\/wp-json\/wp\/v2\/posts\/378657","targetHints":{"allow":["GET"]}}],"collection":[{"href":"https:\/\/radiociutat.com\/es\/wp-json\/wp\/v2\/posts"}],"about":[{"href":"https:\/\/radiociutat.com\/es\/wp-json\/wp\/v2\/types\/post"}],"author":[{"embeddable":true,"href":"https:\/\/radiociutat.com\/es\/wp-json\/wp\/v2\/users\/1"}],"replies":[{"embeddable":true,"href":"https:\/\/radiociutat.com\/es\/wp-json\/wp\/v2\/comments?post=378657"}],"version-history":[{"count":0,"href":"https:\/\/radiociutat.com\/es\/wp-json\/wp\/v2\/posts\/378657\/revisions"}],"wp:featuredmedia":[{"embeddable":true,"href":"https:\/\/radiociutat.com\/es\/wp-json\/wp\/v2\/media\/378655"}],"wp:attachment":[{"href":"https:\/\/radiociutat.com\/es\/wp-json\/wp\/v2\/media?parent=378657"}],"wp:term":[{"taxonomy":"category","embeddable":true,"href":"https:\/\/radiociutat.com\/es\/wp-json\/wp\/v2\/categories?post=378657"},{"taxonomy":"post_tag","embeddable":true,"href":"https:\/\/radiociutat.com\/es\/wp-json\/wp\/v2\/tags?post=378657"}],"curies":[{"name":"wp","href":"https:\/\/api.w.org\/{rel}","templated":true}]}}