{"id":378621,"date":"2026-04-28T17:33:35","date_gmt":"2026-04-28T15:33:35","guid":{"rendered":"https:\/\/radiociutat.com\/programes-podcast\/carrer-major-ong-los-proyectos-del-comite-oscar-romero-con-josep-maria-castrillo-y-xavier-puig\/"},"modified":"2026-04-28T17:33:35","modified_gmt":"2026-04-28T15:33:35","slug":"carrer-major-ong-los-proyectos-del-comite-oscar-romero-con-josep-maria-castrillo-y-xavier-puig","status":"publish","type":"post","link":"https:\/\/radiociutat.com\/es\/carrer-major-tarragona-secciones\/carrer-major-ong-los-proyectos-del-comite-oscar-romero-con-josep-maria-castrillo-y-xavier-puig\/","title":{"rendered":"Carrer Major | ONG: Los proyectos del Comit\u00e9 \u00d3scar Romero con Josep Maria Castrillo y Xavier Puig"},"content":{"rendered":"\n<p>En #CarrerMajor hemos hablado con <strong>Josep Maria Castrillo <\/strong>y <strong>Xavier Puig<\/strong>, presidente y miembro del Comit\u00e9 \u00d3scar Romero, para conocer los proyectos que impulsa la asociaci\u00f3n en diferentes pa\u00edses de Am\u00e9rica Central.<\/p>\n\n\n\n<p>El Comit\u00e9 \u00d3scar Romero Tarragona-Reus pone el foco en la situaci\u00f3n de los derechos humanos en Centroam\u00e9rica. La entidad, creada a ra\u00edz del asesinato de Monse\u00f1or \u00d3scar Romero en el a\u00f1o 1980, centra su acci\u00f3n en la defensa de los derechos humanos y en proyectos de cooperaci\u00f3n. Tambi\u00e9n impulsa actualmente un proyecto subvencionado por el Ayuntamiento de Tarragona orientado a reforzar la participaci\u00f3n ciudadana, la memoria hist\u00f3rica y la organizaci\u00f3n comunitaria, con una atenci\u00f3n especial a las mujeres defensoras de los derechos humanos.<\/p>\n\n\n\n<p>El proyecto, desarrollado con entidades locales y medios como Radio Progreso, llega directamente a unas 1.800 personas e indirectamente a cerca de medio mill\u00f3n a trav\u00e9s de la comunicaci\u00f3n comunitaria.<\/p>\n","protected":false},"excerpt":{"rendered":"<p>En #CarrerMajor hemos hablado con Josep Maria Castrillo y Xavier Puig, presidente y miembro del Comit\u00e9 \u00d3scar Romero, para conocer los proyectos que impulsa la asociaci\u00f3n en diferentes pa\u00edses de Am\u00e9rica Central. El Comit\u00e9 \u00d3scar Romero Tarragona-Reus pone el foco en la situaci\u00f3n de los derechos humanos en Centroam\u00e9rica. La entidad, creada a ra\u00edz del [&hellip;]<\/p>\n","protected":false},"author":104,"featured_media":378486,"comment_status":"closed","ping_status":"closed","sticky":false,"template":"","format":"video","meta":{"footnotes":""},"categories":[13680,13703],"tags":[13704,9698,13705],"class_list":["post-378621","post","type-post","status-publish","format-video","has-post-thumbnail","hentry","category-carrer-major-tarragona-secciones","category-ong","tag-callemayor","tag-comite-oscar-romero","tag-ong-2","post_format-post-format-video"],"yoast_head":"<!-- This site is optimized with the Yoast SEO Premium plugin v27.4 (Yoast SEO v27.5) - https:\/\/yoast.com\/product\/yoast-seo-premium-wordpress\/ -->\n<title>Carrer Major | ONG: Los proyectos del Comit\u00e9 \u00d3scar Romero con Josep Maria Castrillo y Xavier Puig - R\u00e0dio Ciutat de Tarragona<\/title>\n<meta name=\"robots\" content=\"index, follow, max-snippet:-1, max-image-preview:large, max-video-preview:-1\" \/>\n<link rel=\"canonical\" href=\"https:\/\/radiociutat.com\/es\/carrer-major-tarragona-secciones\/carrer-major-ong-los-proyectos-del-comite-oscar-romero-con-josep-maria-castrillo-y-xavier-puig\/\" \/>\n<meta property=\"og:locale\" content=\"es_ES\" \/>\n<meta property=\"og:type\" content=\"article\" \/>\n<meta property=\"og:title\" content=\"Carrer Major | ONG: Los proyectos del Comit\u00e9 \u00d3scar Romero con Josep Maria Castrillo y Xavier Puig\" \/>\n<meta property=\"og:description\" content=\"En #CarrerMajor hemos hablado con Josep Maria Castrillo y Xavier Puig, presidente y miembro del Comit\u00e9 \u00d3scar Romero, para conocer los proyectos que impulsa la asociaci\u00f3n en diferentes pa\u00edses de Am\u00e9rica Central. El Comit\u00e9 \u00d3scar Romero Tarragona-Reus pone el foco en la situaci\u00f3n de los derechos humanos en Centroam\u00e9rica. La entidad, creada a ra\u00edz del [&hellip;]\" \/>\n<meta property=\"og:url\" content=\"https:\/\/radiociutat.com\/es\/carrer-major-tarragona-secciones\/carrer-major-ong-los-proyectos-del-comite-oscar-romero-con-josep-maria-castrillo-y-xavier-puig\/\" \/>\n<meta property=\"og:site_name\" content=\"R\u00e0dio Ciutat de Tarragona\" \/>\n<meta property=\"article:publisher\" content=\"https:\/\/www.facebook.com\/rctgn\" \/>\n<meta property=\"article:published_time\" content=\"2026-04-28T15:33:35+00:00\" \/>\n<meta property=\"og:image\" content=\"https:\/\/files.radiociutat.com\/rctgn\/wp-content\/uploads\/2026\/04\/ONG-28-04-e1777376094303.jpeg\" \/>\n\t<meta property=\"og:image:width\" content=\"2048\" \/>\n\t<meta property=\"og:image:height\" content=\"1536\" \/>\n\t<meta property=\"og:image:type\" content=\"image\/jpeg\" \/>\n<meta name=\"author\" content=\"Eduard Par\u00eds\" \/>\n<meta name=\"twitter:card\" content=\"summary_large_image\" \/>\n<meta name=\"twitter:creator\" content=\"@RCTgn\" \/>\n<meta name=\"twitter:site\" content=\"@RCTgn\" \/>\n<meta name=\"twitter:label1\" content=\"Escrito por\" \/>\n\t<meta name=\"twitter:data1\" content=\"Eduard Par\u00eds\" \/>\n\t<meta name=\"twitter:label2\" content=\"Tiempo de lectura\" \/>\n\t<meta name=\"twitter:data2\" content=\"1 minuto\" \/>\n<script type=\"application\/ld+json\" class=\"yoast-schema-graph\">{\"@context\":\"https:\\\/\\\/schema.org\",\"@graph\":[{\"@type\":\"Article\",\"@id\":\"https:\\\/\\\/radiociutat.com\\\/es\\\/carrer-major-tarragona-secciones\\\/carrer-major-ong-los-proyectos-del-comite-oscar-romero-con-josep-maria-castrillo-y-xavier-puig\\\/#article\",\"isPartOf\":{\"@id\":\"https:\\\/\\\/radiociutat.com\\\/es\\\/carrer-major-tarragona-secciones\\\/carrer-major-ong-los-proyectos-del-comite-oscar-romero-con-josep-maria-castrillo-y-xavier-puig\\\/\"},\"author\":{\"name\":\"Eduard Par\u00eds\",\"@id\":\"https:\\\/\\\/radiociutat.com\\\/es\\\/#\\\/schema\\\/person\\\/0e9e2a935ba5449ab0f804a7b413a7ca\"},\"headline\":\"Carrer Major | ONG: Los proyectos del Comit\u00e9 \u00d3scar Romero con Josep Maria Castrillo y Xavier Puig\",\"datePublished\":\"2026-04-28T15:33:35+00:00\",\"mainEntityOfPage\":{\"@id\":\"https:\\\/\\\/radiociutat.com\\\/es\\\/carrer-major-tarragona-secciones\\\/carrer-major-ong-los-proyectos-del-comite-oscar-romero-con-josep-maria-castrillo-y-xavier-puig\\\/\"},\"wordCount\":177,\"image\":{\"@id\":\"https:\\\/\\\/radiociutat.com\\\/es\\\/carrer-major-tarragona-secciones\\\/carrer-major-ong-los-proyectos-del-comite-oscar-romero-con-josep-maria-castrillo-y-xavier-puig\\\/#primaryimage\"},\"thumbnailUrl\":\"https:\\\/\\\/files.radiociutat.com\\\/rctgn\\\/wp-content\\\/uploads\\\/2026\\\/04\\\/ONG-28-04-e1777376094303.jpeg\",\"keywords\":[\"#CalleMayor\",\"Comit\u00e8 Oscar Romero\",\"ONG\"],\"articleSection\":[\"Carrer Major Tarragona | Secciones\",\"ONG\"],\"inLanguage\":\"es\"},{\"@type\":\"WebPage\",\"@id\":\"https:\\\/\\\/radiociutat.com\\\/es\\\/carrer-major-tarragona-secciones\\\/carrer-major-ong-los-proyectos-del-comite-oscar-romero-con-josep-maria-castrillo-y-xavier-puig\\\/\",\"url\":\"https:\\\/\\\/radiociutat.com\\\/es\\\/carrer-major-tarragona-secciones\\\/carrer-major-ong-los-proyectos-del-comite-oscar-romero-con-josep-maria-castrillo-y-xavier-puig\\\/\",\"name\":\"Carrer Major | ONG: Los proyectos del Comit\u00e9 \u00d3scar Romero con Josep Maria Castrillo y Xavier Puig - R\u00e0dio Ciutat de Tarragona\",\"isPartOf\":{\"@id\":\"https:\\\/\\\/radiociutat.com\\\/es\\\/#website\"},\"primaryImageOfPage\":{\"@id\":\"https:\\\/\\\/radiociutat.com\\\/es\\\/carrer-major-tarragona-secciones\\\/carrer-major-ong-los-proyectos-del-comite-oscar-romero-con-josep-maria-castrillo-y-xavier-puig\\\/#primaryimage\"},\"image\":{\"@id\":\"https:\\\/\\\/radiociutat.com\\\/es\\\/carrer-major-tarragona-secciones\\\/carrer-major-ong-los-proyectos-del-comite-oscar-romero-con-josep-maria-castrillo-y-xavier-puig\\\/#primaryimage\"},\"thumbnailUrl\":\"https:\\\/\\\/files.radiociutat.com\\\/rctgn\\\/wp-content\\\/uploads\\\/2026\\\/04\\\/ONG-28-04-e1777376094303.jpeg\",\"datePublished\":\"2026-04-28T15:33:35+00:00\",\"author\":{\"@id\":\"https:\\\/\\\/radiociutat.com\\\/es\\\/#\\\/schema\\\/person\\\/0e9e2a935ba5449ab0f804a7b413a7ca\"},\"breadcrumb\":{\"@id\":\"https:\\\/\\\/radiociutat.com\\\/es\\\/carrer-major-tarragona-secciones\\\/carrer-major-ong-los-proyectos-del-comite-oscar-romero-con-josep-maria-castrillo-y-xavier-puig\\\/#breadcrumb\"},\"inLanguage\":\"es\",\"potentialAction\":[{\"@type\":\"ReadAction\",\"target\":[\"https:\\\/\\\/radiociutat.com\\\/es\\\/carrer-major-tarragona-secciones\\\/carrer-major-ong-los-proyectos-del-comite-oscar-romero-con-josep-maria-castrillo-y-xavier-puig\\\/\"]}]},{\"@type\":\"ImageObject\",\"inLanguage\":\"es\",\"@id\":\"https:\\\/\\\/radiociutat.com\\\/es\\\/carrer-major-tarragona-secciones\\\/carrer-major-ong-los-proyectos-del-comite-oscar-romero-con-josep-maria-castrillo-y-xavier-puig\\\/#primaryimage\",\"url\":\"https:\\\/\\\/files.radiociutat.com\\\/rctgn\\\/wp-content\\\/uploads\\\/2026\\\/04\\\/ONG-28-04-e1777376094303.jpeg\",\"contentUrl\":\"https:\\\/\\\/files.radiociutat.com\\\/rctgn\\\/wp-content\\\/uploads\\\/2026\\\/04\\\/ONG-28-04-e1777376094303.jpeg\",\"width\":2048,\"height\":1536},{\"@type\":\"BreadcrumbList\",\"@id\":\"https:\\\/\\\/radiociutat.com\\\/es\\\/carrer-major-tarragona-secciones\\\/carrer-major-ong-los-proyectos-del-comite-oscar-romero-con-josep-maria-castrillo-y-xavier-puig\\\/#breadcrumb\",\"itemListElement\":[{\"@type\":\"ListItem\",\"position\":1,\"name\":\"Inici\",\"item\":\"https:\\\/\\\/radiociutat.com\\\/es\\\/\"},{\"@type\":\"ListItem\",\"position\":2,\"name\":\"Carrer Major | ONG: Los proyectos del Comit\u00e9 \u00d3scar Romero con Josep Maria Castrillo y Xavier Puig\"}]},{\"@type\":\"WebSite\",\"@id\":\"https:\\\/\\\/radiociutat.com\\\/es\\\/#website\",\"url\":\"https:\\\/\\\/radiociutat.com\\\/es\\\/\",\"name\":\"R\u00e0dio Ciutat de Tarragona\",\"description\":\"R\u00e0dio Ciutat de Tarragona - RCTgn.cat R\u00e0dio Online\",\"potentialAction\":[{\"@type\":\"SearchAction\",\"target\":{\"@type\":\"EntryPoint\",\"urlTemplate\":\"https:\\\/\\\/radiociutat.com\\\/es\\\/?s={search_term_string}\"},\"query-input\":{\"@type\":\"PropertyValueSpecification\",\"valueRequired\":true,\"valueName\":\"search_term_string\"}}],\"inLanguage\":\"es\"},{\"@type\":\"Person\",\"@id\":\"https:\\\/\\\/radiociutat.com\\\/es\\\/#\\\/schema\\\/person\\\/0e9e2a935ba5449ab0f804a7b413a7ca\",\"name\":\"Eduard Par\u00eds\",\"url\":\"https:\\\/\\\/radiociutat.com\\\/es\\\/author\\\/eparis\\\/\"}]}<\/script>\n<!-- \/ Yoast SEO Premium plugin. -->","yoast_head_json":{"title":"Carrer Major | ONG: Los proyectos del Comit\u00e9 \u00d3scar Romero con Josep Maria Castrillo y Xavier Puig - R\u00e0dio Ciutat de Tarragona","robots":{"index":"index","follow":"follow","max-snippet":"max-snippet:-1","max-image-preview":"max-image-preview:large","max-video-preview":"max-video-preview:-1"},"canonical":"https:\/\/radiociutat.com\/es\/carrer-major-tarragona-secciones\/carrer-major-ong-los-proyectos-del-comite-oscar-romero-con-josep-maria-castrillo-y-xavier-puig\/","og_locale":"es_ES","og_type":"article","og_title":"Carrer Major | ONG: Los proyectos del Comit\u00e9 \u00d3scar Romero con Josep Maria Castrillo y Xavier Puig","og_description":"En #CarrerMajor hemos hablado con Josep Maria Castrillo y Xavier Puig, presidente y miembro del Comit\u00e9 \u00d3scar Romero, para conocer los proyectos que impulsa la asociaci\u00f3n en diferentes pa\u00edses de Am\u00e9rica Central. El Comit\u00e9 \u00d3scar Romero Tarragona-Reus pone el foco en la situaci\u00f3n de los derechos humanos en Centroam\u00e9rica. La entidad, creada a ra\u00edz del [&hellip;]","og_url":"https:\/\/radiociutat.com\/es\/carrer-major-tarragona-secciones\/carrer-major-ong-los-proyectos-del-comite-oscar-romero-con-josep-maria-castrillo-y-xavier-puig\/","og_site_name":"R\u00e0dio Ciutat de Tarragona","article_publisher":"https:\/\/www.facebook.com\/rctgn","article_published_time":"2026-04-28T15:33:35+00:00","og_image":[{"width":2048,"height":1536,"url":"https:\/\/files.radiociutat.com\/rctgn\/wp-content\/uploads\/2026\/04\/ONG-28-04-e1777376094303.jpeg","type":"image\/jpeg"}],"author":"Eduard Par\u00eds","twitter_card":"summary_large_image","twitter_creator":"@RCTgn","twitter_site":"@RCTgn","twitter_misc":{"Escrito por":"Eduard Par\u00eds","Tiempo de lectura":"1 minuto"},"schema":{"@context":"https:\/\/schema.org","@graph":[{"@type":"Article","@id":"https:\/\/radiociutat.com\/es\/carrer-major-tarragona-secciones\/carrer-major-ong-los-proyectos-del-comite-oscar-romero-con-josep-maria-castrillo-y-xavier-puig\/#article","isPartOf":{"@id":"https:\/\/radiociutat.com\/es\/carrer-major-tarragona-secciones\/carrer-major-ong-los-proyectos-del-comite-oscar-romero-con-josep-maria-castrillo-y-xavier-puig\/"},"author":{"name":"Eduard Par\u00eds","@id":"https:\/\/radiociutat.com\/es\/#\/schema\/person\/0e9e2a935ba5449ab0f804a7b413a7ca"},"headline":"Carrer Major | ONG: Los proyectos del Comit\u00e9 \u00d3scar Romero con Josep Maria Castrillo y Xavier Puig","datePublished":"2026-04-28T15:33:35+00:00","mainEntityOfPage":{"@id":"https:\/\/radiociutat.com\/es\/carrer-major-tarragona-secciones\/carrer-major-ong-los-proyectos-del-comite-oscar-romero-con-josep-maria-castrillo-y-xavier-puig\/"},"wordCount":177,"image":{"@id":"https:\/\/radiociutat.com\/es\/carrer-major-tarragona-secciones\/carrer-major-ong-los-proyectos-del-comite-oscar-romero-con-josep-maria-castrillo-y-xavier-puig\/#primaryimage"},"thumbnailUrl":"https:\/\/files.radiociutat.com\/rctgn\/wp-content\/uploads\/2026\/04\/ONG-28-04-e1777376094303.jpeg","keywords":["#CalleMayor","Comit\u00e8 Oscar Romero","ONG"],"articleSection":["Carrer Major Tarragona | Secciones","ONG"],"inLanguage":"es"},{"@type":"WebPage","@id":"https:\/\/radiociutat.com\/es\/carrer-major-tarragona-secciones\/carrer-major-ong-los-proyectos-del-comite-oscar-romero-con-josep-maria-castrillo-y-xavier-puig\/","url":"https:\/\/radiociutat.com\/es\/carrer-major-tarragona-secciones\/carrer-major-ong-los-proyectos-del-comite-oscar-romero-con-josep-maria-castrillo-y-xavier-puig\/","name":"Carrer Major | ONG: Los proyectos del Comit\u00e9 \u00d3scar Romero con Josep Maria Castrillo y Xavier Puig - R\u00e0dio Ciutat de Tarragona","isPartOf":{"@id":"https:\/\/radiociutat.com\/es\/#website"},"primaryImageOfPage":{"@id":"https:\/\/radiociutat.com\/es\/carrer-major-tarragona-secciones\/carrer-major-ong-los-proyectos-del-comite-oscar-romero-con-josep-maria-castrillo-y-xavier-puig\/#primaryimage"},"image":{"@id":"https:\/\/radiociutat.com\/es\/carrer-major-tarragona-secciones\/carrer-major-ong-los-proyectos-del-comite-oscar-romero-con-josep-maria-castrillo-y-xavier-puig\/#primaryimage"},"thumbnailUrl":"https:\/\/files.radiociutat.com\/rctgn\/wp-content\/uploads\/2026\/04\/ONG-28-04-e1777376094303.jpeg","datePublished":"2026-04-28T15:33:35+00:00","author":{"@id":"https:\/\/radiociutat.com\/es\/#\/schema\/person\/0e9e2a935ba5449ab0f804a7b413a7ca"},"breadcrumb":{"@id":"https:\/\/radiociutat.com\/es\/carrer-major-tarragona-secciones\/carrer-major-ong-los-proyectos-del-comite-oscar-romero-con-josep-maria-castrillo-y-xavier-puig\/#breadcrumb"},"inLanguage":"es","potentialAction":[{"@type":"ReadAction","target":["https:\/\/radiociutat.com\/es\/carrer-major-tarragona-secciones\/carrer-major-ong-los-proyectos-del-comite-oscar-romero-con-josep-maria-castrillo-y-xavier-puig\/"]}]},{"@type":"ImageObject","inLanguage":"es","@id":"https:\/\/radiociutat.com\/es\/carrer-major-tarragona-secciones\/carrer-major-ong-los-proyectos-del-comite-oscar-romero-con-josep-maria-castrillo-y-xavier-puig\/#primaryimage","url":"https:\/\/files.radiociutat.com\/rctgn\/wp-content\/uploads\/2026\/04\/ONG-28-04-e1777376094303.jpeg","contentUrl":"https:\/\/files.radiociutat.com\/rctgn\/wp-content\/uploads\/2026\/04\/ONG-28-04-e1777376094303.jpeg","width":2048,"height":1536},{"@type":"BreadcrumbList","@id":"https:\/\/radiociutat.com\/es\/carrer-major-tarragona-secciones\/carrer-major-ong-los-proyectos-del-comite-oscar-romero-con-josep-maria-castrillo-y-xavier-puig\/#breadcrumb","itemListElement":[{"@type":"ListItem","position":1,"name":"Inici","item":"https:\/\/radiociutat.com\/es\/"},{"@type":"ListItem","position":2,"name":"Carrer Major | ONG: Los proyectos del Comit\u00e9 \u00d3scar Romero con Josep Maria Castrillo y Xavier Puig"}]},{"@type":"WebSite","@id":"https:\/\/radiociutat.com\/es\/#website","url":"https:\/\/radiociutat.com\/es\/","name":"R\u00e0dio Ciutat de Tarragona","description":"R\u00e0dio Ciutat de Tarragona - RCTgn.cat R\u00e0dio Online","potentialAction":[{"@type":"SearchAction","target":{"@type":"EntryPoint","urlTemplate":"https:\/\/radiociutat.com\/es\/?s={search_term_string}"},"query-input":{"@type":"PropertyValueSpecification","valueRequired":true,"valueName":"search_term_string"}}],"inLanguage":"es"},{"@type":"Person","@id":"https:\/\/radiociutat.com\/es\/#\/schema\/person\/0e9e2a935ba5449ab0f804a7b413a7ca","name":"Eduard Par\u00eds","url":"https:\/\/radiociutat.com\/es\/author\/eparis\/"}]}},"_links":{"self":[{"href":"https:\/\/radiociutat.com\/es\/wp-json\/wp\/v2\/posts\/378621","targetHints":{"allow":["GET"]}}],"collection":[{"href":"https:\/\/radiociutat.com\/es\/wp-json\/wp\/v2\/posts"}],"about":[{"href":"https:\/\/radiociutat.com\/es\/wp-json\/wp\/v2\/types\/post"}],"author":[{"embeddable":true,"href":"https:\/\/radiociutat.com\/es\/wp-json\/wp\/v2\/users\/104"}],"replies":[{"embeddable":true,"href":"https:\/\/radiociutat.com\/es\/wp-json\/wp\/v2\/comments?post=378621"}],"version-history":[{"count":0,"href":"https:\/\/radiociutat.com\/es\/wp-json\/wp\/v2\/posts\/378621\/revisions"}],"wp:featuredmedia":[{"embeddable":true,"href":"https:\/\/radiociutat.com\/es\/wp-json\/wp\/v2\/media\/378486"}],"wp:attachment":[{"href":"https:\/\/radiociutat.com\/es\/wp-json\/wp\/v2\/media?parent=378621"}],"wp:term":[{"taxonomy":"category","embeddable":true,"href":"https:\/\/radiociutat.com\/es\/wp-json\/wp\/v2\/categories?post=378621"},{"taxonomy":"post_tag","embeddable":true,"href":"https:\/\/radiociutat.com\/es\/wp-json\/wp\/v2\/tags?post=378621"}],"curies":[{"name":"wp","href":"https:\/\/api.w.org\/{rel}","templated":true}]}}