{"id":378615,"date":"2026-04-28T17:16:11","date_gmt":"2026-04-28T15:16:11","guid":{"rendered":"https:\/\/radiociutat.com\/programes-podcast\/tgn-info-la-generalitat-prorroga-hasta-seis-anos-las-concesiones-de-autobus-interurbano-con-condiciones-de-descarbonizacion\/"},"modified":"2026-04-28T17:16:11","modified_gmt":"2026-04-28T15:16:11","slug":"tgn-info-la-generalitat-prorroga-hasta-seis-anos-las-concesiones-de-autobus-interurbano-con-condiciones-de-descarbonizacion","status":"publish","type":"post","link":"https:\/\/radiociutat.com\/es\/carrer-major-el-informativo-territorial-de-carrer-major\/tgn-info-la-generalitat-prorroga-hasta-seis-anos-las-concesiones-de-autobus-interurbano-con-condiciones-de-descarbonizacion\/","title":{"rendered":"TGN Info | La Generalitat prorroga hasta seis a\u00f1os las concesiones de autob\u00fas interurbano con condiciones de descarbonizaci\u00f3n"},"content":{"rendered":"\n<p><strong>La Generalitat ha decidido prorrogar hasta un m\u00e1ximo de seis a\u00f1os las concesiones de los servicios de autobuses interurbanos, que expiraban en 2028, condicion\u00e1ndolas a la descarbonizaci\u00f3n de las flotas y a la mejora del servicio.&nbsp;<\/strong><\/p>\n\n\n\n<p>Mediante un decreto ley, el Govern obligar\u00e1 a las empresas concesionarias a presentar en un plazo de tres meses un proyecto con sus planes de renovaci\u00f3n, como requisito para mantener la explotaci\u00f3n. En paralelo, el Consejo Ejecutivo ha aprobado un plan de choque de 21 millones de euros para reforzar la red de autob\u00fas interurbano ante el aumento de la demanda. Pactado con los Comunes, el programa prev\u00e9 un crecimiento de plazas de en torno al 12% anual y mejorar la capacidad de las l\u00edneas con m\u00e1s saturaci\u00f3n.<\/p>\n\n\n\n<p>El modelo actual de autobuses interurbanos en Catalu\u00f1a se basa en concesiones adjudicadas hace d\u00e9cadas, mayoritariamente prorrogadas a trav\u00e9s de un decreto de 2003 que permite alargar los contratos a cambio de inversiones y mejoras del servicio. Este sistema llega ahora a un punto clave, ya que la mayor\u00eda de estas concesiones vencen en 2028 despu\u00e9s de haber sido prorrogadas varias veces.<\/p>\n\n\n\n<p><strong>En este contexto, el Govern ha descartado abrir de golpe un nuevo concurso global y ha optado por una pr\u00f3rroga condicionada a la mejora de las flotas. Seg\u00fan fuentes del ejecutivo, esta decisi\u00f3n responde a la \u201cnecesidad urgente\u201d de cumplir con los objetivos de reducci\u00f3n de emisiones. As\u00ed, el departamento de Territorio cree que si todas las l\u00edneas salieran a concurso en dos a\u00f1os, tal como estaba previsto, la flota no se renovar\u00eda a tiempo.<\/strong><\/p>\n\n\n\n<p>El modelo de renovaci\u00f3n de las concesiones fija como objetivo que el 75% de la flota est\u00e9 descarbonizada el 1 de enero de 2029, lo que implicar\u00e1 que unos 1.425 autobuses funcionen con tecnolog\u00edas limpias. Asimismo, el decreto tambi\u00e9n incorpora mejoras operativas, como la implantaci\u00f3n de sistemas de informaci\u00f3n en tiempo real para que los usuarios conozcan la ubicaci\u00f3n de los autobuses y el tiempo de espera.<\/p>\n\n\n\n<p>La inversi\u00f3n asociada a esta transformaci\u00f3n se estima en unos 762 millones de euros, que ir\u00e1n a cargo de las empresas operadoras a cambio de la amortizaci\u00f3n dentro de los nuevos plazos de concesi\u00f3n. Actualmente, de los 1.597 veh\u00edculos en servicio, solo 25 son el\u00e9ctricos, un 1,6% del total.<\/p>\n\n\n\n<p>En la demarcaci\u00f3n, las actuaciones incluyen tanto la mejora de l\u00edneas existentes como el impulso de nuevos corredores y conexiones con capitales y servicios clave. Destacan los refuerzos entre Reus y Tarragona o las Terres de l\u2019Ebre.<\/p>\n\n\n\n<p><strong>El informe LQAIGUA del Consorcio de Aguas de Tarragona (CAT) se\u00f1ala que la calidad del agua, del trasvase del Ebro que gestiona el Consorcio, ha sido \u00abexcepcionalmente \u00f3ptima\u00bb durante 2024 y 2025 y se han registrado \u00ablos indicadores m\u00e1s favorables\u00bb de las \u00faltimas dos d\u00e9cadas.&nbsp;<\/strong><\/p>\n\n\n\n<p>Esto ha supuesto un descenso del 17% en el uso de productos reactivos para potabilizar el agua el a\u00f1o pasado. Esta es una de las cuestiones de la memoria anual 2025 aprobada por la asamblea general del CAT este martes, donde tambi\u00e9n se ha admitido a Ali\u00f3 (Alt Camp) como municipio consorciado, con dotaci\u00f3n de reserva, y a la empresa Tarragona Poliolefinas Ib\u00e9rica como industria consorciada, que recibir\u00e1 cedida la concesi\u00f3n de la empresa Basell.<\/p>\n\n\n\n<p>El presidente del Consorcio de Aguas de Tarragona, Marc Brunet, ha remarcado que una calidad de agua \u00abexcepcional\u00bb durante los dos \u00faltimos ejercicios hace que aumente la calidad del agua que se suministra a los consorciados, y a la vez reduce el uso de reactivos para potabilizarla.<\/p>\n\n\n\n<p>La reducci\u00f3n de estos productos tambi\u00e9n se debe a la optimizaci\u00f3n de los procesos de tratamiento que se han realizado en la Estaci\u00f3n de Tratamiento de Agua Potable (ETAP) de l\u2019Ampolla (Baix Ebre). Concretamente, se ha reducido \u00abnotablemente\u00bb el uso de cloruro f\u00e9rrico (coagulante), y de di\u00f3xido de carbono (regulador del PH).<\/p>\n\n\n\n<p>Esta ha sido una de las cuestiones que se han tratado en la asamblea ordinaria donde se ha admitido al municipio de Ali\u00f3 como consorciado y a la empresa Tarragona Poliolefinas Ib\u00e9rica. El CAT tiene ahora 28 industrias consorciadas y 71 municipios consorciados. Ali\u00f3 tendr\u00e1 una dotaci\u00f3n de reserva, pero no dispone de una conexi\u00f3n efectiva a la red de suministro del CAT. La petici\u00f3n la ha realizado por una previsible demanda en caso de desarrollo industrial en la poblaci\u00f3n.<\/p>\n\n\n\n<p>La asamblea tambi\u00e9n ha aprobado los estados financieros del ente del ejercicio 2025. El volumen de negocio fue de 30,8 Millones de euros, un 3,8% inferior al a\u00f1o anterior porque se ha realizado \u00abmucha inversi\u00f3n\u00bb, hasta 17 millones de euros (30% de crecimiento).&nbsp;<\/p>\n\n\n\n<p><strong>El pleno del Consejo Comarcal de la Conca de Barber\u00e0 ha aprobado la licitaci\u00f3n de las obras de conexi\u00f3n del Consorcio de Aguas de Tarragona (CAT) entre Sarral y For\u00e8s. Se trata de unos trabajos que deben permitir el abastecimiento de agua potable a ocho municipios de la Conca de Barber\u00e0.&nbsp;<\/strong><\/p>\n\n\n\n<p>El presupuesto base de licitaci\u00f3n es de 3.115.405,32 euros (IVA incluido) y el plazo de ejecuci\u00f3n previsto es de ocho meses. Es la segunda vez que se licitan los trabajos, ya que el ente comarcal rescindi\u00f3 el contrato con la anterior empresa adjudicataria por el incumplimiento de los plazos establecidos.<\/p>\n\n\n\n<p>En septiembre de 2024, se iniciaron las obras de la conducci\u00f3n entre Sarral y For\u00e8s y el ramal hasta el dep\u00f3sito municipal de Sarral. Despu\u00e9s de haberse ejecutado aproximadamente el 50% de la obra y sin haber cumplido los plazos, el Consejo Comarcal rescindi\u00f3 el contrato el pasado mes de enero.<\/p>\n\n\n\n<p>El proyecto incluye actuaciones como la construcci\u00f3n de conducciones principales, estaciones de bombeo, cruces de carreteras y r\u00edos, instalaciones auxiliares y sistemas de control, as\u00ed como trabajos asociados de gesti\u00f3n ambiental y seguridad. La tramitaci\u00f3n del contrato se ha declarado de urgencia para acelerar la ejecuci\u00f3n de una infraestructura considerada prioritaria para el territorio.<\/p>\n\n\n\n<p>El proyecto de abastecimiento de agua a la comarca de la Conca de Barber\u00e0 debe beneficiar hasta a ocho municipios. El primer tramo ser\u00e1 gestionado por el CAT. Despu\u00e9s, el abastecimiento de agua se ir\u00e1 extendiendo por fases al resto de municipios incluidos en el proyecto, bajo la gesti\u00f3n del Consejo Comarcal de la Conca de Barber\u00e0. En cuanto a la segunda fase, se est\u00e1 terminando la redacci\u00f3n del proyecto que incluye una conducci\u00f3n desde el dep\u00f3sito comarcal de For\u00e8s hasta el municipio de Santa Coloma de Queralt, y que tambi\u00e9n dar\u00e1 servicio a Conesa. La tercera y \u00faltima fase prev\u00e9 cubrir las necesidades del resto de municipios implicados y estaba previsto que terminara en 2027.<\/p>\n\n\n\n<p><strong>Un total de 12.100 personas m\u00e1s pasaron al paro durante el primer trimestre de este 2026 en el Camp de Tarragona y las Terres de l\u2019Ebre, seg\u00fan los datos de la Encuesta de Poblaci\u00f3n Activa (EPA). En total, la cifra de parados se ha situado en 56.500 personas, respecto a las 44.400 del trimestre anterior, con un crecimiento superior al 28,3%.&nbsp;<\/strong><\/p>\n\n\n\n<p>Hace un a\u00f1o, seg\u00fan el Instituto Nacional de Estad\u00edstica (INE), eran 55.500 personas, mil menos. El crecimiento ha sido mucho m\u00e1s pronunciado en el caso de los hombres, que han pasado de los 19.400 de finales del a\u00f1o pasado a los 28.100 de este \u00faltimo periodo. En cuanto a las mujeres, la subida ha sido inferior: de las 25.000 a las 28.400.<\/p>\n\n\n\n<p>De acuerdo con los mismos datos de la EPA el n\u00famero de personas ocupadas se sit\u00faa en 391.800, bajando en 7.600 respecto al \u00faltimo trimestre de 2025, aunque se incrementa en 15.900 si se compara con el mismo periodo de hace un a\u00f1o.<\/p>\n\n\n\n<p>Por sectores, los servicios contin\u00faan acaparando la gran mayor\u00eda de personas ocupadas en el Camp de Tarragona y las Terres de l\u2019Ebre, con 268.200. A bastante distancia le siguen la industria, con 67.500; la construcci\u00f3n, con 40.800; y la agricultura, 15.300.<\/p>\n\n\n\n<p><strong>Investigadores del Departamento de Qu\u00edmica F\u00edsica e Inorg\u00e1nica de la Universitat Rovira i Virgili (URV) han desarrollado un nuevo m\u00e9todo para crear materiales h\u00edbridos que consiguen multiplicar por 80 la sensibilidad de los sensores \u00f3pticos actuales. Este avance tecnol\u00f3gico permite producir nanomateriales con una respuesta a la luz mucho m\u00e1s eficiente, lo que facilita una detecci\u00f3n de mol\u00e9culas hasta ahora inalcanzable con los m\u00e9todos de dise\u00f1o convencionales.<\/strong><strong>&nbsp;<\/strong><\/p>\n\n\n\n<p>Seg\u00fan ha explicado el equipo investigador, este descubrimiento establece una nueva manera de afrontar el dise\u00f1o de ciertos materiales a escala nanom\u00e9trica. La optimizaci\u00f3n de estas superficies h\u00edbridas permite que los sensores sean capaces de identificar rastros de sustancias con una precisi\u00f3n extremadamente alta, abriendo la puerta a una nueva generaci\u00f3n de dispositivos de an\u00e1lisis m\u00e1s r\u00e1pidos y fiables en diversos \u00e1mbitos cient\u00edficos.<\/p>\n\n\n\n<p>El avance podr\u00eda tener un impacto directo e inmediato en campos tan diversos como el an\u00e1lisis qu\u00edmico, la biomedicina o el control ambiental. En el \u00e1mbito sanitario, por ejemplo, una mayor sensibilidad en los sensores \u00f3pticos puede ser clave para la detecci\u00f3n precoz de biomol\u00e9culas indicadoras de enfermedades, mientras que en el sector medioambiental permitir\u00eda monitorizar contaminantes en el aire o el agua con un rigor muy superior al actual.<\/p>\n\n\n\n<p>Esta investigaci\u00f3n se enmarca en la actividad cient\u00edfica de la universidad tarraconense, que contin\u00faa consolid\u00e1ndose como un referente en innovaci\u00f3n de materiales y transferencia de conocimiento. El hito se suma a otros proyectos destacados de la instituci\u00f3n, que en la actualidad tambi\u00e9n trabaja en an\u00e1lisis sobre el derecho a la vivienda y en estudios sobre la igualdad de g\u00e9nero en el entorno laboral universitario.<\/p>\n\n\n\n<p><strong>Urbaser ha iniciado esta semana la entrega de kits de verano a los trabajadores del servicio de limpieza y recogida de residuos de Tarragona, en una medida orientada a paliar los efectos de las altas temperaturas y mejorar las condiciones laborales. La decisi\u00f3n se ha adelantado tras la petici\u00f3n del comit\u00e9 de Seguridad y Salud, ante el incremento sostenido del calor en los \u00faltimos a\u00f1os.<\/strong><\/p>\n\n\n\n<p>El pack incluye una mochila, una gorra y una botella de agua t\u00e9rmica, elementos pensados para facilitar la jornada laboral, especialmente durante las horas de m\u00e1xima insolaci\u00f3n. El objetivo principal es proteger al personal de calle y garantizar un desarrollo del servicio en condiciones m\u00e1s seguras.<\/p>\n\n\n\n<p>Adem\u00e1s, a partir del 1 de junio, se distribuir\u00e1 crema solar con protecci\u00f3n contra mosquitos a toda la plantilla. Tambi\u00e9n se prev\u00e9 la incorporaci\u00f3n de tobilleras refrigerantes para controlar la temperatura corporal para los trabajadores mayores de 50 a\u00f1os o especialmente sensibles, as\u00ed como para el personal de playas.<\/p>\n\n\n\n<p>En este \u00faltimo caso, la entrega de material ya se adelant\u00f3 a inicios de mes por su mayor exposici\u00f3n al sol. Paralelamente, los Servicios T\u00e9cnicos Municipales trabajan en un nuevo procedimiento que entrar\u00e1 en vigor en junio para reforzar la seguridad y la organizaci\u00f3n del servicio.<\/p>\n\n\n\n<p><strong>El Ayuntamiento de Tarragona ha iniciado la instalaci\u00f3n de cajas nido para aves rapaces en diferentes puntos del municipio con el objetivo de fomentar la biodiversidad urbana y reforzar el equilibrio ecol\u00f3gico de la ciudad. En total, se han colocado nueve estructuras destinadas a facilitar la nidificaci\u00f3n de especies como el halc\u00f3n peregrino, el cern\u00edcalo, la lechuza y el autillo, todas ellas presentes en el territorio pero con dificultades para reproducirse en entornos urbanos.<\/strong><\/p>\n\n\n\n<p>La iniciativa tambi\u00e9n pretende reducir la superpoblaci\u00f3n de especies como palomas, estorninos y t\u00f3rtolas, que generan diversas problem\u00e1ticas. En este sentido, las rapaces act\u00faan como depredadores naturales contribuyendo al control de estas poblaciones y a la estabilidad de la cadena tr\u00f3fica. Seg\u00fan el concejal Guillermo Garc\u00eda de Castro, el proyecto quiere consolidar la presencia de estas especies y mejorar su \u00e9xito reproductor.<\/p>\n\n\n\n<p>Las cajas nido se han instalado en ubicaciones como edificios de la Rambla Nova y la avenida Roma, as\u00ed como espacios como Campclar, Sant Pere i Sant Pau o el Parc de la Muntanyeta, priorizando zonas con buenas condiciones para la caza y la reproducci\u00f3n, y con baja interferencia humana. La iniciativa incluye tambi\u00e9n tareas de seguimiento y mantenimiento peri\u00f3dico para garantizar la eficacia y la seguridad de las instalaciones.&nbsp;<\/p>\n\n\n\n<p><strong>El Ayuntamiento de Salou ha puesto en marcha una nueva iniciativa cultural destinada a dar a conocer el rico patrimonio arquitect\u00f3nico del municipio. Se trata de una ruta guiada y totalmente gratuita que invita a ciudadanos y visitantes a explorar los elementos m\u00e1s destacados del modernismo y el novecentismo que se conservan en la localidad.<\/strong><\/p>\n\n\n\n<p>Esta propuesta tiene como objetivo principal poner en valor la historia y la est\u00e9tica de estas dos corrientes art\u00edsticas, que tuvieron una gran influencia en la configuraci\u00f3n urbana de Salou. Durante el recorrido, los participantes podr\u00e1n descubrir los detalles y la cronolog\u00eda de diversos edificios y espacios emblem\u00e1ticos, acompa\u00f1ados de explicaciones que ayudan a contextualizar el desarrollo de la villa.<\/p>\n\n\n\n<p>Con esta nueva actividad, el consistorio busca diversificar el atractivo tur\u00edstico de Salou, apostando por un turismo cultural de calidad que complemente su oferta habitual de sol y playa. Las personas interesadas en disfrutar de esta experiencia pueden encontrar toda la informaci\u00f3n detallada y los m\u00e9todos de inscripci\u00f3n a trav\u00e9s de la web oficial del Ayuntamiento de Salou.<\/p>\n\n\n\n<p><strong>Este mi\u00e9rcoles, a las 20:21h, el sol ocupar\u00e1 pr\u00e1cticamente la misma posici\u00f3n en el cielo que durante la totalidad del eclipse solar que tendr\u00e1 lugar el 12 de agosto. De este modo, si a esta hora observan el sol de pleno y sin ning\u00fan obst\u00e1culo, tienen una buena ubicaci\u00f3n para ver el eclipse en el mes de agosto.&nbsp;<\/strong><\/p>\n\n\n\n<p>De hecho, una veintena de voluntarios participar\u00e1n en Tarragona en un simulacro para determinar las mejores ubicaciones desde donde observar el eclipse. La acci\u00f3n, impulsada por el Ayuntamiento de Tarragona, permitir\u00e1 comprobar con precisi\u00f3n la visibilidad desde diferentes puntos de la ciudad.<\/p>\n\n\n\n<p>Los voluntarios se distribuir\u00e1n por diversas zonas, como la Marina Port T\u00e0rraco, el Moll de Costa, el parque del Francol\u00ed, la Anella Mediterr\u00e0nia y barrios como Sant Pere i Sant Pau, Bonavista y la Canonja. Desde cada ubicaci\u00f3n, capturar\u00e1n im\u00e1genes para verificar tanto la posici\u00f3n del sol como la posible presencia de obst\u00e1culos visuales, como edificios o elementos del paisaje. Con los resultados, se crear\u00e1 un mapa detallado que se ofrecer\u00e1 a la ciudadan\u00eda para facilitar la observaci\u00f3n del eclipse.<\/p>\n\n\n\n<p>Para llevar a cabo el simulacro con seguridad, se recomienda utilizar protecci\u00f3n adecuada para los ojos y para los dispositivos \u00f3pticos. Alternativamente, se puede realizar la observaci\u00f3n de espaldas al sol, fotografiando la sombra propia y el entorno.<\/p>\n\n\n\n<p><strong>La Sala Trono de Tarragona ha reafirmado su compromiso con la cuarta convocatoria de Estrena\u2019t al Territori, una iniciativa clave para el fomento de la creaci\u00f3n esc\u00e9nica emergente y la descentralizaci\u00f3n de la producci\u00f3n teatral en Catalu\u00f1a.&nbsp;<\/strong><\/p>\n\n\n\n<p>Como una de las salas impulsoras del proyecto, el espacio tarraconense mantiene su apuesta por potenciar el talento joven y acercar nuevas propuestas art\u00edsticas. Esta iniciativa cuenta con la colaboraci\u00f3n de otros centros de referencia como el Teatre de l\u2019Aurora de Igualada, La Mercantil de Balaguer, La Casa del Teatre Nu de Sant Mart\u00ed de Tous y la Sala La Planeta de Girona.<\/p>\n\n\n\n<p>En el marco de esta nueva etapa, se ha formalizado el relevo art\u00edstico entre las formaciones participantes. La compa\u00f1\u00eda tarraconense Al cel Cia ha pasado el testimonio a la Cia. Dissident \u00b7 Cia, cuya propuesta se representar\u00e1 pr\u00f3ximamente en el escenario de la Sala Trono. Con este movimiento, el proyecto contin\u00faa su tarea de dinamizaci\u00f3n cultural y de vertebraci\u00f3n del sector teatral m\u00e1s all\u00e1 de la capital catalana.<\/p>\n\n\n\n<p>Esta semana se han dado a conocer las cinco propuestas seleccionadas, que este a\u00f1o han recibido un total de 93 proyectos. En el caso de la Sala Trono, acoger\u00e1 el espect\u00e1culo Missa Pagesa, que se podr\u00e1 ver los d\u00edas 20, 21, 27 y 28 de noviembre.<\/p>\n","protected":false},"excerpt":{"rendered":"<p>La Generalitat ha decidido prorrogar hasta un m\u00e1ximo de seis a\u00f1os las concesiones de los servicios de autobuses interurbanos, que expiraban en 2028, condicion\u00e1ndolas a la descarbonizaci\u00f3n de las flotas y a la mejora del servicio.&nbsp; Mediante un decreto ley, el Govern obligar\u00e1 a las empresas concesionarias a presentar en un plazo de tres meses [&hellip;]<\/p>\n","protected":false},"author":84,"featured_media":378604,"comment_status":"closed","ping_status":"closed","sticky":false,"template":"","format":"standard","meta":{"footnotes":""},"categories":[13754],"tags":[19,13755],"class_list":["post-378615","post","type-post","status-publish","format-standard","has-post-thumbnail","hentry","category-carrer-major-el-informativo-territorial-de-carrer-major","tag-tarragona","tag-tgn-info-2"],"yoast_head":"<!-- This site is optimized with the Yoast SEO Premium plugin v27.4 (Yoast SEO v27.5) - https:\/\/yoast.com\/product\/yoast-seo-premium-wordpress\/ -->\n<title>TGN Info | La Generalitat prorroga hasta seis a\u00f1os las concesiones de autob\u00fas interurbano con condiciones de descarbonizaci\u00f3n - R\u00e0dio Ciutat de Tarragona<\/title>\n<meta name=\"robots\" content=\"index, follow, max-snippet:-1, max-image-preview:large, max-video-preview:-1\" \/>\n<link rel=\"canonical\" href=\"https:\/\/radiociutat.com\/es\/carrer-major-el-informativo-territorial-de-carrer-major\/tgn-info-la-generalitat-prorroga-hasta-seis-anos-las-concesiones-de-autobus-interurbano-con-condiciones-de-descarbonizacion\/\" \/>\n<meta property=\"og:locale\" content=\"es_ES\" \/>\n<meta property=\"og:type\" content=\"article\" \/>\n<meta property=\"og:title\" content=\"TGN Info | La Generalitat prorroga hasta seis a\u00f1os las concesiones de autob\u00fas interurbano con condiciones de descarbonizaci\u00f3n\" \/>\n<meta property=\"og:description\" content=\"La Generalitat ha decidido prorrogar hasta un m\u00e1ximo de seis a\u00f1os las concesiones de los servicios de autobuses interurbanos, que expiraban en 2028, condicion\u00e1ndolas a la descarbonizaci\u00f3n de las flotas y a la mejora del servicio.&nbsp; Mediante un decreto ley, el Govern obligar\u00e1 a las empresas concesionarias a presentar en un plazo de tres meses [&hellip;]\" \/>\n<meta property=\"og:url\" content=\"https:\/\/radiociutat.com\/es\/carrer-major-el-informativo-territorial-de-carrer-major\/tgn-info-la-generalitat-prorroga-hasta-seis-anos-las-concesiones-de-autobus-interurbano-con-condiciones-de-descarbonizacion\/\" \/>\n<meta property=\"og:site_name\" content=\"R\u00e0dio Ciutat de Tarragona\" \/>\n<meta property=\"article:publisher\" content=\"https:\/\/www.facebook.com\/rctgn\" \/>\n<meta property=\"article:published_time\" content=\"2026-04-28T15:16:11+00:00\" \/>\n<meta property=\"og:image\" content=\"https:\/\/files.radiociutat.com\/rctgn\/wp-content\/uploads\/2026\/04\/Recursos-Bus-scaled.jpg\" \/>\n\t<meta property=\"og:image:width\" content=\"2560\" \/>\n\t<meta property=\"og:image:height\" content=\"1707\" \/>\n\t<meta property=\"og:image:type\" content=\"image\/jpeg\" \/>\n<meta name=\"author\" content=\"Adri\u00e0 Duch\" \/>\n<meta name=\"twitter:card\" content=\"summary_large_image\" \/>\n<meta name=\"twitter:creator\" content=\"@RCTgn\" \/>\n<meta name=\"twitter:site\" content=\"@RCTgn\" \/>\n<meta name=\"twitter:label1\" content=\"Escrito por\" \/>\n\t<meta name=\"twitter:data1\" content=\"Adri\u00e0 Duch\" \/>\n\t<meta name=\"twitter:label2\" content=\"Tiempo de lectura\" \/>\n\t<meta name=\"twitter:data2\" content=\"14 minutos\" \/>\n<script type=\"application\/ld+json\" class=\"yoast-schema-graph\">{\"@context\":\"https:\\\/\\\/schema.org\",\"@graph\":[{\"@type\":\"Article\",\"@id\":\"https:\\\/\\\/radiociutat.com\\\/es\\\/carrer-major-el-informativo-territorial-de-carrer-major\\\/tgn-info-la-generalitat-prorroga-hasta-seis-anos-las-concesiones-de-autobus-interurbano-con-condiciones-de-descarbonizacion\\\/#article\",\"isPartOf\":{\"@id\":\"https:\\\/\\\/radiociutat.com\\\/es\\\/carrer-major-el-informativo-territorial-de-carrer-major\\\/tgn-info-la-generalitat-prorroga-hasta-seis-anos-las-concesiones-de-autobus-interurbano-con-condiciones-de-descarbonizacion\\\/\"},\"author\":{\"name\":\"Adri\u00e0 Duch\",\"@id\":\"https:\\\/\\\/radiociutat.com\\\/es\\\/#\\\/schema\\\/person\\\/daeecbc4942e3432e8d8b8663bf7d714\"},\"headline\":\"TGN Info | La Generalitat prorroga hasta seis a\u00f1os las concesiones de autob\u00fas interurbano con condiciones de descarbonizaci\u00f3n\",\"datePublished\":\"2026-04-28T15:16:11+00:00\",\"mainEntityOfPage\":{\"@id\":\"https:\\\/\\\/radiociutat.com\\\/es\\\/carrer-major-el-informativo-territorial-de-carrer-major\\\/tgn-info-la-generalitat-prorroga-hasta-seis-anos-las-concesiones-de-autobus-interurbano-con-condiciones-de-descarbonizacion\\\/\"},\"wordCount\":2759,\"image\":{\"@id\":\"https:\\\/\\\/radiociutat.com\\\/es\\\/carrer-major-el-informativo-territorial-de-carrer-major\\\/tgn-info-la-generalitat-prorroga-hasta-seis-anos-las-concesiones-de-autobus-interurbano-con-condiciones-de-descarbonizacion\\\/#primaryimage\"},\"thumbnailUrl\":\"https:\\\/\\\/files.radiociutat.com\\\/rctgn\\\/wp-content\\\/uploads\\\/2026\\\/04\\\/Recursos-Bus-scaled.jpg\",\"keywords\":[\"Tarragona\",\"TGN INFO\"],\"articleSection\":[\"Carrer Major | El Informativo Territorial de Carrer Major\"],\"inLanguage\":\"es\"},{\"@type\":\"WebPage\",\"@id\":\"https:\\\/\\\/radiociutat.com\\\/es\\\/carrer-major-el-informativo-territorial-de-carrer-major\\\/tgn-info-la-generalitat-prorroga-hasta-seis-anos-las-concesiones-de-autobus-interurbano-con-condiciones-de-descarbonizacion\\\/\",\"url\":\"https:\\\/\\\/radiociutat.com\\\/es\\\/carrer-major-el-informativo-territorial-de-carrer-major\\\/tgn-info-la-generalitat-prorroga-hasta-seis-anos-las-concesiones-de-autobus-interurbano-con-condiciones-de-descarbonizacion\\\/\",\"name\":\"TGN Info | La Generalitat prorroga hasta seis a\u00f1os las concesiones de autob\u00fas interurbano con condiciones de descarbonizaci\u00f3n - R\u00e0dio Ciutat de Tarragona\",\"isPartOf\":{\"@id\":\"https:\\\/\\\/radiociutat.com\\\/es\\\/#website\"},\"primaryImageOfPage\":{\"@id\":\"https:\\\/\\\/radiociutat.com\\\/es\\\/carrer-major-el-informativo-territorial-de-carrer-major\\\/tgn-info-la-generalitat-prorroga-hasta-seis-anos-las-concesiones-de-autobus-interurbano-con-condiciones-de-descarbonizacion\\\/#primaryimage\"},\"image\":{\"@id\":\"https:\\\/\\\/radiociutat.com\\\/es\\\/carrer-major-el-informativo-territorial-de-carrer-major\\\/tgn-info-la-generalitat-prorroga-hasta-seis-anos-las-concesiones-de-autobus-interurbano-con-condiciones-de-descarbonizacion\\\/#primaryimage\"},\"thumbnailUrl\":\"https:\\\/\\\/files.radiociutat.com\\\/rctgn\\\/wp-content\\\/uploads\\\/2026\\\/04\\\/Recursos-Bus-scaled.jpg\",\"datePublished\":\"2026-04-28T15:16:11+00:00\",\"author\":{\"@id\":\"https:\\\/\\\/radiociutat.com\\\/es\\\/#\\\/schema\\\/person\\\/daeecbc4942e3432e8d8b8663bf7d714\"},\"breadcrumb\":{\"@id\":\"https:\\\/\\\/radiociutat.com\\\/es\\\/carrer-major-el-informativo-territorial-de-carrer-major\\\/tgn-info-la-generalitat-prorroga-hasta-seis-anos-las-concesiones-de-autobus-interurbano-con-condiciones-de-descarbonizacion\\\/#breadcrumb\"},\"inLanguage\":\"es\",\"potentialAction\":[{\"@type\":\"ReadAction\",\"target\":[\"https:\\\/\\\/radiociutat.com\\\/es\\\/carrer-major-el-informativo-territorial-de-carrer-major\\\/tgn-info-la-generalitat-prorroga-hasta-seis-anos-las-concesiones-de-autobus-interurbano-con-condiciones-de-descarbonizacion\\\/\"]}]},{\"@type\":\"ImageObject\",\"inLanguage\":\"es\",\"@id\":\"https:\\\/\\\/radiociutat.com\\\/es\\\/carrer-major-el-informativo-territorial-de-carrer-major\\\/tgn-info-la-generalitat-prorroga-hasta-seis-anos-las-concesiones-de-autobus-interurbano-con-condiciones-de-descarbonizacion\\\/#primaryimage\",\"url\":\"https:\\\/\\\/files.radiociutat.com\\\/rctgn\\\/wp-content\\\/uploads\\\/2026\\\/04\\\/Recursos-Bus-scaled.jpg\",\"contentUrl\":\"https:\\\/\\\/files.radiociutat.com\\\/rctgn\\\/wp-content\\\/uploads\\\/2026\\\/04\\\/Recursos-Bus-scaled.jpg\",\"width\":2560,\"height\":1707},{\"@type\":\"BreadcrumbList\",\"@id\":\"https:\\\/\\\/radiociutat.com\\\/es\\\/carrer-major-el-informativo-territorial-de-carrer-major\\\/tgn-info-la-generalitat-prorroga-hasta-seis-anos-las-concesiones-de-autobus-interurbano-con-condiciones-de-descarbonizacion\\\/#breadcrumb\",\"itemListElement\":[{\"@type\":\"ListItem\",\"position\":1,\"name\":\"Inici\",\"item\":\"https:\\\/\\\/radiociutat.com\\\/es\\\/\"},{\"@type\":\"ListItem\",\"position\":2,\"name\":\"TGN Info | La Generalitat prorroga hasta seis a\u00f1os las concesiones de autob\u00fas interurbano con condiciones de descarbonizaci\u00f3n\"}]},{\"@type\":\"WebSite\",\"@id\":\"https:\\\/\\\/radiociutat.com\\\/es\\\/#website\",\"url\":\"https:\\\/\\\/radiociutat.com\\\/es\\\/\",\"name\":\"R\u00e0dio Ciutat de Tarragona\",\"description\":\"R\u00e0dio Ciutat de Tarragona - RCTgn.cat R\u00e0dio Online\",\"potentialAction\":[{\"@type\":\"SearchAction\",\"target\":{\"@type\":\"EntryPoint\",\"urlTemplate\":\"https:\\\/\\\/radiociutat.com\\\/es\\\/?s={search_term_string}\"},\"query-input\":{\"@type\":\"PropertyValueSpecification\",\"valueRequired\":true,\"valueName\":\"search_term_string\"}}],\"inLanguage\":\"es\"},{\"@type\":\"Person\",\"@id\":\"https:\\\/\\\/radiociutat.com\\\/es\\\/#\\\/schema\\\/person\\\/daeecbc4942e3432e8d8b8663bf7d714\",\"name\":\"Adri\u00e0 Duch\",\"sameAs\":[\"https:\\\/\\\/radiociutat.com\\\/wp-content\\\/uploads\\\/2024\\\/02\\\/ADRIA-DUCH.png\"],\"url\":\"https:\\\/\\\/radiociutat.com\\\/es\\\/author\\\/adria-duch\\\/\"}]}<\/script>\n<!-- \/ Yoast SEO Premium plugin. -->","yoast_head_json":{"title":"TGN Info | La Generalitat prorroga hasta seis a\u00f1os las concesiones de autob\u00fas interurbano con condiciones de descarbonizaci\u00f3n - R\u00e0dio Ciutat de Tarragona","robots":{"index":"index","follow":"follow","max-snippet":"max-snippet:-1","max-image-preview":"max-image-preview:large","max-video-preview":"max-video-preview:-1"},"canonical":"https:\/\/radiociutat.com\/es\/carrer-major-el-informativo-territorial-de-carrer-major\/tgn-info-la-generalitat-prorroga-hasta-seis-anos-las-concesiones-de-autobus-interurbano-con-condiciones-de-descarbonizacion\/","og_locale":"es_ES","og_type":"article","og_title":"TGN Info | La Generalitat prorroga hasta seis a\u00f1os las concesiones de autob\u00fas interurbano con condiciones de descarbonizaci\u00f3n","og_description":"La Generalitat ha decidido prorrogar hasta un m\u00e1ximo de seis a\u00f1os las concesiones de los servicios de autobuses interurbanos, que expiraban en 2028, condicion\u00e1ndolas a la descarbonizaci\u00f3n de las flotas y a la mejora del servicio.&nbsp; Mediante un decreto ley, el Govern obligar\u00e1 a las empresas concesionarias a presentar en un plazo de tres meses [&hellip;]","og_url":"https:\/\/radiociutat.com\/es\/carrer-major-el-informativo-territorial-de-carrer-major\/tgn-info-la-generalitat-prorroga-hasta-seis-anos-las-concesiones-de-autobus-interurbano-con-condiciones-de-descarbonizacion\/","og_site_name":"R\u00e0dio Ciutat de Tarragona","article_publisher":"https:\/\/www.facebook.com\/rctgn","article_published_time":"2026-04-28T15:16:11+00:00","og_image":[{"width":2560,"height":1707,"url":"https:\/\/files.radiociutat.com\/rctgn\/wp-content\/uploads\/2026\/04\/Recursos-Bus-scaled.jpg","type":"image\/jpeg"}],"author":"Adri\u00e0 Duch","twitter_card":"summary_large_image","twitter_creator":"@RCTgn","twitter_site":"@RCTgn","twitter_misc":{"Escrito por":"Adri\u00e0 Duch","Tiempo de lectura":"14 minutos"},"schema":{"@context":"https:\/\/schema.org","@graph":[{"@type":"Article","@id":"https:\/\/radiociutat.com\/es\/carrer-major-el-informativo-territorial-de-carrer-major\/tgn-info-la-generalitat-prorroga-hasta-seis-anos-las-concesiones-de-autobus-interurbano-con-condiciones-de-descarbonizacion\/#article","isPartOf":{"@id":"https:\/\/radiociutat.com\/es\/carrer-major-el-informativo-territorial-de-carrer-major\/tgn-info-la-generalitat-prorroga-hasta-seis-anos-las-concesiones-de-autobus-interurbano-con-condiciones-de-descarbonizacion\/"},"author":{"name":"Adri\u00e0 Duch","@id":"https:\/\/radiociutat.com\/es\/#\/schema\/person\/daeecbc4942e3432e8d8b8663bf7d714"},"headline":"TGN Info | La Generalitat prorroga hasta seis a\u00f1os las concesiones de autob\u00fas interurbano con condiciones de descarbonizaci\u00f3n","datePublished":"2026-04-28T15:16:11+00:00","mainEntityOfPage":{"@id":"https:\/\/radiociutat.com\/es\/carrer-major-el-informativo-territorial-de-carrer-major\/tgn-info-la-generalitat-prorroga-hasta-seis-anos-las-concesiones-de-autobus-interurbano-con-condiciones-de-descarbonizacion\/"},"wordCount":2759,"image":{"@id":"https:\/\/radiociutat.com\/es\/carrer-major-el-informativo-territorial-de-carrer-major\/tgn-info-la-generalitat-prorroga-hasta-seis-anos-las-concesiones-de-autobus-interurbano-con-condiciones-de-descarbonizacion\/#primaryimage"},"thumbnailUrl":"https:\/\/files.radiociutat.com\/rctgn\/wp-content\/uploads\/2026\/04\/Recursos-Bus-scaled.jpg","keywords":["Tarragona","TGN INFO"],"articleSection":["Carrer Major | El Informativo Territorial de Carrer Major"],"inLanguage":"es"},{"@type":"WebPage","@id":"https:\/\/radiociutat.com\/es\/carrer-major-el-informativo-territorial-de-carrer-major\/tgn-info-la-generalitat-prorroga-hasta-seis-anos-las-concesiones-de-autobus-interurbano-con-condiciones-de-descarbonizacion\/","url":"https:\/\/radiociutat.com\/es\/carrer-major-el-informativo-territorial-de-carrer-major\/tgn-info-la-generalitat-prorroga-hasta-seis-anos-las-concesiones-de-autobus-interurbano-con-condiciones-de-descarbonizacion\/","name":"TGN Info | La Generalitat prorroga hasta seis a\u00f1os las concesiones de autob\u00fas interurbano con condiciones de descarbonizaci\u00f3n - R\u00e0dio Ciutat de Tarragona","isPartOf":{"@id":"https:\/\/radiociutat.com\/es\/#website"},"primaryImageOfPage":{"@id":"https:\/\/radiociutat.com\/es\/carrer-major-el-informativo-territorial-de-carrer-major\/tgn-info-la-generalitat-prorroga-hasta-seis-anos-las-concesiones-de-autobus-interurbano-con-condiciones-de-descarbonizacion\/#primaryimage"},"image":{"@id":"https:\/\/radiociutat.com\/es\/carrer-major-el-informativo-territorial-de-carrer-major\/tgn-info-la-generalitat-prorroga-hasta-seis-anos-las-concesiones-de-autobus-interurbano-con-condiciones-de-descarbonizacion\/#primaryimage"},"thumbnailUrl":"https:\/\/files.radiociutat.com\/rctgn\/wp-content\/uploads\/2026\/04\/Recursos-Bus-scaled.jpg","datePublished":"2026-04-28T15:16:11+00:00","author":{"@id":"https:\/\/radiociutat.com\/es\/#\/schema\/person\/daeecbc4942e3432e8d8b8663bf7d714"},"breadcrumb":{"@id":"https:\/\/radiociutat.com\/es\/carrer-major-el-informativo-territorial-de-carrer-major\/tgn-info-la-generalitat-prorroga-hasta-seis-anos-las-concesiones-de-autobus-interurbano-con-condiciones-de-descarbonizacion\/#breadcrumb"},"inLanguage":"es","potentialAction":[{"@type":"ReadAction","target":["https:\/\/radiociutat.com\/es\/carrer-major-el-informativo-territorial-de-carrer-major\/tgn-info-la-generalitat-prorroga-hasta-seis-anos-las-concesiones-de-autobus-interurbano-con-condiciones-de-descarbonizacion\/"]}]},{"@type":"ImageObject","inLanguage":"es","@id":"https:\/\/radiociutat.com\/es\/carrer-major-el-informativo-territorial-de-carrer-major\/tgn-info-la-generalitat-prorroga-hasta-seis-anos-las-concesiones-de-autobus-interurbano-con-condiciones-de-descarbonizacion\/#primaryimage","url":"https:\/\/files.radiociutat.com\/rctgn\/wp-content\/uploads\/2026\/04\/Recursos-Bus-scaled.jpg","contentUrl":"https:\/\/files.radiociutat.com\/rctgn\/wp-content\/uploads\/2026\/04\/Recursos-Bus-scaled.jpg","width":2560,"height":1707},{"@type":"BreadcrumbList","@id":"https:\/\/radiociutat.com\/es\/carrer-major-el-informativo-territorial-de-carrer-major\/tgn-info-la-generalitat-prorroga-hasta-seis-anos-las-concesiones-de-autobus-interurbano-con-condiciones-de-descarbonizacion\/#breadcrumb","itemListElement":[{"@type":"ListItem","position":1,"name":"Inici","item":"https:\/\/radiociutat.com\/es\/"},{"@type":"ListItem","position":2,"name":"TGN Info | La Generalitat prorroga hasta seis a\u00f1os las concesiones de autob\u00fas interurbano con condiciones de descarbonizaci\u00f3n"}]},{"@type":"WebSite","@id":"https:\/\/radiociutat.com\/es\/#website","url":"https:\/\/radiociutat.com\/es\/","name":"R\u00e0dio Ciutat de Tarragona","description":"R\u00e0dio Ciutat de Tarragona - RCTgn.cat R\u00e0dio Online","potentialAction":[{"@type":"SearchAction","target":{"@type":"EntryPoint","urlTemplate":"https:\/\/radiociutat.com\/es\/?s={search_term_string}"},"query-input":{"@type":"PropertyValueSpecification","valueRequired":true,"valueName":"search_term_string"}}],"inLanguage":"es"},{"@type":"Person","@id":"https:\/\/radiociutat.com\/es\/#\/schema\/person\/daeecbc4942e3432e8d8b8663bf7d714","name":"Adri\u00e0 Duch","sameAs":["https:\/\/radiociutat.com\/wp-content\/uploads\/2024\/02\/ADRIA-DUCH.png"],"url":"https:\/\/radiociutat.com\/es\/author\/adria-duch\/"}]}},"_links":{"self":[{"href":"https:\/\/radiociutat.com\/es\/wp-json\/wp\/v2\/posts\/378615","targetHints":{"allow":["GET"]}}],"collection":[{"href":"https:\/\/radiociutat.com\/es\/wp-json\/wp\/v2\/posts"}],"about":[{"href":"https:\/\/radiociutat.com\/es\/wp-json\/wp\/v2\/types\/post"}],"author":[{"embeddable":true,"href":"https:\/\/radiociutat.com\/es\/wp-json\/wp\/v2\/users\/84"}],"replies":[{"embeddable":true,"href":"https:\/\/radiociutat.com\/es\/wp-json\/wp\/v2\/comments?post=378615"}],"version-history":[{"count":0,"href":"https:\/\/radiociutat.com\/es\/wp-json\/wp\/v2\/posts\/378615\/revisions"}],"wp:featuredmedia":[{"embeddable":true,"href":"https:\/\/radiociutat.com\/es\/wp-json\/wp\/v2\/media\/378604"}],"wp:attachment":[{"href":"https:\/\/radiociutat.com\/es\/wp-json\/wp\/v2\/media?parent=378615"}],"wp:term":[{"taxonomy":"category","embeddable":true,"href":"https:\/\/radiociutat.com\/es\/wp-json\/wp\/v2\/categories?post=378615"},{"taxonomy":"post_tag","embeddable":true,"href":"https:\/\/radiociutat.com\/es\/wp-json\/wp\/v2\/tags?post=378615"}],"curies":[{"name":"wp","href":"https:\/\/api.w.org\/{rel}","templated":true}]}}