{"id":378613,"date":"2026-04-28T17:15:48","date_gmt":"2026-04-28T15:15:48","guid":{"rendered":"https:\/\/radiociutat.com\/programes-podcast\/casi-5-millones-de-euros-para-mejorar-el-servicio-de-autobuses-interurbanos-de-tarragona\/"},"modified":"2026-04-28T17:15:48","modified_gmt":"2026-04-28T15:15:48","slug":"casi-5-millones-de-euros-para-mejorar-el-servicio-de-autobuses-interurbanos-de-tarragona","status":"publish","type":"post","link":"https:\/\/radiociutat.com\/es\/ultimas-noticias\/cronicas\/casi-5-millones-de-euros-para-mejorar-el-servicio-de-autobuses-interurbanos-de-tarragona\/","title":{"rendered":"Casi 5 millones de euros para mejorar el servicio de autobuses interurbanos de Tarragona"},"content":{"rendered":"\n<p>La Generalitat ha decidido prorrogar hasta un m\u00e1ximo de seis a\u00f1os las concesiones de los servicios de autobuses interurbanos, que expiraban en 2028, condicion\u00e1ndolas a la descarbonizaci\u00f3n de las flotas y a la mejora del servicio. De los <strong>21,5 millones de euros<\/strong> aprobados con este plan de actuaci\u00f3n, <strong>4,8<\/strong> ir\u00e1n destinados a la demarcaci\u00f3n de Tarragona.<\/p>\n\n\n\n<p>El ejecutivo ha aprobado un decreto ley que permite alargar seis a\u00f1os m\u00e1s las concesiones actuales de autobuses, hasta 2034, a cambio de que las empresas operadoras renueven sus flotas con veh\u00edculos el\u00e9ctricos, h\u00edbridos o de gas. El compromiso fija que <strong>el 75% de los 1.900 autobuses<\/strong> previstos en Catalu\u00f1a est\u00e9n descarbonizados el <strong>1 de enero de 2029<\/strong>, lo que supondr\u00e1 una reducci\u00f3n de un 48% de las emisiones de CO\u2082.<\/p>\n\n\n\n<p>El secretario de Movilidad e Infraestructuras, <strong>Manel Nadal<\/strong>, destaca la importancia de este segundo plan de actuaci\u00f3n, ya que el primero no gener\u00f3 el efecto suficiente.<\/p>\n\n\n\n<figure class=\"wp-block-audio\"><audio controls src=\"https:\/\/files.radiociutat.com\/rctgn\/wp-content\/uploads\/2026\/04\/TALL-MANEL-NADAL.mp3\"><\/audio><\/figure>\n\n\n\n<p>Las actuaciones incluyen mejoras en l\u00edneas como Tarragona-Reus, Tarragona-Valls, Tarragona-Salou-Cambrils, Reus-Salou o el Vendrell-Barcelona, as\u00ed como diversas conexiones internas en las Terres de l\u2019Ebre.<\/p>\n\n\n\n<p>En paralelo, la Generalitat quiere impulsar la futura \u00c1rea Metropolitana del Camp de Tarragona con una ley espec\u00edfica que le otorgue competencias en movilidad e infraestructuras, siguiendo el modelo de Barcelona. Adem\u00e1s, el Govern plantea poner en marcha pruebas piloto de nuevas l\u00edneas mediante convenios con los ayuntamientos del territorio.<\/p>\n","protected":false},"excerpt":{"rendered":"<p>La Generalitat ha decidido prorrogar hasta un m\u00e1ximo de seis a\u00f1os las concesiones de los servicios de autobuses interurbanos, que expiraban en 2028, condicion\u00e1ndolas a la descarbonizaci\u00f3n de las flotas y a la mejora del servicio. De los 21,5 millones de euros aprobados con este plan de actuaci\u00f3n, 4,8 ir\u00e1n destinados a la demarcaci\u00f3n de [&hellip;]<\/p>\n","protected":false},"author":104,"featured_media":378597,"comment_status":"closed","ping_status":"closed","sticky":false,"template":"","format":"standard","meta":{"footnotes":""},"categories":[13688,13716],"tags":[13731,14981],"class_list":["post-378613","post","type-post","status-publish","format-standard","has-post-thumbnail","hentry","category-cronicas","category-ultimas-noticias","tag-campo-de-tarragona","tag-transport-public"],"yoast_head":"<!-- This site is optimized with the Yoast SEO Premium plugin v27.4 (Yoast SEO v27.5) - https:\/\/yoast.com\/product\/yoast-seo-premium-wordpress\/ -->\n<title>Casi 5 millones de euros para mejorar el servicio de autobuses interurbanos de Tarragona - R\u00e0dio Ciutat de Tarragona<\/title>\n<meta name=\"robots\" content=\"index, follow, max-snippet:-1, max-image-preview:large, max-video-preview:-1\" \/>\n<link rel=\"canonical\" href=\"https:\/\/radiociutat.com\/es\/ultimas-noticias\/cronicas\/casi-5-millones-de-euros-para-mejorar-el-servicio-de-autobuses-interurbanos-de-tarragona\/\" \/>\n<meta property=\"og:locale\" content=\"es_ES\" \/>\n<meta property=\"og:type\" content=\"article\" \/>\n<meta property=\"og:title\" content=\"Casi 5 millones de euros para mejorar el servicio de autobuses interurbanos de Tarragona\" \/>\n<meta property=\"og:description\" content=\"La Generalitat ha decidido prorrogar hasta un m\u00e1ximo de seis a\u00f1os las concesiones de los servicios de autobuses interurbanos, que expiraban en 2028, condicion\u00e1ndolas a la descarbonizaci\u00f3n de las flotas y a la mejora del servicio. De los 21,5 millones de euros aprobados con este plan de actuaci\u00f3n, 4,8 ir\u00e1n destinados a la demarcaci\u00f3n de [&hellip;]\" \/>\n<meta property=\"og:url\" content=\"https:\/\/radiociutat.com\/es\/ultimas-noticias\/cronicas\/casi-5-millones-de-euros-para-mejorar-el-servicio-de-autobuses-interurbanos-de-tarragona\/\" \/>\n<meta property=\"og:site_name\" content=\"R\u00e0dio Ciutat de Tarragona\" \/>\n<meta property=\"article:publisher\" content=\"https:\/\/www.facebook.com\/rctgn\" \/>\n<meta property=\"article:published_time\" content=\"2026-04-28T15:15:48+00:00\" \/>\n<meta property=\"og:image\" content=\"https:\/\/files.radiociutat.com\/rctgn\/wp-content\/uploads\/2021\/03\/LOGO-RCTGN-RADIO-CIUTAT-DE-TARRAGONA-TRANSPARENTE-TARRAGONA-2020-3000X3000-Redes1-copia.png\" \/>\n\t<meta property=\"og:image:width\" content=\"3000\" \/>\n\t<meta property=\"og:image:height\" content=\"3000\" \/>\n\t<meta property=\"og:image:type\" content=\"image\/png\" \/>\n<meta name=\"author\" content=\"Eduard Par\u00eds\" \/>\n<meta name=\"twitter:card\" content=\"summary_large_image\" \/>\n<meta name=\"twitter:creator\" content=\"@RCTgn\" \/>\n<meta name=\"twitter:site\" content=\"@RCTgn\" \/>\n<meta name=\"twitter:label1\" content=\"Escrito por\" \/>\n\t<meta name=\"twitter:data1\" content=\"Eduard Par\u00eds\" \/>\n\t<meta name=\"twitter:label2\" content=\"Tiempo de lectura\" \/>\n\t<meta name=\"twitter:data2\" content=\"1 minuto\" \/>\n<script type=\"application\/ld+json\" class=\"yoast-schema-graph\">{\"@context\":\"https:\\\/\\\/schema.org\",\"@graph\":[{\"@type\":\"Article\",\"@id\":\"https:\\\/\\\/radiociutat.com\\\/es\\\/ultimas-noticias\\\/cronicas\\\/casi-5-millones-de-euros-para-mejorar-el-servicio-de-autobuses-interurbanos-de-tarragona\\\/#article\",\"isPartOf\":{\"@id\":\"https:\\\/\\\/radiociutat.com\\\/es\\\/ultimas-noticias\\\/cronicas\\\/casi-5-millones-de-euros-para-mejorar-el-servicio-de-autobuses-interurbanos-de-tarragona\\\/\"},\"author\":{\"name\":\"Eduard Par\u00eds\",\"@id\":\"https:\\\/\\\/radiociutat.com\\\/es\\\/#\\\/schema\\\/person\\\/0e9e2a935ba5449ab0f804a7b413a7ca\"},\"headline\":\"Casi 5 millones de euros para mejorar el servicio de autobuses interurbanos de Tarragona\",\"datePublished\":\"2026-04-28T15:15:48+00:00\",\"mainEntityOfPage\":{\"@id\":\"https:\\\/\\\/radiociutat.com\\\/es\\\/ultimas-noticias\\\/cronicas\\\/casi-5-millones-de-euros-para-mejorar-el-servicio-de-autobuses-interurbanos-de-tarragona\\\/\"},\"wordCount\":252,\"image\":{\"@id\":\"https:\\\/\\\/radiociutat.com\\\/es\\\/ultimas-noticias\\\/cronicas\\\/casi-5-millones-de-euros-para-mejorar-el-servicio-de-autobuses-interurbanos-de-tarragona\\\/#primaryimage\"},\"thumbnailUrl\":\"https:\\\/\\\/files.radiociutat.com\\\/rctgn\\\/wp-content\\\/uploads\\\/2026\\\/04\\\/Autobusos-scaled-e1777388103622.jpeg\",\"keywords\":[\"campo de tarragona\",\"Transport P\u00fablic\"],\"articleSection\":[\"Cr\u00f3nicas\",\"\u00daltimas noticias\"],\"inLanguage\":\"es\"},{\"@type\":\"WebPage\",\"@id\":\"https:\\\/\\\/radiociutat.com\\\/es\\\/ultimas-noticias\\\/cronicas\\\/casi-5-millones-de-euros-para-mejorar-el-servicio-de-autobuses-interurbanos-de-tarragona\\\/\",\"url\":\"https:\\\/\\\/radiociutat.com\\\/es\\\/ultimas-noticias\\\/cronicas\\\/casi-5-millones-de-euros-para-mejorar-el-servicio-de-autobuses-interurbanos-de-tarragona\\\/\",\"name\":\"Casi 5 millones de euros para mejorar el servicio de autobuses interurbanos de Tarragona - R\u00e0dio Ciutat de Tarragona\",\"isPartOf\":{\"@id\":\"https:\\\/\\\/radiociutat.com\\\/es\\\/#website\"},\"primaryImageOfPage\":{\"@id\":\"https:\\\/\\\/radiociutat.com\\\/es\\\/ultimas-noticias\\\/cronicas\\\/casi-5-millones-de-euros-para-mejorar-el-servicio-de-autobuses-interurbanos-de-tarragona\\\/#primaryimage\"},\"image\":{\"@id\":\"https:\\\/\\\/radiociutat.com\\\/es\\\/ultimas-noticias\\\/cronicas\\\/casi-5-millones-de-euros-para-mejorar-el-servicio-de-autobuses-interurbanos-de-tarragona\\\/#primaryimage\"},\"thumbnailUrl\":\"https:\\\/\\\/files.radiociutat.com\\\/rctgn\\\/wp-content\\\/uploads\\\/2026\\\/04\\\/Autobusos-scaled-e1777388103622.jpeg\",\"datePublished\":\"2026-04-28T15:15:48+00:00\",\"author\":{\"@id\":\"https:\\\/\\\/radiociutat.com\\\/es\\\/#\\\/schema\\\/person\\\/0e9e2a935ba5449ab0f804a7b413a7ca\"},\"breadcrumb\":{\"@id\":\"https:\\\/\\\/radiociutat.com\\\/es\\\/ultimas-noticias\\\/cronicas\\\/casi-5-millones-de-euros-para-mejorar-el-servicio-de-autobuses-interurbanos-de-tarragona\\\/#breadcrumb\"},\"inLanguage\":\"es\",\"potentialAction\":[{\"@type\":\"ReadAction\",\"target\":[\"https:\\\/\\\/radiociutat.com\\\/es\\\/ultimas-noticias\\\/cronicas\\\/casi-5-millones-de-euros-para-mejorar-el-servicio-de-autobuses-interurbanos-de-tarragona\\\/\"]}]},{\"@type\":\"ImageObject\",\"inLanguage\":\"es\",\"@id\":\"https:\\\/\\\/radiociutat.com\\\/es\\\/ultimas-noticias\\\/cronicas\\\/casi-5-millones-de-euros-para-mejorar-el-servicio-de-autobuses-interurbanos-de-tarragona\\\/#primaryimage\",\"url\":\"https:\\\/\\\/files.radiociutat.com\\\/rctgn\\\/wp-content\\\/uploads\\\/2026\\\/04\\\/Autobusos-scaled-e1777388103622.jpeg\",\"contentUrl\":\"https:\\\/\\\/files.radiociutat.com\\\/rctgn\\\/wp-content\\\/uploads\\\/2026\\\/04\\\/Autobusos-scaled-e1777388103622.jpeg\",\"width\":2560,\"height\":1707,\"caption\":\"Foto: ACN\"},{\"@type\":\"BreadcrumbList\",\"@id\":\"https:\\\/\\\/radiociutat.com\\\/es\\\/ultimas-noticias\\\/cronicas\\\/casi-5-millones-de-euros-para-mejorar-el-servicio-de-autobuses-interurbanos-de-tarragona\\\/#breadcrumb\",\"itemListElement\":[{\"@type\":\"ListItem\",\"position\":1,\"name\":\"Inici\",\"item\":\"https:\\\/\\\/radiociutat.com\\\/es\\\/\"},{\"@type\":\"ListItem\",\"position\":2,\"name\":\"Casi 5 millones de euros para mejorar el servicio de autobuses interurbanos de Tarragona\"}]},{\"@type\":\"WebSite\",\"@id\":\"https:\\\/\\\/radiociutat.com\\\/es\\\/#website\",\"url\":\"https:\\\/\\\/radiociutat.com\\\/es\\\/\",\"name\":\"R\u00e0dio Ciutat de Tarragona\",\"description\":\"R\u00e0dio Ciutat de Tarragona - RCTgn.cat R\u00e0dio Online\",\"potentialAction\":[{\"@type\":\"SearchAction\",\"target\":{\"@type\":\"EntryPoint\",\"urlTemplate\":\"https:\\\/\\\/radiociutat.com\\\/es\\\/?s={search_term_string}\"},\"query-input\":{\"@type\":\"PropertyValueSpecification\",\"valueRequired\":true,\"valueName\":\"search_term_string\"}}],\"inLanguage\":\"es\"},{\"@type\":\"Person\",\"@id\":\"https:\\\/\\\/radiociutat.com\\\/es\\\/#\\\/schema\\\/person\\\/0e9e2a935ba5449ab0f804a7b413a7ca\",\"name\":\"Eduard Par\u00eds\",\"url\":\"https:\\\/\\\/radiociutat.com\\\/es\\\/author\\\/eparis\\\/\"}]}<\/script>\n<!-- \/ Yoast SEO Premium plugin. -->","yoast_head_json":{"title":"Casi 5 millones de euros para mejorar el servicio de autobuses interurbanos de Tarragona - R\u00e0dio Ciutat de Tarragona","robots":{"index":"index","follow":"follow","max-snippet":"max-snippet:-1","max-image-preview":"max-image-preview:large","max-video-preview":"max-video-preview:-1"},"canonical":"https:\/\/radiociutat.com\/es\/ultimas-noticias\/cronicas\/casi-5-millones-de-euros-para-mejorar-el-servicio-de-autobuses-interurbanos-de-tarragona\/","og_locale":"es_ES","og_type":"article","og_title":"Casi 5 millones de euros para mejorar el servicio de autobuses interurbanos de Tarragona","og_description":"La Generalitat ha decidido prorrogar hasta un m\u00e1ximo de seis a\u00f1os las concesiones de los servicios de autobuses interurbanos, que expiraban en 2028, condicion\u00e1ndolas a la descarbonizaci\u00f3n de las flotas y a la mejora del servicio. De los 21,5 millones de euros aprobados con este plan de actuaci\u00f3n, 4,8 ir\u00e1n destinados a la demarcaci\u00f3n de [&hellip;]","og_url":"https:\/\/radiociutat.com\/es\/ultimas-noticias\/cronicas\/casi-5-millones-de-euros-para-mejorar-el-servicio-de-autobuses-interurbanos-de-tarragona\/","og_site_name":"R\u00e0dio Ciutat de Tarragona","article_publisher":"https:\/\/www.facebook.com\/rctgn","article_published_time":"2026-04-28T15:15:48+00:00","og_image":[{"width":3000,"height":3000,"url":"https:\/\/files.radiociutat.com\/rctgn\/wp-content\/uploads\/2021\/03\/LOGO-RCTGN-RADIO-CIUTAT-DE-TARRAGONA-TRANSPARENTE-TARRAGONA-2020-3000X3000-Redes1-copia.png","type":"image\/png"}],"author":"Eduard Par\u00eds","twitter_card":"summary_large_image","twitter_creator":"@RCTgn","twitter_site":"@RCTgn","twitter_misc":{"Escrito por":"Eduard Par\u00eds","Tiempo de lectura":"1 minuto"},"schema":{"@context":"https:\/\/schema.org","@graph":[{"@type":"Article","@id":"https:\/\/radiociutat.com\/es\/ultimas-noticias\/cronicas\/casi-5-millones-de-euros-para-mejorar-el-servicio-de-autobuses-interurbanos-de-tarragona\/#article","isPartOf":{"@id":"https:\/\/radiociutat.com\/es\/ultimas-noticias\/cronicas\/casi-5-millones-de-euros-para-mejorar-el-servicio-de-autobuses-interurbanos-de-tarragona\/"},"author":{"name":"Eduard Par\u00eds","@id":"https:\/\/radiociutat.com\/es\/#\/schema\/person\/0e9e2a935ba5449ab0f804a7b413a7ca"},"headline":"Casi 5 millones de euros para mejorar el servicio de autobuses interurbanos de Tarragona","datePublished":"2026-04-28T15:15:48+00:00","mainEntityOfPage":{"@id":"https:\/\/radiociutat.com\/es\/ultimas-noticias\/cronicas\/casi-5-millones-de-euros-para-mejorar-el-servicio-de-autobuses-interurbanos-de-tarragona\/"},"wordCount":252,"image":{"@id":"https:\/\/radiociutat.com\/es\/ultimas-noticias\/cronicas\/casi-5-millones-de-euros-para-mejorar-el-servicio-de-autobuses-interurbanos-de-tarragona\/#primaryimage"},"thumbnailUrl":"https:\/\/files.radiociutat.com\/rctgn\/wp-content\/uploads\/2026\/04\/Autobusos-scaled-e1777388103622.jpeg","keywords":["campo de tarragona","Transport P\u00fablic"],"articleSection":["Cr\u00f3nicas","\u00daltimas noticias"],"inLanguage":"es"},{"@type":"WebPage","@id":"https:\/\/radiociutat.com\/es\/ultimas-noticias\/cronicas\/casi-5-millones-de-euros-para-mejorar-el-servicio-de-autobuses-interurbanos-de-tarragona\/","url":"https:\/\/radiociutat.com\/es\/ultimas-noticias\/cronicas\/casi-5-millones-de-euros-para-mejorar-el-servicio-de-autobuses-interurbanos-de-tarragona\/","name":"Casi 5 millones de euros para mejorar el servicio de autobuses interurbanos de Tarragona - R\u00e0dio Ciutat de Tarragona","isPartOf":{"@id":"https:\/\/radiociutat.com\/es\/#website"},"primaryImageOfPage":{"@id":"https:\/\/radiociutat.com\/es\/ultimas-noticias\/cronicas\/casi-5-millones-de-euros-para-mejorar-el-servicio-de-autobuses-interurbanos-de-tarragona\/#primaryimage"},"image":{"@id":"https:\/\/radiociutat.com\/es\/ultimas-noticias\/cronicas\/casi-5-millones-de-euros-para-mejorar-el-servicio-de-autobuses-interurbanos-de-tarragona\/#primaryimage"},"thumbnailUrl":"https:\/\/files.radiociutat.com\/rctgn\/wp-content\/uploads\/2026\/04\/Autobusos-scaled-e1777388103622.jpeg","datePublished":"2026-04-28T15:15:48+00:00","author":{"@id":"https:\/\/radiociutat.com\/es\/#\/schema\/person\/0e9e2a935ba5449ab0f804a7b413a7ca"},"breadcrumb":{"@id":"https:\/\/radiociutat.com\/es\/ultimas-noticias\/cronicas\/casi-5-millones-de-euros-para-mejorar-el-servicio-de-autobuses-interurbanos-de-tarragona\/#breadcrumb"},"inLanguage":"es","potentialAction":[{"@type":"ReadAction","target":["https:\/\/radiociutat.com\/es\/ultimas-noticias\/cronicas\/casi-5-millones-de-euros-para-mejorar-el-servicio-de-autobuses-interurbanos-de-tarragona\/"]}]},{"@type":"ImageObject","inLanguage":"es","@id":"https:\/\/radiociutat.com\/es\/ultimas-noticias\/cronicas\/casi-5-millones-de-euros-para-mejorar-el-servicio-de-autobuses-interurbanos-de-tarragona\/#primaryimage","url":"https:\/\/files.radiociutat.com\/rctgn\/wp-content\/uploads\/2026\/04\/Autobusos-scaled-e1777388103622.jpeg","contentUrl":"https:\/\/files.radiociutat.com\/rctgn\/wp-content\/uploads\/2026\/04\/Autobusos-scaled-e1777388103622.jpeg","width":2560,"height":1707,"caption":"Foto: ACN"},{"@type":"BreadcrumbList","@id":"https:\/\/radiociutat.com\/es\/ultimas-noticias\/cronicas\/casi-5-millones-de-euros-para-mejorar-el-servicio-de-autobuses-interurbanos-de-tarragona\/#breadcrumb","itemListElement":[{"@type":"ListItem","position":1,"name":"Inici","item":"https:\/\/radiociutat.com\/es\/"},{"@type":"ListItem","position":2,"name":"Casi 5 millones de euros para mejorar el servicio de autobuses interurbanos de Tarragona"}]},{"@type":"WebSite","@id":"https:\/\/radiociutat.com\/es\/#website","url":"https:\/\/radiociutat.com\/es\/","name":"R\u00e0dio Ciutat de Tarragona","description":"R\u00e0dio Ciutat de Tarragona - RCTgn.cat R\u00e0dio Online","potentialAction":[{"@type":"SearchAction","target":{"@type":"EntryPoint","urlTemplate":"https:\/\/radiociutat.com\/es\/?s={search_term_string}"},"query-input":{"@type":"PropertyValueSpecification","valueRequired":true,"valueName":"search_term_string"}}],"inLanguage":"es"},{"@type":"Person","@id":"https:\/\/radiociutat.com\/es\/#\/schema\/person\/0e9e2a935ba5449ab0f804a7b413a7ca","name":"Eduard Par\u00eds","url":"https:\/\/radiociutat.com\/es\/author\/eparis\/"}]}},"_links":{"self":[{"href":"https:\/\/radiociutat.com\/es\/wp-json\/wp\/v2\/posts\/378613","targetHints":{"allow":["GET"]}}],"collection":[{"href":"https:\/\/radiociutat.com\/es\/wp-json\/wp\/v2\/posts"}],"about":[{"href":"https:\/\/radiociutat.com\/es\/wp-json\/wp\/v2\/types\/post"}],"author":[{"embeddable":true,"href":"https:\/\/radiociutat.com\/es\/wp-json\/wp\/v2\/users\/104"}],"replies":[{"embeddable":true,"href":"https:\/\/radiociutat.com\/es\/wp-json\/wp\/v2\/comments?post=378613"}],"version-history":[{"count":0,"href":"https:\/\/radiociutat.com\/es\/wp-json\/wp\/v2\/posts\/378613\/revisions"}],"wp:featuredmedia":[{"embeddable":true,"href":"https:\/\/radiociutat.com\/es\/wp-json\/wp\/v2\/media\/378597"}],"wp:attachment":[{"href":"https:\/\/radiociutat.com\/es\/wp-json\/wp\/v2\/media?parent=378613"}],"wp:term":[{"taxonomy":"category","embeddable":true,"href":"https:\/\/radiociutat.com\/es\/wp-json\/wp\/v2\/categories?post=378613"},{"taxonomy":"post_tag","embeddable":true,"href":"https:\/\/radiociutat.com\/es\/wp-json\/wp\/v2\/tags?post=378613"}],"curies":[{"name":"wp","href":"https:\/\/api.w.org\/{rel}","templated":true}]}}