{"id":378599,"date":"2026-04-28T16:56:40","date_gmt":"2026-04-28T14:56:40","guid":{"rendered":"https:\/\/radiociutat.com\/programes-podcast\/carrer-major-la-ciencia-entra-en-la-plaza-con-el-documental-castells-de-ciencia\/"},"modified":"2026-04-28T16:56:40","modified_gmt":"2026-04-28T14:56:40","slug":"carrer-major-la-ciencia-entra-en-la-plaza-con-el-documental-castells-de-ciencia","status":"publish","type":"post","link":"https:\/\/radiociutat.com\/es\/carrer-major-tarragona-secciones\/carrer-major-la-ciencia-entra-en-la-plaza-con-el-documental-castells-de-ciencia\/","title":{"rendered":"Carrer Major | La ciencia entra en la plaza con el documental \u2018Castells de Ci\u00e8ncia\u2019"},"content":{"rendered":"\n<p>El mundo de los castells se puede explicar no solo desde la tradici\u00f3n y la emoci\u00f3n, sino tambi\u00e9n desde la ciencia. Este es el punto de partida del documental Castells de Ci\u00e8ncia, impulsado por la Universidad Rovira i Virgili, TAC 12 y La Xarxa, que explora este fen\u00f3meno cultural a trav\u00e9s de disciplinas como la f\u00edsica, la psicolog\u00eda o la neurociencia.<\/p>\n\n\n\n<p>Dirigido por el periodista Carles Cort\u00e9s y conducido por la actriz Agn\u00e8s Busquets, el documental propone un viaje divulgativo que conecta el conocimiento cient\u00edfico con la cultura popular castellera.<\/p>\n\n\n\n<p>En una entrevista en el programa <em>Carrer Major<\/em>, Cort\u00e9s ha destacado que el proyecto le ha permitido ir m\u00e1s all\u00e1 de la mirada period\u00edstica habitual del mundo casteller. Seg\u00fan explica, el documental profundiza en aspectos que a menudo quedan fuera de las cr\u00f3nicas de las jornadas, como los procesos emocionales y cient\u00edficos que hay detr\u00e1s de cada construcci\u00f3n.<\/p>\n\n\n\n<p>Por su parte, la investigadora Laia Just, del Departamento de Ciencias M\u00e9dicas B\u00e1sicas de la URV, ha subrayado la importancia de hacer divulgaci\u00f3n cient\u00edfica. En su caso, ha explicado c\u00f3mo los neurotransmisores del cerebro se activan ante el reto casteller, comparando estas reacciones con experiencias como subir a una monta\u00f1a rusa.<\/p>\n\n\n\n<p>El documental apuesta por hacer comprensibles conceptos complejos mediante paralelismos visuales y cotidianos, con el objetivo de llegar tanto al p\u00fablico casteller como a personas ajenas a este mundo o a la ciencia. En este sentido, sus creadores defienden que la ciencia est\u00e1 presente en todos los \u00e1mbitos de la vida y puede ayudar a comprender mejor las emociones colectivas.<\/p>\n\n\n\n<p>Adem\u00e1s, el relato sigue el recorrido personal de Agn\u00e8s Busquets, que vuelve a reconectar con el mundo casteller desde una mirada cient\u00edfica, aportando una dimensi\u00f3n emocional al documental.<\/p>\n\n\n\n<p>\u201cCastells de Ci\u00e8ncia\u201d se estrenar\u00e1 el pr\u00f3ximo 17 de mayo por la noche en la red de televisiones locales y tambi\u00e9n estar\u00e1 disponible en l\u00ednea en su plataforma digital.<\/p>\n","protected":false},"excerpt":{"rendered":"<p>El mundo de los castells se puede explicar no solo desde la tradici\u00f3n y la emoci\u00f3n, sino tambi\u00e9n desde la ciencia. Este es el punto de partida del documental Castells de Ci\u00e8ncia, impulsado por la Universidad Rovira i Virgili, TAC 12 y La Xarxa, que explora este fen\u00f3meno cultural a trav\u00e9s de disciplinas como la [&hellip;]<\/p>\n","protected":false},"author":1,"featured_media":378589,"comment_status":"closed","ping_status":"closed","sticky":false,"template":"","format":"standard","meta":{"footnotes":""},"categories":[13680],"tags":[128,13683,24,14980,88,76,260,129,977,19,218,429],"class_list":["post-378599","post","type-post","status-publish","format-standard","has-post-thumbnail","hentry","category-carrer-major-tarragona-secciones","tag-actualitat","tag-calle-mayor","tag-castells","tag-castells-de-ciencia","tag-info","tag-informatiu","tag-noticies","tag-societat","tag-tac12","tag-tarragona","tag-tgn","tag-urv"],"yoast_head":"<!-- This site is optimized with the Yoast SEO Premium plugin v27.4 (Yoast SEO v27.5) - https:\/\/yoast.com\/product\/yoast-seo-premium-wordpress\/ -->\n<title>Carrer Major | La ciencia entra en la plaza con el documental \u2018Castells de Ci\u00e8ncia\u2019 - R\u00e0dio Ciutat de Tarragona<\/title>\n<meta name=\"robots\" content=\"index, follow, max-snippet:-1, max-image-preview:large, max-video-preview:-1\" \/>\n<link rel=\"canonical\" href=\"https:\/\/radiociutat.com\/es\/carrer-major-tarragona-secciones\/carrer-major-la-ciencia-entra-en-la-plaza-con-el-documental-castells-de-ciencia\/\" \/>\n<meta property=\"og:locale\" content=\"es_ES\" \/>\n<meta property=\"og:type\" content=\"article\" \/>\n<meta property=\"og:title\" content=\"Carrer Major | La ciencia entra en la plaza con el documental \u2018Castells de Ci\u00e8ncia\u2019\" \/>\n<meta property=\"og:description\" content=\"El mundo de los castells se puede explicar no solo desde la tradici\u00f3n y la emoci\u00f3n, sino tambi\u00e9n desde la ciencia. Este es el punto de partida del documental Castells de Ci\u00e8ncia, impulsado por la Universidad Rovira i Virgili, TAC 12 y La Xarxa, que explora este fen\u00f3meno cultural a trav\u00e9s de disciplinas como la [&hellip;]\" \/>\n<meta property=\"og:url\" content=\"https:\/\/radiociutat.com\/es\/carrer-major-tarragona-secciones\/carrer-major-la-ciencia-entra-en-la-plaza-con-el-documental-castells-de-ciencia\/\" \/>\n<meta property=\"og:site_name\" content=\"R\u00e0dio Ciutat de Tarragona\" \/>\n<meta property=\"article:publisher\" content=\"https:\/\/www.facebook.com\/rctgn\" \/>\n<meta property=\"article:published_time\" content=\"2026-04-28T14:56:40+00:00\" \/>\n<meta property=\"og:image\" content=\"https:\/\/files.radiociutat.com\/rctgn\/wp-content\/uploads\/2021\/03\/LOGO-RCTGN-RADIO-CIUTAT-DE-TARRAGONA-TRANSPARENTE-TARRAGONA-2020-3000X3000-Redes1-copia.png\" \/>\n\t<meta property=\"og:image:width\" content=\"3000\" \/>\n\t<meta property=\"og:image:height\" content=\"3000\" \/>\n\t<meta property=\"og:image:type\" content=\"image\/png\" \/>\n<meta name=\"author\" content=\"Redacci\u00f3\" \/>\n<meta name=\"twitter:card\" content=\"summary_large_image\" \/>\n<meta name=\"twitter:creator\" content=\"@RCTgn\" \/>\n<meta name=\"twitter:site\" content=\"@RCTgn\" \/>\n<meta name=\"twitter:label1\" content=\"Escrito por\" \/>\n\t<meta name=\"twitter:data1\" content=\"Redacci\u00f3\" \/>\n\t<meta name=\"twitter:label2\" content=\"Tiempo de lectura\" \/>\n\t<meta name=\"twitter:data2\" content=\"2 minutos\" \/>\n<script type=\"application\/ld+json\" class=\"yoast-schema-graph\">{\"@context\":\"https:\\\/\\\/schema.org\",\"@graph\":[{\"@type\":\"Article\",\"@id\":\"https:\\\/\\\/radiociutat.com\\\/es\\\/carrer-major-tarragona-secciones\\\/carrer-major-la-ciencia-entra-en-la-plaza-con-el-documental-castells-de-ciencia\\\/#article\",\"isPartOf\":{\"@id\":\"https:\\\/\\\/radiociutat.com\\\/es\\\/carrer-major-tarragona-secciones\\\/carrer-major-la-ciencia-entra-en-la-plaza-con-el-documental-castells-de-ciencia\\\/\"},\"author\":{\"name\":\"Redacci\u00f3\",\"@id\":\"https:\\\/\\\/radiociutat.com\\\/es\\\/#\\\/schema\\\/person\\\/04b6638f9d2a9ea77408db76c5d8f0b5\"},\"headline\":\"Carrer Major | La ciencia entra en la plaza con el documental \u2018Castells de Ci\u00e8ncia\u2019\",\"datePublished\":\"2026-04-28T14:56:40+00:00\",\"mainEntityOfPage\":{\"@id\":\"https:\\\/\\\/radiociutat.com\\\/es\\\/carrer-major-tarragona-secciones\\\/carrer-major-la-ciencia-entra-en-la-plaza-con-el-documental-castells-de-ciencia\\\/\"},\"wordCount\":363,\"image\":{\"@id\":\"https:\\\/\\\/radiociutat.com\\\/es\\\/carrer-major-tarragona-secciones\\\/carrer-major-la-ciencia-entra-en-la-plaza-con-el-documental-castells-de-ciencia\\\/#primaryimage\"},\"thumbnailUrl\":\"https:\\\/\\\/files.radiociutat.com\\\/rctgn\\\/wp-content\\\/uploads\\\/2026\\\/04\\\/WhatsApp-Image-2026-04-28-at-16.29.14-e1777386665406.jpeg\",\"keywords\":[\"Actualitat\",\"calle mayor\",\"Castells\",\"Castells de Ci\u00e8ncia\",\"Info\",\"Informatiu\",\"not\u00edcies\",\"Societat\",\"Tac12\",\"Tarragona\",\"TGN\",\"URV\"],\"articleSection\":[\"Carrer Major Tarragona | Secciones\"],\"inLanguage\":\"es\"},{\"@type\":\"WebPage\",\"@id\":\"https:\\\/\\\/radiociutat.com\\\/es\\\/carrer-major-tarragona-secciones\\\/carrer-major-la-ciencia-entra-en-la-plaza-con-el-documental-castells-de-ciencia\\\/\",\"url\":\"https:\\\/\\\/radiociutat.com\\\/es\\\/carrer-major-tarragona-secciones\\\/carrer-major-la-ciencia-entra-en-la-plaza-con-el-documental-castells-de-ciencia\\\/\",\"name\":\"Carrer Major | La ciencia entra en la plaza con el documental \u2018Castells de Ci\u00e8ncia\u2019 - R\u00e0dio Ciutat de Tarragona\",\"isPartOf\":{\"@id\":\"https:\\\/\\\/radiociutat.com\\\/es\\\/#website\"},\"primaryImageOfPage\":{\"@id\":\"https:\\\/\\\/radiociutat.com\\\/es\\\/carrer-major-tarragona-secciones\\\/carrer-major-la-ciencia-entra-en-la-plaza-con-el-documental-castells-de-ciencia\\\/#primaryimage\"},\"image\":{\"@id\":\"https:\\\/\\\/radiociutat.com\\\/es\\\/carrer-major-tarragona-secciones\\\/carrer-major-la-ciencia-entra-en-la-plaza-con-el-documental-castells-de-ciencia\\\/#primaryimage\"},\"thumbnailUrl\":\"https:\\\/\\\/files.radiociutat.com\\\/rctgn\\\/wp-content\\\/uploads\\\/2026\\\/04\\\/WhatsApp-Image-2026-04-28-at-16.29.14-e1777386665406.jpeg\",\"datePublished\":\"2026-04-28T14:56:40+00:00\",\"author\":{\"@id\":\"https:\\\/\\\/radiociutat.com\\\/es\\\/#\\\/schema\\\/person\\\/04b6638f9d2a9ea77408db76c5d8f0b5\"},\"breadcrumb\":{\"@id\":\"https:\\\/\\\/radiociutat.com\\\/es\\\/carrer-major-tarragona-secciones\\\/carrer-major-la-ciencia-entra-en-la-plaza-con-el-documental-castells-de-ciencia\\\/#breadcrumb\"},\"inLanguage\":\"es\",\"potentialAction\":[{\"@type\":\"ReadAction\",\"target\":[\"https:\\\/\\\/radiociutat.com\\\/es\\\/carrer-major-tarragona-secciones\\\/carrer-major-la-ciencia-entra-en-la-plaza-con-el-documental-castells-de-ciencia\\\/\"]}]},{\"@type\":\"ImageObject\",\"inLanguage\":\"es\",\"@id\":\"https:\\\/\\\/radiociutat.com\\\/es\\\/carrer-major-tarragona-secciones\\\/carrer-major-la-ciencia-entra-en-la-plaza-con-el-documental-castells-de-ciencia\\\/#primaryimage\",\"url\":\"https:\\\/\\\/files.radiociutat.com\\\/rctgn\\\/wp-content\\\/uploads\\\/2026\\\/04\\\/WhatsApp-Image-2026-04-28-at-16.29.14-e1777386665406.jpeg\",\"contentUrl\":\"https:\\\/\\\/files.radiociutat.com\\\/rctgn\\\/wp-content\\\/uploads\\\/2026\\\/04\\\/WhatsApp-Image-2026-04-28-at-16.29.14-e1777386665406.jpeg\",\"width\":2048,\"height\":1536},{\"@type\":\"BreadcrumbList\",\"@id\":\"https:\\\/\\\/radiociutat.com\\\/es\\\/carrer-major-tarragona-secciones\\\/carrer-major-la-ciencia-entra-en-la-plaza-con-el-documental-castells-de-ciencia\\\/#breadcrumb\",\"itemListElement\":[{\"@type\":\"ListItem\",\"position\":1,\"name\":\"Inici\",\"item\":\"https:\\\/\\\/radiociutat.com\\\/es\\\/\"},{\"@type\":\"ListItem\",\"position\":2,\"name\":\"Carrer Major | La ciencia entra en la plaza con el documental \u2018Castells de Ci\u00e8ncia\u2019\"}]},{\"@type\":\"WebSite\",\"@id\":\"https:\\\/\\\/radiociutat.com\\\/es\\\/#website\",\"url\":\"https:\\\/\\\/radiociutat.com\\\/es\\\/\",\"name\":\"R\u00e0dio Ciutat de Tarragona\",\"description\":\"R\u00e0dio Ciutat de Tarragona - RCTgn.cat R\u00e0dio Online\",\"potentialAction\":[{\"@type\":\"SearchAction\",\"target\":{\"@type\":\"EntryPoint\",\"urlTemplate\":\"https:\\\/\\\/radiociutat.com\\\/es\\\/?s={search_term_string}\"},\"query-input\":{\"@type\":\"PropertyValueSpecification\",\"valueRequired\":true,\"valueName\":\"search_term_string\"}}],\"inLanguage\":\"es\"},{\"@type\":\"Person\",\"@id\":\"https:\\\/\\\/radiociutat.com\\\/es\\\/#\\\/schema\\\/person\\\/04b6638f9d2a9ea77408db76c5d8f0b5\",\"name\":\"Redacci\u00f3\",\"sameAs\":[\"https:\\\/\\\/radiociutat.com\\\/wp-content\\\/uploads\\\/2023\\\/09\\\/LOGO-RCTGN-CUADRAT.png\"],\"url\":\"https:\\\/\\\/radiociutat.com\\\/es\\\/author\\\/jespinosa\\\/\"}]}<\/script>\n<!-- \/ Yoast SEO Premium plugin. -->","yoast_head_json":{"title":"Carrer Major | La ciencia entra en la plaza con el documental \u2018Castells de Ci\u00e8ncia\u2019 - R\u00e0dio Ciutat de Tarragona","robots":{"index":"index","follow":"follow","max-snippet":"max-snippet:-1","max-image-preview":"max-image-preview:large","max-video-preview":"max-video-preview:-1"},"canonical":"https:\/\/radiociutat.com\/es\/carrer-major-tarragona-secciones\/carrer-major-la-ciencia-entra-en-la-plaza-con-el-documental-castells-de-ciencia\/","og_locale":"es_ES","og_type":"article","og_title":"Carrer Major | La ciencia entra en la plaza con el documental \u2018Castells de Ci\u00e8ncia\u2019","og_description":"El mundo de los castells se puede explicar no solo desde la tradici\u00f3n y la emoci\u00f3n, sino tambi\u00e9n desde la ciencia. Este es el punto de partida del documental Castells de Ci\u00e8ncia, impulsado por la Universidad Rovira i Virgili, TAC 12 y La Xarxa, que explora este fen\u00f3meno cultural a trav\u00e9s de disciplinas como la [&hellip;]","og_url":"https:\/\/radiociutat.com\/es\/carrer-major-tarragona-secciones\/carrer-major-la-ciencia-entra-en-la-plaza-con-el-documental-castells-de-ciencia\/","og_site_name":"R\u00e0dio Ciutat de Tarragona","article_publisher":"https:\/\/www.facebook.com\/rctgn","article_published_time":"2026-04-28T14:56:40+00:00","og_image":[{"width":3000,"height":3000,"url":"https:\/\/files.radiociutat.com\/rctgn\/wp-content\/uploads\/2021\/03\/LOGO-RCTGN-RADIO-CIUTAT-DE-TARRAGONA-TRANSPARENTE-TARRAGONA-2020-3000X3000-Redes1-copia.png","type":"image\/png"}],"author":"Redacci\u00f3","twitter_card":"summary_large_image","twitter_creator":"@RCTgn","twitter_site":"@RCTgn","twitter_misc":{"Escrito por":"Redacci\u00f3","Tiempo de lectura":"2 minutos"},"schema":{"@context":"https:\/\/schema.org","@graph":[{"@type":"Article","@id":"https:\/\/radiociutat.com\/es\/carrer-major-tarragona-secciones\/carrer-major-la-ciencia-entra-en-la-plaza-con-el-documental-castells-de-ciencia\/#article","isPartOf":{"@id":"https:\/\/radiociutat.com\/es\/carrer-major-tarragona-secciones\/carrer-major-la-ciencia-entra-en-la-plaza-con-el-documental-castells-de-ciencia\/"},"author":{"name":"Redacci\u00f3","@id":"https:\/\/radiociutat.com\/es\/#\/schema\/person\/04b6638f9d2a9ea77408db76c5d8f0b5"},"headline":"Carrer Major | La ciencia entra en la plaza con el documental \u2018Castells de Ci\u00e8ncia\u2019","datePublished":"2026-04-28T14:56:40+00:00","mainEntityOfPage":{"@id":"https:\/\/radiociutat.com\/es\/carrer-major-tarragona-secciones\/carrer-major-la-ciencia-entra-en-la-plaza-con-el-documental-castells-de-ciencia\/"},"wordCount":363,"image":{"@id":"https:\/\/radiociutat.com\/es\/carrer-major-tarragona-secciones\/carrer-major-la-ciencia-entra-en-la-plaza-con-el-documental-castells-de-ciencia\/#primaryimage"},"thumbnailUrl":"https:\/\/files.radiociutat.com\/rctgn\/wp-content\/uploads\/2026\/04\/WhatsApp-Image-2026-04-28-at-16.29.14-e1777386665406.jpeg","keywords":["Actualitat","calle mayor","Castells","Castells de Ci\u00e8ncia","Info","Informatiu","not\u00edcies","Societat","Tac12","Tarragona","TGN","URV"],"articleSection":["Carrer Major Tarragona | Secciones"],"inLanguage":"es"},{"@type":"WebPage","@id":"https:\/\/radiociutat.com\/es\/carrer-major-tarragona-secciones\/carrer-major-la-ciencia-entra-en-la-plaza-con-el-documental-castells-de-ciencia\/","url":"https:\/\/radiociutat.com\/es\/carrer-major-tarragona-secciones\/carrer-major-la-ciencia-entra-en-la-plaza-con-el-documental-castells-de-ciencia\/","name":"Carrer Major | La ciencia entra en la plaza con el documental \u2018Castells de Ci\u00e8ncia\u2019 - R\u00e0dio Ciutat de Tarragona","isPartOf":{"@id":"https:\/\/radiociutat.com\/es\/#website"},"primaryImageOfPage":{"@id":"https:\/\/radiociutat.com\/es\/carrer-major-tarragona-secciones\/carrer-major-la-ciencia-entra-en-la-plaza-con-el-documental-castells-de-ciencia\/#primaryimage"},"image":{"@id":"https:\/\/radiociutat.com\/es\/carrer-major-tarragona-secciones\/carrer-major-la-ciencia-entra-en-la-plaza-con-el-documental-castells-de-ciencia\/#primaryimage"},"thumbnailUrl":"https:\/\/files.radiociutat.com\/rctgn\/wp-content\/uploads\/2026\/04\/WhatsApp-Image-2026-04-28-at-16.29.14-e1777386665406.jpeg","datePublished":"2026-04-28T14:56:40+00:00","author":{"@id":"https:\/\/radiociutat.com\/es\/#\/schema\/person\/04b6638f9d2a9ea77408db76c5d8f0b5"},"breadcrumb":{"@id":"https:\/\/radiociutat.com\/es\/carrer-major-tarragona-secciones\/carrer-major-la-ciencia-entra-en-la-plaza-con-el-documental-castells-de-ciencia\/#breadcrumb"},"inLanguage":"es","potentialAction":[{"@type":"ReadAction","target":["https:\/\/radiociutat.com\/es\/carrer-major-tarragona-secciones\/carrer-major-la-ciencia-entra-en-la-plaza-con-el-documental-castells-de-ciencia\/"]}]},{"@type":"ImageObject","inLanguage":"es","@id":"https:\/\/radiociutat.com\/es\/carrer-major-tarragona-secciones\/carrer-major-la-ciencia-entra-en-la-plaza-con-el-documental-castells-de-ciencia\/#primaryimage","url":"https:\/\/files.radiociutat.com\/rctgn\/wp-content\/uploads\/2026\/04\/WhatsApp-Image-2026-04-28-at-16.29.14-e1777386665406.jpeg","contentUrl":"https:\/\/files.radiociutat.com\/rctgn\/wp-content\/uploads\/2026\/04\/WhatsApp-Image-2026-04-28-at-16.29.14-e1777386665406.jpeg","width":2048,"height":1536},{"@type":"BreadcrumbList","@id":"https:\/\/radiociutat.com\/es\/carrer-major-tarragona-secciones\/carrer-major-la-ciencia-entra-en-la-plaza-con-el-documental-castells-de-ciencia\/#breadcrumb","itemListElement":[{"@type":"ListItem","position":1,"name":"Inici","item":"https:\/\/radiociutat.com\/es\/"},{"@type":"ListItem","position":2,"name":"Carrer Major | La ciencia entra en la plaza con el documental \u2018Castells de Ci\u00e8ncia\u2019"}]},{"@type":"WebSite","@id":"https:\/\/radiociutat.com\/es\/#website","url":"https:\/\/radiociutat.com\/es\/","name":"R\u00e0dio Ciutat de Tarragona","description":"R\u00e0dio Ciutat de Tarragona - RCTgn.cat R\u00e0dio Online","potentialAction":[{"@type":"SearchAction","target":{"@type":"EntryPoint","urlTemplate":"https:\/\/radiociutat.com\/es\/?s={search_term_string}"},"query-input":{"@type":"PropertyValueSpecification","valueRequired":true,"valueName":"search_term_string"}}],"inLanguage":"es"},{"@type":"Person","@id":"https:\/\/radiociutat.com\/es\/#\/schema\/person\/04b6638f9d2a9ea77408db76c5d8f0b5","name":"Redacci\u00f3","sameAs":["https:\/\/radiociutat.com\/wp-content\/uploads\/2023\/09\/LOGO-RCTGN-CUADRAT.png"],"url":"https:\/\/radiociutat.com\/es\/author\/jespinosa\/"}]}},"_links":{"self":[{"href":"https:\/\/radiociutat.com\/es\/wp-json\/wp\/v2\/posts\/378599","targetHints":{"allow":["GET"]}}],"collection":[{"href":"https:\/\/radiociutat.com\/es\/wp-json\/wp\/v2\/posts"}],"about":[{"href":"https:\/\/radiociutat.com\/es\/wp-json\/wp\/v2\/types\/post"}],"author":[{"embeddable":true,"href":"https:\/\/radiociutat.com\/es\/wp-json\/wp\/v2\/users\/1"}],"replies":[{"embeddable":true,"href":"https:\/\/radiociutat.com\/es\/wp-json\/wp\/v2\/comments?post=378599"}],"version-history":[{"count":0,"href":"https:\/\/radiociutat.com\/es\/wp-json\/wp\/v2\/posts\/378599\/revisions"}],"wp:featuredmedia":[{"embeddable":true,"href":"https:\/\/radiociutat.com\/es\/wp-json\/wp\/v2\/media\/378589"}],"wp:attachment":[{"href":"https:\/\/radiociutat.com\/es\/wp-json\/wp\/v2\/media?parent=378599"}],"wp:term":[{"taxonomy":"category","embeddable":true,"href":"https:\/\/radiociutat.com\/es\/wp-json\/wp\/v2\/categories?post=378599"},{"taxonomy":"post_tag","embeddable":true,"href":"https:\/\/radiociutat.com\/es\/wp-json\/wp\/v2\/tags?post=378599"}],"curies":[{"name":"wp","href":"https:\/\/api.w.org\/{rel}","templated":true}]}}