{"id":378566,"date":"2026-04-28T15:47:02","date_gmt":"2026-04-28T13:47:02","guid":{"rendered":"https:\/\/radiociutat.com\/programes-podcast\/el-colegio-de-medicos-de-tarragona-celebra-el-despliegue-de-la-prescripcion-deportiva\/"},"modified":"2026-04-28T15:47:02","modified_gmt":"2026-04-28T13:47:02","slug":"el-colegio-de-medicos-de-tarragona-celebra-el-despliegue-de-la-prescripcion-deportiva","status":"publish","type":"post","link":"https:\/\/radiociutat.com\/es\/ultimas-noticias\/cronicas\/el-colegio-de-medicos-de-tarragona-celebra-el-despliegue-de-la-prescripcion-deportiva\/","title":{"rendered":"El Colegio de M\u00e9dicos de Tarragona celebra el despliegue de la prescripci\u00f3n deportiva"},"content":{"rendered":"\n<p>El Colegio Oficial de M\u00e9dicos de Tarragona ha celebrado el anuncio del Gobierno de Catalu\u00f1a de iniciar el despliegue del Programa de Prescripci\u00f3n Deportiva, una iniciativa que integra el ejercicio f\u00edsico como herramienta terap\u00e9utica dentro del sistema sanitario. El proyecto permitir\u00e1 a los profesionales de la salud derivar pacientes a programas de actividad f\u00edsica supervisados y adaptados a sus necesidades.<\/p>\n\n\n\n<p>Seg\u00fan el presidente del COMT, Sergi Boada, \u201cse trata de un paso importante en la buena direcci\u00f3n\u201d. Boada ha defendido que la prescripci\u00f3n de ejercicio f\u00edsico debe formar parte de la pr\u00e1ctica cl\u00ednica habitual, con liderazgo m\u00e9dico y con la colaboraci\u00f3n imprescindible de los profesionales de la actividad f\u00edsica y el deporte.<\/p>\n\n\n\n<p>El colegio subraya que el despliegue del programa deber\u00eda ir m\u00e1s all\u00e1 de la atenci\u00f3n primaria y extenderse de manera transversal a todas las especialidades m\u00e9dicas. El objetivo es garantizar un abordaje integral de los pacientes y aprovechar el potencial del ejercicio f\u00edsico tanto en la prevenci\u00f3n como en el tratamiento de diversas patolog\u00edas.<\/p>\n\n\n\n<p>En esta l\u00ednea, el COMT recuerda su participaci\u00f3n, conjuntamente con el Colegio de Profesionales de la Actividad F\u00edsica y del Deporte de Catalu\u00f1a, en la puesta en marcha del proyecto \u201cLa salud se entrena\u201d. Esta herramienta funciona como un buscador de programas de ejercicio f\u00edsico supervisados por profesionales cualificados y facilita a los sanitarios la identificaci\u00f3n de recursos fiables para derivar pacientes de manera segura, personalizada y basada en la evidencia.<\/p>\n\n\n\n<p>Paralelamente, la instituci\u00f3n contin\u00faa apostando por la formaci\u00f3n en este \u00e1mbito y trabaja en un curso acreditado de prescripci\u00f3n de ejercicio f\u00edsico, con el objetivo de integrar esta pr\u00e1ctica en la atenci\u00f3n cl\u00ednica y fomentar h\u00e1bitos de vida saludables.<\/p>\n","protected":false},"excerpt":{"rendered":"<p>El Colegio Oficial de M\u00e9dicos de Tarragona ha celebrado el anuncio del Gobierno de Catalu\u00f1a de iniciar el despliegue del Programa de Prescripci\u00f3n Deportiva, una iniciativa que integra el ejercicio f\u00edsico como herramienta terap\u00e9utica dentro del sistema sanitario. El proyecto permitir\u00e1 a los profesionales de la salud derivar pacientes a programas de actividad f\u00edsica supervisados [&hellip;]<\/p>\n","protected":false},"author":1,"featured_media":378564,"comment_status":"closed","ping_status":"closed","sticky":false,"template":"","format":"standard","meta":{"footnotes":""},"categories":[13688],"tags":[128,13694,14978,260,129,19,218],"class_list":["post-378566","post","type-post","status-publish","format-standard","has-post-thumbnail","hentry","category-cronicas","tag-actualitat","tag-comt-2","tag-exercisi-fisic","tag-noticies","tag-societat","tag-tarragona","tag-tgn"],"yoast_head":"<!-- This site is optimized with the Yoast SEO Premium plugin v27.4 (Yoast SEO v27.5) - https:\/\/yoast.com\/product\/yoast-seo-premium-wordpress\/ -->\n<title>El Colegio de M\u00e9dicos de Tarragona celebra el despliegue de la prescripci\u00f3n deportiva - R\u00e0dio Ciutat de Tarragona<\/title>\n<meta name=\"robots\" content=\"index, follow, max-snippet:-1, max-image-preview:large, max-video-preview:-1\" \/>\n<link rel=\"canonical\" href=\"https:\/\/radiociutat.com\/es\/ultimas-noticias\/cronicas\/el-colegio-de-medicos-de-tarragona-celebra-el-despliegue-de-la-prescripcion-deportiva\/\" \/>\n<meta property=\"og:locale\" content=\"es_ES\" \/>\n<meta property=\"og:type\" content=\"article\" \/>\n<meta property=\"og:title\" content=\"El Colegio de M\u00e9dicos de Tarragona celebra el despliegue de la prescripci\u00f3n deportiva\" \/>\n<meta property=\"og:description\" content=\"El Colegio Oficial de M\u00e9dicos de Tarragona ha celebrado el anuncio del Gobierno de Catalu\u00f1a de iniciar el despliegue del Programa de Prescripci\u00f3n Deportiva, una iniciativa que integra el ejercicio f\u00edsico como herramienta terap\u00e9utica dentro del sistema sanitario. El proyecto permitir\u00e1 a los profesionales de la salud derivar pacientes a programas de actividad f\u00edsica supervisados [&hellip;]\" \/>\n<meta property=\"og:url\" content=\"https:\/\/radiociutat.com\/es\/ultimas-noticias\/cronicas\/el-colegio-de-medicos-de-tarragona-celebra-el-despliegue-de-la-prescripcion-deportiva\/\" \/>\n<meta property=\"og:site_name\" content=\"R\u00e0dio Ciutat de Tarragona\" \/>\n<meta property=\"article:publisher\" content=\"https:\/\/www.facebook.com\/rctgn\" \/>\n<meta property=\"article:published_time\" content=\"2026-04-28T13:47:02+00:00\" \/>\n<meta property=\"og:image\" content=\"https:\/\/files.radiociutat.com\/rctgn\/wp-content\/uploads\/2021\/03\/LOGO-RCTGN-RADIO-CIUTAT-DE-TARRAGONA-TRANSPARENTE-TARRAGONA-2020-3000X3000-Redes1-copia.png\" \/>\n\t<meta property=\"og:image:width\" content=\"3000\" \/>\n\t<meta property=\"og:image:height\" content=\"3000\" \/>\n\t<meta property=\"og:image:type\" content=\"image\/png\" \/>\n<meta name=\"author\" content=\"Redacci\u00f3\" \/>\n<meta name=\"twitter:card\" content=\"summary_large_image\" \/>\n<meta name=\"twitter:creator\" content=\"@RCTgn\" \/>\n<meta name=\"twitter:site\" content=\"@RCTgn\" \/>\n<meta name=\"twitter:label1\" content=\"Escrito por\" \/>\n\t<meta name=\"twitter:data1\" content=\"Redacci\u00f3\" \/>\n\t<meta name=\"twitter:label2\" content=\"Tiempo de lectura\" \/>\n\t<meta name=\"twitter:data2\" content=\"2 minutos\" \/>\n<script type=\"application\/ld+json\" class=\"yoast-schema-graph\">{\"@context\":\"https:\\\/\\\/schema.org\",\"@graph\":[{\"@type\":\"Article\",\"@id\":\"https:\\\/\\\/radiociutat.com\\\/es\\\/ultimas-noticias\\\/cronicas\\\/el-colegio-de-medicos-de-tarragona-celebra-el-despliegue-de-la-prescripcion-deportiva\\\/#article\",\"isPartOf\":{\"@id\":\"https:\\\/\\\/radiociutat.com\\\/es\\\/ultimas-noticias\\\/cronicas\\\/el-colegio-de-medicos-de-tarragona-celebra-el-despliegue-de-la-prescripcion-deportiva\\\/\"},\"author\":{\"name\":\"Redacci\u00f3\",\"@id\":\"https:\\\/\\\/radiociutat.com\\\/es\\\/#\\\/schema\\\/person\\\/04b6638f9d2a9ea77408db76c5d8f0b5\"},\"headline\":\"El Colegio de M\u00e9dicos de Tarragona celebra el despliegue de la prescripci\u00f3n deportiva\",\"datePublished\":\"2026-04-28T13:47:02+00:00\",\"mainEntityOfPage\":{\"@id\":\"https:\\\/\\\/radiociutat.com\\\/es\\\/ultimas-noticias\\\/cronicas\\\/el-colegio-de-medicos-de-tarragona-celebra-el-despliegue-de-la-prescripcion-deportiva\\\/\"},\"wordCount\":328,\"image\":{\"@id\":\"https:\\\/\\\/radiociutat.com\\\/es\\\/ultimas-noticias\\\/cronicas\\\/el-colegio-de-medicos-de-tarragona-celebra-el-despliegue-de-la-prescripcion-deportiva\\\/#primaryimage\"},\"thumbnailUrl\":\"https:\\\/\\\/files.radiociutat.com\\\/rctgn\\\/wp-content\\\/uploads\\\/2026\\\/04\\\/COMT-Berni-Alvarez-exercici-fisic-scaled-e1777383878115.jpg\",\"keywords\":[\"Actualitat\",\"COMT\",\"Exercisi f\u00edsic\",\"not\u00edcies\",\"Societat\",\"Tarragona\",\"TGN\"],\"articleSection\":[\"Cr\u00f3nicas\"],\"inLanguage\":\"es\"},{\"@type\":\"WebPage\",\"@id\":\"https:\\\/\\\/radiociutat.com\\\/es\\\/ultimas-noticias\\\/cronicas\\\/el-colegio-de-medicos-de-tarragona-celebra-el-despliegue-de-la-prescripcion-deportiva\\\/\",\"url\":\"https:\\\/\\\/radiociutat.com\\\/es\\\/ultimas-noticias\\\/cronicas\\\/el-colegio-de-medicos-de-tarragona-celebra-el-despliegue-de-la-prescripcion-deportiva\\\/\",\"name\":\"El Colegio de M\u00e9dicos de Tarragona celebra el despliegue de la prescripci\u00f3n deportiva - R\u00e0dio Ciutat de Tarragona\",\"isPartOf\":{\"@id\":\"https:\\\/\\\/radiociutat.com\\\/es\\\/#website\"},\"primaryImageOfPage\":{\"@id\":\"https:\\\/\\\/radiociutat.com\\\/es\\\/ultimas-noticias\\\/cronicas\\\/el-colegio-de-medicos-de-tarragona-celebra-el-despliegue-de-la-prescripcion-deportiva\\\/#primaryimage\"},\"image\":{\"@id\":\"https:\\\/\\\/radiociutat.com\\\/es\\\/ultimas-noticias\\\/cronicas\\\/el-colegio-de-medicos-de-tarragona-celebra-el-despliegue-de-la-prescripcion-deportiva\\\/#primaryimage\"},\"thumbnailUrl\":\"https:\\\/\\\/files.radiociutat.com\\\/rctgn\\\/wp-content\\\/uploads\\\/2026\\\/04\\\/COMT-Berni-Alvarez-exercici-fisic-scaled-e1777383878115.jpg\",\"datePublished\":\"2026-04-28T13:47:02+00:00\",\"author\":{\"@id\":\"https:\\\/\\\/radiociutat.com\\\/es\\\/#\\\/schema\\\/person\\\/04b6638f9d2a9ea77408db76c5d8f0b5\"},\"breadcrumb\":{\"@id\":\"https:\\\/\\\/radiociutat.com\\\/es\\\/ultimas-noticias\\\/cronicas\\\/el-colegio-de-medicos-de-tarragona-celebra-el-despliegue-de-la-prescripcion-deportiva\\\/#breadcrumb\"},\"inLanguage\":\"es\",\"potentialAction\":[{\"@type\":\"ReadAction\",\"target\":[\"https:\\\/\\\/radiociutat.com\\\/es\\\/ultimas-noticias\\\/cronicas\\\/el-colegio-de-medicos-de-tarragona-celebra-el-despliegue-de-la-prescripcion-deportiva\\\/\"]}]},{\"@type\":\"ImageObject\",\"inLanguage\":\"es\",\"@id\":\"https:\\\/\\\/radiociutat.com\\\/es\\\/ultimas-noticias\\\/cronicas\\\/el-colegio-de-medicos-de-tarragona-celebra-el-despliegue-de-la-prescripcion-deportiva\\\/#primaryimage\",\"url\":\"https:\\\/\\\/files.radiociutat.com\\\/rctgn\\\/wp-content\\\/uploads\\\/2026\\\/04\\\/COMT-Berni-Alvarez-exercici-fisic-scaled-e1777383878115.jpg\",\"contentUrl\":\"https:\\\/\\\/files.radiociutat.com\\\/rctgn\\\/wp-content\\\/uploads\\\/2026\\\/04\\\/COMT-Berni-Alvarez-exercici-fisic-scaled-e1777383878115.jpg\",\"width\":2560,\"height\":1920},{\"@type\":\"BreadcrumbList\",\"@id\":\"https:\\\/\\\/radiociutat.com\\\/es\\\/ultimas-noticias\\\/cronicas\\\/el-colegio-de-medicos-de-tarragona-celebra-el-despliegue-de-la-prescripcion-deportiva\\\/#breadcrumb\",\"itemListElement\":[{\"@type\":\"ListItem\",\"position\":1,\"name\":\"Inici\",\"item\":\"https:\\\/\\\/radiociutat.com\\\/es\\\/\"},{\"@type\":\"ListItem\",\"position\":2,\"name\":\"El Colegio de M\u00e9dicos de Tarragona celebra el despliegue de la prescripci\u00f3n deportiva\"}]},{\"@type\":\"WebSite\",\"@id\":\"https:\\\/\\\/radiociutat.com\\\/es\\\/#website\",\"url\":\"https:\\\/\\\/radiociutat.com\\\/es\\\/\",\"name\":\"R\u00e0dio Ciutat de Tarragona\",\"description\":\"R\u00e0dio Ciutat de Tarragona - RCTgn.cat R\u00e0dio Online\",\"potentialAction\":[{\"@type\":\"SearchAction\",\"target\":{\"@type\":\"EntryPoint\",\"urlTemplate\":\"https:\\\/\\\/radiociutat.com\\\/es\\\/?s={search_term_string}\"},\"query-input\":{\"@type\":\"PropertyValueSpecification\",\"valueRequired\":true,\"valueName\":\"search_term_string\"}}],\"inLanguage\":\"es\"},{\"@type\":\"Person\",\"@id\":\"https:\\\/\\\/radiociutat.com\\\/es\\\/#\\\/schema\\\/person\\\/04b6638f9d2a9ea77408db76c5d8f0b5\",\"name\":\"Redacci\u00f3\",\"sameAs\":[\"https:\\\/\\\/radiociutat.com\\\/wp-content\\\/uploads\\\/2023\\\/09\\\/LOGO-RCTGN-CUADRAT.png\"],\"url\":\"https:\\\/\\\/radiociutat.com\\\/es\\\/author\\\/jespinosa\\\/\"}]}<\/script>\n<!-- \/ Yoast SEO Premium plugin. -->","yoast_head_json":{"title":"El Colegio de M\u00e9dicos de Tarragona celebra el despliegue de la prescripci\u00f3n deportiva - R\u00e0dio Ciutat de Tarragona","robots":{"index":"index","follow":"follow","max-snippet":"max-snippet:-1","max-image-preview":"max-image-preview:large","max-video-preview":"max-video-preview:-1"},"canonical":"https:\/\/radiociutat.com\/es\/ultimas-noticias\/cronicas\/el-colegio-de-medicos-de-tarragona-celebra-el-despliegue-de-la-prescripcion-deportiva\/","og_locale":"es_ES","og_type":"article","og_title":"El Colegio de M\u00e9dicos de Tarragona celebra el despliegue de la prescripci\u00f3n deportiva","og_description":"El Colegio Oficial de M\u00e9dicos de Tarragona ha celebrado el anuncio del Gobierno de Catalu\u00f1a de iniciar el despliegue del Programa de Prescripci\u00f3n Deportiva, una iniciativa que integra el ejercicio f\u00edsico como herramienta terap\u00e9utica dentro del sistema sanitario. El proyecto permitir\u00e1 a los profesionales de la salud derivar pacientes a programas de actividad f\u00edsica supervisados [&hellip;]","og_url":"https:\/\/radiociutat.com\/es\/ultimas-noticias\/cronicas\/el-colegio-de-medicos-de-tarragona-celebra-el-despliegue-de-la-prescripcion-deportiva\/","og_site_name":"R\u00e0dio Ciutat de Tarragona","article_publisher":"https:\/\/www.facebook.com\/rctgn","article_published_time":"2026-04-28T13:47:02+00:00","og_image":[{"width":3000,"height":3000,"url":"https:\/\/files.radiociutat.com\/rctgn\/wp-content\/uploads\/2021\/03\/LOGO-RCTGN-RADIO-CIUTAT-DE-TARRAGONA-TRANSPARENTE-TARRAGONA-2020-3000X3000-Redes1-copia.png","type":"image\/png"}],"author":"Redacci\u00f3","twitter_card":"summary_large_image","twitter_creator":"@RCTgn","twitter_site":"@RCTgn","twitter_misc":{"Escrito por":"Redacci\u00f3","Tiempo de lectura":"2 minutos"},"schema":{"@context":"https:\/\/schema.org","@graph":[{"@type":"Article","@id":"https:\/\/radiociutat.com\/es\/ultimas-noticias\/cronicas\/el-colegio-de-medicos-de-tarragona-celebra-el-despliegue-de-la-prescripcion-deportiva\/#article","isPartOf":{"@id":"https:\/\/radiociutat.com\/es\/ultimas-noticias\/cronicas\/el-colegio-de-medicos-de-tarragona-celebra-el-despliegue-de-la-prescripcion-deportiva\/"},"author":{"name":"Redacci\u00f3","@id":"https:\/\/radiociutat.com\/es\/#\/schema\/person\/04b6638f9d2a9ea77408db76c5d8f0b5"},"headline":"El Colegio de M\u00e9dicos de Tarragona celebra el despliegue de la prescripci\u00f3n deportiva","datePublished":"2026-04-28T13:47:02+00:00","mainEntityOfPage":{"@id":"https:\/\/radiociutat.com\/es\/ultimas-noticias\/cronicas\/el-colegio-de-medicos-de-tarragona-celebra-el-despliegue-de-la-prescripcion-deportiva\/"},"wordCount":328,"image":{"@id":"https:\/\/radiociutat.com\/es\/ultimas-noticias\/cronicas\/el-colegio-de-medicos-de-tarragona-celebra-el-despliegue-de-la-prescripcion-deportiva\/#primaryimage"},"thumbnailUrl":"https:\/\/files.radiociutat.com\/rctgn\/wp-content\/uploads\/2026\/04\/COMT-Berni-Alvarez-exercici-fisic-scaled-e1777383878115.jpg","keywords":["Actualitat","COMT","Exercisi f\u00edsic","not\u00edcies","Societat","Tarragona","TGN"],"articleSection":["Cr\u00f3nicas"],"inLanguage":"es"},{"@type":"WebPage","@id":"https:\/\/radiociutat.com\/es\/ultimas-noticias\/cronicas\/el-colegio-de-medicos-de-tarragona-celebra-el-despliegue-de-la-prescripcion-deportiva\/","url":"https:\/\/radiociutat.com\/es\/ultimas-noticias\/cronicas\/el-colegio-de-medicos-de-tarragona-celebra-el-despliegue-de-la-prescripcion-deportiva\/","name":"El Colegio de M\u00e9dicos de Tarragona celebra el despliegue de la prescripci\u00f3n deportiva - R\u00e0dio Ciutat de Tarragona","isPartOf":{"@id":"https:\/\/radiociutat.com\/es\/#website"},"primaryImageOfPage":{"@id":"https:\/\/radiociutat.com\/es\/ultimas-noticias\/cronicas\/el-colegio-de-medicos-de-tarragona-celebra-el-despliegue-de-la-prescripcion-deportiva\/#primaryimage"},"image":{"@id":"https:\/\/radiociutat.com\/es\/ultimas-noticias\/cronicas\/el-colegio-de-medicos-de-tarragona-celebra-el-despliegue-de-la-prescripcion-deportiva\/#primaryimage"},"thumbnailUrl":"https:\/\/files.radiociutat.com\/rctgn\/wp-content\/uploads\/2026\/04\/COMT-Berni-Alvarez-exercici-fisic-scaled-e1777383878115.jpg","datePublished":"2026-04-28T13:47:02+00:00","author":{"@id":"https:\/\/radiociutat.com\/es\/#\/schema\/person\/04b6638f9d2a9ea77408db76c5d8f0b5"},"breadcrumb":{"@id":"https:\/\/radiociutat.com\/es\/ultimas-noticias\/cronicas\/el-colegio-de-medicos-de-tarragona-celebra-el-despliegue-de-la-prescripcion-deportiva\/#breadcrumb"},"inLanguage":"es","potentialAction":[{"@type":"ReadAction","target":["https:\/\/radiociutat.com\/es\/ultimas-noticias\/cronicas\/el-colegio-de-medicos-de-tarragona-celebra-el-despliegue-de-la-prescripcion-deportiva\/"]}]},{"@type":"ImageObject","inLanguage":"es","@id":"https:\/\/radiociutat.com\/es\/ultimas-noticias\/cronicas\/el-colegio-de-medicos-de-tarragona-celebra-el-despliegue-de-la-prescripcion-deportiva\/#primaryimage","url":"https:\/\/files.radiociutat.com\/rctgn\/wp-content\/uploads\/2026\/04\/COMT-Berni-Alvarez-exercici-fisic-scaled-e1777383878115.jpg","contentUrl":"https:\/\/files.radiociutat.com\/rctgn\/wp-content\/uploads\/2026\/04\/COMT-Berni-Alvarez-exercici-fisic-scaled-e1777383878115.jpg","width":2560,"height":1920},{"@type":"BreadcrumbList","@id":"https:\/\/radiociutat.com\/es\/ultimas-noticias\/cronicas\/el-colegio-de-medicos-de-tarragona-celebra-el-despliegue-de-la-prescripcion-deportiva\/#breadcrumb","itemListElement":[{"@type":"ListItem","position":1,"name":"Inici","item":"https:\/\/radiociutat.com\/es\/"},{"@type":"ListItem","position":2,"name":"El Colegio de M\u00e9dicos de Tarragona celebra el despliegue de la prescripci\u00f3n deportiva"}]},{"@type":"WebSite","@id":"https:\/\/radiociutat.com\/es\/#website","url":"https:\/\/radiociutat.com\/es\/","name":"R\u00e0dio Ciutat de Tarragona","description":"R\u00e0dio Ciutat de Tarragona - RCTgn.cat R\u00e0dio Online","potentialAction":[{"@type":"SearchAction","target":{"@type":"EntryPoint","urlTemplate":"https:\/\/radiociutat.com\/es\/?s={search_term_string}"},"query-input":{"@type":"PropertyValueSpecification","valueRequired":true,"valueName":"search_term_string"}}],"inLanguage":"es"},{"@type":"Person","@id":"https:\/\/radiociutat.com\/es\/#\/schema\/person\/04b6638f9d2a9ea77408db76c5d8f0b5","name":"Redacci\u00f3","sameAs":["https:\/\/radiociutat.com\/wp-content\/uploads\/2023\/09\/LOGO-RCTGN-CUADRAT.png"],"url":"https:\/\/radiociutat.com\/es\/author\/jespinosa\/"}]}},"_links":{"self":[{"href":"https:\/\/radiociutat.com\/es\/wp-json\/wp\/v2\/posts\/378566","targetHints":{"allow":["GET"]}}],"collection":[{"href":"https:\/\/radiociutat.com\/es\/wp-json\/wp\/v2\/posts"}],"about":[{"href":"https:\/\/radiociutat.com\/es\/wp-json\/wp\/v2\/types\/post"}],"author":[{"embeddable":true,"href":"https:\/\/radiociutat.com\/es\/wp-json\/wp\/v2\/users\/1"}],"replies":[{"embeddable":true,"href":"https:\/\/radiociutat.com\/es\/wp-json\/wp\/v2\/comments?post=378566"}],"version-history":[{"count":0,"href":"https:\/\/radiociutat.com\/es\/wp-json\/wp\/v2\/posts\/378566\/revisions"}],"wp:featuredmedia":[{"embeddable":true,"href":"https:\/\/radiociutat.com\/es\/wp-json\/wp\/v2\/media\/378564"}],"wp:attachment":[{"href":"https:\/\/radiociutat.com\/es\/wp-json\/wp\/v2\/media?parent=378566"}],"wp:term":[{"taxonomy":"category","embeddable":true,"href":"https:\/\/radiociutat.com\/es\/wp-json\/wp\/v2\/categories?post=378566"},{"taxonomy":"post_tag","embeddable":true,"href":"https:\/\/radiociutat.com\/es\/wp-json\/wp\/v2\/tags?post=378566"}],"curies":[{"name":"wp","href":"https:\/\/api.w.org\/{rel}","templated":true}]}}