{"id":378559,"date":"2026-04-28T15:31:46","date_gmt":"2026-04-28T13:31:46","guid":{"rendered":"https:\/\/radiociutat.com\/programes-podcast\/asi-se-podran-comprobar-este-miercoles-las-buenas-ubicaciones-para-ver-el-eclipse-del-mes-de-agosto\/"},"modified":"2026-04-28T15:31:46","modified_gmt":"2026-04-28T13:31:46","slug":"asi-se-podran-comprobar-este-miercoles-las-buenas-ubicaciones-para-ver-el-eclipse-del-mes-de-agosto","status":"publish","type":"post","link":"https:\/\/radiociutat.com\/es\/ultimas-noticias\/cronicas\/asi-se-podran-comprobar-este-miercoles-las-buenas-ubicaciones-para-ver-el-eclipse-del-mes-de-agosto\/","title":{"rendered":"As\u00ed se podr\u00e1n comprobar este mi\u00e9rcoles las buenas ubicaciones para ver el eclipse del mes de agosto"},"content":{"rendered":"\n<p>Este mi\u00e9rcoles, a las 20:21h, el sol ocupar\u00e1 pr\u00e1cticamente la misma posici\u00f3n en el cielo que durante la totalidad del eclipse solar que tendr\u00e1 lugar el 12 de agosto. De esta manera, si a esta hora observ\u00e1is el sol de pleno y sin ning\u00fan obst\u00e1culo, ten\u00e9is una buena ubicaci\u00f3n para ver el eclipse el mes de agosto.<\/p>\n\n\n\n<p>De hecho, una veintena de voluntarios participar\u00e1n en Tarragona en un simulacro para determinar las mejores ubicaciones desde donde observar el eclipse. La acci\u00f3n, impulsada por el Ayuntamiento de Tarragona, permitir\u00e1 comprobar con precisi\u00f3n la visibilidad desde diferentes puntos de la ciudad.<\/p>\n\n\n\n<p>Los voluntarios se distribuir\u00e1n por diversas zonas, como la Marina Port T\u00e0rraco, el Moll de Costa, el parque del Francol\u00ed, la Anella Mediterr\u00e0nia y barrios como Sant Pere i Sant Pau, Bonavista y la Canonja. Desde cada ubicaci\u00f3n, capturar\u00e1n im\u00e1genes para verificar tanto la posici\u00f3n del sol como la posible presencia de obst\u00e1culos visuales, como edificios o elementos del paisaje. Con los resultados, se crear\u00e1 un mapa detallado que se ofrecer\u00e1 a la ciudadan\u00eda para facilitar la observaci\u00f3n del eclipse.<\/p>\n\n\n\n<p>Para llevar a cabo el simulacro con seguridad, se recomienda utilizar protecci\u00f3n adecuada para los ojos y para los dispositivos \u00f3pticos. Alternativamente, se puede realizar la observaci\u00f3n de espaldas al sol, fotografiando la propia sombra y el entorno.<\/p>\n","protected":false},"excerpt":{"rendered":"<p>Este mi\u00e9rcoles, a las 20:21h, el sol ocupar\u00e1 pr\u00e1cticamente la misma posici\u00f3n en el cielo que durante la totalidad del eclipse solar que tendr\u00e1 lugar el 12 de agosto. De esta manera, si a esta hora observ\u00e1is el sol de pleno y sin ning\u00fan obst\u00e1culo, ten\u00e9is una buena ubicaci\u00f3n para ver el eclipse el mes [&hellip;]<\/p>\n","protected":false},"author":33,"featured_media":309599,"comment_status":"closed","ping_status":"closed","sticky":false,"template":"","format":"standard","meta":{"footnotes":""},"categories":[13688],"tags":[128,14974,14975,88,260,129,19,218],"class_list":["post-378559","post","type-post","status-publish","format-standard","has-post-thumbnail","hentry","category-cronicas","tag-actualitat","tag-agost","tag-eclipsi","tag-info","tag-noticies","tag-societat","tag-tarragona","tag-tgn"],"yoast_head":"<!-- This site is optimized with the Yoast SEO Premium plugin v27.4 (Yoast SEO v27.5) - https:\/\/yoast.com\/product\/yoast-seo-premium-wordpress\/ -->\n<title>As\u00ed se podr\u00e1n comprobar este mi\u00e9rcoles las buenas ubicaciones para ver el eclipse del mes de agosto - R\u00e0dio Ciutat de Tarragona<\/title>\n<meta name=\"robots\" content=\"index, follow, max-snippet:-1, max-image-preview:large, max-video-preview:-1\" \/>\n<link rel=\"canonical\" href=\"https:\/\/radiociutat.com\/es\/ultimas-noticias\/cronicas\/asi-se-podran-comprobar-este-miercoles-las-buenas-ubicaciones-para-ver-el-eclipse-del-mes-de-agosto\/\" \/>\n<meta property=\"og:locale\" content=\"es_ES\" \/>\n<meta property=\"og:type\" content=\"article\" \/>\n<meta property=\"og:title\" content=\"As\u00ed se podr\u00e1n comprobar este mi\u00e9rcoles las buenas ubicaciones para ver el eclipse del mes de agosto\" \/>\n<meta property=\"og:description\" content=\"Este mi\u00e9rcoles, a las 20:21h, el sol ocupar\u00e1 pr\u00e1cticamente la misma posici\u00f3n en el cielo que durante la totalidad del eclipse solar que tendr\u00e1 lugar el 12 de agosto. De esta manera, si a esta hora observ\u00e1is el sol de pleno y sin ning\u00fan obst\u00e1culo, ten\u00e9is una buena ubicaci\u00f3n para ver el eclipse el mes [&hellip;]\" \/>\n<meta property=\"og:url\" content=\"https:\/\/radiociutat.com\/es\/ultimas-noticias\/cronicas\/asi-se-podran-comprobar-este-miercoles-las-buenas-ubicaciones-para-ver-el-eclipse-del-mes-de-agosto\/\" \/>\n<meta property=\"og:site_name\" content=\"R\u00e0dio Ciutat de Tarragona\" \/>\n<meta property=\"article:publisher\" content=\"https:\/\/www.facebook.com\/rctgn\" \/>\n<meta property=\"article:published_time\" content=\"2026-04-28T13:31:46+00:00\" \/>\n<meta property=\"og:image\" content=\"https:\/\/files.radiociutat.com\/rctgn\/wp-content\/uploads\/2021\/03\/LOGO-RCTGN-RADIO-CIUTAT-DE-TARRAGONA-TRANSPARENTE-TARRAGONA-2020-3000X3000-Redes1-copia.png\" \/>\n\t<meta property=\"og:image:width\" content=\"3000\" \/>\n\t<meta property=\"og:image:height\" content=\"3000\" \/>\n\t<meta property=\"og:image:type\" content=\"image\/png\" \/>\n<meta name=\"author\" content=\"Adri\u00e0 Tella\" \/>\n<meta name=\"twitter:card\" content=\"summary_large_image\" \/>\n<meta name=\"twitter:creator\" content=\"@RCTgn\" \/>\n<meta name=\"twitter:site\" content=\"@RCTgn\" \/>\n<meta name=\"twitter:label1\" content=\"Escrito por\" \/>\n\t<meta name=\"twitter:data1\" content=\"Adri\u00e0 Tella\" \/>\n\t<meta name=\"twitter:label2\" content=\"Tiempo de lectura\" \/>\n\t<meta name=\"twitter:data2\" content=\"1 minuto\" \/>\n<script type=\"application\/ld+json\" class=\"yoast-schema-graph\">{\"@context\":\"https:\\\/\\\/schema.org\",\"@graph\":[{\"@type\":\"Article\",\"@id\":\"https:\\\/\\\/radiociutat.com\\\/es\\\/ultimas-noticias\\\/cronicas\\\/asi-se-podran-comprobar-este-miercoles-las-buenas-ubicaciones-para-ver-el-eclipse-del-mes-de-agosto\\\/#article\",\"isPartOf\":{\"@id\":\"https:\\\/\\\/radiociutat.com\\\/es\\\/ultimas-noticias\\\/cronicas\\\/asi-se-podran-comprobar-este-miercoles-las-buenas-ubicaciones-para-ver-el-eclipse-del-mes-de-agosto\\\/\"},\"author\":{\"name\":\"Adri\u00e0 Tella\",\"@id\":\"https:\\\/\\\/radiociutat.com\\\/es\\\/#\\\/schema\\\/person\\\/3086c6cfd718c2c9cb3329ff2a2ed197\"},\"headline\":\"As\u00ed se podr\u00e1n comprobar este mi\u00e9rcoles las buenas ubicaciones para ver el eclipse del mes de agosto\",\"datePublished\":\"2026-04-28T13:31:46+00:00\",\"mainEntityOfPage\":{\"@id\":\"https:\\\/\\\/radiociutat.com\\\/es\\\/ultimas-noticias\\\/cronicas\\\/asi-se-podran-comprobar-este-miercoles-las-buenas-ubicaciones-para-ver-el-eclipse-del-mes-de-agosto\\\/\"},\"wordCount\":258,\"image\":{\"@id\":\"https:\\\/\\\/radiociutat.com\\\/es\\\/ultimas-noticias\\\/cronicas\\\/asi-se-podran-comprobar-este-miercoles-las-buenas-ubicaciones-para-ver-el-eclipse-del-mes-de-agosto\\\/#primaryimage\"},\"thumbnailUrl\":\"https:\\\/\\\/files.radiociutat.com\\\/rctgn\\\/wp-content\\\/uploads\\\/2022\\\/01\\\/dia-soleado.jpg\",\"keywords\":[\"Actualitat\",\"Agost\",\"Eclipsi\",\"Info\",\"not\u00edcies\",\"Societat\",\"Tarragona\",\"TGN\"],\"articleSection\":[\"Cr\u00f3nicas\"],\"inLanguage\":\"es\"},{\"@type\":\"WebPage\",\"@id\":\"https:\\\/\\\/radiociutat.com\\\/es\\\/ultimas-noticias\\\/cronicas\\\/asi-se-podran-comprobar-este-miercoles-las-buenas-ubicaciones-para-ver-el-eclipse-del-mes-de-agosto\\\/\",\"url\":\"https:\\\/\\\/radiociutat.com\\\/es\\\/ultimas-noticias\\\/cronicas\\\/asi-se-podran-comprobar-este-miercoles-las-buenas-ubicaciones-para-ver-el-eclipse-del-mes-de-agosto\\\/\",\"name\":\"As\u00ed se podr\u00e1n comprobar este mi\u00e9rcoles las buenas ubicaciones para ver el eclipse del mes de agosto - R\u00e0dio Ciutat de Tarragona\",\"isPartOf\":{\"@id\":\"https:\\\/\\\/radiociutat.com\\\/es\\\/#website\"},\"primaryImageOfPage\":{\"@id\":\"https:\\\/\\\/radiociutat.com\\\/es\\\/ultimas-noticias\\\/cronicas\\\/asi-se-podran-comprobar-este-miercoles-las-buenas-ubicaciones-para-ver-el-eclipse-del-mes-de-agosto\\\/#primaryimage\"},\"image\":{\"@id\":\"https:\\\/\\\/radiociutat.com\\\/es\\\/ultimas-noticias\\\/cronicas\\\/asi-se-podran-comprobar-este-miercoles-las-buenas-ubicaciones-para-ver-el-eclipse-del-mes-de-agosto\\\/#primaryimage\"},\"thumbnailUrl\":\"https:\\\/\\\/files.radiociutat.com\\\/rctgn\\\/wp-content\\\/uploads\\\/2022\\\/01\\\/dia-soleado.jpg\",\"datePublished\":\"2026-04-28T13:31:46+00:00\",\"author\":{\"@id\":\"https:\\\/\\\/radiociutat.com\\\/es\\\/#\\\/schema\\\/person\\\/3086c6cfd718c2c9cb3329ff2a2ed197\"},\"breadcrumb\":{\"@id\":\"https:\\\/\\\/radiociutat.com\\\/es\\\/ultimas-noticias\\\/cronicas\\\/asi-se-podran-comprobar-este-miercoles-las-buenas-ubicaciones-para-ver-el-eclipse-del-mes-de-agosto\\\/#breadcrumb\"},\"inLanguage\":\"es\",\"potentialAction\":[{\"@type\":\"ReadAction\",\"target\":[\"https:\\\/\\\/radiociutat.com\\\/es\\\/ultimas-noticias\\\/cronicas\\\/asi-se-podran-comprobar-este-miercoles-las-buenas-ubicaciones-para-ver-el-eclipse-del-mes-de-agosto\\\/\"]}]},{\"@type\":\"ImageObject\",\"inLanguage\":\"es\",\"@id\":\"https:\\\/\\\/radiociutat.com\\\/es\\\/ultimas-noticias\\\/cronicas\\\/asi-se-podran-comprobar-este-miercoles-las-buenas-ubicaciones-para-ver-el-eclipse-del-mes-de-agosto\\\/#primaryimage\",\"url\":\"https:\\\/\\\/files.radiociutat.com\\\/rctgn\\\/wp-content\\\/uploads\\\/2022\\\/01\\\/dia-soleado.jpg\",\"contentUrl\":\"https:\\\/\\\/files.radiociutat.com\\\/rctgn\\\/wp-content\\\/uploads\\\/2022\\\/01\\\/dia-soleado.jpg\",\"width\":612,\"height\":408,\"caption\":\"Sunny background, blue sky with white clouds and sun\"},{\"@type\":\"BreadcrumbList\",\"@id\":\"https:\\\/\\\/radiociutat.com\\\/es\\\/ultimas-noticias\\\/cronicas\\\/asi-se-podran-comprobar-este-miercoles-las-buenas-ubicaciones-para-ver-el-eclipse-del-mes-de-agosto\\\/#breadcrumb\",\"itemListElement\":[{\"@type\":\"ListItem\",\"position\":1,\"name\":\"Inici\",\"item\":\"https:\\\/\\\/radiociutat.com\\\/es\\\/\"},{\"@type\":\"ListItem\",\"position\":2,\"name\":\"As\u00ed se podr\u00e1n comprobar este mi\u00e9rcoles las buenas ubicaciones para ver el eclipse del mes de agosto\"}]},{\"@type\":\"WebSite\",\"@id\":\"https:\\\/\\\/radiociutat.com\\\/es\\\/#website\",\"url\":\"https:\\\/\\\/radiociutat.com\\\/es\\\/\",\"name\":\"R\u00e0dio Ciutat de Tarragona\",\"description\":\"R\u00e0dio Ciutat de Tarragona - RCTgn.cat R\u00e0dio Online\",\"potentialAction\":[{\"@type\":\"SearchAction\",\"target\":{\"@type\":\"EntryPoint\",\"urlTemplate\":\"https:\\\/\\\/radiociutat.com\\\/es\\\/?s={search_term_string}\"},\"query-input\":{\"@type\":\"PropertyValueSpecification\",\"valueRequired\":true,\"valueName\":\"search_term_string\"}}],\"inLanguage\":\"es\"},{\"@type\":\"Person\",\"@id\":\"https:\\\/\\\/radiociutat.com\\\/es\\\/#\\\/schema\\\/person\\\/3086c6cfd718c2c9cb3329ff2a2ed197\",\"name\":\"Adri\u00e0 Tella\",\"sameAs\":[\"https:\\\/\\\/radiociutat.com\\\/wp-content\\\/uploads\\\/2023\\\/09\\\/adri-tella-1-1-e1694013359760.png\"],\"url\":\"https:\\\/\\\/radiociutat.com\\\/es\\\/author\\\/atella\\\/\"}]}<\/script>\n<!-- \/ Yoast SEO Premium plugin. -->","yoast_head_json":{"title":"As\u00ed se podr\u00e1n comprobar este mi\u00e9rcoles las buenas ubicaciones para ver el eclipse del mes de agosto - R\u00e0dio Ciutat de Tarragona","robots":{"index":"index","follow":"follow","max-snippet":"max-snippet:-1","max-image-preview":"max-image-preview:large","max-video-preview":"max-video-preview:-1"},"canonical":"https:\/\/radiociutat.com\/es\/ultimas-noticias\/cronicas\/asi-se-podran-comprobar-este-miercoles-las-buenas-ubicaciones-para-ver-el-eclipse-del-mes-de-agosto\/","og_locale":"es_ES","og_type":"article","og_title":"As\u00ed se podr\u00e1n comprobar este mi\u00e9rcoles las buenas ubicaciones para ver el eclipse del mes de agosto","og_description":"Este mi\u00e9rcoles, a las 20:21h, el sol ocupar\u00e1 pr\u00e1cticamente la misma posici\u00f3n en el cielo que durante la totalidad del eclipse solar que tendr\u00e1 lugar el 12 de agosto. De esta manera, si a esta hora observ\u00e1is el sol de pleno y sin ning\u00fan obst\u00e1culo, ten\u00e9is una buena ubicaci\u00f3n para ver el eclipse el mes [&hellip;]","og_url":"https:\/\/radiociutat.com\/es\/ultimas-noticias\/cronicas\/asi-se-podran-comprobar-este-miercoles-las-buenas-ubicaciones-para-ver-el-eclipse-del-mes-de-agosto\/","og_site_name":"R\u00e0dio Ciutat de Tarragona","article_publisher":"https:\/\/www.facebook.com\/rctgn","article_published_time":"2026-04-28T13:31:46+00:00","og_image":[{"width":3000,"height":3000,"url":"https:\/\/files.radiociutat.com\/rctgn\/wp-content\/uploads\/2021\/03\/LOGO-RCTGN-RADIO-CIUTAT-DE-TARRAGONA-TRANSPARENTE-TARRAGONA-2020-3000X3000-Redes1-copia.png","type":"image\/png"}],"author":"Adri\u00e0 Tella","twitter_card":"summary_large_image","twitter_creator":"@RCTgn","twitter_site":"@RCTgn","twitter_misc":{"Escrito por":"Adri\u00e0 Tella","Tiempo de lectura":"1 minuto"},"schema":{"@context":"https:\/\/schema.org","@graph":[{"@type":"Article","@id":"https:\/\/radiociutat.com\/es\/ultimas-noticias\/cronicas\/asi-se-podran-comprobar-este-miercoles-las-buenas-ubicaciones-para-ver-el-eclipse-del-mes-de-agosto\/#article","isPartOf":{"@id":"https:\/\/radiociutat.com\/es\/ultimas-noticias\/cronicas\/asi-se-podran-comprobar-este-miercoles-las-buenas-ubicaciones-para-ver-el-eclipse-del-mes-de-agosto\/"},"author":{"name":"Adri\u00e0 Tella","@id":"https:\/\/radiociutat.com\/es\/#\/schema\/person\/3086c6cfd718c2c9cb3329ff2a2ed197"},"headline":"As\u00ed se podr\u00e1n comprobar este mi\u00e9rcoles las buenas ubicaciones para ver el eclipse del mes de agosto","datePublished":"2026-04-28T13:31:46+00:00","mainEntityOfPage":{"@id":"https:\/\/radiociutat.com\/es\/ultimas-noticias\/cronicas\/asi-se-podran-comprobar-este-miercoles-las-buenas-ubicaciones-para-ver-el-eclipse-del-mes-de-agosto\/"},"wordCount":258,"image":{"@id":"https:\/\/radiociutat.com\/es\/ultimas-noticias\/cronicas\/asi-se-podran-comprobar-este-miercoles-las-buenas-ubicaciones-para-ver-el-eclipse-del-mes-de-agosto\/#primaryimage"},"thumbnailUrl":"https:\/\/files.radiociutat.com\/rctgn\/wp-content\/uploads\/2022\/01\/dia-soleado.jpg","keywords":["Actualitat","Agost","Eclipsi","Info","not\u00edcies","Societat","Tarragona","TGN"],"articleSection":["Cr\u00f3nicas"],"inLanguage":"es"},{"@type":"WebPage","@id":"https:\/\/radiociutat.com\/es\/ultimas-noticias\/cronicas\/asi-se-podran-comprobar-este-miercoles-las-buenas-ubicaciones-para-ver-el-eclipse-del-mes-de-agosto\/","url":"https:\/\/radiociutat.com\/es\/ultimas-noticias\/cronicas\/asi-se-podran-comprobar-este-miercoles-las-buenas-ubicaciones-para-ver-el-eclipse-del-mes-de-agosto\/","name":"As\u00ed se podr\u00e1n comprobar este mi\u00e9rcoles las buenas ubicaciones para ver el eclipse del mes de agosto - R\u00e0dio Ciutat de Tarragona","isPartOf":{"@id":"https:\/\/radiociutat.com\/es\/#website"},"primaryImageOfPage":{"@id":"https:\/\/radiociutat.com\/es\/ultimas-noticias\/cronicas\/asi-se-podran-comprobar-este-miercoles-las-buenas-ubicaciones-para-ver-el-eclipse-del-mes-de-agosto\/#primaryimage"},"image":{"@id":"https:\/\/radiociutat.com\/es\/ultimas-noticias\/cronicas\/asi-se-podran-comprobar-este-miercoles-las-buenas-ubicaciones-para-ver-el-eclipse-del-mes-de-agosto\/#primaryimage"},"thumbnailUrl":"https:\/\/files.radiociutat.com\/rctgn\/wp-content\/uploads\/2022\/01\/dia-soleado.jpg","datePublished":"2026-04-28T13:31:46+00:00","author":{"@id":"https:\/\/radiociutat.com\/es\/#\/schema\/person\/3086c6cfd718c2c9cb3329ff2a2ed197"},"breadcrumb":{"@id":"https:\/\/radiociutat.com\/es\/ultimas-noticias\/cronicas\/asi-se-podran-comprobar-este-miercoles-las-buenas-ubicaciones-para-ver-el-eclipse-del-mes-de-agosto\/#breadcrumb"},"inLanguage":"es","potentialAction":[{"@type":"ReadAction","target":["https:\/\/radiociutat.com\/es\/ultimas-noticias\/cronicas\/asi-se-podran-comprobar-este-miercoles-las-buenas-ubicaciones-para-ver-el-eclipse-del-mes-de-agosto\/"]}]},{"@type":"ImageObject","inLanguage":"es","@id":"https:\/\/radiociutat.com\/es\/ultimas-noticias\/cronicas\/asi-se-podran-comprobar-este-miercoles-las-buenas-ubicaciones-para-ver-el-eclipse-del-mes-de-agosto\/#primaryimage","url":"https:\/\/files.radiociutat.com\/rctgn\/wp-content\/uploads\/2022\/01\/dia-soleado.jpg","contentUrl":"https:\/\/files.radiociutat.com\/rctgn\/wp-content\/uploads\/2022\/01\/dia-soleado.jpg","width":612,"height":408,"caption":"Sunny background, blue sky with white clouds and sun"},{"@type":"BreadcrumbList","@id":"https:\/\/radiociutat.com\/es\/ultimas-noticias\/cronicas\/asi-se-podran-comprobar-este-miercoles-las-buenas-ubicaciones-para-ver-el-eclipse-del-mes-de-agosto\/#breadcrumb","itemListElement":[{"@type":"ListItem","position":1,"name":"Inici","item":"https:\/\/radiociutat.com\/es\/"},{"@type":"ListItem","position":2,"name":"As\u00ed se podr\u00e1n comprobar este mi\u00e9rcoles las buenas ubicaciones para ver el eclipse del mes de agosto"}]},{"@type":"WebSite","@id":"https:\/\/radiociutat.com\/es\/#website","url":"https:\/\/radiociutat.com\/es\/","name":"R\u00e0dio Ciutat de Tarragona","description":"R\u00e0dio Ciutat de Tarragona - RCTgn.cat R\u00e0dio Online","potentialAction":[{"@type":"SearchAction","target":{"@type":"EntryPoint","urlTemplate":"https:\/\/radiociutat.com\/es\/?s={search_term_string}"},"query-input":{"@type":"PropertyValueSpecification","valueRequired":true,"valueName":"search_term_string"}}],"inLanguage":"es"},{"@type":"Person","@id":"https:\/\/radiociutat.com\/es\/#\/schema\/person\/3086c6cfd718c2c9cb3329ff2a2ed197","name":"Adri\u00e0 Tella","sameAs":["https:\/\/radiociutat.com\/wp-content\/uploads\/2023\/09\/adri-tella-1-1-e1694013359760.png"],"url":"https:\/\/radiociutat.com\/es\/author\/atella\/"}]}},"_links":{"self":[{"href":"https:\/\/radiociutat.com\/es\/wp-json\/wp\/v2\/posts\/378559","targetHints":{"allow":["GET"]}}],"collection":[{"href":"https:\/\/radiociutat.com\/es\/wp-json\/wp\/v2\/posts"}],"about":[{"href":"https:\/\/radiociutat.com\/es\/wp-json\/wp\/v2\/types\/post"}],"author":[{"embeddable":true,"href":"https:\/\/radiociutat.com\/es\/wp-json\/wp\/v2\/users\/33"}],"replies":[{"embeddable":true,"href":"https:\/\/radiociutat.com\/es\/wp-json\/wp\/v2\/comments?post=378559"}],"version-history":[{"count":0,"href":"https:\/\/radiociutat.com\/es\/wp-json\/wp\/v2\/posts\/378559\/revisions"}],"wp:featuredmedia":[{"embeddable":true,"href":"https:\/\/radiociutat.com\/es\/wp-json\/wp\/v2\/media\/309599"}],"wp:attachment":[{"href":"https:\/\/radiociutat.com\/es\/wp-json\/wp\/v2\/media?parent=378559"}],"wp:term":[{"taxonomy":"category","embeddable":true,"href":"https:\/\/radiociutat.com\/es\/wp-json\/wp\/v2\/categories?post=378559"},{"taxonomy":"post_tag","embeddable":true,"href":"https:\/\/radiociutat.com\/es\/wp-json\/wp\/v2\/tags?post=378559"}],"curies":[{"name":"wp","href":"https:\/\/api.w.org\/{rel}","templated":true}]}}