{"id":378549,"date":"2026-04-27T20:35:00","date_gmt":"2026-04-27T18:35:00","guid":{"rendered":"https:\/\/radiociutat.com\/programes-podcast\/la-part-alta-recupera-ca-la-garsa-2\/"},"modified":"2026-04-27T20:35:00","modified_gmt":"2026-04-27T18:35:00","slug":"la-part-alta-recupera-ca-la-garsa-2","status":"publish","type":"post","link":"https:\/\/radiociutat.com\/es\/ultimas-noticias\/cronicas\/la-part-alta-recupera-ca-la-garsa-2\/","title":{"rendered":"La Part Alta recupera Ca la Garsa"},"content":{"rendered":"\n<p>Esta semana han finalizado las obras de rehabilitaci\u00f3n estructural de <strong>Ca la Garsa<\/strong>, que consist\u00edan en la consolidaci\u00f3n de las estructuras existentes en la esquina <strong>entre la plaza dels \u00c0ngels y la calle Talavera<\/strong>. Estas estructuras estaban sostenidas de manera temporal por un andamio de estabilizaci\u00f3n que se mont\u00f3 a causa de unas actuaciones de emergencia en el a\u00f1o 2018.<\/p>\n\n\n\n<p>Las obras de consolidaci\u00f3n se han centrado en cuatro l\u00edneas de acci\u00f3n. Por un lado se ha efectuado el recalce de los cimientos del muro de la calle Talavera; se han estabilizado y cosido las grietas existentes; se han reforzado y mejorado los materiales de los arcos y se ha hecho un saneamiento general para retirar todos los elementos degradados de las estructuras que han perdido su funci\u00f3n, as\u00ed como la reapertura de las calles a los peatones.<\/p>\n\n\n\n<p>Adem\u00e1s, como mejora del contrato, tambi\u00e9n se ha aprovechado para instalar nueva iluminaci\u00f3n ornamental que pone en valor las arcadas de Ca la Garsa. Se han instalado cuatro luminarias para iluminar los arcos grandes desde su parte inferior, dos m\u00e1s para iluminar los arcos del pasaje y una para su interior. Adem\u00e1s, dos proyectores para iluminar desde el exterior. Se ha jugado con la temperatura de color, que va entre 2200K y 3000K, para poder resaltar los arcos respecto al resto de elementos.<\/p>\n\n\n\n<p>El presupuesto de adjudicaci\u00f3n de la obra ha sido de 109.796,38\u20ac \u20ac y ha tenido una duraci\u00f3n aproximada de <strong>5 meses<\/strong>.<\/p>\n","protected":false},"excerpt":{"rendered":"<p>Esta semana han finalizado las obras de rehabilitaci\u00f3n estructural de Ca la Garsa, que consist\u00edan en la consolidaci\u00f3n de las estructuras existentes en la esquina entre la plaza dels \u00c0ngels y la calle Talavera. Estas estructuras estaban sostenidas de manera temporal por un andamio de estabilizaci\u00f3n que se mont\u00f3 a causa de unas actuaciones de [&hellip;]<\/p>\n","protected":false},"author":1,"featured_media":354489,"comment_status":"closed","ping_status":"closed","sticky":false,"template":"","format":"standard","meta":{"footnotes":""},"categories":[13688],"tags":[12764,1228,19],"class_list":["post-378549","post","type-post","status-publish","format-standard","has-post-thumbnail","hentry","category-cronicas","tag-ca-la-garsa","tag-part-alta","tag-tarragona"],"yoast_head":"<!-- This site is optimized with the Yoast SEO Premium plugin v27.4 (Yoast SEO v27.5) - https:\/\/yoast.com\/product\/yoast-seo-premium-wordpress\/ -->\n<title>La Part Alta recupera Ca la Garsa - R\u00e0dio Ciutat de Tarragona<\/title>\n<meta name=\"robots\" content=\"index, follow, max-snippet:-1, max-image-preview:large, max-video-preview:-1\" \/>\n<link rel=\"canonical\" href=\"https:\/\/radiociutat.com\/es\/ultimas-noticias\/cronicas\/la-part-alta-recupera-ca-la-garsa-2\/\" \/>\n<meta property=\"og:locale\" content=\"es_ES\" \/>\n<meta property=\"og:type\" content=\"article\" \/>\n<meta property=\"og:title\" content=\"La Part Alta recupera Ca la Garsa\" \/>\n<meta property=\"og:description\" content=\"Esta semana han finalizado las obras de rehabilitaci\u00f3n estructural de Ca la Garsa, que consist\u00edan en la consolidaci\u00f3n de las estructuras existentes en la esquina entre la plaza dels \u00c0ngels y la calle Talavera. Estas estructuras estaban sostenidas de manera temporal por un andamio de estabilizaci\u00f3n que se mont\u00f3 a causa de unas actuaciones de [&hellip;]\" \/>\n<meta property=\"og:url\" content=\"https:\/\/radiociutat.com\/es\/ultimas-noticias\/cronicas\/la-part-alta-recupera-ca-la-garsa-2\/\" \/>\n<meta property=\"og:site_name\" content=\"R\u00e0dio Ciutat de Tarragona\" \/>\n<meta property=\"article:publisher\" content=\"https:\/\/www.facebook.com\/rctgn\" \/>\n<meta property=\"article:published_time\" content=\"2026-04-27T18:35:00+00:00\" \/>\n<meta property=\"og:image\" content=\"https:\/\/files.radiociutat.com\/rctgn\/wp-content\/uploads\/2025\/05\/CA-LA-GARSA-scaled-e1748595258910.jpg\" \/>\n\t<meta property=\"og:image:width\" content=\"800\" \/>\n\t<meta property=\"og:image:height\" content=\"450\" \/>\n\t<meta property=\"og:image:type\" content=\"image\/jpeg\" \/>\n<meta name=\"author\" content=\"Redacci\u00f3\" \/>\n<meta name=\"twitter:card\" content=\"summary_large_image\" \/>\n<meta name=\"twitter:creator\" content=\"@RCTgn\" \/>\n<meta name=\"twitter:site\" content=\"@RCTgn\" \/>\n<meta name=\"twitter:label1\" content=\"Escrito por\" \/>\n\t<meta name=\"twitter:data1\" content=\"Redacci\u00f3\" \/>\n\t<meta name=\"twitter:label2\" content=\"Tiempo de lectura\" \/>\n\t<meta name=\"twitter:data2\" content=\"1 minuto\" \/>\n<script type=\"application\/ld+json\" class=\"yoast-schema-graph\">{\"@context\":\"https:\\\/\\\/schema.org\",\"@graph\":[{\"@type\":\"Article\",\"@id\":\"https:\\\/\\\/radiociutat.com\\\/es\\\/ultimas-noticias\\\/cronicas\\\/la-part-alta-recupera-ca-la-garsa-2\\\/#article\",\"isPartOf\":{\"@id\":\"https:\\\/\\\/radiociutat.com\\\/es\\\/ultimas-noticias\\\/cronicas\\\/la-part-alta-recupera-ca-la-garsa-2\\\/\"},\"author\":{\"name\":\"Redacci\u00f3\",\"@id\":\"https:\\\/\\\/radiociutat.com\\\/es\\\/#\\\/schema\\\/person\\\/04b6638f9d2a9ea77408db76c5d8f0b5\"},\"headline\":\"La Part Alta recupera Ca la Garsa\",\"datePublished\":\"2026-04-27T18:35:00+00:00\",\"mainEntityOfPage\":{\"@id\":\"https:\\\/\\\/radiociutat.com\\\/es\\\/ultimas-noticias\\\/cronicas\\\/la-part-alta-recupera-ca-la-garsa-2\\\/\"},\"wordCount\":261,\"image\":{\"@id\":\"https:\\\/\\\/radiociutat.com\\\/es\\\/ultimas-noticias\\\/cronicas\\\/la-part-alta-recupera-ca-la-garsa-2\\\/#primaryimage\"},\"thumbnailUrl\":\"https:\\\/\\\/files.radiociutat.com\\\/rctgn\\\/wp-content\\\/uploads\\\/2025\\\/05\\\/CA-LA-GARSA-scaled-e1748595258910.jpg\",\"keywords\":[\"Ca la Garsa\",\"Part Alta\",\"Tarragona\"],\"articleSection\":[\"Cr\u00f3nicas\"],\"inLanguage\":\"es\"},{\"@type\":\"WebPage\",\"@id\":\"https:\\\/\\\/radiociutat.com\\\/es\\\/ultimas-noticias\\\/cronicas\\\/la-part-alta-recupera-ca-la-garsa-2\\\/\",\"url\":\"https:\\\/\\\/radiociutat.com\\\/es\\\/ultimas-noticias\\\/cronicas\\\/la-part-alta-recupera-ca-la-garsa-2\\\/\",\"name\":\"La Part Alta recupera Ca la Garsa - R\u00e0dio Ciutat de Tarragona\",\"isPartOf\":{\"@id\":\"https:\\\/\\\/radiociutat.com\\\/es\\\/#website\"},\"primaryImageOfPage\":{\"@id\":\"https:\\\/\\\/radiociutat.com\\\/es\\\/ultimas-noticias\\\/cronicas\\\/la-part-alta-recupera-ca-la-garsa-2\\\/#primaryimage\"},\"image\":{\"@id\":\"https:\\\/\\\/radiociutat.com\\\/es\\\/ultimas-noticias\\\/cronicas\\\/la-part-alta-recupera-ca-la-garsa-2\\\/#primaryimage\"},\"thumbnailUrl\":\"https:\\\/\\\/files.radiociutat.com\\\/rctgn\\\/wp-content\\\/uploads\\\/2025\\\/05\\\/CA-LA-GARSA-scaled-e1748595258910.jpg\",\"datePublished\":\"2026-04-27T18:35:00+00:00\",\"author\":{\"@id\":\"https:\\\/\\\/radiociutat.com\\\/es\\\/#\\\/schema\\\/person\\\/04b6638f9d2a9ea77408db76c5d8f0b5\"},\"breadcrumb\":{\"@id\":\"https:\\\/\\\/radiociutat.com\\\/es\\\/ultimas-noticias\\\/cronicas\\\/la-part-alta-recupera-ca-la-garsa-2\\\/#breadcrumb\"},\"inLanguage\":\"es\",\"potentialAction\":[{\"@type\":\"ReadAction\",\"target\":[\"https:\\\/\\\/radiociutat.com\\\/es\\\/ultimas-noticias\\\/cronicas\\\/la-part-alta-recupera-ca-la-garsa-2\\\/\"]}]},{\"@type\":\"ImageObject\",\"inLanguage\":\"es\",\"@id\":\"https:\\\/\\\/radiociutat.com\\\/es\\\/ultimas-noticias\\\/cronicas\\\/la-part-alta-recupera-ca-la-garsa-2\\\/#primaryimage\",\"url\":\"https:\\\/\\\/files.radiociutat.com\\\/rctgn\\\/wp-content\\\/uploads\\\/2025\\\/05\\\/CA-LA-GARSA-scaled-e1748595258910.jpg\",\"contentUrl\":\"https:\\\/\\\/files.radiociutat.com\\\/rctgn\\\/wp-content\\\/uploads\\\/2025\\\/05\\\/CA-LA-GARSA-scaled-e1748595258910.jpg\",\"width\":800,\"height\":450},{\"@type\":\"BreadcrumbList\",\"@id\":\"https:\\\/\\\/radiociutat.com\\\/es\\\/ultimas-noticias\\\/cronicas\\\/la-part-alta-recupera-ca-la-garsa-2\\\/#breadcrumb\",\"itemListElement\":[{\"@type\":\"ListItem\",\"position\":1,\"name\":\"Inici\",\"item\":\"https:\\\/\\\/radiociutat.com\\\/es\\\/\"},{\"@type\":\"ListItem\",\"position\":2,\"name\":\"La Part Alta recupera Ca la Garsa\"}]},{\"@type\":\"WebSite\",\"@id\":\"https:\\\/\\\/radiociutat.com\\\/es\\\/#website\",\"url\":\"https:\\\/\\\/radiociutat.com\\\/es\\\/\",\"name\":\"R\u00e0dio Ciutat de Tarragona\",\"description\":\"R\u00e0dio Ciutat de Tarragona - RCTgn.cat R\u00e0dio Online\",\"potentialAction\":[{\"@type\":\"SearchAction\",\"target\":{\"@type\":\"EntryPoint\",\"urlTemplate\":\"https:\\\/\\\/radiociutat.com\\\/es\\\/?s={search_term_string}\"},\"query-input\":{\"@type\":\"PropertyValueSpecification\",\"valueRequired\":true,\"valueName\":\"search_term_string\"}}],\"inLanguage\":\"es\"},{\"@type\":\"Person\",\"@id\":\"https:\\\/\\\/radiociutat.com\\\/es\\\/#\\\/schema\\\/person\\\/04b6638f9d2a9ea77408db76c5d8f0b5\",\"name\":\"Redacci\u00f3\",\"sameAs\":[\"https:\\\/\\\/radiociutat.com\\\/wp-content\\\/uploads\\\/2023\\\/09\\\/LOGO-RCTGN-CUADRAT.png\"],\"url\":\"https:\\\/\\\/radiociutat.com\\\/es\\\/author\\\/jespinosa\\\/\"}]}<\/script>\n<!-- \/ Yoast SEO Premium plugin. -->","yoast_head_json":{"title":"La Part Alta recupera Ca la Garsa - R\u00e0dio Ciutat de Tarragona","robots":{"index":"index","follow":"follow","max-snippet":"max-snippet:-1","max-image-preview":"max-image-preview:large","max-video-preview":"max-video-preview:-1"},"canonical":"https:\/\/radiociutat.com\/es\/ultimas-noticias\/cronicas\/la-part-alta-recupera-ca-la-garsa-2\/","og_locale":"es_ES","og_type":"article","og_title":"La Part Alta recupera Ca la Garsa","og_description":"Esta semana han finalizado las obras de rehabilitaci\u00f3n estructural de Ca la Garsa, que consist\u00edan en la consolidaci\u00f3n de las estructuras existentes en la esquina entre la plaza dels \u00c0ngels y la calle Talavera. Estas estructuras estaban sostenidas de manera temporal por un andamio de estabilizaci\u00f3n que se mont\u00f3 a causa de unas actuaciones de [&hellip;]","og_url":"https:\/\/radiociutat.com\/es\/ultimas-noticias\/cronicas\/la-part-alta-recupera-ca-la-garsa-2\/","og_site_name":"R\u00e0dio Ciutat de Tarragona","article_publisher":"https:\/\/www.facebook.com\/rctgn","article_published_time":"2026-04-27T18:35:00+00:00","og_image":[{"width":800,"height":450,"url":"https:\/\/files.radiociutat.com\/rctgn\/wp-content\/uploads\/2025\/05\/CA-LA-GARSA-scaled-e1748595258910.jpg","type":"image\/jpeg"}],"author":"Redacci\u00f3","twitter_card":"summary_large_image","twitter_creator":"@RCTgn","twitter_site":"@RCTgn","twitter_misc":{"Escrito por":"Redacci\u00f3","Tiempo de lectura":"1 minuto"},"schema":{"@context":"https:\/\/schema.org","@graph":[{"@type":"Article","@id":"https:\/\/radiociutat.com\/es\/ultimas-noticias\/cronicas\/la-part-alta-recupera-ca-la-garsa-2\/#article","isPartOf":{"@id":"https:\/\/radiociutat.com\/es\/ultimas-noticias\/cronicas\/la-part-alta-recupera-ca-la-garsa-2\/"},"author":{"name":"Redacci\u00f3","@id":"https:\/\/radiociutat.com\/es\/#\/schema\/person\/04b6638f9d2a9ea77408db76c5d8f0b5"},"headline":"La Part Alta recupera Ca la Garsa","datePublished":"2026-04-27T18:35:00+00:00","mainEntityOfPage":{"@id":"https:\/\/radiociutat.com\/es\/ultimas-noticias\/cronicas\/la-part-alta-recupera-ca-la-garsa-2\/"},"wordCount":261,"image":{"@id":"https:\/\/radiociutat.com\/es\/ultimas-noticias\/cronicas\/la-part-alta-recupera-ca-la-garsa-2\/#primaryimage"},"thumbnailUrl":"https:\/\/files.radiociutat.com\/rctgn\/wp-content\/uploads\/2025\/05\/CA-LA-GARSA-scaled-e1748595258910.jpg","keywords":["Ca la Garsa","Part Alta","Tarragona"],"articleSection":["Cr\u00f3nicas"],"inLanguage":"es"},{"@type":"WebPage","@id":"https:\/\/radiociutat.com\/es\/ultimas-noticias\/cronicas\/la-part-alta-recupera-ca-la-garsa-2\/","url":"https:\/\/radiociutat.com\/es\/ultimas-noticias\/cronicas\/la-part-alta-recupera-ca-la-garsa-2\/","name":"La Part Alta recupera Ca la Garsa - R\u00e0dio Ciutat de Tarragona","isPartOf":{"@id":"https:\/\/radiociutat.com\/es\/#website"},"primaryImageOfPage":{"@id":"https:\/\/radiociutat.com\/es\/ultimas-noticias\/cronicas\/la-part-alta-recupera-ca-la-garsa-2\/#primaryimage"},"image":{"@id":"https:\/\/radiociutat.com\/es\/ultimas-noticias\/cronicas\/la-part-alta-recupera-ca-la-garsa-2\/#primaryimage"},"thumbnailUrl":"https:\/\/files.radiociutat.com\/rctgn\/wp-content\/uploads\/2025\/05\/CA-LA-GARSA-scaled-e1748595258910.jpg","datePublished":"2026-04-27T18:35:00+00:00","author":{"@id":"https:\/\/radiociutat.com\/es\/#\/schema\/person\/04b6638f9d2a9ea77408db76c5d8f0b5"},"breadcrumb":{"@id":"https:\/\/radiociutat.com\/es\/ultimas-noticias\/cronicas\/la-part-alta-recupera-ca-la-garsa-2\/#breadcrumb"},"inLanguage":"es","potentialAction":[{"@type":"ReadAction","target":["https:\/\/radiociutat.com\/es\/ultimas-noticias\/cronicas\/la-part-alta-recupera-ca-la-garsa-2\/"]}]},{"@type":"ImageObject","inLanguage":"es","@id":"https:\/\/radiociutat.com\/es\/ultimas-noticias\/cronicas\/la-part-alta-recupera-ca-la-garsa-2\/#primaryimage","url":"https:\/\/files.radiociutat.com\/rctgn\/wp-content\/uploads\/2025\/05\/CA-LA-GARSA-scaled-e1748595258910.jpg","contentUrl":"https:\/\/files.radiociutat.com\/rctgn\/wp-content\/uploads\/2025\/05\/CA-LA-GARSA-scaled-e1748595258910.jpg","width":800,"height":450},{"@type":"BreadcrumbList","@id":"https:\/\/radiociutat.com\/es\/ultimas-noticias\/cronicas\/la-part-alta-recupera-ca-la-garsa-2\/#breadcrumb","itemListElement":[{"@type":"ListItem","position":1,"name":"Inici","item":"https:\/\/radiociutat.com\/es\/"},{"@type":"ListItem","position":2,"name":"La Part Alta recupera Ca la Garsa"}]},{"@type":"WebSite","@id":"https:\/\/radiociutat.com\/es\/#website","url":"https:\/\/radiociutat.com\/es\/","name":"R\u00e0dio Ciutat de Tarragona","description":"R\u00e0dio Ciutat de Tarragona - RCTgn.cat R\u00e0dio Online","potentialAction":[{"@type":"SearchAction","target":{"@type":"EntryPoint","urlTemplate":"https:\/\/radiociutat.com\/es\/?s={search_term_string}"},"query-input":{"@type":"PropertyValueSpecification","valueRequired":true,"valueName":"search_term_string"}}],"inLanguage":"es"},{"@type":"Person","@id":"https:\/\/radiociutat.com\/es\/#\/schema\/person\/04b6638f9d2a9ea77408db76c5d8f0b5","name":"Redacci\u00f3","sameAs":["https:\/\/radiociutat.com\/wp-content\/uploads\/2023\/09\/LOGO-RCTGN-CUADRAT.png"],"url":"https:\/\/radiociutat.com\/es\/author\/jespinosa\/"}]}},"_links":{"self":[{"href":"https:\/\/radiociutat.com\/es\/wp-json\/wp\/v2\/posts\/378549","targetHints":{"allow":["GET"]}}],"collection":[{"href":"https:\/\/radiociutat.com\/es\/wp-json\/wp\/v2\/posts"}],"about":[{"href":"https:\/\/radiociutat.com\/es\/wp-json\/wp\/v2\/types\/post"}],"author":[{"embeddable":true,"href":"https:\/\/radiociutat.com\/es\/wp-json\/wp\/v2\/users\/1"}],"replies":[{"embeddable":true,"href":"https:\/\/radiociutat.com\/es\/wp-json\/wp\/v2\/comments?post=378549"}],"version-history":[{"count":0,"href":"https:\/\/radiociutat.com\/es\/wp-json\/wp\/v2\/posts\/378549\/revisions"}],"wp:featuredmedia":[{"embeddable":true,"href":"https:\/\/radiociutat.com\/es\/wp-json\/wp\/v2\/media\/354489"}],"wp:attachment":[{"href":"https:\/\/radiociutat.com\/es\/wp-json\/wp\/v2\/media?parent=378549"}],"wp:term":[{"taxonomy":"category","embeddable":true,"href":"https:\/\/radiociutat.com\/es\/wp-json\/wp\/v2\/categories?post=378549"},{"taxonomy":"post_tag","embeddable":true,"href":"https:\/\/radiociutat.com\/es\/wp-json\/wp\/v2\/tags?post=378549"}],"curies":[{"name":"wp","href":"https:\/\/api.w.org\/{rel}","templated":true}]}}