{"id":378509,"date":"2026-04-28T13:45:53","date_gmt":"2026-04-28T11:45:53","guid":{"rendered":"https:\/\/radiociutat.com\/programes-podcast\/tarragona-daily-el-paro-baja-en-tarragona-pero-continua-siendo-la-demarcacion-con-la-tasa-mas-alta-de-cataluna\/"},"modified":"2026-04-28T13:45:53","modified_gmt":"2026-04-28T11:45:53","slug":"tarragona-daily-el-paro-baja-en-tarragona-pero-continua-siendo-la-demarcacion-con-la-tasa-mas-alta-de-cataluna","status":"publish","type":"post","link":"https:\/\/radiociutat.com\/es\/tarragona-daily-radio-ciutat-de-tarragona\/tarragona-daily-el-paro-baja-en-tarragona-pero-continua-siendo-la-demarcacion-con-la-tasa-mas-alta-de-cataluna\/","title":{"rendered":"Tarragona Daily | El paro baja en Tarragona pero contin\u00faa siendo la demarcaci\u00f3n con la tasa m\u00e1s alta de Catalu\u00f1a"},"content":{"rendered":"\n<p><a href=\"https:\/\/radiociutat.com\/ultimes-noticies-tarragona\/la-taxa-datur-baixa-pero-tarragona-continua-sent-la-demarcacio-amb-lindicador-mes-elevat\/\">La tasa de paro baja pero Tarragona sigue siendo la demarcaci\u00f3n con el indicador m\u00e1s elevado<\/a><\/p>\n\n\n\n<p><strong>La tasa de paro baja ligeramente en Tarragona durante el primer trimestre de 2026, pasando del 12,87% al 12,6%, con un total de 391.800 personas ocupadas. Es la \u00fanica demarcaci\u00f3n catalana donde el paro se ha reducido en este periodo. A pesar de esta mejora, contin\u00faa siendo el territorio con el indicador m\u00e1s elevado por encima de Gerona, L\u00e9rida y Barcelona.<\/strong><\/p>\n\n\n\n<p>En el conjunto de Catalu\u00f1a, la situaci\u00f3n es menos favorable. Seg\u00fan la Encuesta de Poblaci\u00f3n Activa (EPA), el n\u00famero de parados ha subido hasta las 435.600 personas, superando el 10% de paro por primera vez en tres a\u00f1os. Esto representa un aumento del 24% respecto al trimestre anterior y del 15,7% en comparaci\u00f3n con el a\u00f1o pasado.<\/p>\n\n\n\n<p>La tasa de paro catalana ha crecido 1,88 puntos trimestrales y se sit\u00faa 1,21 puntos por encima de la registrada hace un a\u00f1o, rompiendo as\u00ed la tendencia a la baja de los \u00faltimos once trimestres.<\/p>\n\n\n\n<p><a href=\"https:\/\/radiociutat.com\/ultimes-noticies-tarragona\/ugt-i-ccoo-fan-una-crida-a-la-mobilitzacio-del-primer-de-maig-a-tarragona\/\">UGT y CCOO hacen un llamamiento a la movilizaci\u00f3n del Primero de Mayo en Tarragona<\/a><\/p>\n\n\n\n<p><strong>UGT y CCOO han hecho un llamamiento a la movilizaci\u00f3n del Primero de Mayo en Tarragona en un contexto marcado por la preocupaci\u00f3n social y laboral. Los sindicatos denuncian el aumento del coste de la vida, el estancamiento de los salarios y la precariedad laboral, as\u00ed como la siniestralidad, que contin\u00faa provocando v\u00edctimas.<\/strong><\/p>\n\n\n\n<p>Bajo el lema \u201cContra las guerras y el fascismo, m\u00e1s derechos y m\u00e1s sindicalismo\u201d, reclaman subidas salariales, reducci\u00f3n de la jornada laboral y m\u00e1s fuerza en la negociaci\u00f3n colectiva. Tambi\u00e9n exigen mejoras en la prevenci\u00f3n de riesgos laborales y m\u00e1s recursos para la inspecci\u00f3n de trabajo.<\/p>\n\n\n\n<p>La manifestaci\u00f3n tendr\u00e1 lugar a las 12 h en la plaza Imperial Tarraco y finalizar\u00e1 en el Monument dels Despullats, donde se realizar\u00e1n los discursos.<\/p>\n\n\n\n<p><a href=\"https:\/\/radiociutat.com\/ultimes-noticies-tarragona\/croniques-actualitat\/sinstallen-caixes-niu-en-diferents-punts-de-la-ciutat-per-fomentar-la-biodiversitat-urbana\/\">Se instalan cajas nido en diferentes puntos de la ciudad para fomentar la biodiversidad urbana<\/a><br><\/p>\n\n\n\n<p><strong>El Ayuntamiento de Tarragona ha instalado cajas nido para aves rapaces en diferentes puntos del municipio con el objetivo de fomentar la biodiversidad urbana y mejorar el equilibrio ecol\u00f3gico. En total, se han colocado nueve estructuras para especies como el halc\u00f3n peregrino, el cern\u00edcalo, la lechuza y el autillo, presentes en la ciudad pero con dificultades de nidificaci\u00f3n.<\/strong><\/p>\n\n\n\n<p>La medida tambi\u00e9n busca controlar la superpoblaci\u00f3n de palomas, estorninos y t\u00f3rtolas, ya que los rapaces act\u00faan como depredadores naturales. Las cajas se han ubicado en puntos como la Rambla Nova, Campclar o Sant Pere i Sant Pau. El proyecto incluye seguimiento y mantenimiento peri\u00f3dico.<\/p>\n\n\n\n<p><a href=\"https:\/\/radiociutat.com\/ultimes-noticies-tarragona\/la-taxa-datur-baixa-pero-tarragona-continua-sent-la-demarcacio-amb-lindicador-mes-elevat\/\">La tasa de paro baja pero Tarragona sigue siendo la demarcaci\u00f3n con el indicador m\u00e1s elevado<\/a><\/p>\n\n\n\n<p><strong>Urbaser ha iniciado la entrega de kits de verano a los trabajadores del servicio de limpieza y recogida de residuos de Tarragona para mejorar la protecci\u00f3n frente a las altas temperaturas y las condiciones laborales. La medida se ha adelantado a petici\u00f3n del comit\u00e9 de Seguridad y Salud ante el aumento sostenido del calor.<\/strong><\/p>\n\n\n\n<p>El pack incluye mochila, gorra y botella de agua t\u00e9rmica, pensados para facilitar el trabajo en horas de m\u00e1xima insolaci\u00f3n. El objetivo es proteger al personal de calle y garantizar un servicio m\u00e1s seguro.<\/p>\n\n\n\n<p>A partir del 1 de junio se a\u00f1adir\u00e1 crema solar con protecci\u00f3n contra mosquitos y espinilleras para controlar la temperatura corporal en trabajadores sensibles y mayores de 50 a\u00f1os. Tambi\u00e9n se refuerza el dispositivo para el personal de playas y se prepara un nuevo procedimiento de seguridad.<\/p>\n","protected":false},"excerpt":{"rendered":"<p>La tasa de paro baja pero Tarragona sigue siendo la demarcaci\u00f3n con el indicador m\u00e1s elevado La tasa de paro baja ligeramente en Tarragona durante el primer trimestre de 2026, pasando del 12,87% al 12,6%, con un total de 391.800 personas ocupadas. Es la \u00fanica demarcaci\u00f3n catalana donde el paro se ha reducido en este [&hellip;]<\/p>\n","protected":false},"author":84,"featured_media":378490,"comment_status":"closed","ping_status":"closed","sticky":false,"template":"","format":"standard","meta":{"footnotes":""},"categories":[13686],"tags":[19,13673],"class_list":["post-378509","post","type-post","status-publish","format-standard","has-post-thumbnail","hentry","category-tarragona-daily-radio-ciutat-de-tarragona","tag-tarragona","tag-tarragona-daily-2"],"yoast_head":"<!-- This site is optimized with the Yoast SEO Premium plugin v27.4 (Yoast SEO v27.5) - https:\/\/yoast.com\/product\/yoast-seo-premium-wordpress\/ -->\n<title>Tarragona Daily | El paro baja en Tarragona pero contin\u00faa siendo la demarcaci\u00f3n con la tasa m\u00e1s alta de Catalu\u00f1a - R\u00e0dio Ciutat de Tarragona<\/title>\n<meta name=\"robots\" content=\"index, follow, max-snippet:-1, max-image-preview:large, max-video-preview:-1\" \/>\n<link rel=\"canonical\" href=\"https:\/\/radiociutat.com\/es\/tarragona-daily-radio-ciutat-de-tarragona\/tarragona-daily-el-paro-baja-en-tarragona-pero-continua-siendo-la-demarcacion-con-la-tasa-mas-alta-de-cataluna\/\" \/>\n<meta property=\"og:locale\" content=\"es_ES\" \/>\n<meta property=\"og:type\" content=\"article\" \/>\n<meta property=\"og:title\" content=\"Tarragona Daily | El paro baja en Tarragona pero contin\u00faa siendo la demarcaci\u00f3n con la tasa m\u00e1s alta de Catalu\u00f1a\" \/>\n<meta property=\"og:description\" content=\"La tasa de paro baja pero Tarragona sigue siendo la demarcaci\u00f3n con el indicador m\u00e1s elevado La tasa de paro baja ligeramente en Tarragona durante el primer trimestre de 2026, pasando del 12,87% al 12,6%, con un total de 391.800 personas ocupadas. Es la \u00fanica demarcaci\u00f3n catalana donde el paro se ha reducido en este [&hellip;]\" \/>\n<meta property=\"og:url\" content=\"https:\/\/radiociutat.com\/es\/tarragona-daily-radio-ciutat-de-tarragona\/tarragona-daily-el-paro-baja-en-tarragona-pero-continua-siendo-la-demarcacion-con-la-tasa-mas-alta-de-cataluna\/\" \/>\n<meta property=\"og:site_name\" content=\"R\u00e0dio Ciutat de Tarragona\" \/>\n<meta property=\"article:publisher\" content=\"https:\/\/www.facebook.com\/rctgn\" \/>\n<meta property=\"article:published_time\" content=\"2026-04-28T11:45:53+00:00\" \/>\n<meta property=\"og:image\" content=\"https:\/\/files.radiociutat.com\/rctgn\/wp-content\/uploads\/2026\/04\/Agricultor-scaled.jpg\" \/>\n\t<meta property=\"og:image:width\" content=\"2560\" \/>\n\t<meta property=\"og:image:height\" content=\"1707\" \/>\n\t<meta property=\"og:image:type\" content=\"image\/jpeg\" \/>\n<meta name=\"author\" content=\"Adri\u00e0 Duch\" \/>\n<meta name=\"twitter:card\" content=\"summary_large_image\" \/>\n<meta name=\"twitter:creator\" content=\"@RCTgn\" \/>\n<meta name=\"twitter:site\" content=\"@RCTgn\" \/>\n<meta name=\"twitter:label1\" content=\"Escrito por\" \/>\n\t<meta name=\"twitter:data1\" content=\"Adri\u00e0 Duch\" \/>\n\t<meta name=\"twitter:label2\" content=\"Tiempo de lectura\" \/>\n\t<meta name=\"twitter:data2\" content=\"3 minutos\" \/>\n<script type=\"application\/ld+json\" class=\"yoast-schema-graph\">{\"@context\":\"https:\\\/\\\/schema.org\",\"@graph\":[{\"@type\":\"Article\",\"@id\":\"https:\\\/\\\/radiociutat.com\\\/es\\\/tarragona-daily-radio-ciutat-de-tarragona\\\/tarragona-daily-el-paro-baja-en-tarragona-pero-continua-siendo-la-demarcacion-con-la-tasa-mas-alta-de-cataluna\\\/#article\",\"isPartOf\":{\"@id\":\"https:\\\/\\\/radiociutat.com\\\/es\\\/tarragona-daily-radio-ciutat-de-tarragona\\\/tarragona-daily-el-paro-baja-en-tarragona-pero-continua-siendo-la-demarcacion-con-la-tasa-mas-alta-de-cataluna\\\/\"},\"author\":{\"name\":\"Adri\u00e0 Duch\",\"@id\":\"https:\\\/\\\/radiociutat.com\\\/es\\\/#\\\/schema\\\/person\\\/daeecbc4942e3432e8d8b8663bf7d714\"},\"headline\":\"Tarragona Daily | El paro baja en Tarragona pero contin\u00faa siendo la demarcaci\u00f3n con la tasa m\u00e1s alta de Catalu\u00f1a\",\"datePublished\":\"2026-04-28T11:45:53+00:00\",\"mainEntityOfPage\":{\"@id\":\"https:\\\/\\\/radiociutat.com\\\/es\\\/tarragona-daily-radio-ciutat-de-tarragona\\\/tarragona-daily-el-paro-baja-en-tarragona-pero-continua-siendo-la-demarcacion-con-la-tasa-mas-alta-de-cataluna\\\/\"},\"wordCount\":640,\"image\":{\"@id\":\"https:\\\/\\\/radiociutat.com\\\/es\\\/tarragona-daily-radio-ciutat-de-tarragona\\\/tarragona-daily-el-paro-baja-en-tarragona-pero-continua-siendo-la-demarcacion-con-la-tasa-mas-alta-de-cataluna\\\/#primaryimage\"},\"thumbnailUrl\":\"https:\\\/\\\/files.radiociutat.com\\\/rctgn\\\/wp-content\\\/uploads\\\/2026\\\/04\\\/Agricultor-scaled.jpg\",\"keywords\":[\"Tarragona\",\"Tarragona Daily\"],\"articleSection\":[\"Tarragona Daily - R\u00e0dio Ciutat de Tarragona\"],\"inLanguage\":\"es\"},{\"@type\":\"WebPage\",\"@id\":\"https:\\\/\\\/radiociutat.com\\\/es\\\/tarragona-daily-radio-ciutat-de-tarragona\\\/tarragona-daily-el-paro-baja-en-tarragona-pero-continua-siendo-la-demarcacion-con-la-tasa-mas-alta-de-cataluna\\\/\",\"url\":\"https:\\\/\\\/radiociutat.com\\\/es\\\/tarragona-daily-radio-ciutat-de-tarragona\\\/tarragona-daily-el-paro-baja-en-tarragona-pero-continua-siendo-la-demarcacion-con-la-tasa-mas-alta-de-cataluna\\\/\",\"name\":\"Tarragona Daily | El paro baja en Tarragona pero contin\u00faa siendo la demarcaci\u00f3n con la tasa m\u00e1s alta de Catalu\u00f1a - R\u00e0dio Ciutat de Tarragona\",\"isPartOf\":{\"@id\":\"https:\\\/\\\/radiociutat.com\\\/es\\\/#website\"},\"primaryImageOfPage\":{\"@id\":\"https:\\\/\\\/radiociutat.com\\\/es\\\/tarragona-daily-radio-ciutat-de-tarragona\\\/tarragona-daily-el-paro-baja-en-tarragona-pero-continua-siendo-la-demarcacion-con-la-tasa-mas-alta-de-cataluna\\\/#primaryimage\"},\"image\":{\"@id\":\"https:\\\/\\\/radiociutat.com\\\/es\\\/tarragona-daily-radio-ciutat-de-tarragona\\\/tarragona-daily-el-paro-baja-en-tarragona-pero-continua-siendo-la-demarcacion-con-la-tasa-mas-alta-de-cataluna\\\/#primaryimage\"},\"thumbnailUrl\":\"https:\\\/\\\/files.radiociutat.com\\\/rctgn\\\/wp-content\\\/uploads\\\/2026\\\/04\\\/Agricultor-scaled.jpg\",\"datePublished\":\"2026-04-28T11:45:53+00:00\",\"author\":{\"@id\":\"https:\\\/\\\/radiociutat.com\\\/es\\\/#\\\/schema\\\/person\\\/daeecbc4942e3432e8d8b8663bf7d714\"},\"breadcrumb\":{\"@id\":\"https:\\\/\\\/radiociutat.com\\\/es\\\/tarragona-daily-radio-ciutat-de-tarragona\\\/tarragona-daily-el-paro-baja-en-tarragona-pero-continua-siendo-la-demarcacion-con-la-tasa-mas-alta-de-cataluna\\\/#breadcrumb\"},\"inLanguage\":\"es\",\"potentialAction\":[{\"@type\":\"ReadAction\",\"target\":[\"https:\\\/\\\/radiociutat.com\\\/es\\\/tarragona-daily-radio-ciutat-de-tarragona\\\/tarragona-daily-el-paro-baja-en-tarragona-pero-continua-siendo-la-demarcacion-con-la-tasa-mas-alta-de-cataluna\\\/\"]}]},{\"@type\":\"ImageObject\",\"inLanguage\":\"es\",\"@id\":\"https:\\\/\\\/radiociutat.com\\\/es\\\/tarragona-daily-radio-ciutat-de-tarragona\\\/tarragona-daily-el-paro-baja-en-tarragona-pero-continua-siendo-la-demarcacion-con-la-tasa-mas-alta-de-cataluna\\\/#primaryimage\",\"url\":\"https:\\\/\\\/files.radiociutat.com\\\/rctgn\\\/wp-content\\\/uploads\\\/2026\\\/04\\\/Agricultor-scaled.jpg\",\"contentUrl\":\"https:\\\/\\\/files.radiociutat.com\\\/rctgn\\\/wp-content\\\/uploads\\\/2026\\\/04\\\/Agricultor-scaled.jpg\",\"width\":2560,\"height\":1707},{\"@type\":\"BreadcrumbList\",\"@id\":\"https:\\\/\\\/radiociutat.com\\\/es\\\/tarragona-daily-radio-ciutat-de-tarragona\\\/tarragona-daily-el-paro-baja-en-tarragona-pero-continua-siendo-la-demarcacion-con-la-tasa-mas-alta-de-cataluna\\\/#breadcrumb\",\"itemListElement\":[{\"@type\":\"ListItem\",\"position\":1,\"name\":\"Inici\",\"item\":\"https:\\\/\\\/radiociutat.com\\\/es\\\/\"},{\"@type\":\"ListItem\",\"position\":2,\"name\":\"Tarragona Daily | El paro baja en Tarragona pero contin\u00faa siendo la demarcaci\u00f3n con la tasa m\u00e1s alta de Catalu\u00f1a\"}]},{\"@type\":\"WebSite\",\"@id\":\"https:\\\/\\\/radiociutat.com\\\/es\\\/#website\",\"url\":\"https:\\\/\\\/radiociutat.com\\\/es\\\/\",\"name\":\"R\u00e0dio Ciutat de Tarragona\",\"description\":\"R\u00e0dio Ciutat de Tarragona - RCTgn.cat R\u00e0dio Online\",\"potentialAction\":[{\"@type\":\"SearchAction\",\"target\":{\"@type\":\"EntryPoint\",\"urlTemplate\":\"https:\\\/\\\/radiociutat.com\\\/es\\\/?s={search_term_string}\"},\"query-input\":{\"@type\":\"PropertyValueSpecification\",\"valueRequired\":true,\"valueName\":\"search_term_string\"}}],\"inLanguage\":\"es\"},{\"@type\":\"Person\",\"@id\":\"https:\\\/\\\/radiociutat.com\\\/es\\\/#\\\/schema\\\/person\\\/daeecbc4942e3432e8d8b8663bf7d714\",\"name\":\"Adri\u00e0 Duch\",\"sameAs\":[\"https:\\\/\\\/radiociutat.com\\\/wp-content\\\/uploads\\\/2024\\\/02\\\/ADRIA-DUCH.png\"],\"url\":\"https:\\\/\\\/radiociutat.com\\\/es\\\/author\\\/adria-duch\\\/\"}]}<\/script>\n<!-- \/ Yoast SEO Premium plugin. -->","yoast_head_json":{"title":"Tarragona Daily | El paro baja en Tarragona pero contin\u00faa siendo la demarcaci\u00f3n con la tasa m\u00e1s alta de Catalu\u00f1a - R\u00e0dio Ciutat de Tarragona","robots":{"index":"index","follow":"follow","max-snippet":"max-snippet:-1","max-image-preview":"max-image-preview:large","max-video-preview":"max-video-preview:-1"},"canonical":"https:\/\/radiociutat.com\/es\/tarragona-daily-radio-ciutat-de-tarragona\/tarragona-daily-el-paro-baja-en-tarragona-pero-continua-siendo-la-demarcacion-con-la-tasa-mas-alta-de-cataluna\/","og_locale":"es_ES","og_type":"article","og_title":"Tarragona Daily | El paro baja en Tarragona pero contin\u00faa siendo la demarcaci\u00f3n con la tasa m\u00e1s alta de Catalu\u00f1a","og_description":"La tasa de paro baja pero Tarragona sigue siendo la demarcaci\u00f3n con el indicador m\u00e1s elevado La tasa de paro baja ligeramente en Tarragona durante el primer trimestre de 2026, pasando del 12,87% al 12,6%, con un total de 391.800 personas ocupadas. Es la \u00fanica demarcaci\u00f3n catalana donde el paro se ha reducido en este [&hellip;]","og_url":"https:\/\/radiociutat.com\/es\/tarragona-daily-radio-ciutat-de-tarragona\/tarragona-daily-el-paro-baja-en-tarragona-pero-continua-siendo-la-demarcacion-con-la-tasa-mas-alta-de-cataluna\/","og_site_name":"R\u00e0dio Ciutat de Tarragona","article_publisher":"https:\/\/www.facebook.com\/rctgn","article_published_time":"2026-04-28T11:45:53+00:00","og_image":[{"width":2560,"height":1707,"url":"https:\/\/files.radiociutat.com\/rctgn\/wp-content\/uploads\/2026\/04\/Agricultor-scaled.jpg","type":"image\/jpeg"}],"author":"Adri\u00e0 Duch","twitter_card":"summary_large_image","twitter_creator":"@RCTgn","twitter_site":"@RCTgn","twitter_misc":{"Escrito por":"Adri\u00e0 Duch","Tiempo de lectura":"3 minutos"},"schema":{"@context":"https:\/\/schema.org","@graph":[{"@type":"Article","@id":"https:\/\/radiociutat.com\/es\/tarragona-daily-radio-ciutat-de-tarragona\/tarragona-daily-el-paro-baja-en-tarragona-pero-continua-siendo-la-demarcacion-con-la-tasa-mas-alta-de-cataluna\/#article","isPartOf":{"@id":"https:\/\/radiociutat.com\/es\/tarragona-daily-radio-ciutat-de-tarragona\/tarragona-daily-el-paro-baja-en-tarragona-pero-continua-siendo-la-demarcacion-con-la-tasa-mas-alta-de-cataluna\/"},"author":{"name":"Adri\u00e0 Duch","@id":"https:\/\/radiociutat.com\/es\/#\/schema\/person\/daeecbc4942e3432e8d8b8663bf7d714"},"headline":"Tarragona Daily | El paro baja en Tarragona pero contin\u00faa siendo la demarcaci\u00f3n con la tasa m\u00e1s alta de Catalu\u00f1a","datePublished":"2026-04-28T11:45:53+00:00","mainEntityOfPage":{"@id":"https:\/\/radiociutat.com\/es\/tarragona-daily-radio-ciutat-de-tarragona\/tarragona-daily-el-paro-baja-en-tarragona-pero-continua-siendo-la-demarcacion-con-la-tasa-mas-alta-de-cataluna\/"},"wordCount":640,"image":{"@id":"https:\/\/radiociutat.com\/es\/tarragona-daily-radio-ciutat-de-tarragona\/tarragona-daily-el-paro-baja-en-tarragona-pero-continua-siendo-la-demarcacion-con-la-tasa-mas-alta-de-cataluna\/#primaryimage"},"thumbnailUrl":"https:\/\/files.radiociutat.com\/rctgn\/wp-content\/uploads\/2026\/04\/Agricultor-scaled.jpg","keywords":["Tarragona","Tarragona Daily"],"articleSection":["Tarragona Daily - R\u00e0dio Ciutat de Tarragona"],"inLanguage":"es"},{"@type":"WebPage","@id":"https:\/\/radiociutat.com\/es\/tarragona-daily-radio-ciutat-de-tarragona\/tarragona-daily-el-paro-baja-en-tarragona-pero-continua-siendo-la-demarcacion-con-la-tasa-mas-alta-de-cataluna\/","url":"https:\/\/radiociutat.com\/es\/tarragona-daily-radio-ciutat-de-tarragona\/tarragona-daily-el-paro-baja-en-tarragona-pero-continua-siendo-la-demarcacion-con-la-tasa-mas-alta-de-cataluna\/","name":"Tarragona Daily | El paro baja en Tarragona pero contin\u00faa siendo la demarcaci\u00f3n con la tasa m\u00e1s alta de Catalu\u00f1a - R\u00e0dio Ciutat de Tarragona","isPartOf":{"@id":"https:\/\/radiociutat.com\/es\/#website"},"primaryImageOfPage":{"@id":"https:\/\/radiociutat.com\/es\/tarragona-daily-radio-ciutat-de-tarragona\/tarragona-daily-el-paro-baja-en-tarragona-pero-continua-siendo-la-demarcacion-con-la-tasa-mas-alta-de-cataluna\/#primaryimage"},"image":{"@id":"https:\/\/radiociutat.com\/es\/tarragona-daily-radio-ciutat-de-tarragona\/tarragona-daily-el-paro-baja-en-tarragona-pero-continua-siendo-la-demarcacion-con-la-tasa-mas-alta-de-cataluna\/#primaryimage"},"thumbnailUrl":"https:\/\/files.radiociutat.com\/rctgn\/wp-content\/uploads\/2026\/04\/Agricultor-scaled.jpg","datePublished":"2026-04-28T11:45:53+00:00","author":{"@id":"https:\/\/radiociutat.com\/es\/#\/schema\/person\/daeecbc4942e3432e8d8b8663bf7d714"},"breadcrumb":{"@id":"https:\/\/radiociutat.com\/es\/tarragona-daily-radio-ciutat-de-tarragona\/tarragona-daily-el-paro-baja-en-tarragona-pero-continua-siendo-la-demarcacion-con-la-tasa-mas-alta-de-cataluna\/#breadcrumb"},"inLanguage":"es","potentialAction":[{"@type":"ReadAction","target":["https:\/\/radiociutat.com\/es\/tarragona-daily-radio-ciutat-de-tarragona\/tarragona-daily-el-paro-baja-en-tarragona-pero-continua-siendo-la-demarcacion-con-la-tasa-mas-alta-de-cataluna\/"]}]},{"@type":"ImageObject","inLanguage":"es","@id":"https:\/\/radiociutat.com\/es\/tarragona-daily-radio-ciutat-de-tarragona\/tarragona-daily-el-paro-baja-en-tarragona-pero-continua-siendo-la-demarcacion-con-la-tasa-mas-alta-de-cataluna\/#primaryimage","url":"https:\/\/files.radiociutat.com\/rctgn\/wp-content\/uploads\/2026\/04\/Agricultor-scaled.jpg","contentUrl":"https:\/\/files.radiociutat.com\/rctgn\/wp-content\/uploads\/2026\/04\/Agricultor-scaled.jpg","width":2560,"height":1707},{"@type":"BreadcrumbList","@id":"https:\/\/radiociutat.com\/es\/tarragona-daily-radio-ciutat-de-tarragona\/tarragona-daily-el-paro-baja-en-tarragona-pero-continua-siendo-la-demarcacion-con-la-tasa-mas-alta-de-cataluna\/#breadcrumb","itemListElement":[{"@type":"ListItem","position":1,"name":"Inici","item":"https:\/\/radiociutat.com\/es\/"},{"@type":"ListItem","position":2,"name":"Tarragona Daily | El paro baja en Tarragona pero contin\u00faa siendo la demarcaci\u00f3n con la tasa m\u00e1s alta de Catalu\u00f1a"}]},{"@type":"WebSite","@id":"https:\/\/radiociutat.com\/es\/#website","url":"https:\/\/radiociutat.com\/es\/","name":"R\u00e0dio Ciutat de Tarragona","description":"R\u00e0dio Ciutat de Tarragona - RCTgn.cat R\u00e0dio Online","potentialAction":[{"@type":"SearchAction","target":{"@type":"EntryPoint","urlTemplate":"https:\/\/radiociutat.com\/es\/?s={search_term_string}"},"query-input":{"@type":"PropertyValueSpecification","valueRequired":true,"valueName":"search_term_string"}}],"inLanguage":"es"},{"@type":"Person","@id":"https:\/\/radiociutat.com\/es\/#\/schema\/person\/daeecbc4942e3432e8d8b8663bf7d714","name":"Adri\u00e0 Duch","sameAs":["https:\/\/radiociutat.com\/wp-content\/uploads\/2024\/02\/ADRIA-DUCH.png"],"url":"https:\/\/radiociutat.com\/es\/author\/adria-duch\/"}]}},"_links":{"self":[{"href":"https:\/\/radiociutat.com\/es\/wp-json\/wp\/v2\/posts\/378509","targetHints":{"allow":["GET"]}}],"collection":[{"href":"https:\/\/radiociutat.com\/es\/wp-json\/wp\/v2\/posts"}],"about":[{"href":"https:\/\/radiociutat.com\/es\/wp-json\/wp\/v2\/types\/post"}],"author":[{"embeddable":true,"href":"https:\/\/radiociutat.com\/es\/wp-json\/wp\/v2\/users\/84"}],"replies":[{"embeddable":true,"href":"https:\/\/radiociutat.com\/es\/wp-json\/wp\/v2\/comments?post=378509"}],"version-history":[{"count":0,"href":"https:\/\/radiociutat.com\/es\/wp-json\/wp\/v2\/posts\/378509\/revisions"}],"wp:featuredmedia":[{"embeddable":true,"href":"https:\/\/radiociutat.com\/es\/wp-json\/wp\/v2\/media\/378490"}],"wp:attachment":[{"href":"https:\/\/radiociutat.com\/es\/wp-json\/wp\/v2\/media?parent=378509"}],"wp:term":[{"taxonomy":"category","embeddable":true,"href":"https:\/\/radiociutat.com\/es\/wp-json\/wp\/v2\/categories?post=378509"},{"taxonomy":"post_tag","embeddable":true,"href":"https:\/\/radiociutat.com\/es\/wp-json\/wp\/v2\/tags?post=378509"}],"curies":[{"name":"wp","href":"https:\/\/api.w.org\/{rel}","templated":true}]}}