{"id":378487,"date":"2026-04-28T13:30:34","date_gmt":"2026-04-28T11:30:34","guid":{"rendered":"https:\/\/radiociutat.com\/programes-podcast\/la-excepcional-calidad-del-agua-del-ebro-permite-al-cat-reducir-el-uso-de-reactivos\/"},"modified":"2026-04-28T13:30:34","modified_gmt":"2026-04-28T11:30:34","slug":"la-excepcional-calidad-del-agua-del-ebro-permite-al-cat-reducir-el-uso-de-reactivos","status":"publish","type":"post","link":"https:\/\/radiociutat.com\/es\/ultimas-noticias\/cronicas\/la-excepcional-calidad-del-agua-del-ebro-permite-al-cat-reducir-el-uso-de-reactivos\/","title":{"rendered":"La \u00abexcepcional\u00bb calidad del agua del Ebro permite al CAT reducir el uso de reactivos"},"content":{"rendered":"\n<p>El informe LQAIGUA del Consorcio de Aguas de Tarragona (CAT) se\u00f1ala que la calidad del agua del trasvase del Ebro que gestiona el Consorcio ha sido \u00abexcepcionalmente \u00f3ptima\u00bb durante 2024 y 2025 y se han registrado \u00ablos indicadores m\u00e1s favorables\u00bb de las \u00faltimas dos d\u00e9cadas.<\/p>\n\n\n\n<p>Esto ha supuesto un descenso del 17% en el uso de productos reactivos para potabilizar el agua el a\u00f1o pasado. Esta es una de las cuestiones de la memoria anual 2025 aprobada por la asamblea general del CAT este martes, donde tambi\u00e9n se ha admitido a Ali\u00f3 (Alt Camp) como municipio consorciado, con dotaci\u00f3n de reserva, y a la empresa Tarragona Poliolefinas Ib\u00e9rica como industria consorciada, que recibir\u00e1 cedida la concesi\u00f3n de la empresa Basell.<\/p>\n","protected":false},"excerpt":{"rendered":"<p>El informe LQAIGUA del Consorcio de Aguas de Tarragona (CAT) se\u00f1ala que la calidad del agua del trasvase del Ebro que gestiona el Consorcio ha sido \u00abexcepcionalmente \u00f3ptima\u00bb durante 2024 y 2025 y se han registrado \u00ablos indicadores m\u00e1s favorables\u00bb de las \u00faltimas dos d\u00e9cadas. Esto ha supuesto un descenso del 17% en el uso [&hellip;]<\/p>\n","protected":false},"author":57,"featured_media":378468,"comment_status":"closed","ping_status":"closed","sticky":false,"template":"","format":"standard","meta":{"footnotes":""},"categories":[13688,13716],"tags":[8780],"class_list":["post-378487","post","type-post","status-publish","format-standard","has-post-thumbnail","hentry","category-cronicas","category-ultimas-noticias","tag-consorci-aigues-tarragona-2"],"yoast_head":"<!-- This site is optimized with the Yoast SEO Premium plugin v27.4 (Yoast SEO v27.5) - https:\/\/yoast.com\/product\/yoast-seo-premium-wordpress\/ -->\n<title>La &quot;excepcional&quot; calidad del agua del Ebro permite al CAT reducir el uso de reactivos - R\u00e0dio Ciutat de Tarragona<\/title>\n<meta name=\"robots\" content=\"index, follow, max-snippet:-1, max-image-preview:large, max-video-preview:-1\" \/>\n<link rel=\"canonical\" href=\"https:\/\/radiociutat.com\/es\/ultimas-noticias\/cronicas\/la-excepcional-calidad-del-agua-del-ebro-permite-al-cat-reducir-el-uso-de-reactivos\/\" \/>\n<meta property=\"og:locale\" content=\"es_ES\" \/>\n<meta property=\"og:type\" content=\"article\" \/>\n<meta property=\"og:title\" content=\"La &quot;excepcional&quot; calidad del agua del Ebro permite al CAT reducir el uso de reactivos\" \/>\n<meta property=\"og:description\" content=\"El informe LQAIGUA del Consorcio de Aguas de Tarragona (CAT) se\u00f1ala que la calidad del agua del trasvase del Ebro que gestiona el Consorcio ha sido \u00abexcepcionalmente \u00f3ptima\u00bb durante 2024 y 2025 y se han registrado \u00ablos indicadores m\u00e1s favorables\u00bb de las \u00faltimas dos d\u00e9cadas. Esto ha supuesto un descenso del 17% en el uso [&hellip;]\" \/>\n<meta property=\"og:url\" content=\"https:\/\/radiociutat.com\/es\/ultimas-noticias\/cronicas\/la-excepcional-calidad-del-agua-del-ebro-permite-al-cat-reducir-el-uso-de-reactivos\/\" \/>\n<meta property=\"og:site_name\" content=\"R\u00e0dio Ciutat de Tarragona\" \/>\n<meta property=\"article:publisher\" content=\"https:\/\/www.facebook.com\/rctgn\" \/>\n<meta property=\"article:published_time\" content=\"2026-04-28T11:30:34+00:00\" \/>\n<meta property=\"og:image\" content=\"https:\/\/files.radiociutat.com\/rctgn\/wp-content\/uploads\/2021\/03\/LOGO-RCTGN-RADIO-CIUTAT-DE-TARRAGONA-TRANSPARENTE-TARRAGONA-2020-3000X3000-Redes1-copia.png\" \/>\n\t<meta property=\"og:image:width\" content=\"3000\" \/>\n\t<meta property=\"og:image:height\" content=\"3000\" \/>\n\t<meta property=\"og:image:type\" content=\"image\/png\" \/>\n<meta name=\"author\" content=\"ACN\" \/>\n<meta name=\"twitter:card\" content=\"summary_large_image\" \/>\n<meta name=\"twitter:creator\" content=\"@RCTgn\" \/>\n<meta name=\"twitter:site\" content=\"@RCTgn\" \/>\n<meta name=\"twitter:label1\" content=\"Escrito por\" \/>\n\t<meta name=\"twitter:data1\" content=\"ACN\" \/>\n\t<meta name=\"twitter:label2\" content=\"Tiempo de lectura\" \/>\n\t<meta name=\"twitter:data2\" content=\"1 minuto\" \/>\n<script type=\"application\/ld+json\" class=\"yoast-schema-graph\">{\"@context\":\"https:\\\/\\\/schema.org\",\"@graph\":[{\"@type\":\"Article\",\"@id\":\"https:\\\/\\\/radiociutat.com\\\/es\\\/ultimas-noticias\\\/cronicas\\\/la-excepcional-calidad-del-agua-del-ebro-permite-al-cat-reducir-el-uso-de-reactivos\\\/#article\",\"isPartOf\":{\"@id\":\"https:\\\/\\\/radiociutat.com\\\/es\\\/ultimas-noticias\\\/cronicas\\\/la-excepcional-calidad-del-agua-del-ebro-permite-al-cat-reducir-el-uso-de-reactivos\\\/\"},\"author\":{\"name\":\"ACN\",\"@id\":\"https:\\\/\\\/radiociutat.com\\\/es\\\/#\\\/schema\\\/person\\\/ea8722499f2255e1477bd2975629dc71\"},\"headline\":\"La \u00abexcepcional\u00bb calidad del agua del Ebro permite al CAT reducir el uso de reactivos\",\"datePublished\":\"2026-04-28T11:30:34+00:00\",\"mainEntityOfPage\":{\"@id\":\"https:\\\/\\\/radiociutat.com\\\/es\\\/ultimas-noticias\\\/cronicas\\\/la-excepcional-calidad-del-agua-del-ebro-permite-al-cat-reducir-el-uso-de-reactivos\\\/\"},\"wordCount\":139,\"image\":{\"@id\":\"https:\\\/\\\/radiociutat.com\\\/es\\\/ultimas-noticias\\\/cronicas\\\/la-excepcional-calidad-del-agua-del-ebro-permite-al-cat-reducir-el-uso-de-reactivos\\\/#primaryimage\"},\"thumbnailUrl\":\"https:\\\/\\\/files.radiociutat.com\\\/rctgn\\\/wp-content\\\/uploads\\\/2026\\\/04\\\/Assemblea-CAT-scaled-e1777375555197.jpg\",\"keywords\":[\"Consorci Aig\u00fces Tarragona\"],\"articleSection\":[\"Cr\u00f3nicas\",\"\u00daltimas noticias\"],\"inLanguage\":\"es\"},{\"@type\":\"WebPage\",\"@id\":\"https:\\\/\\\/radiociutat.com\\\/es\\\/ultimas-noticias\\\/cronicas\\\/la-excepcional-calidad-del-agua-del-ebro-permite-al-cat-reducir-el-uso-de-reactivos\\\/\",\"url\":\"https:\\\/\\\/radiociutat.com\\\/es\\\/ultimas-noticias\\\/cronicas\\\/la-excepcional-calidad-del-agua-del-ebro-permite-al-cat-reducir-el-uso-de-reactivos\\\/\",\"name\":\"La \\\"excepcional\\\" calidad del agua del Ebro permite al CAT reducir el uso de reactivos - R\u00e0dio Ciutat de Tarragona\",\"isPartOf\":{\"@id\":\"https:\\\/\\\/radiociutat.com\\\/es\\\/#website\"},\"primaryImageOfPage\":{\"@id\":\"https:\\\/\\\/radiociutat.com\\\/es\\\/ultimas-noticias\\\/cronicas\\\/la-excepcional-calidad-del-agua-del-ebro-permite-al-cat-reducir-el-uso-de-reactivos\\\/#primaryimage\"},\"image\":{\"@id\":\"https:\\\/\\\/radiociutat.com\\\/es\\\/ultimas-noticias\\\/cronicas\\\/la-excepcional-calidad-del-agua-del-ebro-permite-al-cat-reducir-el-uso-de-reactivos\\\/#primaryimage\"},\"thumbnailUrl\":\"https:\\\/\\\/files.radiociutat.com\\\/rctgn\\\/wp-content\\\/uploads\\\/2026\\\/04\\\/Assemblea-CAT-scaled-e1777375555197.jpg\",\"datePublished\":\"2026-04-28T11:30:34+00:00\",\"author\":{\"@id\":\"https:\\\/\\\/radiociutat.com\\\/es\\\/#\\\/schema\\\/person\\\/ea8722499f2255e1477bd2975629dc71\"},\"breadcrumb\":{\"@id\":\"https:\\\/\\\/radiociutat.com\\\/es\\\/ultimas-noticias\\\/cronicas\\\/la-excepcional-calidad-del-agua-del-ebro-permite-al-cat-reducir-el-uso-de-reactivos\\\/#breadcrumb\"},\"inLanguage\":\"es\",\"potentialAction\":[{\"@type\":\"ReadAction\",\"target\":[\"https:\\\/\\\/radiociutat.com\\\/es\\\/ultimas-noticias\\\/cronicas\\\/la-excepcional-calidad-del-agua-del-ebro-permite-al-cat-reducir-el-uso-de-reactivos\\\/\"]}]},{\"@type\":\"ImageObject\",\"inLanguage\":\"es\",\"@id\":\"https:\\\/\\\/radiociutat.com\\\/es\\\/ultimas-noticias\\\/cronicas\\\/la-excepcional-calidad-del-agua-del-ebro-permite-al-cat-reducir-el-uso-de-reactivos\\\/#primaryimage\",\"url\":\"https:\\\/\\\/files.radiociutat.com\\\/rctgn\\\/wp-content\\\/uploads\\\/2026\\\/04\\\/Assemblea-CAT-scaled-e1777375555197.jpg\",\"contentUrl\":\"https:\\\/\\\/files.radiociutat.com\\\/rctgn\\\/wp-content\\\/uploads\\\/2026\\\/04\\\/Assemblea-CAT-scaled-e1777375555197.jpg\",\"width\":2560,\"height\":1707},{\"@type\":\"BreadcrumbList\",\"@id\":\"https:\\\/\\\/radiociutat.com\\\/es\\\/ultimas-noticias\\\/cronicas\\\/la-excepcional-calidad-del-agua-del-ebro-permite-al-cat-reducir-el-uso-de-reactivos\\\/#breadcrumb\",\"itemListElement\":[{\"@type\":\"ListItem\",\"position\":1,\"name\":\"Inici\",\"item\":\"https:\\\/\\\/radiociutat.com\\\/es\\\/\"},{\"@type\":\"ListItem\",\"position\":2,\"name\":\"La &#8220;excepcional&#8221; calidad del agua del Ebro permite al CAT reducir el uso de reactivos\"}]},{\"@type\":\"WebSite\",\"@id\":\"https:\\\/\\\/radiociutat.com\\\/es\\\/#website\",\"url\":\"https:\\\/\\\/radiociutat.com\\\/es\\\/\",\"name\":\"R\u00e0dio Ciutat de Tarragona\",\"description\":\"R\u00e0dio Ciutat de Tarragona - RCTgn.cat R\u00e0dio Online\",\"potentialAction\":[{\"@type\":\"SearchAction\",\"target\":{\"@type\":\"EntryPoint\",\"urlTemplate\":\"https:\\\/\\\/radiociutat.com\\\/es\\\/?s={search_term_string}\"},\"query-input\":{\"@type\":\"PropertyValueSpecification\",\"valueRequired\":true,\"valueName\":\"search_term_string\"}}],\"inLanguage\":\"es\"},{\"@type\":\"Person\",\"@id\":\"https:\\\/\\\/radiociutat.com\\\/es\\\/#\\\/schema\\\/person\\\/ea8722499f2255e1477bd2975629dc71\",\"name\":\"ACN\",\"sameAs\":[\"https:\\\/\\\/radiociutat.com\\\/wp-content\\\/uploads\\\/2023\\\/09\\\/acn-e1694789176650.png\"],\"url\":\"https:\\\/\\\/radiociutat.com\\\/es\\\/author\\\/acn\\\/\"}]}<\/script>\n<!-- \/ Yoast SEO Premium plugin. -->","yoast_head_json":{"title":"La \"excepcional\" calidad del agua del Ebro permite al CAT reducir el uso de reactivos - R\u00e0dio Ciutat de Tarragona","robots":{"index":"index","follow":"follow","max-snippet":"max-snippet:-1","max-image-preview":"max-image-preview:large","max-video-preview":"max-video-preview:-1"},"canonical":"https:\/\/radiociutat.com\/es\/ultimas-noticias\/cronicas\/la-excepcional-calidad-del-agua-del-ebro-permite-al-cat-reducir-el-uso-de-reactivos\/","og_locale":"es_ES","og_type":"article","og_title":"La \"excepcional\" calidad del agua del Ebro permite al CAT reducir el uso de reactivos","og_description":"El informe LQAIGUA del Consorcio de Aguas de Tarragona (CAT) se\u00f1ala que la calidad del agua del trasvase del Ebro que gestiona el Consorcio ha sido \u00abexcepcionalmente \u00f3ptima\u00bb durante 2024 y 2025 y se han registrado \u00ablos indicadores m\u00e1s favorables\u00bb de las \u00faltimas dos d\u00e9cadas. Esto ha supuesto un descenso del 17% en el uso [&hellip;]","og_url":"https:\/\/radiociutat.com\/es\/ultimas-noticias\/cronicas\/la-excepcional-calidad-del-agua-del-ebro-permite-al-cat-reducir-el-uso-de-reactivos\/","og_site_name":"R\u00e0dio Ciutat de Tarragona","article_publisher":"https:\/\/www.facebook.com\/rctgn","article_published_time":"2026-04-28T11:30:34+00:00","og_image":[{"width":3000,"height":3000,"url":"https:\/\/files.radiociutat.com\/rctgn\/wp-content\/uploads\/2021\/03\/LOGO-RCTGN-RADIO-CIUTAT-DE-TARRAGONA-TRANSPARENTE-TARRAGONA-2020-3000X3000-Redes1-copia.png","type":"image\/png"}],"author":"ACN","twitter_card":"summary_large_image","twitter_creator":"@RCTgn","twitter_site":"@RCTgn","twitter_misc":{"Escrito por":"ACN","Tiempo de lectura":"1 minuto"},"schema":{"@context":"https:\/\/schema.org","@graph":[{"@type":"Article","@id":"https:\/\/radiociutat.com\/es\/ultimas-noticias\/cronicas\/la-excepcional-calidad-del-agua-del-ebro-permite-al-cat-reducir-el-uso-de-reactivos\/#article","isPartOf":{"@id":"https:\/\/radiociutat.com\/es\/ultimas-noticias\/cronicas\/la-excepcional-calidad-del-agua-del-ebro-permite-al-cat-reducir-el-uso-de-reactivos\/"},"author":{"name":"ACN","@id":"https:\/\/radiociutat.com\/es\/#\/schema\/person\/ea8722499f2255e1477bd2975629dc71"},"headline":"La \u00abexcepcional\u00bb calidad del agua del Ebro permite al CAT reducir el uso de reactivos","datePublished":"2026-04-28T11:30:34+00:00","mainEntityOfPage":{"@id":"https:\/\/radiociutat.com\/es\/ultimas-noticias\/cronicas\/la-excepcional-calidad-del-agua-del-ebro-permite-al-cat-reducir-el-uso-de-reactivos\/"},"wordCount":139,"image":{"@id":"https:\/\/radiociutat.com\/es\/ultimas-noticias\/cronicas\/la-excepcional-calidad-del-agua-del-ebro-permite-al-cat-reducir-el-uso-de-reactivos\/#primaryimage"},"thumbnailUrl":"https:\/\/files.radiociutat.com\/rctgn\/wp-content\/uploads\/2026\/04\/Assemblea-CAT-scaled-e1777375555197.jpg","keywords":["Consorci Aig\u00fces Tarragona"],"articleSection":["Cr\u00f3nicas","\u00daltimas noticias"],"inLanguage":"es"},{"@type":"WebPage","@id":"https:\/\/radiociutat.com\/es\/ultimas-noticias\/cronicas\/la-excepcional-calidad-del-agua-del-ebro-permite-al-cat-reducir-el-uso-de-reactivos\/","url":"https:\/\/radiociutat.com\/es\/ultimas-noticias\/cronicas\/la-excepcional-calidad-del-agua-del-ebro-permite-al-cat-reducir-el-uso-de-reactivos\/","name":"La \"excepcional\" calidad del agua del Ebro permite al CAT reducir el uso de reactivos - R\u00e0dio Ciutat de Tarragona","isPartOf":{"@id":"https:\/\/radiociutat.com\/es\/#website"},"primaryImageOfPage":{"@id":"https:\/\/radiociutat.com\/es\/ultimas-noticias\/cronicas\/la-excepcional-calidad-del-agua-del-ebro-permite-al-cat-reducir-el-uso-de-reactivos\/#primaryimage"},"image":{"@id":"https:\/\/radiociutat.com\/es\/ultimas-noticias\/cronicas\/la-excepcional-calidad-del-agua-del-ebro-permite-al-cat-reducir-el-uso-de-reactivos\/#primaryimage"},"thumbnailUrl":"https:\/\/files.radiociutat.com\/rctgn\/wp-content\/uploads\/2026\/04\/Assemblea-CAT-scaled-e1777375555197.jpg","datePublished":"2026-04-28T11:30:34+00:00","author":{"@id":"https:\/\/radiociutat.com\/es\/#\/schema\/person\/ea8722499f2255e1477bd2975629dc71"},"breadcrumb":{"@id":"https:\/\/radiociutat.com\/es\/ultimas-noticias\/cronicas\/la-excepcional-calidad-del-agua-del-ebro-permite-al-cat-reducir-el-uso-de-reactivos\/#breadcrumb"},"inLanguage":"es","potentialAction":[{"@type":"ReadAction","target":["https:\/\/radiociutat.com\/es\/ultimas-noticias\/cronicas\/la-excepcional-calidad-del-agua-del-ebro-permite-al-cat-reducir-el-uso-de-reactivos\/"]}]},{"@type":"ImageObject","inLanguage":"es","@id":"https:\/\/radiociutat.com\/es\/ultimas-noticias\/cronicas\/la-excepcional-calidad-del-agua-del-ebro-permite-al-cat-reducir-el-uso-de-reactivos\/#primaryimage","url":"https:\/\/files.radiociutat.com\/rctgn\/wp-content\/uploads\/2026\/04\/Assemblea-CAT-scaled-e1777375555197.jpg","contentUrl":"https:\/\/files.radiociutat.com\/rctgn\/wp-content\/uploads\/2026\/04\/Assemblea-CAT-scaled-e1777375555197.jpg","width":2560,"height":1707},{"@type":"BreadcrumbList","@id":"https:\/\/radiociutat.com\/es\/ultimas-noticias\/cronicas\/la-excepcional-calidad-del-agua-del-ebro-permite-al-cat-reducir-el-uso-de-reactivos\/#breadcrumb","itemListElement":[{"@type":"ListItem","position":1,"name":"Inici","item":"https:\/\/radiociutat.com\/es\/"},{"@type":"ListItem","position":2,"name":"La &#8220;excepcional&#8221; calidad del agua del Ebro permite al CAT reducir el uso de reactivos"}]},{"@type":"WebSite","@id":"https:\/\/radiociutat.com\/es\/#website","url":"https:\/\/radiociutat.com\/es\/","name":"R\u00e0dio Ciutat de Tarragona","description":"R\u00e0dio Ciutat de Tarragona - RCTgn.cat R\u00e0dio Online","potentialAction":[{"@type":"SearchAction","target":{"@type":"EntryPoint","urlTemplate":"https:\/\/radiociutat.com\/es\/?s={search_term_string}"},"query-input":{"@type":"PropertyValueSpecification","valueRequired":true,"valueName":"search_term_string"}}],"inLanguage":"es"},{"@type":"Person","@id":"https:\/\/radiociutat.com\/es\/#\/schema\/person\/ea8722499f2255e1477bd2975629dc71","name":"ACN","sameAs":["https:\/\/radiociutat.com\/wp-content\/uploads\/2023\/09\/acn-e1694789176650.png"],"url":"https:\/\/radiociutat.com\/es\/author\/acn\/"}]}},"_links":{"self":[{"href":"https:\/\/radiociutat.com\/es\/wp-json\/wp\/v2\/posts\/378487","targetHints":{"allow":["GET"]}}],"collection":[{"href":"https:\/\/radiociutat.com\/es\/wp-json\/wp\/v2\/posts"}],"about":[{"href":"https:\/\/radiociutat.com\/es\/wp-json\/wp\/v2\/types\/post"}],"author":[{"embeddable":true,"href":"https:\/\/radiociutat.com\/es\/wp-json\/wp\/v2\/users\/57"}],"replies":[{"embeddable":true,"href":"https:\/\/radiociutat.com\/es\/wp-json\/wp\/v2\/comments?post=378487"}],"version-history":[{"count":0,"href":"https:\/\/radiociutat.com\/es\/wp-json\/wp\/v2\/posts\/378487\/revisions"}],"wp:featuredmedia":[{"embeddable":true,"href":"https:\/\/radiociutat.com\/es\/wp-json\/wp\/v2\/media\/378468"}],"wp:attachment":[{"href":"https:\/\/radiociutat.com\/es\/wp-json\/wp\/v2\/media?parent=378487"}],"wp:term":[{"taxonomy":"category","embeddable":true,"href":"https:\/\/radiociutat.com\/es\/wp-json\/wp\/v2\/categories?post=378487"},{"taxonomy":"post_tag","embeddable":true,"href":"https:\/\/radiociutat.com\/es\/wp-json\/wp\/v2\/tags?post=378487"}],"curies":[{"name":"wp","href":"https:\/\/api.w.org\/{rel}","templated":true}]}}