{"id":378478,"date":"2026-04-28T13:27:19","date_gmt":"2026-04-28T11:27:19","guid":{"rendered":"https:\/\/radiociutat.com\/programes-podcast\/se-instalan-cajas-nido-en-diferentes-puntos-de-la-ciudad-para-fomentar-la-biodiversidad-urbana\/"},"modified":"2026-04-28T13:27:19","modified_gmt":"2026-04-28T11:27:19","slug":"se-instalan-cajas-nido-en-diferentes-puntos-de-la-ciudad-para-fomentar-la-biodiversidad-urbana","status":"publish","type":"post","link":"https:\/\/radiociutat.com\/es\/ultimas-noticias\/cronicas\/se-instalan-cajas-nido-en-diferentes-puntos-de-la-ciudad-para-fomentar-la-biodiversidad-urbana\/","title":{"rendered":"Se instalan cajas nido en diferentes puntos de la ciudad para fomentar la biodiversidad urbana"},"content":{"rendered":"\n<p>El Ayuntamiento de Tarragona ha iniciado la instalaci\u00f3n de <strong>cajas nido para aves rapaces<\/strong> en diferentes puntos del municipio con el objetivo de <strong>fomentar la biodiversidad urbana<\/strong> y reforzar el equilibrio ecol\u00f3gico de la ciudad. En total, se han colocado nueve estructuras destinadas a facilitar la nidificaci\u00f3n de especies como el <strong>halc\u00f3n peregrino, el cern\u00edcalo, la lechuza y el autillo<\/strong>, todas ellas presentes en el territorio pero con dificultades para reproducirse en entornos urbanos.<\/p>\n\n\n\n<p>La iniciativa tambi\u00e9n pretende <strong>reducir la superpoblaci\u00f3n de especies como palomas, estorninos y t\u00f3rtolas<\/strong>, que generan diversas problem\u00e1ticas. En este sentido, las rapaces act\u00faan como <strong>depredadores naturales <\/strong> contribuyendo al control de estas poblaciones y a la estabilidad de la cadena tr\u00f3fica. Seg\u00fan el concejal Guillermo Garc\u00eda de Castro, el proyecto quiere <strong>consolidar la presencia de estas especies<\/strong> y mejorar su \u00e9xito reproductor.<\/p>\n\n\n\n<figure class=\"wp-block-audio\"><audio controls src=\"https:\/\/files.radiociutat.com\/rctgn\/wp-content\/uploads\/2026\/04\/Tall-Guillermo-Garcia-Nius.mp3\"><\/audio><\/figure>\n\n\n\n<p>Las cajas nido se han instalado en <strong>ubicaciones<\/strong> como edificios de la Rambla Nova y la avenida Roma, as\u00ed como espacios como Campclar, Sant Pere i Sant Pau o el Parc de la Muntanyeta, priorizando zonas con buenas condiciones para la caza y la reproducci\u00f3n, y con baja interferencia humana. La iniciativa incluye tambi\u00e9n <strong>tareas de seguimiento y mantenimiento peri\u00f3dico<\/strong> para garantizar la eficacia y la seguridad de las instalaciones.<\/p>\n","protected":false},"excerpt":{"rendered":"<p>El Ayuntamiento de Tarragona ha iniciado la instalaci\u00f3n de cajas nido para aves rapaces en diferentes puntos del municipio con el objetivo de fomentar la biodiversidad urbana y reforzar el equilibrio ecol\u00f3gico de la ciudad. En total, se han colocado nueve estructuras destinadas a facilitar la nidificaci\u00f3n de especies como el halc\u00f3n peregrino, el cern\u00edcalo, [&hellip;]<\/p>\n","protected":false},"author":84,"featured_media":378453,"comment_status":"closed","ping_status":"closed","sticky":false,"template":"","format":"standard","meta":{"footnotes":""},"categories":[13688],"tags":[10988,14968,19],"class_list":["post-378478","post","type-post","status-publish","format-standard","has-post-thumbnail","hentry","category-cronicas","tag-biodiversitat","tag-caixes-niu","tag-tarragona"],"yoast_head":"<!-- This site is optimized with the Yoast SEO Premium plugin v27.4 (Yoast SEO v27.5) - https:\/\/yoast.com\/product\/yoast-seo-premium-wordpress\/ -->\n<title>Se instalan cajas nido en diferentes puntos de la ciudad para fomentar la biodiversidad urbana - R\u00e0dio Ciutat de Tarragona<\/title>\n<meta name=\"robots\" content=\"index, follow, max-snippet:-1, max-image-preview:large, max-video-preview:-1\" \/>\n<link rel=\"canonical\" href=\"https:\/\/radiociutat.com\/es\/ultimas-noticias\/cronicas\/se-instalan-cajas-nido-en-diferentes-puntos-de-la-ciudad-para-fomentar-la-biodiversidad-urbana\/\" \/>\n<meta property=\"og:locale\" content=\"es_ES\" \/>\n<meta property=\"og:type\" content=\"article\" \/>\n<meta property=\"og:title\" content=\"Se instalan cajas nido en diferentes puntos de la ciudad para fomentar la biodiversidad urbana\" \/>\n<meta property=\"og:description\" content=\"El Ayuntamiento de Tarragona ha iniciado la instalaci\u00f3n de cajas nido para aves rapaces en diferentes puntos del municipio con el objetivo de fomentar la biodiversidad urbana y reforzar el equilibrio ecol\u00f3gico de la ciudad. En total, se han colocado nueve estructuras destinadas a facilitar la nidificaci\u00f3n de especies como el halc\u00f3n peregrino, el cern\u00edcalo, [&hellip;]\" \/>\n<meta property=\"og:url\" content=\"https:\/\/radiociutat.com\/es\/ultimas-noticias\/cronicas\/se-instalan-cajas-nido-en-diferentes-puntos-de-la-ciudad-para-fomentar-la-biodiversidad-urbana\/\" \/>\n<meta property=\"og:site_name\" content=\"R\u00e0dio Ciutat de Tarragona\" \/>\n<meta property=\"article:publisher\" content=\"https:\/\/www.facebook.com\/rctgn\" \/>\n<meta property=\"article:published_time\" content=\"2026-04-28T11:27:19+00:00\" \/>\n<meta property=\"og:image\" content=\"https:\/\/files.radiociutat.com\/rctgn\/wp-content\/uploads\/2021\/03\/LOGO-RCTGN-RADIO-CIUTAT-DE-TARRAGONA-TRANSPARENTE-TARRAGONA-2020-3000X3000-Redes1-copia.png\" \/>\n\t<meta property=\"og:image:width\" content=\"3000\" \/>\n\t<meta property=\"og:image:height\" content=\"3000\" \/>\n\t<meta property=\"og:image:type\" content=\"image\/png\" \/>\n<meta name=\"author\" content=\"Adri\u00e0 Duch\" \/>\n<meta name=\"twitter:card\" content=\"summary_large_image\" \/>\n<meta name=\"twitter:creator\" content=\"@RCTgn\" \/>\n<meta name=\"twitter:site\" content=\"@RCTgn\" \/>\n<meta name=\"twitter:label1\" content=\"Escrito por\" \/>\n\t<meta name=\"twitter:data1\" content=\"Adri\u00e0 Duch\" \/>\n\t<meta name=\"twitter:label2\" content=\"Tiempo de lectura\" \/>\n\t<meta name=\"twitter:data2\" content=\"1 minuto\" \/>\n<script type=\"application\/ld+json\" class=\"yoast-schema-graph\">{\"@context\":\"https:\\\/\\\/schema.org\",\"@graph\":[{\"@type\":\"Article\",\"@id\":\"https:\\\/\\\/radiociutat.com\\\/es\\\/ultimas-noticias\\\/cronicas\\\/se-instalan-cajas-nido-en-diferentes-puntos-de-la-ciudad-para-fomentar-la-biodiversidad-urbana\\\/#article\",\"isPartOf\":{\"@id\":\"https:\\\/\\\/radiociutat.com\\\/es\\\/ultimas-noticias\\\/cronicas\\\/se-instalan-cajas-nido-en-diferentes-puntos-de-la-ciudad-para-fomentar-la-biodiversidad-urbana\\\/\"},\"author\":{\"name\":\"Adri\u00e0 Duch\",\"@id\":\"https:\\\/\\\/radiociutat.com\\\/es\\\/#\\\/schema\\\/person\\\/daeecbc4942e3432e8d8b8663bf7d714\"},\"headline\":\"Se instalan cajas nido en diferentes puntos de la ciudad para fomentar la biodiversidad urbana\",\"datePublished\":\"2026-04-28T11:27:19+00:00\",\"mainEntityOfPage\":{\"@id\":\"https:\\\/\\\/radiociutat.com\\\/es\\\/ultimas-noticias\\\/cronicas\\\/se-instalan-cajas-nido-en-diferentes-puntos-de-la-ciudad-para-fomentar-la-biodiversidad-urbana\\\/\"},\"wordCount\":237,\"image\":{\"@id\":\"https:\\\/\\\/radiociutat.com\\\/es\\\/ultimas-noticias\\\/cronicas\\\/se-instalan-cajas-nido-en-diferentes-puntos-de-la-ciudad-para-fomentar-la-biodiversidad-urbana\\\/#primaryimage\"},\"thumbnailUrl\":\"https:\\\/\\\/files.radiociutat.com\\\/rctgn\\\/wp-content\\\/uploads\\\/2026\\\/04\\\/Caixes-niu-Tarragona.jpg\",\"keywords\":[\"Biodiversitat\",\"Caixes Niu\",\"Tarragona\"],\"articleSection\":[\"Cr\u00f3nicas\"],\"inLanguage\":\"es\"},{\"@type\":\"WebPage\",\"@id\":\"https:\\\/\\\/radiociutat.com\\\/es\\\/ultimas-noticias\\\/cronicas\\\/se-instalan-cajas-nido-en-diferentes-puntos-de-la-ciudad-para-fomentar-la-biodiversidad-urbana\\\/\",\"url\":\"https:\\\/\\\/radiociutat.com\\\/es\\\/ultimas-noticias\\\/cronicas\\\/se-instalan-cajas-nido-en-diferentes-puntos-de-la-ciudad-para-fomentar-la-biodiversidad-urbana\\\/\",\"name\":\"Se instalan cajas nido en diferentes puntos de la ciudad para fomentar la biodiversidad urbana - R\u00e0dio Ciutat de Tarragona\",\"isPartOf\":{\"@id\":\"https:\\\/\\\/radiociutat.com\\\/es\\\/#website\"},\"primaryImageOfPage\":{\"@id\":\"https:\\\/\\\/radiociutat.com\\\/es\\\/ultimas-noticias\\\/cronicas\\\/se-instalan-cajas-nido-en-diferentes-puntos-de-la-ciudad-para-fomentar-la-biodiversidad-urbana\\\/#primaryimage\"},\"image\":{\"@id\":\"https:\\\/\\\/radiociutat.com\\\/es\\\/ultimas-noticias\\\/cronicas\\\/se-instalan-cajas-nido-en-diferentes-puntos-de-la-ciudad-para-fomentar-la-biodiversidad-urbana\\\/#primaryimage\"},\"thumbnailUrl\":\"https:\\\/\\\/files.radiociutat.com\\\/rctgn\\\/wp-content\\\/uploads\\\/2026\\\/04\\\/Caixes-niu-Tarragona.jpg\",\"datePublished\":\"2026-04-28T11:27:19+00:00\",\"author\":{\"@id\":\"https:\\\/\\\/radiociutat.com\\\/es\\\/#\\\/schema\\\/person\\\/daeecbc4942e3432e8d8b8663bf7d714\"},\"breadcrumb\":{\"@id\":\"https:\\\/\\\/radiociutat.com\\\/es\\\/ultimas-noticias\\\/cronicas\\\/se-instalan-cajas-nido-en-diferentes-puntos-de-la-ciudad-para-fomentar-la-biodiversidad-urbana\\\/#breadcrumb\"},\"inLanguage\":\"es\",\"potentialAction\":[{\"@type\":\"ReadAction\",\"target\":[\"https:\\\/\\\/radiociutat.com\\\/es\\\/ultimas-noticias\\\/cronicas\\\/se-instalan-cajas-nido-en-diferentes-puntos-de-la-ciudad-para-fomentar-la-biodiversidad-urbana\\\/\"]}]},{\"@type\":\"ImageObject\",\"inLanguage\":\"es\",\"@id\":\"https:\\\/\\\/radiociutat.com\\\/es\\\/ultimas-noticias\\\/cronicas\\\/se-instalan-cajas-nido-en-diferentes-puntos-de-la-ciudad-para-fomentar-la-biodiversidad-urbana\\\/#primaryimage\",\"url\":\"https:\\\/\\\/files.radiociutat.com\\\/rctgn\\\/wp-content\\\/uploads\\\/2026\\\/04\\\/Caixes-niu-Tarragona.jpg\",\"contentUrl\":\"https:\\\/\\\/files.radiociutat.com\\\/rctgn\\\/wp-content\\\/uploads\\\/2026\\\/04\\\/Caixes-niu-Tarragona.jpg\",\"width\":2000,\"height\":1333},{\"@type\":\"BreadcrumbList\",\"@id\":\"https:\\\/\\\/radiociutat.com\\\/es\\\/ultimas-noticias\\\/cronicas\\\/se-instalan-cajas-nido-en-diferentes-puntos-de-la-ciudad-para-fomentar-la-biodiversidad-urbana\\\/#breadcrumb\",\"itemListElement\":[{\"@type\":\"ListItem\",\"position\":1,\"name\":\"Inici\",\"item\":\"https:\\\/\\\/radiociutat.com\\\/es\\\/\"},{\"@type\":\"ListItem\",\"position\":2,\"name\":\"Se instalan cajas nido en diferentes puntos de la ciudad para fomentar la biodiversidad urbana\"}]},{\"@type\":\"WebSite\",\"@id\":\"https:\\\/\\\/radiociutat.com\\\/es\\\/#website\",\"url\":\"https:\\\/\\\/radiociutat.com\\\/es\\\/\",\"name\":\"R\u00e0dio Ciutat de Tarragona\",\"description\":\"R\u00e0dio Ciutat de Tarragona - RCTgn.cat R\u00e0dio Online\",\"potentialAction\":[{\"@type\":\"SearchAction\",\"target\":{\"@type\":\"EntryPoint\",\"urlTemplate\":\"https:\\\/\\\/radiociutat.com\\\/es\\\/?s={search_term_string}\"},\"query-input\":{\"@type\":\"PropertyValueSpecification\",\"valueRequired\":true,\"valueName\":\"search_term_string\"}}],\"inLanguage\":\"es\"},{\"@type\":\"Person\",\"@id\":\"https:\\\/\\\/radiociutat.com\\\/es\\\/#\\\/schema\\\/person\\\/daeecbc4942e3432e8d8b8663bf7d714\",\"name\":\"Adri\u00e0 Duch\",\"sameAs\":[\"https:\\\/\\\/radiociutat.com\\\/wp-content\\\/uploads\\\/2024\\\/02\\\/ADRIA-DUCH.png\"],\"url\":\"https:\\\/\\\/radiociutat.com\\\/es\\\/author\\\/adria-duch\\\/\"}]}<\/script>\n<!-- \/ Yoast SEO Premium plugin. -->","yoast_head_json":{"title":"Se instalan cajas nido en diferentes puntos de la ciudad para fomentar la biodiversidad urbana - R\u00e0dio Ciutat de Tarragona","robots":{"index":"index","follow":"follow","max-snippet":"max-snippet:-1","max-image-preview":"max-image-preview:large","max-video-preview":"max-video-preview:-1"},"canonical":"https:\/\/radiociutat.com\/es\/ultimas-noticias\/cronicas\/se-instalan-cajas-nido-en-diferentes-puntos-de-la-ciudad-para-fomentar-la-biodiversidad-urbana\/","og_locale":"es_ES","og_type":"article","og_title":"Se instalan cajas nido en diferentes puntos de la ciudad para fomentar la biodiversidad urbana","og_description":"El Ayuntamiento de Tarragona ha iniciado la instalaci\u00f3n de cajas nido para aves rapaces en diferentes puntos del municipio con el objetivo de fomentar la biodiversidad urbana y reforzar el equilibrio ecol\u00f3gico de la ciudad. En total, se han colocado nueve estructuras destinadas a facilitar la nidificaci\u00f3n de especies como el halc\u00f3n peregrino, el cern\u00edcalo, [&hellip;]","og_url":"https:\/\/radiociutat.com\/es\/ultimas-noticias\/cronicas\/se-instalan-cajas-nido-en-diferentes-puntos-de-la-ciudad-para-fomentar-la-biodiversidad-urbana\/","og_site_name":"R\u00e0dio Ciutat de Tarragona","article_publisher":"https:\/\/www.facebook.com\/rctgn","article_published_time":"2026-04-28T11:27:19+00:00","og_image":[{"width":3000,"height":3000,"url":"https:\/\/files.radiociutat.com\/rctgn\/wp-content\/uploads\/2021\/03\/LOGO-RCTGN-RADIO-CIUTAT-DE-TARRAGONA-TRANSPARENTE-TARRAGONA-2020-3000X3000-Redes1-copia.png","type":"image\/png"}],"author":"Adri\u00e0 Duch","twitter_card":"summary_large_image","twitter_creator":"@RCTgn","twitter_site":"@RCTgn","twitter_misc":{"Escrito por":"Adri\u00e0 Duch","Tiempo de lectura":"1 minuto"},"schema":{"@context":"https:\/\/schema.org","@graph":[{"@type":"Article","@id":"https:\/\/radiociutat.com\/es\/ultimas-noticias\/cronicas\/se-instalan-cajas-nido-en-diferentes-puntos-de-la-ciudad-para-fomentar-la-biodiversidad-urbana\/#article","isPartOf":{"@id":"https:\/\/radiociutat.com\/es\/ultimas-noticias\/cronicas\/se-instalan-cajas-nido-en-diferentes-puntos-de-la-ciudad-para-fomentar-la-biodiversidad-urbana\/"},"author":{"name":"Adri\u00e0 Duch","@id":"https:\/\/radiociutat.com\/es\/#\/schema\/person\/daeecbc4942e3432e8d8b8663bf7d714"},"headline":"Se instalan cajas nido en diferentes puntos de la ciudad para fomentar la biodiversidad urbana","datePublished":"2026-04-28T11:27:19+00:00","mainEntityOfPage":{"@id":"https:\/\/radiociutat.com\/es\/ultimas-noticias\/cronicas\/se-instalan-cajas-nido-en-diferentes-puntos-de-la-ciudad-para-fomentar-la-biodiversidad-urbana\/"},"wordCount":237,"image":{"@id":"https:\/\/radiociutat.com\/es\/ultimas-noticias\/cronicas\/se-instalan-cajas-nido-en-diferentes-puntos-de-la-ciudad-para-fomentar-la-biodiversidad-urbana\/#primaryimage"},"thumbnailUrl":"https:\/\/files.radiociutat.com\/rctgn\/wp-content\/uploads\/2026\/04\/Caixes-niu-Tarragona.jpg","keywords":["Biodiversitat","Caixes Niu","Tarragona"],"articleSection":["Cr\u00f3nicas"],"inLanguage":"es"},{"@type":"WebPage","@id":"https:\/\/radiociutat.com\/es\/ultimas-noticias\/cronicas\/se-instalan-cajas-nido-en-diferentes-puntos-de-la-ciudad-para-fomentar-la-biodiversidad-urbana\/","url":"https:\/\/radiociutat.com\/es\/ultimas-noticias\/cronicas\/se-instalan-cajas-nido-en-diferentes-puntos-de-la-ciudad-para-fomentar-la-biodiversidad-urbana\/","name":"Se instalan cajas nido en diferentes puntos de la ciudad para fomentar la biodiversidad urbana - R\u00e0dio Ciutat de Tarragona","isPartOf":{"@id":"https:\/\/radiociutat.com\/es\/#website"},"primaryImageOfPage":{"@id":"https:\/\/radiociutat.com\/es\/ultimas-noticias\/cronicas\/se-instalan-cajas-nido-en-diferentes-puntos-de-la-ciudad-para-fomentar-la-biodiversidad-urbana\/#primaryimage"},"image":{"@id":"https:\/\/radiociutat.com\/es\/ultimas-noticias\/cronicas\/se-instalan-cajas-nido-en-diferentes-puntos-de-la-ciudad-para-fomentar-la-biodiversidad-urbana\/#primaryimage"},"thumbnailUrl":"https:\/\/files.radiociutat.com\/rctgn\/wp-content\/uploads\/2026\/04\/Caixes-niu-Tarragona.jpg","datePublished":"2026-04-28T11:27:19+00:00","author":{"@id":"https:\/\/radiociutat.com\/es\/#\/schema\/person\/daeecbc4942e3432e8d8b8663bf7d714"},"breadcrumb":{"@id":"https:\/\/radiociutat.com\/es\/ultimas-noticias\/cronicas\/se-instalan-cajas-nido-en-diferentes-puntos-de-la-ciudad-para-fomentar-la-biodiversidad-urbana\/#breadcrumb"},"inLanguage":"es","potentialAction":[{"@type":"ReadAction","target":["https:\/\/radiociutat.com\/es\/ultimas-noticias\/cronicas\/se-instalan-cajas-nido-en-diferentes-puntos-de-la-ciudad-para-fomentar-la-biodiversidad-urbana\/"]}]},{"@type":"ImageObject","inLanguage":"es","@id":"https:\/\/radiociutat.com\/es\/ultimas-noticias\/cronicas\/se-instalan-cajas-nido-en-diferentes-puntos-de-la-ciudad-para-fomentar-la-biodiversidad-urbana\/#primaryimage","url":"https:\/\/files.radiociutat.com\/rctgn\/wp-content\/uploads\/2026\/04\/Caixes-niu-Tarragona.jpg","contentUrl":"https:\/\/files.radiociutat.com\/rctgn\/wp-content\/uploads\/2026\/04\/Caixes-niu-Tarragona.jpg","width":2000,"height":1333},{"@type":"BreadcrumbList","@id":"https:\/\/radiociutat.com\/es\/ultimas-noticias\/cronicas\/se-instalan-cajas-nido-en-diferentes-puntos-de-la-ciudad-para-fomentar-la-biodiversidad-urbana\/#breadcrumb","itemListElement":[{"@type":"ListItem","position":1,"name":"Inici","item":"https:\/\/radiociutat.com\/es\/"},{"@type":"ListItem","position":2,"name":"Se instalan cajas nido en diferentes puntos de la ciudad para fomentar la biodiversidad urbana"}]},{"@type":"WebSite","@id":"https:\/\/radiociutat.com\/es\/#website","url":"https:\/\/radiociutat.com\/es\/","name":"R\u00e0dio Ciutat de Tarragona","description":"R\u00e0dio Ciutat de Tarragona - RCTgn.cat R\u00e0dio Online","potentialAction":[{"@type":"SearchAction","target":{"@type":"EntryPoint","urlTemplate":"https:\/\/radiociutat.com\/es\/?s={search_term_string}"},"query-input":{"@type":"PropertyValueSpecification","valueRequired":true,"valueName":"search_term_string"}}],"inLanguage":"es"},{"@type":"Person","@id":"https:\/\/radiociutat.com\/es\/#\/schema\/person\/daeecbc4942e3432e8d8b8663bf7d714","name":"Adri\u00e0 Duch","sameAs":["https:\/\/radiociutat.com\/wp-content\/uploads\/2024\/02\/ADRIA-DUCH.png"],"url":"https:\/\/radiociutat.com\/es\/author\/adria-duch\/"}]}},"_links":{"self":[{"href":"https:\/\/radiociutat.com\/es\/wp-json\/wp\/v2\/posts\/378478","targetHints":{"allow":["GET"]}}],"collection":[{"href":"https:\/\/radiociutat.com\/es\/wp-json\/wp\/v2\/posts"}],"about":[{"href":"https:\/\/radiociutat.com\/es\/wp-json\/wp\/v2\/types\/post"}],"author":[{"embeddable":true,"href":"https:\/\/radiociutat.com\/es\/wp-json\/wp\/v2\/users\/84"}],"replies":[{"embeddable":true,"href":"https:\/\/radiociutat.com\/es\/wp-json\/wp\/v2\/comments?post=378478"}],"version-history":[{"count":0,"href":"https:\/\/radiociutat.com\/es\/wp-json\/wp\/v2\/posts\/378478\/revisions"}],"wp:featuredmedia":[{"embeddable":true,"href":"https:\/\/radiociutat.com\/es\/wp-json\/wp\/v2\/media\/378453"}],"wp:attachment":[{"href":"https:\/\/radiociutat.com\/es\/wp-json\/wp\/v2\/media?parent=378478"}],"wp:term":[{"taxonomy":"category","embeddable":true,"href":"https:\/\/radiociutat.com\/es\/wp-json\/wp\/v2\/categories?post=378478"},{"taxonomy":"post_tag","embeddable":true,"href":"https:\/\/radiociutat.com\/es\/wp-json\/wp\/v2\/tags?post=378478"}],"curies":[{"name":"wp","href":"https:\/\/api.w.org\/{rel}","templated":true}]}}