{"id":378454,"date":"2026-04-28T13:14:03","date_gmt":"2026-04-28T11:14:03","guid":{"rendered":"https:\/\/radiociutat.com\/programes-podcast\/la-sala-trono-mantiene-su-compromiso-en-la-cuarta-edicion-de-estrenat-al-territori\/"},"modified":"2026-04-28T13:14:03","modified_gmt":"2026-04-28T11:14:03","slug":"la-sala-trono-mantiene-su-compromiso-en-la-cuarta-edicion-de-estrenat-al-territori","status":"publish","type":"post","link":"https:\/\/radiociutat.com\/es\/tarragones\/tarragona\/la-sala-trono-mantiene-su-compromiso-en-la-cuarta-edicion-de-estrenat-al-territori\/","title":{"rendered":"La Sala Trono mantiene su compromiso en la cuarta edici\u00f3n de Estrena\u2019t al Territori"},"content":{"rendered":"\n<p>La Sala Trono de Tarragona ha reafirmado su compromiso con la cuarta convocatoria de Estrena\u2019t al Territori, una iniciativa clave para el fomento de la creaci\u00f3n esc\u00e9nica emergente y la descentralizaci\u00f3n de la producci\u00f3n teatral en Catalu\u00f1a.<\/p>\n\n\n\n<p>Como una de las salas impulsoras del proyecto, el espacio tarraconense mantiene su apuesta por potenciar el talento joven y acercar nuevas propuestas art\u00edsticas. Esta iniciativa cuenta con la colaboraci\u00f3n de otros centros de referencia como el Teatre de l\u2019Aurora de Igualada, La Mercantil de Balaguer, La Casa del Teatre Nu de Sant Mart\u00ed de Tous y la Sala La Planeta de Gerona.<\/p>\n\n\n\n<p>En el marco de esta nueva etapa, se ha formalizado el relevo art\u00edstico entre las formaciones participantes. La compa\u00f1\u00eda tarraconense Al cel Cia ha pasado el testigo a la Cia. Dissident \u00b7 Cia, cuya propuesta se representar\u00e1 pr\u00f3ximamente en el escenario de la Sala Trono. Con este movimiento, el proyecto contin\u00faa su labor de dinamizaci\u00f3n cultural y de vertebraci\u00f3n del sector teatral m\u00e1s all\u00e1 de la capital catalana.<\/p>\n\n\n\n<p>Esta semana se han dado a conocer las cinco propuestas seleccionadas, que este a\u00f1o han recibido un total de 93 proyectos. En el caso de la Sala Trono, acoger\u00e1 el espect\u00e1culo Missa Pagesa, que se podr\u00e1 ver los d\u00edas 20, 21, 27 y 28 de noviembre.<\/p>\n","protected":false},"excerpt":{"rendered":"<p>La Sala Trono de Tarragona ha reafirmado su compromiso con la cuarta convocatoria de Estrena\u2019t al Territori, una iniciativa clave para el fomento de la creaci\u00f3n esc\u00e9nica emergente y la descentralizaci\u00f3n de la producci\u00f3n teatral en Catalu\u00f1a. Como una de las salas impulsoras del proyecto, el espacio tarraconense mantiene su apuesta por potenciar el talento [&hellip;]<\/p>\n","protected":false},"author":106,"featured_media":378389,"comment_status":"closed","ping_status":"closed","sticky":false,"template":"","format":"standard","meta":{"footnotes":""},"categories":[14046,14039,14047,14026,12404,14029,14041],"tags":[506,19],"class_list":["post-378454","post","type-post","status-publish","format-standard","has-post-thumbnail","hentry","category-campo-de-tarragona","category-cultura","category-demarcacion-de-tarragona","category-nota-automatica","category-provincia-de-tarragona","category-tarragona","category-tarragones","tag-sala-trono","tag-tarragona"],"yoast_head":"<!-- This site is optimized with the Yoast SEO Premium plugin v27.4 (Yoast SEO v27.5) - https:\/\/yoast.com\/product\/yoast-seo-premium-wordpress\/ -->\n<title>La Sala Trono mantiene su compromiso en la cuarta edici\u00f3n de Estrena\u2019t al Territori - R\u00e0dio Ciutat de Tarragona<\/title>\n<meta name=\"robots\" content=\"index, follow, max-snippet:-1, max-image-preview:large, max-video-preview:-1\" \/>\n<link rel=\"canonical\" href=\"https:\/\/radiociutat.com\/es\/tarragones\/tarragona\/la-sala-trono-mantiene-su-compromiso-en-la-cuarta-edicion-de-estrenat-al-territori\/\" \/>\n<meta property=\"og:locale\" content=\"es_ES\" \/>\n<meta property=\"og:type\" content=\"article\" \/>\n<meta property=\"og:title\" content=\"La Sala Trono mantiene su compromiso en la cuarta edici\u00f3n de Estrena\u2019t al Territori\" \/>\n<meta property=\"og:description\" content=\"La Sala Trono de Tarragona ha reafirmado su compromiso con la cuarta convocatoria de Estrena\u2019t al Territori, una iniciativa clave para el fomento de la creaci\u00f3n esc\u00e9nica emergente y la descentralizaci\u00f3n de la producci\u00f3n teatral en Catalu\u00f1a. Como una de las salas impulsoras del proyecto, el espacio tarraconense mantiene su apuesta por potenciar el talento [&hellip;]\" \/>\n<meta property=\"og:url\" content=\"https:\/\/radiociutat.com\/es\/tarragones\/tarragona\/la-sala-trono-mantiene-su-compromiso-en-la-cuarta-edicion-de-estrenat-al-territori\/\" \/>\n<meta property=\"og:site_name\" content=\"R\u00e0dio Ciutat de Tarragona\" \/>\n<meta property=\"article:publisher\" content=\"https:\/\/www.facebook.com\/rctgn\" \/>\n<meta property=\"article:published_time\" content=\"2026-04-28T11:14:03+00:00\" \/>\n<meta property=\"og:image\" content=\"https:\/\/files.radiociutat.com\/rctgn\/wp-content\/uploads\/2026\/04\/1_RDP-Estrenat-al-Territori-2026_foto-familia-scaled-e1777374957206.jpg\" \/>\n\t<meta property=\"og:image:width\" content=\"2560\" \/>\n\t<meta property=\"og:image:height\" content=\"1707\" \/>\n\t<meta property=\"og:image:type\" content=\"image\/jpeg\" \/>\n<meta name=\"author\" content=\"AutoNota\" \/>\n<meta name=\"twitter:card\" content=\"summary_large_image\" \/>\n<meta name=\"twitter:creator\" content=\"@RCTgn\" \/>\n<meta name=\"twitter:site\" content=\"@RCTgn\" \/>\n<meta name=\"twitter:label1\" content=\"Escrito por\" \/>\n\t<meta name=\"twitter:data1\" content=\"AutoNota\" \/>\n\t<meta name=\"twitter:label2\" content=\"Tiempo de lectura\" \/>\n\t<meta name=\"twitter:data2\" content=\"1 minuto\" \/>\n<script type=\"application\/ld+json\" class=\"yoast-schema-graph\">{\"@context\":\"https:\\\/\\\/schema.org\",\"@graph\":[{\"@type\":\"Article\",\"@id\":\"https:\\\/\\\/radiociutat.com\\\/es\\\/tarragones\\\/tarragona\\\/la-sala-trono-mantiene-su-compromiso-en-la-cuarta-edicion-de-estrenat-al-territori\\\/#article\",\"isPartOf\":{\"@id\":\"https:\\\/\\\/radiociutat.com\\\/es\\\/tarragones\\\/tarragona\\\/la-sala-trono-mantiene-su-compromiso-en-la-cuarta-edicion-de-estrenat-al-territori\\\/\"},\"author\":{\"name\":\"AutoNota\",\"@id\":\"https:\\\/\\\/radiociutat.com\\\/es\\\/#\\\/schema\\\/person\\\/fd401dfbfd2adfe3f166b553b083e78d\"},\"headline\":\"La Sala Trono mantiene su compromiso en la cuarta edici\u00f3n de Estrena\u2019t al Territori\",\"datePublished\":\"2026-04-28T11:14:03+00:00\",\"mainEntityOfPage\":{\"@id\":\"https:\\\/\\\/radiociutat.com\\\/es\\\/tarragones\\\/tarragona\\\/la-sala-trono-mantiene-su-compromiso-en-la-cuarta-edicion-de-estrenat-al-territori\\\/\"},\"wordCount\":243,\"image\":{\"@id\":\"https:\\\/\\\/radiociutat.com\\\/es\\\/tarragones\\\/tarragona\\\/la-sala-trono-mantiene-su-compromiso-en-la-cuarta-edicion-de-estrenat-al-territori\\\/#primaryimage\"},\"thumbnailUrl\":\"https:\\\/\\\/files.radiociutat.com\\\/rctgn\\\/wp-content\\\/uploads\\\/2026\\\/04\\\/1_RDP-Estrenat-al-Territori-2026_foto-familia-scaled-e1777374957206.jpg\",\"keywords\":[\"Sala Trono\",\"Tarragona\"],\"articleSection\":[\"Campo de Tarragona\",\"Cultura\",\"Demarcaci\u00f3n de Tarragona\",\"Nota autom\u00e1tica\",\"Prov\u00edncia de Tarragona\",\"Tarragona\",\"Tarragon\u00e9s\"],\"inLanguage\":\"es\"},{\"@type\":\"WebPage\",\"@id\":\"https:\\\/\\\/radiociutat.com\\\/es\\\/tarragones\\\/tarragona\\\/la-sala-trono-mantiene-su-compromiso-en-la-cuarta-edicion-de-estrenat-al-territori\\\/\",\"url\":\"https:\\\/\\\/radiociutat.com\\\/es\\\/tarragones\\\/tarragona\\\/la-sala-trono-mantiene-su-compromiso-en-la-cuarta-edicion-de-estrenat-al-territori\\\/\",\"name\":\"La Sala Trono mantiene su compromiso en la cuarta edici\u00f3n de Estrena\u2019t al Territori - R\u00e0dio Ciutat de Tarragona\",\"isPartOf\":{\"@id\":\"https:\\\/\\\/radiociutat.com\\\/es\\\/#website\"},\"primaryImageOfPage\":{\"@id\":\"https:\\\/\\\/radiociutat.com\\\/es\\\/tarragones\\\/tarragona\\\/la-sala-trono-mantiene-su-compromiso-en-la-cuarta-edicion-de-estrenat-al-territori\\\/#primaryimage\"},\"image\":{\"@id\":\"https:\\\/\\\/radiociutat.com\\\/es\\\/tarragones\\\/tarragona\\\/la-sala-trono-mantiene-su-compromiso-en-la-cuarta-edicion-de-estrenat-al-territori\\\/#primaryimage\"},\"thumbnailUrl\":\"https:\\\/\\\/files.radiociutat.com\\\/rctgn\\\/wp-content\\\/uploads\\\/2026\\\/04\\\/1_RDP-Estrenat-al-Territori-2026_foto-familia-scaled-e1777374957206.jpg\",\"datePublished\":\"2026-04-28T11:14:03+00:00\",\"author\":{\"@id\":\"https:\\\/\\\/radiociutat.com\\\/es\\\/#\\\/schema\\\/person\\\/fd401dfbfd2adfe3f166b553b083e78d\"},\"breadcrumb\":{\"@id\":\"https:\\\/\\\/radiociutat.com\\\/es\\\/tarragones\\\/tarragona\\\/la-sala-trono-mantiene-su-compromiso-en-la-cuarta-edicion-de-estrenat-al-territori\\\/#breadcrumb\"},\"inLanguage\":\"es\",\"potentialAction\":[{\"@type\":\"ReadAction\",\"target\":[\"https:\\\/\\\/radiociutat.com\\\/es\\\/tarragones\\\/tarragona\\\/la-sala-trono-mantiene-su-compromiso-en-la-cuarta-edicion-de-estrenat-al-territori\\\/\"]}]},{\"@type\":\"ImageObject\",\"inLanguage\":\"es\",\"@id\":\"https:\\\/\\\/radiociutat.com\\\/es\\\/tarragones\\\/tarragona\\\/la-sala-trono-mantiene-su-compromiso-en-la-cuarta-edicion-de-estrenat-al-territori\\\/#primaryimage\",\"url\":\"https:\\\/\\\/files.radiociutat.com\\\/rctgn\\\/wp-content\\\/uploads\\\/2026\\\/04\\\/1_RDP-Estrenat-al-Territori-2026_foto-familia-scaled-e1777374957206.jpg\",\"contentUrl\":\"https:\\\/\\\/files.radiociutat.com\\\/rctgn\\\/wp-content\\\/uploads\\\/2026\\\/04\\\/1_RDP-Estrenat-al-Territori-2026_foto-familia-scaled-e1777374957206.jpg\",\"width\":2560,\"height\":1707},{\"@type\":\"BreadcrumbList\",\"@id\":\"https:\\\/\\\/radiociutat.com\\\/es\\\/tarragones\\\/tarragona\\\/la-sala-trono-mantiene-su-compromiso-en-la-cuarta-edicion-de-estrenat-al-territori\\\/#breadcrumb\",\"itemListElement\":[{\"@type\":\"ListItem\",\"position\":1,\"name\":\"Inici\",\"item\":\"https:\\\/\\\/radiociutat.com\\\/es\\\/\"},{\"@type\":\"ListItem\",\"position\":2,\"name\":\"La Sala Trono mantiene su compromiso en la cuarta edici\u00f3n de Estrena\u2019t al Territori\"}]},{\"@type\":\"WebSite\",\"@id\":\"https:\\\/\\\/radiociutat.com\\\/es\\\/#website\",\"url\":\"https:\\\/\\\/radiociutat.com\\\/es\\\/\",\"name\":\"R\u00e0dio Ciutat de Tarragona\",\"description\":\"R\u00e0dio Ciutat de Tarragona - RCTgn.cat R\u00e0dio Online\",\"potentialAction\":[{\"@type\":\"SearchAction\",\"target\":{\"@type\":\"EntryPoint\",\"urlTemplate\":\"https:\\\/\\\/radiociutat.com\\\/es\\\/?s={search_term_string}\"},\"query-input\":{\"@type\":\"PropertyValueSpecification\",\"valueRequired\":true,\"valueName\":\"search_term_string\"}}],\"inLanguage\":\"es\"},{\"@type\":\"Person\",\"@id\":\"https:\\\/\\\/radiociutat.com\\\/es\\\/#\\\/schema\\\/person\\\/fd401dfbfd2adfe3f166b553b083e78d\",\"name\":\"AutoNota\",\"description\":\"AutoNota, el suport intel\u00b7ligent per a la redacci\u00f3 AutoNota \u00e9s un servei propi de R\u00e0dio Ciutat que utilitza la intel\u00b7lig\u00e8ncia artificial per donar suport al treball period\u00edstic. La seva funci\u00f3 principal \u00e9s etiquetar, categoritzar i contextualitzar les informacions que arriben a la redacci\u00f3, sobretot procedents d\u2019empreses i institucions. Tot i que la IA ajuda a ordenar i donar forma als continguts, \u00e9s sempre l\u2019equip de redacci\u00f3 qui els revisa, edita i publica. D\u2019aquesta manera, garantim que totes les publicacions d\u2019AutoNota comptin amb la curaci\u00f3 i l\u2019aval professional d\u2019una persona periodista de R\u00e0dio Ciutat.\",\"url\":\"https:\\\/\\\/radiociutat.com\\\/es\\\/author\\\/autonota\\\/\"}]}<\/script>\n<!-- \/ Yoast SEO Premium plugin. -->","yoast_head_json":{"title":"La Sala Trono mantiene su compromiso en la cuarta edici\u00f3n de Estrena\u2019t al Territori - R\u00e0dio Ciutat de Tarragona","robots":{"index":"index","follow":"follow","max-snippet":"max-snippet:-1","max-image-preview":"max-image-preview:large","max-video-preview":"max-video-preview:-1"},"canonical":"https:\/\/radiociutat.com\/es\/tarragones\/tarragona\/la-sala-trono-mantiene-su-compromiso-en-la-cuarta-edicion-de-estrenat-al-territori\/","og_locale":"es_ES","og_type":"article","og_title":"La Sala Trono mantiene su compromiso en la cuarta edici\u00f3n de Estrena\u2019t al Territori","og_description":"La Sala Trono de Tarragona ha reafirmado su compromiso con la cuarta convocatoria de Estrena\u2019t al Territori, una iniciativa clave para el fomento de la creaci\u00f3n esc\u00e9nica emergente y la descentralizaci\u00f3n de la producci\u00f3n teatral en Catalu\u00f1a. Como una de las salas impulsoras del proyecto, el espacio tarraconense mantiene su apuesta por potenciar el talento [&hellip;]","og_url":"https:\/\/radiociutat.com\/es\/tarragones\/tarragona\/la-sala-trono-mantiene-su-compromiso-en-la-cuarta-edicion-de-estrenat-al-territori\/","og_site_name":"R\u00e0dio Ciutat de Tarragona","article_publisher":"https:\/\/www.facebook.com\/rctgn","article_published_time":"2026-04-28T11:14:03+00:00","og_image":[{"width":2560,"height":1707,"url":"https:\/\/files.radiociutat.com\/rctgn\/wp-content\/uploads\/2026\/04\/1_RDP-Estrenat-al-Territori-2026_foto-familia-scaled-e1777374957206.jpg","type":"image\/jpeg"}],"author":"AutoNota","twitter_card":"summary_large_image","twitter_creator":"@RCTgn","twitter_site":"@RCTgn","twitter_misc":{"Escrito por":"AutoNota","Tiempo de lectura":"1 minuto"},"schema":{"@context":"https:\/\/schema.org","@graph":[{"@type":"Article","@id":"https:\/\/radiociutat.com\/es\/tarragones\/tarragona\/la-sala-trono-mantiene-su-compromiso-en-la-cuarta-edicion-de-estrenat-al-territori\/#article","isPartOf":{"@id":"https:\/\/radiociutat.com\/es\/tarragones\/tarragona\/la-sala-trono-mantiene-su-compromiso-en-la-cuarta-edicion-de-estrenat-al-territori\/"},"author":{"name":"AutoNota","@id":"https:\/\/radiociutat.com\/es\/#\/schema\/person\/fd401dfbfd2adfe3f166b553b083e78d"},"headline":"La Sala Trono mantiene su compromiso en la cuarta edici\u00f3n de Estrena\u2019t al Territori","datePublished":"2026-04-28T11:14:03+00:00","mainEntityOfPage":{"@id":"https:\/\/radiociutat.com\/es\/tarragones\/tarragona\/la-sala-trono-mantiene-su-compromiso-en-la-cuarta-edicion-de-estrenat-al-territori\/"},"wordCount":243,"image":{"@id":"https:\/\/radiociutat.com\/es\/tarragones\/tarragona\/la-sala-trono-mantiene-su-compromiso-en-la-cuarta-edicion-de-estrenat-al-territori\/#primaryimage"},"thumbnailUrl":"https:\/\/files.radiociutat.com\/rctgn\/wp-content\/uploads\/2026\/04\/1_RDP-Estrenat-al-Territori-2026_foto-familia-scaled-e1777374957206.jpg","keywords":["Sala Trono","Tarragona"],"articleSection":["Campo de Tarragona","Cultura","Demarcaci\u00f3n de Tarragona","Nota autom\u00e1tica","Prov\u00edncia de Tarragona","Tarragona","Tarragon\u00e9s"],"inLanguage":"es"},{"@type":"WebPage","@id":"https:\/\/radiociutat.com\/es\/tarragones\/tarragona\/la-sala-trono-mantiene-su-compromiso-en-la-cuarta-edicion-de-estrenat-al-territori\/","url":"https:\/\/radiociutat.com\/es\/tarragones\/tarragona\/la-sala-trono-mantiene-su-compromiso-en-la-cuarta-edicion-de-estrenat-al-territori\/","name":"La Sala Trono mantiene su compromiso en la cuarta edici\u00f3n de Estrena\u2019t al Territori - R\u00e0dio Ciutat de Tarragona","isPartOf":{"@id":"https:\/\/radiociutat.com\/es\/#website"},"primaryImageOfPage":{"@id":"https:\/\/radiociutat.com\/es\/tarragones\/tarragona\/la-sala-trono-mantiene-su-compromiso-en-la-cuarta-edicion-de-estrenat-al-territori\/#primaryimage"},"image":{"@id":"https:\/\/radiociutat.com\/es\/tarragones\/tarragona\/la-sala-trono-mantiene-su-compromiso-en-la-cuarta-edicion-de-estrenat-al-territori\/#primaryimage"},"thumbnailUrl":"https:\/\/files.radiociutat.com\/rctgn\/wp-content\/uploads\/2026\/04\/1_RDP-Estrenat-al-Territori-2026_foto-familia-scaled-e1777374957206.jpg","datePublished":"2026-04-28T11:14:03+00:00","author":{"@id":"https:\/\/radiociutat.com\/es\/#\/schema\/person\/fd401dfbfd2adfe3f166b553b083e78d"},"breadcrumb":{"@id":"https:\/\/radiociutat.com\/es\/tarragones\/tarragona\/la-sala-trono-mantiene-su-compromiso-en-la-cuarta-edicion-de-estrenat-al-territori\/#breadcrumb"},"inLanguage":"es","potentialAction":[{"@type":"ReadAction","target":["https:\/\/radiociutat.com\/es\/tarragones\/tarragona\/la-sala-trono-mantiene-su-compromiso-en-la-cuarta-edicion-de-estrenat-al-territori\/"]}]},{"@type":"ImageObject","inLanguage":"es","@id":"https:\/\/radiociutat.com\/es\/tarragones\/tarragona\/la-sala-trono-mantiene-su-compromiso-en-la-cuarta-edicion-de-estrenat-al-territori\/#primaryimage","url":"https:\/\/files.radiociutat.com\/rctgn\/wp-content\/uploads\/2026\/04\/1_RDP-Estrenat-al-Territori-2026_foto-familia-scaled-e1777374957206.jpg","contentUrl":"https:\/\/files.radiociutat.com\/rctgn\/wp-content\/uploads\/2026\/04\/1_RDP-Estrenat-al-Territori-2026_foto-familia-scaled-e1777374957206.jpg","width":2560,"height":1707},{"@type":"BreadcrumbList","@id":"https:\/\/radiociutat.com\/es\/tarragones\/tarragona\/la-sala-trono-mantiene-su-compromiso-en-la-cuarta-edicion-de-estrenat-al-territori\/#breadcrumb","itemListElement":[{"@type":"ListItem","position":1,"name":"Inici","item":"https:\/\/radiociutat.com\/es\/"},{"@type":"ListItem","position":2,"name":"La Sala Trono mantiene su compromiso en la cuarta edici\u00f3n de Estrena\u2019t al Territori"}]},{"@type":"WebSite","@id":"https:\/\/radiociutat.com\/es\/#website","url":"https:\/\/radiociutat.com\/es\/","name":"R\u00e0dio Ciutat de Tarragona","description":"R\u00e0dio Ciutat de Tarragona - RCTgn.cat R\u00e0dio Online","potentialAction":[{"@type":"SearchAction","target":{"@type":"EntryPoint","urlTemplate":"https:\/\/radiociutat.com\/es\/?s={search_term_string}"},"query-input":{"@type":"PropertyValueSpecification","valueRequired":true,"valueName":"search_term_string"}}],"inLanguage":"es"},{"@type":"Person","@id":"https:\/\/radiociutat.com\/es\/#\/schema\/person\/fd401dfbfd2adfe3f166b553b083e78d","name":"AutoNota","description":"AutoNota, el suport intel\u00b7ligent per a la redacci\u00f3 AutoNota \u00e9s un servei propi de R\u00e0dio Ciutat que utilitza la intel\u00b7lig\u00e8ncia artificial per donar suport al treball period\u00edstic. La seva funci\u00f3 principal \u00e9s etiquetar, categoritzar i contextualitzar les informacions que arriben a la redacci\u00f3, sobretot procedents d\u2019empreses i institucions. Tot i que la IA ajuda a ordenar i donar forma als continguts, \u00e9s sempre l\u2019equip de redacci\u00f3 qui els revisa, edita i publica. D\u2019aquesta manera, garantim que totes les publicacions d\u2019AutoNota comptin amb la curaci\u00f3 i l\u2019aval professional d\u2019una persona periodista de R\u00e0dio Ciutat.","url":"https:\/\/radiociutat.com\/es\/author\/autonota\/"}]}},"_links":{"self":[{"href":"https:\/\/radiociutat.com\/es\/wp-json\/wp\/v2\/posts\/378454","targetHints":{"allow":["GET"]}}],"collection":[{"href":"https:\/\/radiociutat.com\/es\/wp-json\/wp\/v2\/posts"}],"about":[{"href":"https:\/\/radiociutat.com\/es\/wp-json\/wp\/v2\/types\/post"}],"author":[{"embeddable":true,"href":"https:\/\/radiociutat.com\/es\/wp-json\/wp\/v2\/users\/106"}],"replies":[{"embeddable":true,"href":"https:\/\/radiociutat.com\/es\/wp-json\/wp\/v2\/comments?post=378454"}],"version-history":[{"count":0,"href":"https:\/\/radiociutat.com\/es\/wp-json\/wp\/v2\/posts\/378454\/revisions"}],"wp:featuredmedia":[{"embeddable":true,"href":"https:\/\/radiociutat.com\/es\/wp-json\/wp\/v2\/media\/378389"}],"wp:attachment":[{"href":"https:\/\/radiociutat.com\/es\/wp-json\/wp\/v2\/media?parent=378454"}],"wp:term":[{"taxonomy":"category","embeddable":true,"href":"https:\/\/radiociutat.com\/es\/wp-json\/wp\/v2\/categories?post=378454"},{"taxonomy":"post_tag","embeddable":true,"href":"https:\/\/radiociutat.com\/es\/wp-json\/wp\/v2\/tags?post=378454"}],"curies":[{"name":"wp","href":"https:\/\/api.w.org\/{rel}","templated":true}]}}