{"id":378445,"date":"2026-04-28T13:01:04","date_gmt":"2026-04-28T11:01:04","guid":{"rendered":"https:\/\/radiociutat.com\/programes-podcast\/la-empresa-urbaser-reparte-kits-de-verano-para-proteger-a-la-plantilla-del-calor\/"},"modified":"2026-04-28T13:01:04","modified_gmt":"2026-04-28T11:01:04","slug":"la-empresa-urbaser-reparte-kits-de-verano-para-proteger-a-la-plantilla-del-calor","status":"publish","type":"post","link":"https:\/\/radiociutat.com\/es\/ultimas-noticias\/cronicas\/la-empresa-urbaser-reparte-kits-de-verano-para-proteger-a-la-plantilla-del-calor\/","title":{"rendered":"La empresa Urbaser reparte kits de verano para proteger a la plantilla del calor"},"content":{"rendered":"\n<p>Urbaser ha iniciado esta semana la entrega de <strong>kits de verano<\/strong> a los trabajadores del servicio de limpieza y recogida de residuos de Tarragona, en una medida orientada a <strong>paliar los efectos de las altas temperaturas<\/strong> y mejorar las condiciones laborales. La decisi\u00f3n se ha adelantado a ra\u00edz de la petici\u00f3n del comit\u00e9 de Seguridad y Salud, ante el incremento sostenido del calor en los \u00faltimos a\u00f1os.<\/p>\n\n\n\n<p>El pack incluye <strong>una mochila, una gorra y una botella de agua t\u00e9rmica<\/strong>, elementos pensados para facilitar la jornada laboral, especialmente durante las horas de m\u00e1xima insolaci\u00f3n. El objetivo principal es <strong>proteger al personal de calle<\/strong> y garantizar un desarrollo del servicio en condiciones m\u00e1s segures.<\/p>\n\n\n\n<p>Adem\u00e1s, a partir del <strong>1 de junio<\/strong>, se distribuir\u00e1 <strong>crema solar con protecci\u00f3n contra mosquitos<\/strong> a toda la plantilla. Tambi\u00e9n se prev\u00e9 la incorporaci\u00f3n de <strong>mu\u00f1equeras para controlar la temperatura corporal<\/strong> para los trabajadores mayores de 50 a\u00f1os o especialmente sensibles, as\u00ed como para el personal de playas.<\/p>\n\n\n\n<p>En este \u00faltimo caso, la entrega de material ya se adelant\u00f3 a inicios de mes por su <strong>mayor exposici\u00f3n al sol<\/strong>. Paralelamente, los Servicios T\u00e9cnicos Municipales trabajan en un nuevo procedimiento que entrar\u00e1 en vigor en junio para <strong>reforzar la seguridad y la organizaci\u00f3n del servicio<\/strong>.<\/p>\n","protected":false},"excerpt":{"rendered":"<p>Urbaser ha iniciado esta semana la entrega de kits de verano a los trabajadores del servicio de limpieza y recogida de residuos de Tarragona, en una medida orientada a paliar los efectos de las altas temperaturas y mejorar las condiciones laborales. La decisi\u00f3n se ha adelantado a ra\u00edz de la petici\u00f3n del comit\u00e9 de Seguridad [&hellip;]<\/p>\n","protected":false},"author":84,"featured_media":378442,"comment_status":"closed","ping_status":"closed","sticky":false,"template":"","format":"standard","meta":{"footnotes":""},"categories":[13688],"tags":[2322,19,12018],"class_list":["post-378445","post","type-post","status-publish","format-standard","has-post-thumbnail","hentry","category-cronicas","tag-calor","tag-tarragona","tag-urbaser"],"yoast_head":"<!-- This site is optimized with the Yoast SEO Premium plugin v27.4 (Yoast SEO v27.5) - https:\/\/yoast.com\/product\/yoast-seo-premium-wordpress\/ -->\n<title>La empresa Urbaser reparte kits de verano para proteger a la plantilla del calor - R\u00e0dio Ciutat de Tarragona<\/title>\n<meta name=\"robots\" content=\"index, follow, max-snippet:-1, max-image-preview:large, max-video-preview:-1\" \/>\n<link rel=\"canonical\" href=\"https:\/\/radiociutat.com\/es\/ultimas-noticias\/cronicas\/la-empresa-urbaser-reparte-kits-de-verano-para-proteger-a-la-plantilla-del-calor\/\" \/>\n<meta property=\"og:locale\" content=\"es_ES\" \/>\n<meta property=\"og:type\" content=\"article\" \/>\n<meta property=\"og:title\" content=\"La empresa Urbaser reparte kits de verano para proteger a la plantilla del calor\" \/>\n<meta property=\"og:description\" content=\"Urbaser ha iniciado esta semana la entrega de kits de verano a los trabajadores del servicio de limpieza y recogida de residuos de Tarragona, en una medida orientada a paliar los efectos de las altas temperaturas y mejorar las condiciones laborales. La decisi\u00f3n se ha adelantado a ra\u00edz de la petici\u00f3n del comit\u00e9 de Seguridad [&hellip;]\" \/>\n<meta property=\"og:url\" content=\"https:\/\/radiociutat.com\/es\/ultimas-noticias\/cronicas\/la-empresa-urbaser-reparte-kits-de-verano-para-proteger-a-la-plantilla-del-calor\/\" \/>\n<meta property=\"og:site_name\" content=\"R\u00e0dio Ciutat de Tarragona\" \/>\n<meta property=\"article:publisher\" content=\"https:\/\/www.facebook.com\/rctgn\" \/>\n<meta property=\"article:published_time\" content=\"2026-04-28T11:01:04+00:00\" \/>\n<meta property=\"og:image\" content=\"https:\/\/files.radiociutat.com\/rctgn\/wp-content\/uploads\/2021\/03\/LOGO-RCTGN-RADIO-CIUTAT-DE-TARRAGONA-TRANSPARENTE-TARRAGONA-2020-3000X3000-Redes1-copia.png\" \/>\n\t<meta property=\"og:image:width\" content=\"3000\" \/>\n\t<meta property=\"og:image:height\" content=\"3000\" \/>\n\t<meta property=\"og:image:type\" content=\"image\/png\" \/>\n<meta name=\"author\" content=\"Adri\u00e0 Duch\" \/>\n<meta name=\"twitter:card\" content=\"summary_large_image\" \/>\n<meta name=\"twitter:creator\" content=\"@RCTgn\" \/>\n<meta name=\"twitter:site\" content=\"@RCTgn\" \/>\n<meta name=\"twitter:label1\" content=\"Escrito por\" \/>\n\t<meta name=\"twitter:data1\" content=\"Adri\u00e0 Duch\" \/>\n\t<meta name=\"twitter:label2\" content=\"Tiempo de lectura\" \/>\n\t<meta name=\"twitter:data2\" content=\"1 minuto\" \/>\n<script type=\"application\/ld+json\" class=\"yoast-schema-graph\">{\"@context\":\"https:\\\/\\\/schema.org\",\"@graph\":[{\"@type\":\"Article\",\"@id\":\"https:\\\/\\\/radiociutat.com\\\/es\\\/ultimas-noticias\\\/cronicas\\\/la-empresa-urbaser-reparte-kits-de-verano-para-proteger-a-la-plantilla-del-calor\\\/#article\",\"isPartOf\":{\"@id\":\"https:\\\/\\\/radiociutat.com\\\/es\\\/ultimas-noticias\\\/cronicas\\\/la-empresa-urbaser-reparte-kits-de-verano-para-proteger-a-la-plantilla-del-calor\\\/\"},\"author\":{\"name\":\"Adri\u00e0 Duch\",\"@id\":\"https:\\\/\\\/radiociutat.com\\\/es\\\/#\\\/schema\\\/person\\\/daeecbc4942e3432e8d8b8663bf7d714\"},\"headline\":\"La empresa Urbaser reparte kits de verano para proteger a la plantilla del calor\",\"datePublished\":\"2026-04-28T11:01:04+00:00\",\"mainEntityOfPage\":{\"@id\":\"https:\\\/\\\/radiociutat.com\\\/es\\\/ultimas-noticias\\\/cronicas\\\/la-empresa-urbaser-reparte-kits-de-verano-para-proteger-a-la-plantilla-del-calor\\\/\"},\"wordCount\":236,\"image\":{\"@id\":\"https:\\\/\\\/radiociutat.com\\\/es\\\/ultimas-noticias\\\/cronicas\\\/la-empresa-urbaser-reparte-kits-de-verano-para-proteger-a-la-plantilla-del-calor\\\/#primaryimage\"},\"thumbnailUrl\":\"https:\\\/\\\/files.radiociutat.com\\\/rctgn\\\/wp-content\\\/uploads\\\/2026\\\/04\\\/Urbaser-3.jpg\",\"keywords\":[\"calor\",\"Tarragona\",\"Urbaser\"],\"articleSection\":[\"Cr\u00f3nicas\"],\"inLanguage\":\"es\"},{\"@type\":\"WebPage\",\"@id\":\"https:\\\/\\\/radiociutat.com\\\/es\\\/ultimas-noticias\\\/cronicas\\\/la-empresa-urbaser-reparte-kits-de-verano-para-proteger-a-la-plantilla-del-calor\\\/\",\"url\":\"https:\\\/\\\/radiociutat.com\\\/es\\\/ultimas-noticias\\\/cronicas\\\/la-empresa-urbaser-reparte-kits-de-verano-para-proteger-a-la-plantilla-del-calor\\\/\",\"name\":\"La empresa Urbaser reparte kits de verano para proteger a la plantilla del calor - R\u00e0dio Ciutat de Tarragona\",\"isPartOf\":{\"@id\":\"https:\\\/\\\/radiociutat.com\\\/es\\\/#website\"},\"primaryImageOfPage\":{\"@id\":\"https:\\\/\\\/radiociutat.com\\\/es\\\/ultimas-noticias\\\/cronicas\\\/la-empresa-urbaser-reparte-kits-de-verano-para-proteger-a-la-plantilla-del-calor\\\/#primaryimage\"},\"image\":{\"@id\":\"https:\\\/\\\/radiociutat.com\\\/es\\\/ultimas-noticias\\\/cronicas\\\/la-empresa-urbaser-reparte-kits-de-verano-para-proteger-a-la-plantilla-del-calor\\\/#primaryimage\"},\"thumbnailUrl\":\"https:\\\/\\\/files.radiociutat.com\\\/rctgn\\\/wp-content\\\/uploads\\\/2026\\\/04\\\/Urbaser-3.jpg\",\"datePublished\":\"2026-04-28T11:01:04+00:00\",\"author\":{\"@id\":\"https:\\\/\\\/radiociutat.com\\\/es\\\/#\\\/schema\\\/person\\\/daeecbc4942e3432e8d8b8663bf7d714\"},\"breadcrumb\":{\"@id\":\"https:\\\/\\\/radiociutat.com\\\/es\\\/ultimas-noticias\\\/cronicas\\\/la-empresa-urbaser-reparte-kits-de-verano-para-proteger-a-la-plantilla-del-calor\\\/#breadcrumb\"},\"inLanguage\":\"es\",\"potentialAction\":[{\"@type\":\"ReadAction\",\"target\":[\"https:\\\/\\\/radiociutat.com\\\/es\\\/ultimas-noticias\\\/cronicas\\\/la-empresa-urbaser-reparte-kits-de-verano-para-proteger-a-la-plantilla-del-calor\\\/\"]}]},{\"@type\":\"ImageObject\",\"inLanguage\":\"es\",\"@id\":\"https:\\\/\\\/radiociutat.com\\\/es\\\/ultimas-noticias\\\/cronicas\\\/la-empresa-urbaser-reparte-kits-de-verano-para-proteger-a-la-plantilla-del-calor\\\/#primaryimage\",\"url\":\"https:\\\/\\\/files.radiociutat.com\\\/rctgn\\\/wp-content\\\/uploads\\\/2026\\\/04\\\/Urbaser-3.jpg\",\"contentUrl\":\"https:\\\/\\\/files.radiociutat.com\\\/rctgn\\\/wp-content\\\/uploads\\\/2026\\\/04\\\/Urbaser-3.jpg\",\"width\":2000,\"height\":1333},{\"@type\":\"BreadcrumbList\",\"@id\":\"https:\\\/\\\/radiociutat.com\\\/es\\\/ultimas-noticias\\\/cronicas\\\/la-empresa-urbaser-reparte-kits-de-verano-para-proteger-a-la-plantilla-del-calor\\\/#breadcrumb\",\"itemListElement\":[{\"@type\":\"ListItem\",\"position\":1,\"name\":\"Inici\",\"item\":\"https:\\\/\\\/radiociutat.com\\\/es\\\/\"},{\"@type\":\"ListItem\",\"position\":2,\"name\":\"La empresa Urbaser reparte kits de verano para proteger a la plantilla del calor\"}]},{\"@type\":\"WebSite\",\"@id\":\"https:\\\/\\\/radiociutat.com\\\/es\\\/#website\",\"url\":\"https:\\\/\\\/radiociutat.com\\\/es\\\/\",\"name\":\"R\u00e0dio Ciutat de Tarragona\",\"description\":\"R\u00e0dio Ciutat de Tarragona - RCTgn.cat R\u00e0dio Online\",\"potentialAction\":[{\"@type\":\"SearchAction\",\"target\":{\"@type\":\"EntryPoint\",\"urlTemplate\":\"https:\\\/\\\/radiociutat.com\\\/es\\\/?s={search_term_string}\"},\"query-input\":{\"@type\":\"PropertyValueSpecification\",\"valueRequired\":true,\"valueName\":\"search_term_string\"}}],\"inLanguage\":\"es\"},{\"@type\":\"Person\",\"@id\":\"https:\\\/\\\/radiociutat.com\\\/es\\\/#\\\/schema\\\/person\\\/daeecbc4942e3432e8d8b8663bf7d714\",\"name\":\"Adri\u00e0 Duch\",\"sameAs\":[\"https:\\\/\\\/radiociutat.com\\\/wp-content\\\/uploads\\\/2024\\\/02\\\/ADRIA-DUCH.png\"],\"url\":\"https:\\\/\\\/radiociutat.com\\\/es\\\/author\\\/adria-duch\\\/\"}]}<\/script>\n<!-- \/ Yoast SEO Premium plugin. -->","yoast_head_json":{"title":"La empresa Urbaser reparte kits de verano para proteger a la plantilla del calor - R\u00e0dio Ciutat de Tarragona","robots":{"index":"index","follow":"follow","max-snippet":"max-snippet:-1","max-image-preview":"max-image-preview:large","max-video-preview":"max-video-preview:-1"},"canonical":"https:\/\/radiociutat.com\/es\/ultimas-noticias\/cronicas\/la-empresa-urbaser-reparte-kits-de-verano-para-proteger-a-la-plantilla-del-calor\/","og_locale":"es_ES","og_type":"article","og_title":"La empresa Urbaser reparte kits de verano para proteger a la plantilla del calor","og_description":"Urbaser ha iniciado esta semana la entrega de kits de verano a los trabajadores del servicio de limpieza y recogida de residuos de Tarragona, en una medida orientada a paliar los efectos de las altas temperaturas y mejorar las condiciones laborales. La decisi\u00f3n se ha adelantado a ra\u00edz de la petici\u00f3n del comit\u00e9 de Seguridad [&hellip;]","og_url":"https:\/\/radiociutat.com\/es\/ultimas-noticias\/cronicas\/la-empresa-urbaser-reparte-kits-de-verano-para-proteger-a-la-plantilla-del-calor\/","og_site_name":"R\u00e0dio Ciutat de Tarragona","article_publisher":"https:\/\/www.facebook.com\/rctgn","article_published_time":"2026-04-28T11:01:04+00:00","og_image":[{"width":3000,"height":3000,"url":"https:\/\/files.radiociutat.com\/rctgn\/wp-content\/uploads\/2021\/03\/LOGO-RCTGN-RADIO-CIUTAT-DE-TARRAGONA-TRANSPARENTE-TARRAGONA-2020-3000X3000-Redes1-copia.png","type":"image\/png"}],"author":"Adri\u00e0 Duch","twitter_card":"summary_large_image","twitter_creator":"@RCTgn","twitter_site":"@RCTgn","twitter_misc":{"Escrito por":"Adri\u00e0 Duch","Tiempo de lectura":"1 minuto"},"schema":{"@context":"https:\/\/schema.org","@graph":[{"@type":"Article","@id":"https:\/\/radiociutat.com\/es\/ultimas-noticias\/cronicas\/la-empresa-urbaser-reparte-kits-de-verano-para-proteger-a-la-plantilla-del-calor\/#article","isPartOf":{"@id":"https:\/\/radiociutat.com\/es\/ultimas-noticias\/cronicas\/la-empresa-urbaser-reparte-kits-de-verano-para-proteger-a-la-plantilla-del-calor\/"},"author":{"name":"Adri\u00e0 Duch","@id":"https:\/\/radiociutat.com\/es\/#\/schema\/person\/daeecbc4942e3432e8d8b8663bf7d714"},"headline":"La empresa Urbaser reparte kits de verano para proteger a la plantilla del calor","datePublished":"2026-04-28T11:01:04+00:00","mainEntityOfPage":{"@id":"https:\/\/radiociutat.com\/es\/ultimas-noticias\/cronicas\/la-empresa-urbaser-reparte-kits-de-verano-para-proteger-a-la-plantilla-del-calor\/"},"wordCount":236,"image":{"@id":"https:\/\/radiociutat.com\/es\/ultimas-noticias\/cronicas\/la-empresa-urbaser-reparte-kits-de-verano-para-proteger-a-la-plantilla-del-calor\/#primaryimage"},"thumbnailUrl":"https:\/\/files.radiociutat.com\/rctgn\/wp-content\/uploads\/2026\/04\/Urbaser-3.jpg","keywords":["calor","Tarragona","Urbaser"],"articleSection":["Cr\u00f3nicas"],"inLanguage":"es"},{"@type":"WebPage","@id":"https:\/\/radiociutat.com\/es\/ultimas-noticias\/cronicas\/la-empresa-urbaser-reparte-kits-de-verano-para-proteger-a-la-plantilla-del-calor\/","url":"https:\/\/radiociutat.com\/es\/ultimas-noticias\/cronicas\/la-empresa-urbaser-reparte-kits-de-verano-para-proteger-a-la-plantilla-del-calor\/","name":"La empresa Urbaser reparte kits de verano para proteger a la plantilla del calor - R\u00e0dio Ciutat de Tarragona","isPartOf":{"@id":"https:\/\/radiociutat.com\/es\/#website"},"primaryImageOfPage":{"@id":"https:\/\/radiociutat.com\/es\/ultimas-noticias\/cronicas\/la-empresa-urbaser-reparte-kits-de-verano-para-proteger-a-la-plantilla-del-calor\/#primaryimage"},"image":{"@id":"https:\/\/radiociutat.com\/es\/ultimas-noticias\/cronicas\/la-empresa-urbaser-reparte-kits-de-verano-para-proteger-a-la-plantilla-del-calor\/#primaryimage"},"thumbnailUrl":"https:\/\/files.radiociutat.com\/rctgn\/wp-content\/uploads\/2026\/04\/Urbaser-3.jpg","datePublished":"2026-04-28T11:01:04+00:00","author":{"@id":"https:\/\/radiociutat.com\/es\/#\/schema\/person\/daeecbc4942e3432e8d8b8663bf7d714"},"breadcrumb":{"@id":"https:\/\/radiociutat.com\/es\/ultimas-noticias\/cronicas\/la-empresa-urbaser-reparte-kits-de-verano-para-proteger-a-la-plantilla-del-calor\/#breadcrumb"},"inLanguage":"es","potentialAction":[{"@type":"ReadAction","target":["https:\/\/radiociutat.com\/es\/ultimas-noticias\/cronicas\/la-empresa-urbaser-reparte-kits-de-verano-para-proteger-a-la-plantilla-del-calor\/"]}]},{"@type":"ImageObject","inLanguage":"es","@id":"https:\/\/radiociutat.com\/es\/ultimas-noticias\/cronicas\/la-empresa-urbaser-reparte-kits-de-verano-para-proteger-a-la-plantilla-del-calor\/#primaryimage","url":"https:\/\/files.radiociutat.com\/rctgn\/wp-content\/uploads\/2026\/04\/Urbaser-3.jpg","contentUrl":"https:\/\/files.radiociutat.com\/rctgn\/wp-content\/uploads\/2026\/04\/Urbaser-3.jpg","width":2000,"height":1333},{"@type":"BreadcrumbList","@id":"https:\/\/radiociutat.com\/es\/ultimas-noticias\/cronicas\/la-empresa-urbaser-reparte-kits-de-verano-para-proteger-a-la-plantilla-del-calor\/#breadcrumb","itemListElement":[{"@type":"ListItem","position":1,"name":"Inici","item":"https:\/\/radiociutat.com\/es\/"},{"@type":"ListItem","position":2,"name":"La empresa Urbaser reparte kits de verano para proteger a la plantilla del calor"}]},{"@type":"WebSite","@id":"https:\/\/radiociutat.com\/es\/#website","url":"https:\/\/radiociutat.com\/es\/","name":"R\u00e0dio Ciutat de Tarragona","description":"R\u00e0dio Ciutat de Tarragona - RCTgn.cat R\u00e0dio Online","potentialAction":[{"@type":"SearchAction","target":{"@type":"EntryPoint","urlTemplate":"https:\/\/radiociutat.com\/es\/?s={search_term_string}"},"query-input":{"@type":"PropertyValueSpecification","valueRequired":true,"valueName":"search_term_string"}}],"inLanguage":"es"},{"@type":"Person","@id":"https:\/\/radiociutat.com\/es\/#\/schema\/person\/daeecbc4942e3432e8d8b8663bf7d714","name":"Adri\u00e0 Duch","sameAs":["https:\/\/radiociutat.com\/wp-content\/uploads\/2024\/02\/ADRIA-DUCH.png"],"url":"https:\/\/radiociutat.com\/es\/author\/adria-duch\/"}]}},"_links":{"self":[{"href":"https:\/\/radiociutat.com\/es\/wp-json\/wp\/v2\/posts\/378445","targetHints":{"allow":["GET"]}}],"collection":[{"href":"https:\/\/radiociutat.com\/es\/wp-json\/wp\/v2\/posts"}],"about":[{"href":"https:\/\/radiociutat.com\/es\/wp-json\/wp\/v2\/types\/post"}],"author":[{"embeddable":true,"href":"https:\/\/radiociutat.com\/es\/wp-json\/wp\/v2\/users\/84"}],"replies":[{"embeddable":true,"href":"https:\/\/radiociutat.com\/es\/wp-json\/wp\/v2\/comments?post=378445"}],"version-history":[{"count":0,"href":"https:\/\/radiociutat.com\/es\/wp-json\/wp\/v2\/posts\/378445\/revisions"}],"wp:featuredmedia":[{"embeddable":true,"href":"https:\/\/radiociutat.com\/es\/wp-json\/wp\/v2\/media\/378442"}],"wp:attachment":[{"href":"https:\/\/radiociutat.com\/es\/wp-json\/wp\/v2\/media?parent=378445"}],"wp:term":[{"taxonomy":"category","embeddable":true,"href":"https:\/\/radiociutat.com\/es\/wp-json\/wp\/v2\/categories?post=378445"},{"taxonomy":"post_tag","embeddable":true,"href":"https:\/\/radiociutat.com\/es\/wp-json\/wp\/v2\/tags?post=378445"}],"curies":[{"name":"wp","href":"https:\/\/api.w.org\/{rel}","templated":true}]}}