{"id":378363,"date":"2026-04-28T11:47:04","date_gmt":"2026-04-28T09:47:04","guid":{"rendered":"https:\/\/radiociutat.com\/programes-podcast\/la-tasa-de-paro-baja-pero-tarragona-sigue-siendo-la-demarcacion-con-el-indicador-mas-elevado\/"},"modified":"2026-04-28T11:47:04","modified_gmt":"2026-04-28T09:47:04","slug":"la-tasa-de-paro-baja-pero-tarragona-sigue-siendo-la-demarcacion-con-el-indicador-mas-elevado","status":"publish","type":"post","link":"https:\/\/radiociutat.com\/es\/ultimas-noticias\/cronicas\/la-tasa-de-paro-baja-pero-tarragona-sigue-siendo-la-demarcacion-con-el-indicador-mas-elevado\/","title":{"rendered":"La tasa de paro baja pero Tarragona sigue siendo la demarcaci\u00f3n con el indicador m\u00e1s elevado"},"content":{"rendered":"\n<p>Tarragona es la \u00fanica de las cuatro demarcaciones catalanas que ha reducido la tasa de desempleados durante el primer trimestre de 2026, pasando del <strong>12,87%<\/strong> al <strong>12,6%<\/strong>, con <strong>391.800 personas ocupadas<\/strong>. Aun as\u00ed, sigue manteniendo el indicador m\u00e1s elevado por encima de Girona, Lleida y Barcelona.<\/p>\n\n\n\n<p>Catalu\u00f1a supera el <strong>10%<\/strong> de desempleados por primera vez en tres a\u00f1os y alcanza un total de <strong>435.600 personas sin trabajo<\/strong> en el primer trimestre de 2026, seg\u00fan la Encuesta de Poblaci\u00f3n Activa (EPA) del Instituto Nacional de Estad\u00edstica (INE). En total, Catalu\u00f1a ha comenzado el a\u00f1o con un 24% m\u00e1s de parados que el trimestre anterior y un 15,7% m\u00e1s que el a\u00f1o pasado.<\/p>\n\n\n\n<p>La tasa de paro ha crecido 1,88 puntos con relaci\u00f3n al trimestre anterior y se ha vuelto a situar en el doble d\u00edgito tras once trimestres. El indicador se sit\u00faa 1,21 puntos por encima del dato de hace un a\u00f1o (8,91%).<\/p>\n","protected":false},"excerpt":{"rendered":"<p>Tarragona es la \u00fanica de las cuatro demarcaciones catalanas que ha reducido la tasa de desempleados durante el primer trimestre de 2026, pasando del 12,87% al 12,6%, con 391.800 personas ocupadas. Aun as\u00ed, sigue manteniendo el indicador m\u00e1s elevado por encima de Girona, Lleida y Barcelona. Catalu\u00f1a supera el 10% de desempleados por primera vez [&hellip;]<\/p>\n","protected":false},"author":57,"featured_media":285380,"comment_status":"closed","ping_status":"closed","sticky":false,"template":"","format":"standard","meta":{"footnotes":""},"categories":[13688,13716],"tags":[380,19],"class_list":["post-378363","post","type-post","status-publish","format-standard","has-post-thumbnail","hentry","category-cronicas","category-ultimas-noticias","tag-atur","tag-tarragona"],"yoast_head":"<!-- This site is optimized with the Yoast SEO Premium plugin v27.4 (Yoast SEO v27.5) - https:\/\/yoast.com\/product\/yoast-seo-premium-wordpress\/ -->\n<title>La tasa de paro baja pero Tarragona sigue siendo la demarcaci\u00f3n con el indicador m\u00e1s elevado - R\u00e0dio Ciutat de Tarragona<\/title>\n<meta name=\"robots\" content=\"index, follow, max-snippet:-1, max-image-preview:large, max-video-preview:-1\" \/>\n<link rel=\"canonical\" href=\"https:\/\/radiociutat.com\/es\/ultimas-noticias\/cronicas\/la-tasa-de-paro-baja-pero-tarragona-sigue-siendo-la-demarcacion-con-el-indicador-mas-elevado\/\" \/>\n<meta property=\"og:locale\" content=\"es_ES\" \/>\n<meta property=\"og:type\" content=\"article\" \/>\n<meta property=\"og:title\" content=\"La tasa de paro baja pero Tarragona sigue siendo la demarcaci\u00f3n con el indicador m\u00e1s elevado\" \/>\n<meta property=\"og:description\" content=\"Tarragona es la \u00fanica de las cuatro demarcaciones catalanas que ha reducido la tasa de desempleados durante el primer trimestre de 2026, pasando del 12,87% al 12,6%, con 391.800 personas ocupadas. Aun as\u00ed, sigue manteniendo el indicador m\u00e1s elevado por encima de Girona, Lleida y Barcelona. Catalu\u00f1a supera el 10% de desempleados por primera vez [&hellip;]\" \/>\n<meta property=\"og:url\" content=\"https:\/\/radiociutat.com\/es\/ultimas-noticias\/cronicas\/la-tasa-de-paro-baja-pero-tarragona-sigue-siendo-la-demarcacion-con-el-indicador-mas-elevado\/\" \/>\n<meta property=\"og:site_name\" content=\"R\u00e0dio Ciutat de Tarragona\" \/>\n<meta property=\"article:publisher\" content=\"https:\/\/www.facebook.com\/rctgn\" \/>\n<meta property=\"article:published_time\" content=\"2026-04-28T09:47:04+00:00\" \/>\n<meta property=\"og:image\" content=\"https:\/\/files.radiociutat.com\/rctgn\/wp-content\/uploads\/2021\/03\/LOGO-RCTGN-RADIO-CIUTAT-DE-TARRAGONA-TRANSPARENTE-TARRAGONA-2020-3000X3000-Redes1-copia.png\" \/>\n\t<meta property=\"og:image:width\" content=\"3000\" \/>\n\t<meta property=\"og:image:height\" content=\"3000\" \/>\n\t<meta property=\"og:image:type\" content=\"image\/png\" \/>\n<meta name=\"author\" content=\"ACN\" \/>\n<meta name=\"twitter:card\" content=\"summary_large_image\" \/>\n<meta name=\"twitter:creator\" content=\"@RCTgn\" \/>\n<meta name=\"twitter:site\" content=\"@RCTgn\" \/>\n<meta name=\"twitter:label1\" content=\"Escrito por\" \/>\n\t<meta name=\"twitter:data1\" content=\"ACN\" \/>\n\t<meta name=\"twitter:label2\" content=\"Tiempo de lectura\" \/>\n\t<meta name=\"twitter:data2\" content=\"1 minuto\" \/>\n<script type=\"application\/ld+json\" class=\"yoast-schema-graph\">{\"@context\":\"https:\\\/\\\/schema.org\",\"@graph\":[{\"@type\":\"Article\",\"@id\":\"https:\\\/\\\/radiociutat.com\\\/es\\\/ultimas-noticias\\\/cronicas\\\/la-tasa-de-paro-baja-pero-tarragona-sigue-siendo-la-demarcacion-con-el-indicador-mas-elevado\\\/#article\",\"isPartOf\":{\"@id\":\"https:\\\/\\\/radiociutat.com\\\/es\\\/ultimas-noticias\\\/cronicas\\\/la-tasa-de-paro-baja-pero-tarragona-sigue-siendo-la-demarcacion-con-el-indicador-mas-elevado\\\/\"},\"author\":{\"name\":\"ACN\",\"@id\":\"https:\\\/\\\/radiociutat.com\\\/es\\\/#\\\/schema\\\/person\\\/ea8722499f2255e1477bd2975629dc71\"},\"headline\":\"La tasa de paro baja pero Tarragona sigue siendo la demarcaci\u00f3n con el indicador m\u00e1s elevado\",\"datePublished\":\"2026-04-28T09:47:04+00:00\",\"mainEntityOfPage\":{\"@id\":\"https:\\\/\\\/radiociutat.com\\\/es\\\/ultimas-noticias\\\/cronicas\\\/la-tasa-de-paro-baja-pero-tarragona-sigue-siendo-la-demarcacion-con-el-indicador-mas-elevado\\\/\"},\"wordCount\":173,\"image\":{\"@id\":\"https:\\\/\\\/radiociutat.com\\\/es\\\/ultimas-noticias\\\/cronicas\\\/la-tasa-de-paro-baja-pero-tarragona-sigue-siendo-la-demarcacion-con-el-indicador-mas-elevado\\\/#primaryimage\"},\"thumbnailUrl\":\"https:\\\/\\\/files.radiociutat.com\\\/rctgn\\\/wp-content\\\/uploads\\\/2019\\\/12\\\/atur-696x497-e1717491106245.jpg\",\"keywords\":[\"Atur\",\"Tarragona\"],\"articleSection\":[\"Cr\u00f3nicas\",\"\u00daltimas noticias\"],\"inLanguage\":\"es\"},{\"@type\":\"WebPage\",\"@id\":\"https:\\\/\\\/radiociutat.com\\\/es\\\/ultimas-noticias\\\/cronicas\\\/la-tasa-de-paro-baja-pero-tarragona-sigue-siendo-la-demarcacion-con-el-indicador-mas-elevado\\\/\",\"url\":\"https:\\\/\\\/radiociutat.com\\\/es\\\/ultimas-noticias\\\/cronicas\\\/la-tasa-de-paro-baja-pero-tarragona-sigue-siendo-la-demarcacion-con-el-indicador-mas-elevado\\\/\",\"name\":\"La tasa de paro baja pero Tarragona sigue siendo la demarcaci\u00f3n con el indicador m\u00e1s elevado - R\u00e0dio Ciutat de Tarragona\",\"isPartOf\":{\"@id\":\"https:\\\/\\\/radiociutat.com\\\/es\\\/#website\"},\"primaryImageOfPage\":{\"@id\":\"https:\\\/\\\/radiociutat.com\\\/es\\\/ultimas-noticias\\\/cronicas\\\/la-tasa-de-paro-baja-pero-tarragona-sigue-siendo-la-demarcacion-con-el-indicador-mas-elevado\\\/#primaryimage\"},\"image\":{\"@id\":\"https:\\\/\\\/radiociutat.com\\\/es\\\/ultimas-noticias\\\/cronicas\\\/la-tasa-de-paro-baja-pero-tarragona-sigue-siendo-la-demarcacion-con-el-indicador-mas-elevado\\\/#primaryimage\"},\"thumbnailUrl\":\"https:\\\/\\\/files.radiociutat.com\\\/rctgn\\\/wp-content\\\/uploads\\\/2019\\\/12\\\/atur-696x497-e1717491106245.jpg\",\"datePublished\":\"2026-04-28T09:47:04+00:00\",\"author\":{\"@id\":\"https:\\\/\\\/radiociutat.com\\\/es\\\/#\\\/schema\\\/person\\\/ea8722499f2255e1477bd2975629dc71\"},\"breadcrumb\":{\"@id\":\"https:\\\/\\\/radiociutat.com\\\/es\\\/ultimas-noticias\\\/cronicas\\\/la-tasa-de-paro-baja-pero-tarragona-sigue-siendo-la-demarcacion-con-el-indicador-mas-elevado\\\/#breadcrumb\"},\"inLanguage\":\"es\",\"potentialAction\":[{\"@type\":\"ReadAction\",\"target\":[\"https:\\\/\\\/radiociutat.com\\\/es\\\/ultimas-noticias\\\/cronicas\\\/la-tasa-de-paro-baja-pero-tarragona-sigue-siendo-la-demarcacion-con-el-indicador-mas-elevado\\\/\"]}]},{\"@type\":\"ImageObject\",\"inLanguage\":\"es\",\"@id\":\"https:\\\/\\\/radiociutat.com\\\/es\\\/ultimas-noticias\\\/cronicas\\\/la-tasa-de-paro-baja-pero-tarragona-sigue-siendo-la-demarcacion-con-el-indicador-mas-elevado\\\/#primaryimage\",\"url\":\"https:\\\/\\\/files.radiociutat.com\\\/rctgn\\\/wp-content\\\/uploads\\\/2019\\\/12\\\/atur-696x497-e1717491106245.jpg\",\"contentUrl\":\"https:\\\/\\\/files.radiociutat.com\\\/rctgn\\\/wp-content\\\/uploads\\\/2019\\\/12\\\/atur-696x497-e1717491106245.jpg\",\"width\":620,\"height\":443},{\"@type\":\"BreadcrumbList\",\"@id\":\"https:\\\/\\\/radiociutat.com\\\/es\\\/ultimas-noticias\\\/cronicas\\\/la-tasa-de-paro-baja-pero-tarragona-sigue-siendo-la-demarcacion-con-el-indicador-mas-elevado\\\/#breadcrumb\",\"itemListElement\":[{\"@type\":\"ListItem\",\"position\":1,\"name\":\"Inici\",\"item\":\"https:\\\/\\\/radiociutat.com\\\/es\\\/\"},{\"@type\":\"ListItem\",\"position\":2,\"name\":\"La tasa de paro baja pero Tarragona sigue siendo la demarcaci\u00f3n con el indicador m\u00e1s elevado\"}]},{\"@type\":\"WebSite\",\"@id\":\"https:\\\/\\\/radiociutat.com\\\/es\\\/#website\",\"url\":\"https:\\\/\\\/radiociutat.com\\\/es\\\/\",\"name\":\"R\u00e0dio Ciutat de Tarragona\",\"description\":\"R\u00e0dio Ciutat de Tarragona - RCTgn.cat R\u00e0dio Online\",\"potentialAction\":[{\"@type\":\"SearchAction\",\"target\":{\"@type\":\"EntryPoint\",\"urlTemplate\":\"https:\\\/\\\/radiociutat.com\\\/es\\\/?s={search_term_string}\"},\"query-input\":{\"@type\":\"PropertyValueSpecification\",\"valueRequired\":true,\"valueName\":\"search_term_string\"}}],\"inLanguage\":\"es\"},{\"@type\":\"Person\",\"@id\":\"https:\\\/\\\/radiociutat.com\\\/es\\\/#\\\/schema\\\/person\\\/ea8722499f2255e1477bd2975629dc71\",\"name\":\"ACN\",\"sameAs\":[\"https:\\\/\\\/radiociutat.com\\\/wp-content\\\/uploads\\\/2023\\\/09\\\/acn-e1694789176650.png\"],\"url\":\"https:\\\/\\\/radiociutat.com\\\/es\\\/author\\\/acn\\\/\"}]}<\/script>\n<!-- \/ Yoast SEO Premium plugin. -->","yoast_head_json":{"title":"La tasa de paro baja pero Tarragona sigue siendo la demarcaci\u00f3n con el indicador m\u00e1s elevado - R\u00e0dio Ciutat de Tarragona","robots":{"index":"index","follow":"follow","max-snippet":"max-snippet:-1","max-image-preview":"max-image-preview:large","max-video-preview":"max-video-preview:-1"},"canonical":"https:\/\/radiociutat.com\/es\/ultimas-noticias\/cronicas\/la-tasa-de-paro-baja-pero-tarragona-sigue-siendo-la-demarcacion-con-el-indicador-mas-elevado\/","og_locale":"es_ES","og_type":"article","og_title":"La tasa de paro baja pero Tarragona sigue siendo la demarcaci\u00f3n con el indicador m\u00e1s elevado","og_description":"Tarragona es la \u00fanica de las cuatro demarcaciones catalanas que ha reducido la tasa de desempleados durante el primer trimestre de 2026, pasando del 12,87% al 12,6%, con 391.800 personas ocupadas. Aun as\u00ed, sigue manteniendo el indicador m\u00e1s elevado por encima de Girona, Lleida y Barcelona. Catalu\u00f1a supera el 10% de desempleados por primera vez [&hellip;]","og_url":"https:\/\/radiociutat.com\/es\/ultimas-noticias\/cronicas\/la-tasa-de-paro-baja-pero-tarragona-sigue-siendo-la-demarcacion-con-el-indicador-mas-elevado\/","og_site_name":"R\u00e0dio Ciutat de Tarragona","article_publisher":"https:\/\/www.facebook.com\/rctgn","article_published_time":"2026-04-28T09:47:04+00:00","og_image":[{"width":3000,"height":3000,"url":"https:\/\/files.radiociutat.com\/rctgn\/wp-content\/uploads\/2021\/03\/LOGO-RCTGN-RADIO-CIUTAT-DE-TARRAGONA-TRANSPARENTE-TARRAGONA-2020-3000X3000-Redes1-copia.png","type":"image\/png"}],"author":"ACN","twitter_card":"summary_large_image","twitter_creator":"@RCTgn","twitter_site":"@RCTgn","twitter_misc":{"Escrito por":"ACN","Tiempo de lectura":"1 minuto"},"schema":{"@context":"https:\/\/schema.org","@graph":[{"@type":"Article","@id":"https:\/\/radiociutat.com\/es\/ultimas-noticias\/cronicas\/la-tasa-de-paro-baja-pero-tarragona-sigue-siendo-la-demarcacion-con-el-indicador-mas-elevado\/#article","isPartOf":{"@id":"https:\/\/radiociutat.com\/es\/ultimas-noticias\/cronicas\/la-tasa-de-paro-baja-pero-tarragona-sigue-siendo-la-demarcacion-con-el-indicador-mas-elevado\/"},"author":{"name":"ACN","@id":"https:\/\/radiociutat.com\/es\/#\/schema\/person\/ea8722499f2255e1477bd2975629dc71"},"headline":"La tasa de paro baja pero Tarragona sigue siendo la demarcaci\u00f3n con el indicador m\u00e1s elevado","datePublished":"2026-04-28T09:47:04+00:00","mainEntityOfPage":{"@id":"https:\/\/radiociutat.com\/es\/ultimas-noticias\/cronicas\/la-tasa-de-paro-baja-pero-tarragona-sigue-siendo-la-demarcacion-con-el-indicador-mas-elevado\/"},"wordCount":173,"image":{"@id":"https:\/\/radiociutat.com\/es\/ultimas-noticias\/cronicas\/la-tasa-de-paro-baja-pero-tarragona-sigue-siendo-la-demarcacion-con-el-indicador-mas-elevado\/#primaryimage"},"thumbnailUrl":"https:\/\/files.radiociutat.com\/rctgn\/wp-content\/uploads\/2019\/12\/atur-696x497-e1717491106245.jpg","keywords":["Atur","Tarragona"],"articleSection":["Cr\u00f3nicas","\u00daltimas noticias"],"inLanguage":"es"},{"@type":"WebPage","@id":"https:\/\/radiociutat.com\/es\/ultimas-noticias\/cronicas\/la-tasa-de-paro-baja-pero-tarragona-sigue-siendo-la-demarcacion-con-el-indicador-mas-elevado\/","url":"https:\/\/radiociutat.com\/es\/ultimas-noticias\/cronicas\/la-tasa-de-paro-baja-pero-tarragona-sigue-siendo-la-demarcacion-con-el-indicador-mas-elevado\/","name":"La tasa de paro baja pero Tarragona sigue siendo la demarcaci\u00f3n con el indicador m\u00e1s elevado - R\u00e0dio Ciutat de Tarragona","isPartOf":{"@id":"https:\/\/radiociutat.com\/es\/#website"},"primaryImageOfPage":{"@id":"https:\/\/radiociutat.com\/es\/ultimas-noticias\/cronicas\/la-tasa-de-paro-baja-pero-tarragona-sigue-siendo-la-demarcacion-con-el-indicador-mas-elevado\/#primaryimage"},"image":{"@id":"https:\/\/radiociutat.com\/es\/ultimas-noticias\/cronicas\/la-tasa-de-paro-baja-pero-tarragona-sigue-siendo-la-demarcacion-con-el-indicador-mas-elevado\/#primaryimage"},"thumbnailUrl":"https:\/\/files.radiociutat.com\/rctgn\/wp-content\/uploads\/2019\/12\/atur-696x497-e1717491106245.jpg","datePublished":"2026-04-28T09:47:04+00:00","author":{"@id":"https:\/\/radiociutat.com\/es\/#\/schema\/person\/ea8722499f2255e1477bd2975629dc71"},"breadcrumb":{"@id":"https:\/\/radiociutat.com\/es\/ultimas-noticias\/cronicas\/la-tasa-de-paro-baja-pero-tarragona-sigue-siendo-la-demarcacion-con-el-indicador-mas-elevado\/#breadcrumb"},"inLanguage":"es","potentialAction":[{"@type":"ReadAction","target":["https:\/\/radiociutat.com\/es\/ultimas-noticias\/cronicas\/la-tasa-de-paro-baja-pero-tarragona-sigue-siendo-la-demarcacion-con-el-indicador-mas-elevado\/"]}]},{"@type":"ImageObject","inLanguage":"es","@id":"https:\/\/radiociutat.com\/es\/ultimas-noticias\/cronicas\/la-tasa-de-paro-baja-pero-tarragona-sigue-siendo-la-demarcacion-con-el-indicador-mas-elevado\/#primaryimage","url":"https:\/\/files.radiociutat.com\/rctgn\/wp-content\/uploads\/2019\/12\/atur-696x497-e1717491106245.jpg","contentUrl":"https:\/\/files.radiociutat.com\/rctgn\/wp-content\/uploads\/2019\/12\/atur-696x497-e1717491106245.jpg","width":620,"height":443},{"@type":"BreadcrumbList","@id":"https:\/\/radiociutat.com\/es\/ultimas-noticias\/cronicas\/la-tasa-de-paro-baja-pero-tarragona-sigue-siendo-la-demarcacion-con-el-indicador-mas-elevado\/#breadcrumb","itemListElement":[{"@type":"ListItem","position":1,"name":"Inici","item":"https:\/\/radiociutat.com\/es\/"},{"@type":"ListItem","position":2,"name":"La tasa de paro baja pero Tarragona sigue siendo la demarcaci\u00f3n con el indicador m\u00e1s elevado"}]},{"@type":"WebSite","@id":"https:\/\/radiociutat.com\/es\/#website","url":"https:\/\/radiociutat.com\/es\/","name":"R\u00e0dio Ciutat de Tarragona","description":"R\u00e0dio Ciutat de Tarragona - RCTgn.cat R\u00e0dio Online","potentialAction":[{"@type":"SearchAction","target":{"@type":"EntryPoint","urlTemplate":"https:\/\/radiociutat.com\/es\/?s={search_term_string}"},"query-input":{"@type":"PropertyValueSpecification","valueRequired":true,"valueName":"search_term_string"}}],"inLanguage":"es"},{"@type":"Person","@id":"https:\/\/radiociutat.com\/es\/#\/schema\/person\/ea8722499f2255e1477bd2975629dc71","name":"ACN","sameAs":["https:\/\/radiociutat.com\/wp-content\/uploads\/2023\/09\/acn-e1694789176650.png"],"url":"https:\/\/radiociutat.com\/es\/author\/acn\/"}]}},"_links":{"self":[{"href":"https:\/\/radiociutat.com\/es\/wp-json\/wp\/v2\/posts\/378363","targetHints":{"allow":["GET"]}}],"collection":[{"href":"https:\/\/radiociutat.com\/es\/wp-json\/wp\/v2\/posts"}],"about":[{"href":"https:\/\/radiociutat.com\/es\/wp-json\/wp\/v2\/types\/post"}],"author":[{"embeddable":true,"href":"https:\/\/radiociutat.com\/es\/wp-json\/wp\/v2\/users\/57"}],"replies":[{"embeddable":true,"href":"https:\/\/radiociutat.com\/es\/wp-json\/wp\/v2\/comments?post=378363"}],"version-history":[{"count":0,"href":"https:\/\/radiociutat.com\/es\/wp-json\/wp\/v2\/posts\/378363\/revisions"}],"wp:featuredmedia":[{"embeddable":true,"href":"https:\/\/radiociutat.com\/es\/wp-json\/wp\/v2\/media\/285380"}],"wp:attachment":[{"href":"https:\/\/radiociutat.com\/es\/wp-json\/wp\/v2\/media?parent=378363"}],"wp:term":[{"taxonomy":"category","embeddable":true,"href":"https:\/\/radiociutat.com\/es\/wp-json\/wp\/v2\/categories?post=378363"},{"taxonomy":"post_tag","embeddable":true,"href":"https:\/\/radiociutat.com\/es\/wp-json\/wp\/v2\/tags?post=378363"}],"curies":[{"name":"wp","href":"https:\/\/api.w.org\/{rel}","templated":true}]}}