{"id":378355,"date":"2026-04-28T11:34:07","date_gmt":"2026-04-28T09:34:07","guid":{"rendered":"https:\/\/radiociutat.com\/programes-podcast\/un-nuevo-material-hibrido-de-la-urv-multiplica-por-80-la-sensibilidad-de-los-sensores-opticos\/"},"modified":"2026-04-28T11:34:07","modified_gmt":"2026-04-28T09:34:07","slug":"un-nuevo-material-hibrido-de-la-urv-multiplica-por-80-la-sensibilidad-de-los-sensores-opticos","status":"publish","type":"post","link":"https:\/\/radiociutat.com\/es\/provincia-de-tarragona\/un-nuevo-material-hibrido-de-la-urv-multiplica-por-80-la-sensibilidad-de-los-sensores-opticos\/","title":{"rendered":"Un nuevo material h\u00edbrido de la URV multiplica por 80 la sensibilidad de los sensores \u00f3pticos"},"content":{"rendered":"\n<p>Investigadores del Departamento de Qu\u00edmica F\u00edsica e Inorg\u00e1nica de la Universidad Rovira i Virgili (URV) han desarrollado un nuevo m\u00e9todo para crear materiales h\u00edbridos que logran multiplicar por 80 la sensibilidad de los sensores \u00f3pticos actuales. Este avance tecnol\u00f3gico permite producir nanomateriales con una respuesta a la luz mucho m\u00e1s eficiente, lo que facilita una detecci\u00f3n de mol\u00e9culas hasta ahora inalcanzable con los m\u00e9todos de dise\u00f1o convencionales.<\/p>\n\n\n\n<p>Seg\u00fan ha explicado el equipo investigador, este descubrimiento establece una nueva manera de afrontar el dise\u00f1o de ciertos materiales a escala nanom\u00e9trica. La optimizaci\u00f3n de estas superficies h\u00edbridas permite que los sensores sean capaces de identificar rastros de sustancias con una precisi\u00f3n extremadamente alta, abriendo la puerta a una nueva generaci\u00f3n de dispositivos de an\u00e1lisis m\u00e1s r\u00e1pidos y fiables en diversos \u00e1mbitos cient\u00edficos.<\/p>\n\n\n\n<p>El avance podr\u00eda tener un impacto directo e inmediato en campos tan diversos como el an\u00e1lisis qu\u00edmico, la biomedicina o el control ambiental. En el \u00e1mbito sanitario, por ejemplo, una mayor sensibilidad en los sensores \u00f3pticos puede ser clave para la detecci\u00f3n precoz de biomol\u00e9culas indicadoras de enfermedades, mientras que en el sector medioambiental permitir\u00eda monitorizar contaminantes en el aire o el agua con un rigor muy superior al actual.<\/p>\n\n\n\n<p>Esta investigaci\u00f3n se enmarca en la actividad cient\u00edfica de la universidad tarraconense, que contin\u00faa consolid\u00e1ndose como un referente en innovaci\u00f3n de materiales y transferencia de conocimiento. El hito se suma a otros proyectos destacados de la instituci\u00f3n, que en la actualidad tambi\u00e9n trabaja en an\u00e1lisis sobre el derecho a la vivienda y en estudios sobre la igualdad de g\u00e9nero en el entorno laboral universitario.<\/p>\n","protected":false},"excerpt":{"rendered":"<p>Investigadores del Departamento de Qu\u00edmica F\u00edsica e Inorg\u00e1nica de la Universidad Rovira i Virgili (URV) han desarrollado un nuevo m\u00e9todo para crear materiales h\u00edbridos que logran multiplicar por 80 la sensibilidad de los sensores \u00f3pticos actuales. Este avance tecnol\u00f3gico permite producir nanomateriales con una respuesta a la luz mucho m\u00e1s eficiente, lo que facilita una [&hellip;]<\/p>\n","protected":false},"author":106,"featured_media":378352,"comment_status":"closed","ping_status":"closed","sticky":false,"template":"","format":"standard","meta":{"footnotes":""},"categories":[14514,14528,14553,14026,12404,14534,14029],"tags":[429],"class_list":["post-378355","post","type-post","status-publish","format-standard","has-post-thumbnail","hentry","category-ciencia-tecnologia","category-educacion","category-medio-ambiente","category-nota-automatica","category-provincia-de-tarragona","category-salud","category-tarragona","tag-urv"],"yoast_head":"<!-- This site is optimized with the Yoast SEO Premium plugin v27.4 (Yoast SEO v27.5) - https:\/\/yoast.com\/product\/yoast-seo-premium-wordpress\/ -->\n<title>Un nuevo material h\u00edbrido de la URV multiplica por 80 la sensibilidad de los sensores \u00f3pticos - R\u00e0dio Ciutat de Tarragona<\/title>\n<meta name=\"robots\" content=\"index, follow, max-snippet:-1, max-image-preview:large, max-video-preview:-1\" \/>\n<link rel=\"canonical\" href=\"https:\/\/radiociutat.com\/es\/provincia-de-tarragona\/un-nuevo-material-hibrido-de-la-urv-multiplica-por-80-la-sensibilidad-de-los-sensores-opticos\/\" \/>\n<meta property=\"og:locale\" content=\"es_ES\" \/>\n<meta property=\"og:type\" content=\"article\" \/>\n<meta property=\"og:title\" content=\"Un nuevo material h\u00edbrido de la URV multiplica por 80 la sensibilidad de los sensores \u00f3pticos\" \/>\n<meta property=\"og:description\" content=\"Investigadores del Departamento de Qu\u00edmica F\u00edsica e Inorg\u00e1nica de la Universidad Rovira i Virgili (URV) han desarrollado un nuevo m\u00e9todo para crear materiales h\u00edbridos que logran multiplicar por 80 la sensibilidad de los sensores \u00f3pticos actuales. Este avance tecnol\u00f3gico permite producir nanomateriales con una respuesta a la luz mucho m\u00e1s eficiente, lo que facilita una [&hellip;]\" \/>\n<meta property=\"og:url\" content=\"https:\/\/radiociutat.com\/es\/provincia-de-tarragona\/un-nuevo-material-hibrido-de-la-urv-multiplica-por-80-la-sensibilidad-de-los-sensores-opticos\/\" \/>\n<meta property=\"og:site_name\" content=\"R\u00e0dio Ciutat de Tarragona\" \/>\n<meta property=\"article:publisher\" content=\"https:\/\/www.facebook.com\/rctgn\" \/>\n<meta property=\"article:published_time\" content=\"2026-04-28T09:34:07+00:00\" \/>\n<meta property=\"og:image\" content=\"https:\/\/files.radiociutat.com\/rctgn\/wp-content\/uploads\/2021\/03\/LOGO-RCTGN-RADIO-CIUTAT-DE-TARRAGONA-TRANSPARENTE-TARRAGONA-2020-3000X3000-Redes1-copia.png\" \/>\n\t<meta property=\"og:image:width\" content=\"3000\" \/>\n\t<meta property=\"og:image:height\" content=\"3000\" \/>\n\t<meta property=\"og:image:type\" content=\"image\/png\" \/>\n<meta name=\"author\" content=\"AutoNota\" \/>\n<meta name=\"twitter:card\" content=\"summary_large_image\" \/>\n<meta name=\"twitter:creator\" content=\"@RCTgn\" \/>\n<meta name=\"twitter:site\" content=\"@RCTgn\" \/>\n<meta name=\"twitter:label1\" content=\"Escrito por\" \/>\n\t<meta name=\"twitter:data1\" content=\"AutoNota\" \/>\n\t<meta name=\"twitter:label2\" content=\"Tiempo de lectura\" \/>\n\t<meta name=\"twitter:data2\" content=\"2 minutos\" \/>\n<script type=\"application\/ld+json\" class=\"yoast-schema-graph\">{\"@context\":\"https:\\\/\\\/schema.org\",\"@graph\":[{\"@type\":\"Article\",\"@id\":\"https:\\\/\\\/radiociutat.com\\\/es\\\/provincia-de-tarragona\\\/un-nuevo-material-hibrido-de-la-urv-multiplica-por-80-la-sensibilidad-de-los-sensores-opticos\\\/#article\",\"isPartOf\":{\"@id\":\"https:\\\/\\\/radiociutat.com\\\/es\\\/provincia-de-tarragona\\\/un-nuevo-material-hibrido-de-la-urv-multiplica-por-80-la-sensibilidad-de-los-sensores-opticos\\\/\"},\"author\":{\"name\":\"AutoNota\",\"@id\":\"https:\\\/\\\/radiociutat.com\\\/es\\\/#\\\/schema\\\/person\\\/fd401dfbfd2adfe3f166b553b083e78d\"},\"headline\":\"Un nuevo material h\u00edbrido de la URV multiplica por 80 la sensibilidad de los sensores \u00f3pticos\",\"datePublished\":\"2026-04-28T09:34:07+00:00\",\"mainEntityOfPage\":{\"@id\":\"https:\\\/\\\/radiociutat.com\\\/es\\\/provincia-de-tarragona\\\/un-nuevo-material-hibrido-de-la-urv-multiplica-por-80-la-sensibilidad-de-los-sensores-opticos\\\/\"},\"wordCount\":316,\"image\":{\"@id\":\"https:\\\/\\\/radiociutat.com\\\/es\\\/provincia-de-tarragona\\\/un-nuevo-material-hibrido-de-la-urv-multiplica-por-80-la-sensibilidad-de-los-sensores-opticos\\\/#primaryimage\"},\"thumbnailUrl\":\"https:\\\/\\\/files.radiociutat.com\\\/rctgn\\\/wp-content\\\/uploads\\\/2026\\\/04\\\/669A4996-1024x770-1-e1777368701240.jpg\",\"keywords\":[\"URV\"],\"articleSection\":[\"Ciencia - Tecnolog\u00eda\",\"Educaci\u00f3n\",\"Medio Ambiente\",\"Nota autom\u00e1tica\",\"Prov\u00edncia de Tarragona\",\"Salud\",\"Tarragona\"],\"inLanguage\":\"es\"},{\"@type\":\"WebPage\",\"@id\":\"https:\\\/\\\/radiociutat.com\\\/es\\\/provincia-de-tarragona\\\/un-nuevo-material-hibrido-de-la-urv-multiplica-por-80-la-sensibilidad-de-los-sensores-opticos\\\/\",\"url\":\"https:\\\/\\\/radiociutat.com\\\/es\\\/provincia-de-tarragona\\\/un-nuevo-material-hibrido-de-la-urv-multiplica-por-80-la-sensibilidad-de-los-sensores-opticos\\\/\",\"name\":\"Un nuevo material h\u00edbrido de la URV multiplica por 80 la sensibilidad de los sensores \u00f3pticos - R\u00e0dio Ciutat de Tarragona\",\"isPartOf\":{\"@id\":\"https:\\\/\\\/radiociutat.com\\\/es\\\/#website\"},\"primaryImageOfPage\":{\"@id\":\"https:\\\/\\\/radiociutat.com\\\/es\\\/provincia-de-tarragona\\\/un-nuevo-material-hibrido-de-la-urv-multiplica-por-80-la-sensibilidad-de-los-sensores-opticos\\\/#primaryimage\"},\"image\":{\"@id\":\"https:\\\/\\\/radiociutat.com\\\/es\\\/provincia-de-tarragona\\\/un-nuevo-material-hibrido-de-la-urv-multiplica-por-80-la-sensibilidad-de-los-sensores-opticos\\\/#primaryimage\"},\"thumbnailUrl\":\"https:\\\/\\\/files.radiociutat.com\\\/rctgn\\\/wp-content\\\/uploads\\\/2026\\\/04\\\/669A4996-1024x770-1-e1777368701240.jpg\",\"datePublished\":\"2026-04-28T09:34:07+00:00\",\"author\":{\"@id\":\"https:\\\/\\\/radiociutat.com\\\/es\\\/#\\\/schema\\\/person\\\/fd401dfbfd2adfe3f166b553b083e78d\"},\"breadcrumb\":{\"@id\":\"https:\\\/\\\/radiociutat.com\\\/es\\\/provincia-de-tarragona\\\/un-nuevo-material-hibrido-de-la-urv-multiplica-por-80-la-sensibilidad-de-los-sensores-opticos\\\/#breadcrumb\"},\"inLanguage\":\"es\",\"potentialAction\":[{\"@type\":\"ReadAction\",\"target\":[\"https:\\\/\\\/radiociutat.com\\\/es\\\/provincia-de-tarragona\\\/un-nuevo-material-hibrido-de-la-urv-multiplica-por-80-la-sensibilidad-de-los-sensores-opticos\\\/\"]}]},{\"@type\":\"ImageObject\",\"inLanguage\":\"es\",\"@id\":\"https:\\\/\\\/radiociutat.com\\\/es\\\/provincia-de-tarragona\\\/un-nuevo-material-hibrido-de-la-urv-multiplica-por-80-la-sensibilidad-de-los-sensores-opticos\\\/#primaryimage\",\"url\":\"https:\\\/\\\/files.radiociutat.com\\\/rctgn\\\/wp-content\\\/uploads\\\/2026\\\/04\\\/669A4996-1024x770-1-e1777368701240.jpg\",\"contentUrl\":\"https:\\\/\\\/files.radiociutat.com\\\/rctgn\\\/wp-content\\\/uploads\\\/2026\\\/04\\\/669A4996-1024x770-1-e1777368701240.jpg\",\"width\":1024,\"height\":770},{\"@type\":\"BreadcrumbList\",\"@id\":\"https:\\\/\\\/radiociutat.com\\\/es\\\/provincia-de-tarragona\\\/un-nuevo-material-hibrido-de-la-urv-multiplica-por-80-la-sensibilidad-de-los-sensores-opticos\\\/#breadcrumb\",\"itemListElement\":[{\"@type\":\"ListItem\",\"position\":1,\"name\":\"Inici\",\"item\":\"https:\\\/\\\/radiociutat.com\\\/es\\\/\"},{\"@type\":\"ListItem\",\"position\":2,\"name\":\"Un nuevo material h\u00edbrido de la URV multiplica por 80 la sensibilidad de los sensores \u00f3pticos\"}]},{\"@type\":\"WebSite\",\"@id\":\"https:\\\/\\\/radiociutat.com\\\/es\\\/#website\",\"url\":\"https:\\\/\\\/radiociutat.com\\\/es\\\/\",\"name\":\"R\u00e0dio Ciutat de Tarragona\",\"description\":\"R\u00e0dio Ciutat de Tarragona - RCTgn.cat R\u00e0dio Online\",\"potentialAction\":[{\"@type\":\"SearchAction\",\"target\":{\"@type\":\"EntryPoint\",\"urlTemplate\":\"https:\\\/\\\/radiociutat.com\\\/es\\\/?s={search_term_string}\"},\"query-input\":{\"@type\":\"PropertyValueSpecification\",\"valueRequired\":true,\"valueName\":\"search_term_string\"}}],\"inLanguage\":\"es\"},{\"@type\":\"Person\",\"@id\":\"https:\\\/\\\/radiociutat.com\\\/es\\\/#\\\/schema\\\/person\\\/fd401dfbfd2adfe3f166b553b083e78d\",\"name\":\"AutoNota\",\"description\":\"AutoNota, el suport intel\u00b7ligent per a la redacci\u00f3 AutoNota \u00e9s un servei propi de R\u00e0dio Ciutat que utilitza la intel\u00b7lig\u00e8ncia artificial per donar suport al treball period\u00edstic. La seva funci\u00f3 principal \u00e9s etiquetar, categoritzar i contextualitzar les informacions que arriben a la redacci\u00f3, sobretot procedents d\u2019empreses i institucions. Tot i que la IA ajuda a ordenar i donar forma als continguts, \u00e9s sempre l\u2019equip de redacci\u00f3 qui els revisa, edita i publica. D\u2019aquesta manera, garantim que totes les publicacions d\u2019AutoNota comptin amb la curaci\u00f3 i l\u2019aval professional d\u2019una persona periodista de R\u00e0dio Ciutat.\",\"url\":\"https:\\\/\\\/radiociutat.com\\\/es\\\/author\\\/autonota\\\/\"}]}<\/script>\n<!-- \/ Yoast SEO Premium plugin. -->","yoast_head_json":{"title":"Un nuevo material h\u00edbrido de la URV multiplica por 80 la sensibilidad de los sensores \u00f3pticos - R\u00e0dio Ciutat de Tarragona","robots":{"index":"index","follow":"follow","max-snippet":"max-snippet:-1","max-image-preview":"max-image-preview:large","max-video-preview":"max-video-preview:-1"},"canonical":"https:\/\/radiociutat.com\/es\/provincia-de-tarragona\/un-nuevo-material-hibrido-de-la-urv-multiplica-por-80-la-sensibilidad-de-los-sensores-opticos\/","og_locale":"es_ES","og_type":"article","og_title":"Un nuevo material h\u00edbrido de la URV multiplica por 80 la sensibilidad de los sensores \u00f3pticos","og_description":"Investigadores del Departamento de Qu\u00edmica F\u00edsica e Inorg\u00e1nica de la Universidad Rovira i Virgili (URV) han desarrollado un nuevo m\u00e9todo para crear materiales h\u00edbridos que logran multiplicar por 80 la sensibilidad de los sensores \u00f3pticos actuales. Este avance tecnol\u00f3gico permite producir nanomateriales con una respuesta a la luz mucho m\u00e1s eficiente, lo que facilita una [&hellip;]","og_url":"https:\/\/radiociutat.com\/es\/provincia-de-tarragona\/un-nuevo-material-hibrido-de-la-urv-multiplica-por-80-la-sensibilidad-de-los-sensores-opticos\/","og_site_name":"R\u00e0dio Ciutat de Tarragona","article_publisher":"https:\/\/www.facebook.com\/rctgn","article_published_time":"2026-04-28T09:34:07+00:00","og_image":[{"width":3000,"height":3000,"url":"https:\/\/files.radiociutat.com\/rctgn\/wp-content\/uploads\/2021\/03\/LOGO-RCTGN-RADIO-CIUTAT-DE-TARRAGONA-TRANSPARENTE-TARRAGONA-2020-3000X3000-Redes1-copia.png","type":"image\/png"}],"author":"AutoNota","twitter_card":"summary_large_image","twitter_creator":"@RCTgn","twitter_site":"@RCTgn","twitter_misc":{"Escrito por":"AutoNota","Tiempo de lectura":"2 minutos"},"schema":{"@context":"https:\/\/schema.org","@graph":[{"@type":"Article","@id":"https:\/\/radiociutat.com\/es\/provincia-de-tarragona\/un-nuevo-material-hibrido-de-la-urv-multiplica-por-80-la-sensibilidad-de-los-sensores-opticos\/#article","isPartOf":{"@id":"https:\/\/radiociutat.com\/es\/provincia-de-tarragona\/un-nuevo-material-hibrido-de-la-urv-multiplica-por-80-la-sensibilidad-de-los-sensores-opticos\/"},"author":{"name":"AutoNota","@id":"https:\/\/radiociutat.com\/es\/#\/schema\/person\/fd401dfbfd2adfe3f166b553b083e78d"},"headline":"Un nuevo material h\u00edbrido de la URV multiplica por 80 la sensibilidad de los sensores \u00f3pticos","datePublished":"2026-04-28T09:34:07+00:00","mainEntityOfPage":{"@id":"https:\/\/radiociutat.com\/es\/provincia-de-tarragona\/un-nuevo-material-hibrido-de-la-urv-multiplica-por-80-la-sensibilidad-de-los-sensores-opticos\/"},"wordCount":316,"image":{"@id":"https:\/\/radiociutat.com\/es\/provincia-de-tarragona\/un-nuevo-material-hibrido-de-la-urv-multiplica-por-80-la-sensibilidad-de-los-sensores-opticos\/#primaryimage"},"thumbnailUrl":"https:\/\/files.radiociutat.com\/rctgn\/wp-content\/uploads\/2026\/04\/669A4996-1024x770-1-e1777368701240.jpg","keywords":["URV"],"articleSection":["Ciencia - Tecnolog\u00eda","Educaci\u00f3n","Medio Ambiente","Nota autom\u00e1tica","Prov\u00edncia de Tarragona","Salud","Tarragona"],"inLanguage":"es"},{"@type":"WebPage","@id":"https:\/\/radiociutat.com\/es\/provincia-de-tarragona\/un-nuevo-material-hibrido-de-la-urv-multiplica-por-80-la-sensibilidad-de-los-sensores-opticos\/","url":"https:\/\/radiociutat.com\/es\/provincia-de-tarragona\/un-nuevo-material-hibrido-de-la-urv-multiplica-por-80-la-sensibilidad-de-los-sensores-opticos\/","name":"Un nuevo material h\u00edbrido de la URV multiplica por 80 la sensibilidad de los sensores \u00f3pticos - R\u00e0dio Ciutat de Tarragona","isPartOf":{"@id":"https:\/\/radiociutat.com\/es\/#website"},"primaryImageOfPage":{"@id":"https:\/\/radiociutat.com\/es\/provincia-de-tarragona\/un-nuevo-material-hibrido-de-la-urv-multiplica-por-80-la-sensibilidad-de-los-sensores-opticos\/#primaryimage"},"image":{"@id":"https:\/\/radiociutat.com\/es\/provincia-de-tarragona\/un-nuevo-material-hibrido-de-la-urv-multiplica-por-80-la-sensibilidad-de-los-sensores-opticos\/#primaryimage"},"thumbnailUrl":"https:\/\/files.radiociutat.com\/rctgn\/wp-content\/uploads\/2026\/04\/669A4996-1024x770-1-e1777368701240.jpg","datePublished":"2026-04-28T09:34:07+00:00","author":{"@id":"https:\/\/radiociutat.com\/es\/#\/schema\/person\/fd401dfbfd2adfe3f166b553b083e78d"},"breadcrumb":{"@id":"https:\/\/radiociutat.com\/es\/provincia-de-tarragona\/un-nuevo-material-hibrido-de-la-urv-multiplica-por-80-la-sensibilidad-de-los-sensores-opticos\/#breadcrumb"},"inLanguage":"es","potentialAction":[{"@type":"ReadAction","target":["https:\/\/radiociutat.com\/es\/provincia-de-tarragona\/un-nuevo-material-hibrido-de-la-urv-multiplica-por-80-la-sensibilidad-de-los-sensores-opticos\/"]}]},{"@type":"ImageObject","inLanguage":"es","@id":"https:\/\/radiociutat.com\/es\/provincia-de-tarragona\/un-nuevo-material-hibrido-de-la-urv-multiplica-por-80-la-sensibilidad-de-los-sensores-opticos\/#primaryimage","url":"https:\/\/files.radiociutat.com\/rctgn\/wp-content\/uploads\/2026\/04\/669A4996-1024x770-1-e1777368701240.jpg","contentUrl":"https:\/\/files.radiociutat.com\/rctgn\/wp-content\/uploads\/2026\/04\/669A4996-1024x770-1-e1777368701240.jpg","width":1024,"height":770},{"@type":"BreadcrumbList","@id":"https:\/\/radiociutat.com\/es\/provincia-de-tarragona\/un-nuevo-material-hibrido-de-la-urv-multiplica-por-80-la-sensibilidad-de-los-sensores-opticos\/#breadcrumb","itemListElement":[{"@type":"ListItem","position":1,"name":"Inici","item":"https:\/\/radiociutat.com\/es\/"},{"@type":"ListItem","position":2,"name":"Un nuevo material h\u00edbrido de la URV multiplica por 80 la sensibilidad de los sensores \u00f3pticos"}]},{"@type":"WebSite","@id":"https:\/\/radiociutat.com\/es\/#website","url":"https:\/\/radiociutat.com\/es\/","name":"R\u00e0dio Ciutat de Tarragona","description":"R\u00e0dio Ciutat de Tarragona - RCTgn.cat R\u00e0dio Online","potentialAction":[{"@type":"SearchAction","target":{"@type":"EntryPoint","urlTemplate":"https:\/\/radiociutat.com\/es\/?s={search_term_string}"},"query-input":{"@type":"PropertyValueSpecification","valueRequired":true,"valueName":"search_term_string"}}],"inLanguage":"es"},{"@type":"Person","@id":"https:\/\/radiociutat.com\/es\/#\/schema\/person\/fd401dfbfd2adfe3f166b553b083e78d","name":"AutoNota","description":"AutoNota, el suport intel\u00b7ligent per a la redacci\u00f3 AutoNota \u00e9s un servei propi de R\u00e0dio Ciutat que utilitza la intel\u00b7lig\u00e8ncia artificial per donar suport al treball period\u00edstic. La seva funci\u00f3 principal \u00e9s etiquetar, categoritzar i contextualitzar les informacions que arriben a la redacci\u00f3, sobretot procedents d\u2019empreses i institucions. Tot i que la IA ajuda a ordenar i donar forma als continguts, \u00e9s sempre l\u2019equip de redacci\u00f3 qui els revisa, edita i publica. D\u2019aquesta manera, garantim que totes les publicacions d\u2019AutoNota comptin amb la curaci\u00f3 i l\u2019aval professional d\u2019una persona periodista de R\u00e0dio Ciutat.","url":"https:\/\/radiociutat.com\/es\/author\/autonota\/"}]}},"_links":{"self":[{"href":"https:\/\/radiociutat.com\/es\/wp-json\/wp\/v2\/posts\/378355","targetHints":{"allow":["GET"]}}],"collection":[{"href":"https:\/\/radiociutat.com\/es\/wp-json\/wp\/v2\/posts"}],"about":[{"href":"https:\/\/radiociutat.com\/es\/wp-json\/wp\/v2\/types\/post"}],"author":[{"embeddable":true,"href":"https:\/\/radiociutat.com\/es\/wp-json\/wp\/v2\/users\/106"}],"replies":[{"embeddable":true,"href":"https:\/\/radiociutat.com\/es\/wp-json\/wp\/v2\/comments?post=378355"}],"version-history":[{"count":0,"href":"https:\/\/radiociutat.com\/es\/wp-json\/wp\/v2\/posts\/378355\/revisions"}],"wp:featuredmedia":[{"embeddable":true,"href":"https:\/\/radiociutat.com\/es\/wp-json\/wp\/v2\/media\/378352"}],"wp:attachment":[{"href":"https:\/\/radiociutat.com\/es\/wp-json\/wp\/v2\/media?parent=378355"}],"wp:term":[{"taxonomy":"category","embeddable":true,"href":"https:\/\/radiociutat.com\/es\/wp-json\/wp\/v2\/categories?post=378355"},{"taxonomy":"post_tag","embeddable":true,"href":"https:\/\/radiociutat.com\/es\/wp-json\/wp\/v2\/tags?post=378355"}],"curies":[{"name":"wp","href":"https:\/\/api.w.org\/{rel}","templated":true}]}}