{"id":378347,"date":"2026-04-28T11:25:55","date_gmt":"2026-04-28T09:25:55","guid":{"rendered":"https:\/\/radiociutat.com\/programes-podcast\/ugt-y-ccoo-hacen-un-llamamiento-a-la-movilizacion-del-primero-de-mayo-en-tarragona\/"},"modified":"2026-04-28T11:25:55","modified_gmt":"2026-04-28T09:25:55","slug":"ugt-y-ccoo-hacen-un-llamamiento-a-la-movilizacion-del-primero-de-mayo-en-tarragona","status":"publish","type":"post","link":"https:\/\/radiociutat.com\/es\/ultimas-noticias\/cronicas\/ugt-y-ccoo-hacen-un-llamamiento-a-la-movilizacion-del-primero-de-mayo-en-tarragona\/","title":{"rendered":"UGT y CCOO hacen un llamamiento a la movilizaci\u00f3n del Primero de Mayo en Tarragona"},"content":{"rendered":"\n<p>Los sindicatos <strong>UGT<\/strong> y <strong>CCOO<\/strong> han presentado este martes la convocatoria del <strong>Primero de Mayo<\/strong> en Tarragona en un contexto marcado por la preocupaci\u00f3n social y laboral. Denuncian el aumento del coste de la vida, el estancamiento de los salarios y la precarizaci\u00f3n de la clase trabajadora, as\u00ed como la siniestralidad laboral, que contin\u00faa causando v\u00edctimas.<\/p>\n\n\n\n<p>Bajo el lema <strong>\u00abContra las guerras y el fascismo, m\u00e1s derechos y m\u00e1s sindicalismo\u00bb<\/strong>, el discurso sindical pone \u00e9nfasis en la necesidad de aumentar salarios, reducir la jornada laboral y reforzar la negociaci\u00f3n colectiva ante la resistencia de las patronales. Tambi\u00e9n reclaman mejoras en la prevenci\u00f3n de riesgos laborales, una legislaci\u00f3n actualizada y m\u00e1s recursos para la inspecci\u00f3n de trabajo. La secretaria general de CCOO, <strong>Merc\u00e8 Puig<\/strong>, ha destacado que continuar\u00e1n haciendo frente com\u00fan para conseguir los mejores convenios para los trabajadores.<\/p>\n\n\n\n<figure class=\"wp-block-audio\"><audio controls src=\"https:\/\/files.radiociutat.com\/rctgn\/wp-content\/uploads\/2026\/04\/TALL-MERCE-PUIG-CCOO.mp3\"><\/audio><\/figure>\n\n\n\n<p>La manifestaci\u00f3n de este Primero de Mayo est\u00e1 convocada a las <strong>12h<\/strong> en la <strong>Plaza Imperial Tarraco<\/strong>, con un recorrido que acabar\u00e1 frente al <strong>Monumento de los Desnudos<\/strong> (Monument dels Despullats), donde se llevar\u00e1n a cabo los diferentes parlamentos.<\/p>\n","protected":false},"excerpt":{"rendered":"<p>Los sindicatos UGT y CCOO han presentado este martes la convocatoria del Primero de Mayo en Tarragona en un contexto marcado por la preocupaci\u00f3n social y laboral. Denuncian el aumento del coste de la vida, el estancamiento de los salarios y la precarizaci\u00f3n de la clase trabajadora, as\u00ed como la siniestralidad laboral, que contin\u00faa causando [&hellip;]<\/p>\n","protected":false},"author":104,"featured_media":378338,"comment_status":"closed","ping_status":"closed","sticky":false,"template":"","format":"standard","meta":{"footnotes":""},"categories":[13688,13716],"tags":[409,12012,19,390],"class_list":["post-378347","post","type-post","status-publish","format-standard","has-post-thumbnail","hentry","category-cronicas","category-ultimas-noticias","tag-ccoo","tag-primer-de-maig","tag-tarragona","tag-ugt"],"yoast_head":"<!-- This site is optimized with the Yoast SEO Premium plugin v27.4 (Yoast SEO v27.5) - https:\/\/yoast.com\/product\/yoast-seo-premium-wordpress\/ -->\n<title>UGT y CCOO hacen un llamamiento a la movilizaci\u00f3n del Primero de Mayo en Tarragona - R\u00e0dio Ciutat de Tarragona<\/title>\n<meta name=\"robots\" content=\"index, follow, max-snippet:-1, max-image-preview:large, max-video-preview:-1\" \/>\n<link rel=\"canonical\" href=\"https:\/\/radiociutat.com\/es\/ultimas-noticias\/cronicas\/ugt-y-ccoo-hacen-un-llamamiento-a-la-movilizacion-del-primero-de-mayo-en-tarragona\/\" \/>\n<meta property=\"og:locale\" content=\"es_ES\" \/>\n<meta property=\"og:type\" content=\"article\" \/>\n<meta property=\"og:title\" content=\"UGT y CCOO hacen un llamamiento a la movilizaci\u00f3n del Primero de Mayo en Tarragona\" \/>\n<meta property=\"og:description\" content=\"Los sindicatos UGT y CCOO han presentado este martes la convocatoria del Primero de Mayo en Tarragona en un contexto marcado por la preocupaci\u00f3n social y laboral. Denuncian el aumento del coste de la vida, el estancamiento de los salarios y la precarizaci\u00f3n de la clase trabajadora, as\u00ed como la siniestralidad laboral, que contin\u00faa causando [&hellip;]\" \/>\n<meta property=\"og:url\" content=\"https:\/\/radiociutat.com\/es\/ultimas-noticias\/cronicas\/ugt-y-ccoo-hacen-un-llamamiento-a-la-movilizacion-del-primero-de-mayo-en-tarragona\/\" \/>\n<meta property=\"og:site_name\" content=\"R\u00e0dio Ciutat de Tarragona\" \/>\n<meta property=\"article:publisher\" content=\"https:\/\/www.facebook.com\/rctgn\" \/>\n<meta property=\"article:published_time\" content=\"2026-04-28T09:25:55+00:00\" \/>\n<meta property=\"og:image\" content=\"https:\/\/files.radiociutat.com\/rctgn\/wp-content\/uploads\/2021\/03\/LOGO-RCTGN-RADIO-CIUTAT-DE-TARRAGONA-TRANSPARENTE-TARRAGONA-2020-3000X3000-Redes1-copia.png\" \/>\n\t<meta property=\"og:image:width\" content=\"3000\" \/>\n\t<meta property=\"og:image:height\" content=\"3000\" \/>\n\t<meta property=\"og:image:type\" content=\"image\/png\" \/>\n<meta name=\"author\" content=\"Eduard Par\u00eds\" \/>\n<meta name=\"twitter:card\" content=\"summary_large_image\" \/>\n<meta name=\"twitter:creator\" content=\"@RCTgn\" \/>\n<meta name=\"twitter:site\" content=\"@RCTgn\" \/>\n<meta name=\"twitter:label1\" content=\"Escrito por\" \/>\n\t<meta name=\"twitter:data1\" content=\"Eduard Par\u00eds\" \/>\n\t<meta name=\"twitter:label2\" content=\"Tiempo de lectura\" \/>\n\t<meta name=\"twitter:data2\" content=\"1 minuto\" \/>\n<script type=\"application\/ld+json\" class=\"yoast-schema-graph\">{\"@context\":\"https:\\\/\\\/schema.org\",\"@graph\":[{\"@type\":\"Article\",\"@id\":\"https:\\\/\\\/radiociutat.com\\\/es\\\/ultimas-noticias\\\/cronicas\\\/ugt-y-ccoo-hacen-un-llamamiento-a-la-movilizacion-del-primero-de-mayo-en-tarragona\\\/#article\",\"isPartOf\":{\"@id\":\"https:\\\/\\\/radiociutat.com\\\/es\\\/ultimas-noticias\\\/cronicas\\\/ugt-y-ccoo-hacen-un-llamamiento-a-la-movilizacion-del-primero-de-mayo-en-tarragona\\\/\"},\"author\":{\"name\":\"Eduard Par\u00eds\",\"@id\":\"https:\\\/\\\/radiociutat.com\\\/es\\\/#\\\/schema\\\/person\\\/0e9e2a935ba5449ab0f804a7b413a7ca\"},\"headline\":\"UGT y CCOO hacen un llamamiento a la movilizaci\u00f3n del Primero de Mayo en Tarragona\",\"datePublished\":\"2026-04-28T09:25:55+00:00\",\"mainEntityOfPage\":{\"@id\":\"https:\\\/\\\/radiociutat.com\\\/es\\\/ultimas-noticias\\\/cronicas\\\/ugt-y-ccoo-hacen-un-llamamiento-a-la-movilizacion-del-primero-de-mayo-en-tarragona\\\/\"},\"wordCount\":209,\"image\":{\"@id\":\"https:\\\/\\\/radiociutat.com\\\/es\\\/ultimas-noticias\\\/cronicas\\\/ugt-y-ccoo-hacen-un-llamamiento-a-la-movilizacion-del-primero-de-mayo-en-tarragona\\\/#primaryimage\"},\"thumbnailUrl\":\"https:\\\/\\\/files.radiociutat.com\\\/rctgn\\\/wp-content\\\/uploads\\\/2026\\\/04\\\/UGT-CCOO-1-Maig-e1777367075495.jpeg\",\"keywords\":[\"CCOO\",\"Primer de Maig\",\"Tarragona\",\"UGT\"],\"articleSection\":[\"Cr\u00f3nicas\",\"\u00daltimas noticias\"],\"inLanguage\":\"es\"},{\"@type\":\"WebPage\",\"@id\":\"https:\\\/\\\/radiociutat.com\\\/es\\\/ultimas-noticias\\\/cronicas\\\/ugt-y-ccoo-hacen-un-llamamiento-a-la-movilizacion-del-primero-de-mayo-en-tarragona\\\/\",\"url\":\"https:\\\/\\\/radiociutat.com\\\/es\\\/ultimas-noticias\\\/cronicas\\\/ugt-y-ccoo-hacen-un-llamamiento-a-la-movilizacion-del-primero-de-mayo-en-tarragona\\\/\",\"name\":\"UGT y CCOO hacen un llamamiento a la movilizaci\u00f3n del Primero de Mayo en Tarragona - R\u00e0dio Ciutat de Tarragona\",\"isPartOf\":{\"@id\":\"https:\\\/\\\/radiociutat.com\\\/es\\\/#website\"},\"primaryImageOfPage\":{\"@id\":\"https:\\\/\\\/radiociutat.com\\\/es\\\/ultimas-noticias\\\/cronicas\\\/ugt-y-ccoo-hacen-un-llamamiento-a-la-movilizacion-del-primero-de-mayo-en-tarragona\\\/#primaryimage\"},\"image\":{\"@id\":\"https:\\\/\\\/radiociutat.com\\\/es\\\/ultimas-noticias\\\/cronicas\\\/ugt-y-ccoo-hacen-un-llamamiento-a-la-movilizacion-del-primero-de-mayo-en-tarragona\\\/#primaryimage\"},\"thumbnailUrl\":\"https:\\\/\\\/files.radiociutat.com\\\/rctgn\\\/wp-content\\\/uploads\\\/2026\\\/04\\\/UGT-CCOO-1-Maig-e1777367075495.jpeg\",\"datePublished\":\"2026-04-28T09:25:55+00:00\",\"author\":{\"@id\":\"https:\\\/\\\/radiociutat.com\\\/es\\\/#\\\/schema\\\/person\\\/0e9e2a935ba5449ab0f804a7b413a7ca\"},\"breadcrumb\":{\"@id\":\"https:\\\/\\\/radiociutat.com\\\/es\\\/ultimas-noticias\\\/cronicas\\\/ugt-y-ccoo-hacen-un-llamamiento-a-la-movilizacion-del-primero-de-mayo-en-tarragona\\\/#breadcrumb\"},\"inLanguage\":\"es\",\"potentialAction\":[{\"@type\":\"ReadAction\",\"target\":[\"https:\\\/\\\/radiociutat.com\\\/es\\\/ultimas-noticias\\\/cronicas\\\/ugt-y-ccoo-hacen-un-llamamiento-a-la-movilizacion-del-primero-de-mayo-en-tarragona\\\/\"]}]},{\"@type\":\"ImageObject\",\"inLanguage\":\"es\",\"@id\":\"https:\\\/\\\/radiociutat.com\\\/es\\\/ultimas-noticias\\\/cronicas\\\/ugt-y-ccoo-hacen-un-llamamiento-a-la-movilizacion-del-primero-de-mayo-en-tarragona\\\/#primaryimage\",\"url\":\"https:\\\/\\\/files.radiociutat.com\\\/rctgn\\\/wp-content\\\/uploads\\\/2026\\\/04\\\/UGT-CCOO-1-Maig-e1777367075495.jpeg\",\"contentUrl\":\"https:\\\/\\\/files.radiociutat.com\\\/rctgn\\\/wp-content\\\/uploads\\\/2026\\\/04\\\/UGT-CCOO-1-Maig-e1777367075495.jpeg\",\"width\":2048,\"height\":1536},{\"@type\":\"BreadcrumbList\",\"@id\":\"https:\\\/\\\/radiociutat.com\\\/es\\\/ultimas-noticias\\\/cronicas\\\/ugt-y-ccoo-hacen-un-llamamiento-a-la-movilizacion-del-primero-de-mayo-en-tarragona\\\/#breadcrumb\",\"itemListElement\":[{\"@type\":\"ListItem\",\"position\":1,\"name\":\"Inici\",\"item\":\"https:\\\/\\\/radiociutat.com\\\/es\\\/\"},{\"@type\":\"ListItem\",\"position\":2,\"name\":\"UGT y CCOO hacen un llamamiento a la movilizaci\u00f3n del Primero de Mayo en Tarragona\"}]},{\"@type\":\"WebSite\",\"@id\":\"https:\\\/\\\/radiociutat.com\\\/es\\\/#website\",\"url\":\"https:\\\/\\\/radiociutat.com\\\/es\\\/\",\"name\":\"R\u00e0dio Ciutat de Tarragona\",\"description\":\"R\u00e0dio Ciutat de Tarragona - RCTgn.cat R\u00e0dio Online\",\"potentialAction\":[{\"@type\":\"SearchAction\",\"target\":{\"@type\":\"EntryPoint\",\"urlTemplate\":\"https:\\\/\\\/radiociutat.com\\\/es\\\/?s={search_term_string}\"},\"query-input\":{\"@type\":\"PropertyValueSpecification\",\"valueRequired\":true,\"valueName\":\"search_term_string\"}}],\"inLanguage\":\"es\"},{\"@type\":\"Person\",\"@id\":\"https:\\\/\\\/radiociutat.com\\\/es\\\/#\\\/schema\\\/person\\\/0e9e2a935ba5449ab0f804a7b413a7ca\",\"name\":\"Eduard Par\u00eds\",\"url\":\"https:\\\/\\\/radiociutat.com\\\/es\\\/author\\\/eparis\\\/\"}]}<\/script>\n<!-- \/ Yoast SEO Premium plugin. -->","yoast_head_json":{"title":"UGT y CCOO hacen un llamamiento a la movilizaci\u00f3n del Primero de Mayo en Tarragona - R\u00e0dio Ciutat de Tarragona","robots":{"index":"index","follow":"follow","max-snippet":"max-snippet:-1","max-image-preview":"max-image-preview:large","max-video-preview":"max-video-preview:-1"},"canonical":"https:\/\/radiociutat.com\/es\/ultimas-noticias\/cronicas\/ugt-y-ccoo-hacen-un-llamamiento-a-la-movilizacion-del-primero-de-mayo-en-tarragona\/","og_locale":"es_ES","og_type":"article","og_title":"UGT y CCOO hacen un llamamiento a la movilizaci\u00f3n del Primero de Mayo en Tarragona","og_description":"Los sindicatos UGT y CCOO han presentado este martes la convocatoria del Primero de Mayo en Tarragona en un contexto marcado por la preocupaci\u00f3n social y laboral. Denuncian el aumento del coste de la vida, el estancamiento de los salarios y la precarizaci\u00f3n de la clase trabajadora, as\u00ed como la siniestralidad laboral, que contin\u00faa causando [&hellip;]","og_url":"https:\/\/radiociutat.com\/es\/ultimas-noticias\/cronicas\/ugt-y-ccoo-hacen-un-llamamiento-a-la-movilizacion-del-primero-de-mayo-en-tarragona\/","og_site_name":"R\u00e0dio Ciutat de Tarragona","article_publisher":"https:\/\/www.facebook.com\/rctgn","article_published_time":"2026-04-28T09:25:55+00:00","og_image":[{"width":3000,"height":3000,"url":"https:\/\/files.radiociutat.com\/rctgn\/wp-content\/uploads\/2021\/03\/LOGO-RCTGN-RADIO-CIUTAT-DE-TARRAGONA-TRANSPARENTE-TARRAGONA-2020-3000X3000-Redes1-copia.png","type":"image\/png"}],"author":"Eduard Par\u00eds","twitter_card":"summary_large_image","twitter_creator":"@RCTgn","twitter_site":"@RCTgn","twitter_misc":{"Escrito por":"Eduard Par\u00eds","Tiempo de lectura":"1 minuto"},"schema":{"@context":"https:\/\/schema.org","@graph":[{"@type":"Article","@id":"https:\/\/radiociutat.com\/es\/ultimas-noticias\/cronicas\/ugt-y-ccoo-hacen-un-llamamiento-a-la-movilizacion-del-primero-de-mayo-en-tarragona\/#article","isPartOf":{"@id":"https:\/\/radiociutat.com\/es\/ultimas-noticias\/cronicas\/ugt-y-ccoo-hacen-un-llamamiento-a-la-movilizacion-del-primero-de-mayo-en-tarragona\/"},"author":{"name":"Eduard Par\u00eds","@id":"https:\/\/radiociutat.com\/es\/#\/schema\/person\/0e9e2a935ba5449ab0f804a7b413a7ca"},"headline":"UGT y CCOO hacen un llamamiento a la movilizaci\u00f3n del Primero de Mayo en Tarragona","datePublished":"2026-04-28T09:25:55+00:00","mainEntityOfPage":{"@id":"https:\/\/radiociutat.com\/es\/ultimas-noticias\/cronicas\/ugt-y-ccoo-hacen-un-llamamiento-a-la-movilizacion-del-primero-de-mayo-en-tarragona\/"},"wordCount":209,"image":{"@id":"https:\/\/radiociutat.com\/es\/ultimas-noticias\/cronicas\/ugt-y-ccoo-hacen-un-llamamiento-a-la-movilizacion-del-primero-de-mayo-en-tarragona\/#primaryimage"},"thumbnailUrl":"https:\/\/files.radiociutat.com\/rctgn\/wp-content\/uploads\/2026\/04\/UGT-CCOO-1-Maig-e1777367075495.jpeg","keywords":["CCOO","Primer de Maig","Tarragona","UGT"],"articleSection":["Cr\u00f3nicas","\u00daltimas noticias"],"inLanguage":"es"},{"@type":"WebPage","@id":"https:\/\/radiociutat.com\/es\/ultimas-noticias\/cronicas\/ugt-y-ccoo-hacen-un-llamamiento-a-la-movilizacion-del-primero-de-mayo-en-tarragona\/","url":"https:\/\/radiociutat.com\/es\/ultimas-noticias\/cronicas\/ugt-y-ccoo-hacen-un-llamamiento-a-la-movilizacion-del-primero-de-mayo-en-tarragona\/","name":"UGT y CCOO hacen un llamamiento a la movilizaci\u00f3n del Primero de Mayo en Tarragona - R\u00e0dio Ciutat de Tarragona","isPartOf":{"@id":"https:\/\/radiociutat.com\/es\/#website"},"primaryImageOfPage":{"@id":"https:\/\/radiociutat.com\/es\/ultimas-noticias\/cronicas\/ugt-y-ccoo-hacen-un-llamamiento-a-la-movilizacion-del-primero-de-mayo-en-tarragona\/#primaryimage"},"image":{"@id":"https:\/\/radiociutat.com\/es\/ultimas-noticias\/cronicas\/ugt-y-ccoo-hacen-un-llamamiento-a-la-movilizacion-del-primero-de-mayo-en-tarragona\/#primaryimage"},"thumbnailUrl":"https:\/\/files.radiociutat.com\/rctgn\/wp-content\/uploads\/2026\/04\/UGT-CCOO-1-Maig-e1777367075495.jpeg","datePublished":"2026-04-28T09:25:55+00:00","author":{"@id":"https:\/\/radiociutat.com\/es\/#\/schema\/person\/0e9e2a935ba5449ab0f804a7b413a7ca"},"breadcrumb":{"@id":"https:\/\/radiociutat.com\/es\/ultimas-noticias\/cronicas\/ugt-y-ccoo-hacen-un-llamamiento-a-la-movilizacion-del-primero-de-mayo-en-tarragona\/#breadcrumb"},"inLanguage":"es","potentialAction":[{"@type":"ReadAction","target":["https:\/\/radiociutat.com\/es\/ultimas-noticias\/cronicas\/ugt-y-ccoo-hacen-un-llamamiento-a-la-movilizacion-del-primero-de-mayo-en-tarragona\/"]}]},{"@type":"ImageObject","inLanguage":"es","@id":"https:\/\/radiociutat.com\/es\/ultimas-noticias\/cronicas\/ugt-y-ccoo-hacen-un-llamamiento-a-la-movilizacion-del-primero-de-mayo-en-tarragona\/#primaryimage","url":"https:\/\/files.radiociutat.com\/rctgn\/wp-content\/uploads\/2026\/04\/UGT-CCOO-1-Maig-e1777367075495.jpeg","contentUrl":"https:\/\/files.radiociutat.com\/rctgn\/wp-content\/uploads\/2026\/04\/UGT-CCOO-1-Maig-e1777367075495.jpeg","width":2048,"height":1536},{"@type":"BreadcrumbList","@id":"https:\/\/radiociutat.com\/es\/ultimas-noticias\/cronicas\/ugt-y-ccoo-hacen-un-llamamiento-a-la-movilizacion-del-primero-de-mayo-en-tarragona\/#breadcrumb","itemListElement":[{"@type":"ListItem","position":1,"name":"Inici","item":"https:\/\/radiociutat.com\/es\/"},{"@type":"ListItem","position":2,"name":"UGT y CCOO hacen un llamamiento a la movilizaci\u00f3n del Primero de Mayo en Tarragona"}]},{"@type":"WebSite","@id":"https:\/\/radiociutat.com\/es\/#website","url":"https:\/\/radiociutat.com\/es\/","name":"R\u00e0dio Ciutat de Tarragona","description":"R\u00e0dio Ciutat de Tarragona - RCTgn.cat R\u00e0dio Online","potentialAction":[{"@type":"SearchAction","target":{"@type":"EntryPoint","urlTemplate":"https:\/\/radiociutat.com\/es\/?s={search_term_string}"},"query-input":{"@type":"PropertyValueSpecification","valueRequired":true,"valueName":"search_term_string"}}],"inLanguage":"es"},{"@type":"Person","@id":"https:\/\/radiociutat.com\/es\/#\/schema\/person\/0e9e2a935ba5449ab0f804a7b413a7ca","name":"Eduard Par\u00eds","url":"https:\/\/radiociutat.com\/es\/author\/eparis\/"}]}},"_links":{"self":[{"href":"https:\/\/radiociutat.com\/es\/wp-json\/wp\/v2\/posts\/378347","targetHints":{"allow":["GET"]}}],"collection":[{"href":"https:\/\/radiociutat.com\/es\/wp-json\/wp\/v2\/posts"}],"about":[{"href":"https:\/\/radiociutat.com\/es\/wp-json\/wp\/v2\/types\/post"}],"author":[{"embeddable":true,"href":"https:\/\/radiociutat.com\/es\/wp-json\/wp\/v2\/users\/104"}],"replies":[{"embeddable":true,"href":"https:\/\/radiociutat.com\/es\/wp-json\/wp\/v2\/comments?post=378347"}],"version-history":[{"count":0,"href":"https:\/\/radiociutat.com\/es\/wp-json\/wp\/v2\/posts\/378347\/revisions"}],"wp:featuredmedia":[{"embeddable":true,"href":"https:\/\/radiociutat.com\/es\/wp-json\/wp\/v2\/media\/378338"}],"wp:attachment":[{"href":"https:\/\/radiociutat.com\/es\/wp-json\/wp\/v2\/media?parent=378347"}],"wp:term":[{"taxonomy":"category","embeddable":true,"href":"https:\/\/radiociutat.com\/es\/wp-json\/wp\/v2\/categories?post=378347"},{"taxonomy":"post_tag","embeddable":true,"href":"https:\/\/radiociutat.com\/es\/wp-json\/wp\/v2\/tags?post=378347"}],"curies":[{"name":"wp","href":"https:\/\/api.w.org\/{rel}","templated":true}]}}