{"id":378315,"date":"2026-04-27T17:49:04","date_gmt":"2026-04-27T15:49:04","guid":{"rendered":"https:\/\/radiociutat.com\/programes-podcast\/se-impulsa-el-analisis-de-una-futura-gestion-energetica-metropolitana\/"},"modified":"2026-04-27T17:49:04","modified_gmt":"2026-04-27T15:49:04","slug":"se-impulsa-el-analisis-de-una-futura-gestion-energetica-metropolitana","status":"publish","type":"post","link":"https:\/\/radiociutat.com\/es\/ultimas-noticias\/cronicas\/se-impulsa-el-analisis-de-una-futura-gestion-energetica-metropolitana\/","title":{"rendered":"Se impulsa el an\u00e1lisis de una futura gesti\u00f3n energ\u00e9tica metropolitana"},"content":{"rendered":"\n<p>La Asociaci\u00f3n para el Impulso Metropolitano del Camp de Tarragona ha adjudicado la redacci\u00f3n de un estudio jur\u00eddico para analizar las posibles v\u00edas legales que permitan impulsar una herramienta energ\u00e9tica de car\u00e1cter metropolitano.<\/p>\n\n\n\n<p>El encargo se ha realizado a la empresa especializada SAMSO EDS, una consultora con experiencia en derecho vinculado a la transici\u00f3n energ\u00e9tica y en modelos p\u00fablicos de gesti\u00f3n.<\/p>\n\n\n\n<p>Este estudio, incluido en el Plan de Trabajo de la Asociaci\u00f3n y alineado con la estrategia metropolitana, tiene como objetivo examinar diferentes escenarios jur\u00eddicos. Entre las opciones que se analizar\u00e1n se encuentra la creaci\u00f3n de un medio propio, una empresa p\u00fablica u otras f\u00f3rmulas de cooperaci\u00f3n entre municipios. Tambi\u00e9n se evaluar\u00e1n las ventajas, los riesgos y las posibles v\u00edas de implantaci\u00f3n de cada modelo.<\/p>\n\n\n\n<p>El presidente de la Asociaci\u00f3n, Roc Mu\u00f1oz, ha destacado que se trata de un primer paso para analizar con rigor las opciones del territorio en un \u00e1mbito estrat\u00e9gico como es la energ\u00eda. Mu\u00f1oz ha remarcado que el estudio no implica ninguna decisi\u00f3n previa, sino la voluntad de disponer de toda la informaci\u00f3n antes de valorar si es necesario avanzar hacia una herramienta compartida.<\/p>\n\n\n\n<p>Seg\u00fan ha a\u00f1adido, esta iniciativa puede representar una oportunidad para mejorar la sostenibilidad del sistema energ\u00e9tico, aumentar el control sobre los costes municipales y reforzar la respuesta ante situaciones de vulnerabilidad energ\u00e9tica.<\/p>\n\n\n\n<p>El estudio incluir\u00e1 tambi\u00e9n una comparativa entre las diferentes alternativas jur\u00eddicas y la definici\u00f3n de una posible hoja de ruta para avanzar, si procede, hacia un modelo compartido de gesti\u00f3n energ\u00e9tica.<\/p>\n","protected":false},"excerpt":{"rendered":"<p>La Asociaci\u00f3n para el Impulso Metropolitano del Camp de Tarragona ha adjudicado la redacci\u00f3n de un estudio jur\u00eddico para analizar las posibles v\u00edas legales que permitan impulsar una herramienta energ\u00e9tica de car\u00e1cter metropolitano. El encargo se ha realizado a la empresa especializada SAMSO EDS, una consultora con experiencia en derecho vinculado a la transici\u00f3n energ\u00e9tica [&hellip;]<\/p>\n","protected":false},"author":1,"featured_media":353972,"comment_status":"closed","ping_status":"closed","sticky":false,"template":"","format":"standard","meta":{"footnotes":""},"categories":[13688],"tags":[128,14960,14961,88,76,260,129,19,218],"class_list":["post-378315","post","type-post","status-publish","format-standard","has-post-thumbnail","hentry","category-cronicas","tag-actualitat","tag-associacio-metropolitana","tag-gestio-energetica","tag-info","tag-informatiu","tag-noticies","tag-societat","tag-tarragona","tag-tgn"],"yoast_head":"<!-- This site is optimized with the Yoast SEO Premium plugin v27.4 (Yoast SEO v27.5) - https:\/\/yoast.com\/product\/yoast-seo-premium-wordpress\/ -->\n<title>Se impulsa el an\u00e1lisis de una futura gesti\u00f3n energ\u00e9tica metropolitana - R\u00e0dio Ciutat de Tarragona<\/title>\n<meta name=\"robots\" content=\"index, follow, max-snippet:-1, max-image-preview:large, max-video-preview:-1\" \/>\n<link rel=\"canonical\" href=\"https:\/\/radiociutat.com\/es\/ultimas-noticias\/cronicas\/se-impulsa-el-analisis-de-una-futura-gestion-energetica-metropolitana\/\" \/>\n<meta property=\"og:locale\" content=\"es_ES\" \/>\n<meta property=\"og:type\" content=\"article\" \/>\n<meta property=\"og:title\" content=\"Se impulsa el an\u00e1lisis de una futura gesti\u00f3n energ\u00e9tica metropolitana\" \/>\n<meta property=\"og:description\" content=\"La Asociaci\u00f3n para el Impulso Metropolitano del Camp de Tarragona ha adjudicado la redacci\u00f3n de un estudio jur\u00eddico para analizar las posibles v\u00edas legales que permitan impulsar una herramienta energ\u00e9tica de car\u00e1cter metropolitano. El encargo se ha realizado a la empresa especializada SAMSO EDS, una consultora con experiencia en derecho vinculado a la transici\u00f3n energ\u00e9tica [&hellip;]\" \/>\n<meta property=\"og:url\" content=\"https:\/\/radiociutat.com\/es\/ultimas-noticias\/cronicas\/se-impulsa-el-analisis-de-una-futura-gestion-energetica-metropolitana\/\" \/>\n<meta property=\"og:site_name\" content=\"R\u00e0dio Ciutat de Tarragona\" \/>\n<meta property=\"article:publisher\" content=\"https:\/\/www.facebook.com\/rctgn\" \/>\n<meta property=\"article:published_time\" content=\"2026-04-27T15:49:04+00:00\" \/>\n<meta property=\"og:image\" content=\"https:\/\/files.radiociutat.com\/rctgn\/wp-content\/uploads\/2021\/03\/LOGO-RCTGN-RADIO-CIUTAT-DE-TARRAGONA-TRANSPARENTE-TARRAGONA-2020-3000X3000-Redes1-copia.png\" \/>\n\t<meta property=\"og:image:width\" content=\"3000\" \/>\n\t<meta property=\"og:image:height\" content=\"3000\" \/>\n\t<meta property=\"og:image:type\" content=\"image\/png\" \/>\n<meta name=\"author\" content=\"Redacci\u00f3\" \/>\n<meta name=\"twitter:card\" content=\"summary_large_image\" \/>\n<meta name=\"twitter:creator\" content=\"@RCTgn\" \/>\n<meta name=\"twitter:site\" content=\"@RCTgn\" \/>\n<meta name=\"twitter:label1\" content=\"Escrito por\" \/>\n\t<meta name=\"twitter:data1\" content=\"Redacci\u00f3\" \/>\n\t<meta name=\"twitter:label2\" content=\"Tiempo de lectura\" \/>\n\t<meta name=\"twitter:data2\" content=\"1 minuto\" \/>\n<script type=\"application\/ld+json\" class=\"yoast-schema-graph\">{\"@context\":\"https:\\\/\\\/schema.org\",\"@graph\":[{\"@type\":\"Article\",\"@id\":\"https:\\\/\\\/radiociutat.com\\\/es\\\/ultimas-noticias\\\/cronicas\\\/se-impulsa-el-analisis-de-una-futura-gestion-energetica-metropolitana\\\/#article\",\"isPartOf\":{\"@id\":\"https:\\\/\\\/radiociutat.com\\\/es\\\/ultimas-noticias\\\/cronicas\\\/se-impulsa-el-analisis-de-una-futura-gestion-energetica-metropolitana\\\/\"},\"author\":{\"name\":\"Redacci\u00f3\",\"@id\":\"https:\\\/\\\/radiociutat.com\\\/es\\\/#\\\/schema\\\/person\\\/04b6638f9d2a9ea77408db76c5d8f0b5\"},\"headline\":\"Se impulsa el an\u00e1lisis de una futura gesti\u00f3n energ\u00e9tica metropolitana\",\"datePublished\":\"2026-04-27T15:49:04+00:00\",\"mainEntityOfPage\":{\"@id\":\"https:\\\/\\\/radiociutat.com\\\/es\\\/ultimas-noticias\\\/cronicas\\\/se-impulsa-el-analisis-de-una-futura-gestion-energetica-metropolitana\\\/\"},\"wordCount\":301,\"image\":{\"@id\":\"https:\\\/\\\/radiociutat.com\\\/es\\\/ultimas-noticias\\\/cronicas\\\/se-impulsa-el-analisis-de-una-futura-gestion-energetica-metropolitana\\\/#primaryimage\"},\"thumbnailUrl\":\"https:\\\/\\\/files.radiociutat.com\\\/rctgn\\\/wp-content\\\/uploads\\\/2025\\\/05\\\/energia-eolica-molins-vent-e1747300390429.jpg\",\"keywords\":[\"Actualitat\",\"Associaci\u00f3 Metropolitana\",\"Gesti\u00f3 energ\u00e8tica\",\"Info\",\"Informatiu\",\"not\u00edcies\",\"Societat\",\"Tarragona\",\"TGN\"],\"articleSection\":[\"Cr\u00f3nicas\"],\"inLanguage\":\"es\"},{\"@type\":\"WebPage\",\"@id\":\"https:\\\/\\\/radiociutat.com\\\/es\\\/ultimas-noticias\\\/cronicas\\\/se-impulsa-el-analisis-de-una-futura-gestion-energetica-metropolitana\\\/\",\"url\":\"https:\\\/\\\/radiociutat.com\\\/es\\\/ultimas-noticias\\\/cronicas\\\/se-impulsa-el-analisis-de-una-futura-gestion-energetica-metropolitana\\\/\",\"name\":\"Se impulsa el an\u00e1lisis de una futura gesti\u00f3n energ\u00e9tica metropolitana - R\u00e0dio Ciutat de Tarragona\",\"isPartOf\":{\"@id\":\"https:\\\/\\\/radiociutat.com\\\/es\\\/#website\"},\"primaryImageOfPage\":{\"@id\":\"https:\\\/\\\/radiociutat.com\\\/es\\\/ultimas-noticias\\\/cronicas\\\/se-impulsa-el-analisis-de-una-futura-gestion-energetica-metropolitana\\\/#primaryimage\"},\"image\":{\"@id\":\"https:\\\/\\\/radiociutat.com\\\/es\\\/ultimas-noticias\\\/cronicas\\\/se-impulsa-el-analisis-de-una-futura-gestion-energetica-metropolitana\\\/#primaryimage\"},\"thumbnailUrl\":\"https:\\\/\\\/files.radiociutat.com\\\/rctgn\\\/wp-content\\\/uploads\\\/2025\\\/05\\\/energia-eolica-molins-vent-e1747300390429.jpg\",\"datePublished\":\"2026-04-27T15:49:04+00:00\",\"author\":{\"@id\":\"https:\\\/\\\/radiociutat.com\\\/es\\\/#\\\/schema\\\/person\\\/04b6638f9d2a9ea77408db76c5d8f0b5\"},\"breadcrumb\":{\"@id\":\"https:\\\/\\\/radiociutat.com\\\/es\\\/ultimas-noticias\\\/cronicas\\\/se-impulsa-el-analisis-de-una-futura-gestion-energetica-metropolitana\\\/#breadcrumb\"},\"inLanguage\":\"es\",\"potentialAction\":[{\"@type\":\"ReadAction\",\"target\":[\"https:\\\/\\\/radiociutat.com\\\/es\\\/ultimas-noticias\\\/cronicas\\\/se-impulsa-el-analisis-de-una-futura-gestion-energetica-metropolitana\\\/\"]}]},{\"@type\":\"ImageObject\",\"inLanguage\":\"es\",\"@id\":\"https:\\\/\\\/radiociutat.com\\\/es\\\/ultimas-noticias\\\/cronicas\\\/se-impulsa-el-analisis-de-una-futura-gestion-energetica-metropolitana\\\/#primaryimage\",\"url\":\"https:\\\/\\\/files.radiociutat.com\\\/rctgn\\\/wp-content\\\/uploads\\\/2025\\\/05\\\/energia-eolica-molins-vent-e1747300390429.jpg\",\"contentUrl\":\"https:\\\/\\\/files.radiociutat.com\\\/rctgn\\\/wp-content\\\/uploads\\\/2025\\\/05\\\/energia-eolica-molins-vent-e1747300390429.jpg\",\"width\":800,\"height\":534},{\"@type\":\"BreadcrumbList\",\"@id\":\"https:\\\/\\\/radiociutat.com\\\/es\\\/ultimas-noticias\\\/cronicas\\\/se-impulsa-el-analisis-de-una-futura-gestion-energetica-metropolitana\\\/#breadcrumb\",\"itemListElement\":[{\"@type\":\"ListItem\",\"position\":1,\"name\":\"Inici\",\"item\":\"https:\\\/\\\/radiociutat.com\\\/es\\\/\"},{\"@type\":\"ListItem\",\"position\":2,\"name\":\"Se impulsa el an\u00e1lisis de una futura gesti\u00f3n energ\u00e9tica metropolitana\"}]},{\"@type\":\"WebSite\",\"@id\":\"https:\\\/\\\/radiociutat.com\\\/es\\\/#website\",\"url\":\"https:\\\/\\\/radiociutat.com\\\/es\\\/\",\"name\":\"R\u00e0dio Ciutat de Tarragona\",\"description\":\"R\u00e0dio Ciutat de Tarragona - RCTgn.cat R\u00e0dio Online\",\"potentialAction\":[{\"@type\":\"SearchAction\",\"target\":{\"@type\":\"EntryPoint\",\"urlTemplate\":\"https:\\\/\\\/radiociutat.com\\\/es\\\/?s={search_term_string}\"},\"query-input\":{\"@type\":\"PropertyValueSpecification\",\"valueRequired\":true,\"valueName\":\"search_term_string\"}}],\"inLanguage\":\"es\"},{\"@type\":\"Person\",\"@id\":\"https:\\\/\\\/radiociutat.com\\\/es\\\/#\\\/schema\\\/person\\\/04b6638f9d2a9ea77408db76c5d8f0b5\",\"name\":\"Redacci\u00f3\",\"sameAs\":[\"https:\\\/\\\/radiociutat.com\\\/wp-content\\\/uploads\\\/2023\\\/09\\\/LOGO-RCTGN-CUADRAT.png\"],\"url\":\"https:\\\/\\\/radiociutat.com\\\/es\\\/author\\\/jespinosa\\\/\"}]}<\/script>\n<!-- \/ Yoast SEO Premium plugin. -->","yoast_head_json":{"title":"Se impulsa el an\u00e1lisis de una futura gesti\u00f3n energ\u00e9tica metropolitana - R\u00e0dio Ciutat de Tarragona","robots":{"index":"index","follow":"follow","max-snippet":"max-snippet:-1","max-image-preview":"max-image-preview:large","max-video-preview":"max-video-preview:-1"},"canonical":"https:\/\/radiociutat.com\/es\/ultimas-noticias\/cronicas\/se-impulsa-el-analisis-de-una-futura-gestion-energetica-metropolitana\/","og_locale":"es_ES","og_type":"article","og_title":"Se impulsa el an\u00e1lisis de una futura gesti\u00f3n energ\u00e9tica metropolitana","og_description":"La Asociaci\u00f3n para el Impulso Metropolitano del Camp de Tarragona ha adjudicado la redacci\u00f3n de un estudio jur\u00eddico para analizar las posibles v\u00edas legales que permitan impulsar una herramienta energ\u00e9tica de car\u00e1cter metropolitano. El encargo se ha realizado a la empresa especializada SAMSO EDS, una consultora con experiencia en derecho vinculado a la transici\u00f3n energ\u00e9tica [&hellip;]","og_url":"https:\/\/radiociutat.com\/es\/ultimas-noticias\/cronicas\/se-impulsa-el-analisis-de-una-futura-gestion-energetica-metropolitana\/","og_site_name":"R\u00e0dio Ciutat de Tarragona","article_publisher":"https:\/\/www.facebook.com\/rctgn","article_published_time":"2026-04-27T15:49:04+00:00","og_image":[{"width":3000,"height":3000,"url":"https:\/\/files.radiociutat.com\/rctgn\/wp-content\/uploads\/2021\/03\/LOGO-RCTGN-RADIO-CIUTAT-DE-TARRAGONA-TRANSPARENTE-TARRAGONA-2020-3000X3000-Redes1-copia.png","type":"image\/png"}],"author":"Redacci\u00f3","twitter_card":"summary_large_image","twitter_creator":"@RCTgn","twitter_site":"@RCTgn","twitter_misc":{"Escrito por":"Redacci\u00f3","Tiempo de lectura":"1 minuto"},"schema":{"@context":"https:\/\/schema.org","@graph":[{"@type":"Article","@id":"https:\/\/radiociutat.com\/es\/ultimas-noticias\/cronicas\/se-impulsa-el-analisis-de-una-futura-gestion-energetica-metropolitana\/#article","isPartOf":{"@id":"https:\/\/radiociutat.com\/es\/ultimas-noticias\/cronicas\/se-impulsa-el-analisis-de-una-futura-gestion-energetica-metropolitana\/"},"author":{"name":"Redacci\u00f3","@id":"https:\/\/radiociutat.com\/es\/#\/schema\/person\/04b6638f9d2a9ea77408db76c5d8f0b5"},"headline":"Se impulsa el an\u00e1lisis de una futura gesti\u00f3n energ\u00e9tica metropolitana","datePublished":"2026-04-27T15:49:04+00:00","mainEntityOfPage":{"@id":"https:\/\/radiociutat.com\/es\/ultimas-noticias\/cronicas\/se-impulsa-el-analisis-de-una-futura-gestion-energetica-metropolitana\/"},"wordCount":301,"image":{"@id":"https:\/\/radiociutat.com\/es\/ultimas-noticias\/cronicas\/se-impulsa-el-analisis-de-una-futura-gestion-energetica-metropolitana\/#primaryimage"},"thumbnailUrl":"https:\/\/files.radiociutat.com\/rctgn\/wp-content\/uploads\/2025\/05\/energia-eolica-molins-vent-e1747300390429.jpg","keywords":["Actualitat","Associaci\u00f3 Metropolitana","Gesti\u00f3 energ\u00e8tica","Info","Informatiu","not\u00edcies","Societat","Tarragona","TGN"],"articleSection":["Cr\u00f3nicas"],"inLanguage":"es"},{"@type":"WebPage","@id":"https:\/\/radiociutat.com\/es\/ultimas-noticias\/cronicas\/se-impulsa-el-analisis-de-una-futura-gestion-energetica-metropolitana\/","url":"https:\/\/radiociutat.com\/es\/ultimas-noticias\/cronicas\/se-impulsa-el-analisis-de-una-futura-gestion-energetica-metropolitana\/","name":"Se impulsa el an\u00e1lisis de una futura gesti\u00f3n energ\u00e9tica metropolitana - R\u00e0dio Ciutat de Tarragona","isPartOf":{"@id":"https:\/\/radiociutat.com\/es\/#website"},"primaryImageOfPage":{"@id":"https:\/\/radiociutat.com\/es\/ultimas-noticias\/cronicas\/se-impulsa-el-analisis-de-una-futura-gestion-energetica-metropolitana\/#primaryimage"},"image":{"@id":"https:\/\/radiociutat.com\/es\/ultimas-noticias\/cronicas\/se-impulsa-el-analisis-de-una-futura-gestion-energetica-metropolitana\/#primaryimage"},"thumbnailUrl":"https:\/\/files.radiociutat.com\/rctgn\/wp-content\/uploads\/2025\/05\/energia-eolica-molins-vent-e1747300390429.jpg","datePublished":"2026-04-27T15:49:04+00:00","author":{"@id":"https:\/\/radiociutat.com\/es\/#\/schema\/person\/04b6638f9d2a9ea77408db76c5d8f0b5"},"breadcrumb":{"@id":"https:\/\/radiociutat.com\/es\/ultimas-noticias\/cronicas\/se-impulsa-el-analisis-de-una-futura-gestion-energetica-metropolitana\/#breadcrumb"},"inLanguage":"es","potentialAction":[{"@type":"ReadAction","target":["https:\/\/radiociutat.com\/es\/ultimas-noticias\/cronicas\/se-impulsa-el-analisis-de-una-futura-gestion-energetica-metropolitana\/"]}]},{"@type":"ImageObject","inLanguage":"es","@id":"https:\/\/radiociutat.com\/es\/ultimas-noticias\/cronicas\/se-impulsa-el-analisis-de-una-futura-gestion-energetica-metropolitana\/#primaryimage","url":"https:\/\/files.radiociutat.com\/rctgn\/wp-content\/uploads\/2025\/05\/energia-eolica-molins-vent-e1747300390429.jpg","contentUrl":"https:\/\/files.radiociutat.com\/rctgn\/wp-content\/uploads\/2025\/05\/energia-eolica-molins-vent-e1747300390429.jpg","width":800,"height":534},{"@type":"BreadcrumbList","@id":"https:\/\/radiociutat.com\/es\/ultimas-noticias\/cronicas\/se-impulsa-el-analisis-de-una-futura-gestion-energetica-metropolitana\/#breadcrumb","itemListElement":[{"@type":"ListItem","position":1,"name":"Inici","item":"https:\/\/radiociutat.com\/es\/"},{"@type":"ListItem","position":2,"name":"Se impulsa el an\u00e1lisis de una futura gesti\u00f3n energ\u00e9tica metropolitana"}]},{"@type":"WebSite","@id":"https:\/\/radiociutat.com\/es\/#website","url":"https:\/\/radiociutat.com\/es\/","name":"R\u00e0dio Ciutat de Tarragona","description":"R\u00e0dio Ciutat de Tarragona - RCTgn.cat R\u00e0dio Online","potentialAction":[{"@type":"SearchAction","target":{"@type":"EntryPoint","urlTemplate":"https:\/\/radiociutat.com\/es\/?s={search_term_string}"},"query-input":{"@type":"PropertyValueSpecification","valueRequired":true,"valueName":"search_term_string"}}],"inLanguage":"es"},{"@type":"Person","@id":"https:\/\/radiociutat.com\/es\/#\/schema\/person\/04b6638f9d2a9ea77408db76c5d8f0b5","name":"Redacci\u00f3","sameAs":["https:\/\/radiociutat.com\/wp-content\/uploads\/2023\/09\/LOGO-RCTGN-CUADRAT.png"],"url":"https:\/\/radiociutat.com\/es\/author\/jespinosa\/"}]}},"_links":{"self":[{"href":"https:\/\/radiociutat.com\/es\/wp-json\/wp\/v2\/posts\/378315","targetHints":{"allow":["GET"]}}],"collection":[{"href":"https:\/\/radiociutat.com\/es\/wp-json\/wp\/v2\/posts"}],"about":[{"href":"https:\/\/radiociutat.com\/es\/wp-json\/wp\/v2\/types\/post"}],"author":[{"embeddable":true,"href":"https:\/\/radiociutat.com\/es\/wp-json\/wp\/v2\/users\/1"}],"replies":[{"embeddable":true,"href":"https:\/\/radiociutat.com\/es\/wp-json\/wp\/v2\/comments?post=378315"}],"version-history":[{"count":0,"href":"https:\/\/radiociutat.com\/es\/wp-json\/wp\/v2\/posts\/378315\/revisions"}],"wp:featuredmedia":[{"embeddable":true,"href":"https:\/\/radiociutat.com\/es\/wp-json\/wp\/v2\/media\/353972"}],"wp:attachment":[{"href":"https:\/\/radiociutat.com\/es\/wp-json\/wp\/v2\/media?parent=378315"}],"wp:term":[{"taxonomy":"category","embeddable":true,"href":"https:\/\/radiociutat.com\/es\/wp-json\/wp\/v2\/categories?post=378315"},{"taxonomy":"post_tag","embeddable":true,"href":"https:\/\/radiociutat.com\/es\/wp-json\/wp\/v2\/tags?post=378315"}],"curies":[{"name":"wp","href":"https:\/\/api.w.org\/{rel}","templated":true}]}}