{"id":378300,"date":"2026-04-27T17:35:36","date_gmt":"2026-04-27T15:35:36","guid":{"rendered":"https:\/\/radiociutat.com\/programes-podcast\/muere-el-conductor-de-un-coche-en-un-choque-con-una-autocaravana-en-la-n-340-en-roda-de-bera\/"},"modified":"2026-04-27T17:35:36","modified_gmt":"2026-04-27T15:35:36","slug":"muere-el-conductor-de-un-coche-en-un-choque-con-una-autocaravana-en-la-n-340-en-roda-de-bera","status":"publish","type":"post","link":"https:\/\/radiociutat.com\/es\/ultimas-noticias\/cronicas\/muere-el-conductor-de-un-coche-en-un-choque-con-una-autocaravana-en-la-n-340-en-roda-de-bera\/","title":{"rendered":"Muere el conductor de un coche en un choque con una autocaravana en la N-340 en Roda de Ber\u00e0"},"content":{"rendered":"\n<p>El conductor de un coche ha muerto este lunes en un choque frontal con una autocaravana en la N-340, a la altura de Roda de Ber\u00e0 (Tarragon\u00e8s). La v\u00edctima, de 47 a\u00f1os, era vecino de la Pobla de Montorn\u00e8s.<\/p>\n\n\n\n<p>Los Mossos d\u2019Esquadra han recibido el aviso a las 12.28 horas. El accidente ha sido en el kil\u00f3metro 1.183,9. Por causas que se investigan, el conductor del turismo ha invadido el carril contrario y ha chocado con la autocaravana, cuyo conductor ha resultado ileso.<\/p>\n\n\n\n<p>A ra\u00edz del siniestro se han activado cinco patrullas de los Mossos d\u2019Esquadra, cuatro dotaciones de los Bomberos y tres unidades del Sistema de Emergencias M\u00e9dicas (SEM). Desde principio de a\u00f1o, 30 personas han perdido la vida en 29 accidentes de tr\u00e1fico en las carreteras catalanas.<\/p>\n","protected":false},"excerpt":{"rendered":"<p>El conductor de un coche ha muerto este lunes en un choque frontal con una autocaravana en la N-340, a la altura de Roda de Ber\u00e0 (Tarragon\u00e8s). La v\u00edctima, de 47 a\u00f1os, era vecino de la Pobla de Montorn\u00e8s. Los Mossos d\u2019Esquadra han recibido el aviso a las 12.28 horas. El accidente ha sido en [&hellip;]<\/p>\n","protected":false},"author":57,"featured_media":378271,"comment_status":"closed","ping_status":"closed","sticky":false,"template":"","format":"standard","meta":{"footnotes":""},"categories":[13688,13716],"tags":[3775,13727],"class_list":["post-378300","post","type-post","status-publish","format-standard","has-post-thumbnail","hentry","category-cronicas","category-ultimas-noticias","tag-roda-de-bara","tag-sucesos"],"yoast_head":"<!-- This site is optimized with the Yoast SEO Premium plugin v27.4 (Yoast SEO v27.5) - https:\/\/yoast.com\/product\/yoast-seo-premium-wordpress\/ -->\n<title>Muere el conductor de un coche en un choque con una autocaravana en la N-340 en Roda de Ber\u00e0 - R\u00e0dio Ciutat de Tarragona<\/title>\n<meta name=\"robots\" content=\"index, follow, max-snippet:-1, max-image-preview:large, max-video-preview:-1\" \/>\n<link rel=\"canonical\" href=\"https:\/\/radiociutat.com\/es\/ultimas-noticias\/cronicas\/muere-el-conductor-de-un-coche-en-un-choque-con-una-autocaravana-en-la-n-340-en-roda-de-bera\/\" \/>\n<meta property=\"og:locale\" content=\"es_ES\" \/>\n<meta property=\"og:type\" content=\"article\" \/>\n<meta property=\"og:title\" content=\"Muere el conductor de un coche en un choque con una autocaravana en la N-340 en Roda de Ber\u00e0\" \/>\n<meta property=\"og:description\" content=\"El conductor de un coche ha muerto este lunes en un choque frontal con una autocaravana en la N-340, a la altura de Roda de Ber\u00e0 (Tarragon\u00e8s). La v\u00edctima, de 47 a\u00f1os, era vecino de la Pobla de Montorn\u00e8s. Los Mossos d\u2019Esquadra han recibido el aviso a las 12.28 horas. El accidente ha sido en [&hellip;]\" \/>\n<meta property=\"og:url\" content=\"https:\/\/radiociutat.com\/es\/ultimas-noticias\/cronicas\/muere-el-conductor-de-un-coche-en-un-choque-con-una-autocaravana-en-la-n-340-en-roda-de-bera\/\" \/>\n<meta property=\"og:site_name\" content=\"R\u00e0dio Ciutat de Tarragona\" \/>\n<meta property=\"article:publisher\" content=\"https:\/\/www.facebook.com\/rctgn\" \/>\n<meta property=\"article:published_time\" content=\"2026-04-27T15:35:36+00:00\" \/>\n<meta property=\"og:image\" content=\"https:\/\/files.radiociutat.com\/rctgn\/wp-content\/uploads\/2021\/03\/LOGO-RCTGN-RADIO-CIUTAT-DE-TARRAGONA-TRANSPARENTE-TARRAGONA-2020-3000X3000-Redes1-copia.png\" \/>\n\t<meta property=\"og:image:width\" content=\"3000\" \/>\n\t<meta property=\"og:image:height\" content=\"3000\" \/>\n\t<meta property=\"og:image:type\" content=\"image\/png\" \/>\n<meta name=\"author\" content=\"ACN\" \/>\n<meta name=\"twitter:card\" content=\"summary_large_image\" \/>\n<meta name=\"twitter:creator\" content=\"@RCTgn\" \/>\n<meta name=\"twitter:site\" content=\"@RCTgn\" \/>\n<meta name=\"twitter:label1\" content=\"Escrito por\" \/>\n\t<meta name=\"twitter:data1\" content=\"ACN\" \/>\n\t<meta name=\"twitter:label2\" content=\"Tiempo de lectura\" \/>\n\t<meta name=\"twitter:data2\" content=\"1 minuto\" \/>\n<script type=\"application\/ld+json\" class=\"yoast-schema-graph\">{\"@context\":\"https:\\\/\\\/schema.org\",\"@graph\":[{\"@type\":\"Article\",\"@id\":\"https:\\\/\\\/radiociutat.com\\\/es\\\/ultimas-noticias\\\/cronicas\\\/muere-el-conductor-de-un-coche-en-un-choque-con-una-autocaravana-en-la-n-340-en-roda-de-bera\\\/#article\",\"isPartOf\":{\"@id\":\"https:\\\/\\\/radiociutat.com\\\/es\\\/ultimas-noticias\\\/cronicas\\\/muere-el-conductor-de-un-coche-en-un-choque-con-una-autocaravana-en-la-n-340-en-roda-de-bera\\\/\"},\"author\":{\"name\":\"ACN\",\"@id\":\"https:\\\/\\\/radiociutat.com\\\/es\\\/#\\\/schema\\\/person\\\/ea8722499f2255e1477bd2975629dc71\"},\"headline\":\"Muere el conductor de un coche en un choque con una autocaravana en la N-340 en Roda de Ber\u00e0\",\"datePublished\":\"2026-04-27T15:35:36+00:00\",\"mainEntityOfPage\":{\"@id\":\"https:\\\/\\\/radiociutat.com\\\/es\\\/ultimas-noticias\\\/cronicas\\\/muere-el-conductor-de-un-coche-en-un-choque-con-una-autocaravana-en-la-n-340-en-roda-de-bera\\\/\"},\"wordCount\":154,\"image\":{\"@id\":\"https:\\\/\\\/radiociutat.com\\\/es\\\/ultimas-noticias\\\/cronicas\\\/muere-el-conductor-de-un-coche-en-un-choque-con-una-autocaravana-en-la-n-340-en-roda-de-bera\\\/#primaryimage\"},\"thumbnailUrl\":\"https:\\\/\\\/files.radiociutat.com\\\/rctgn\\\/wp-content\\\/uploads\\\/2026\\\/04\\\/Autocaravana-Roda-Bara-scaled-e1777303968624.jpg\",\"keywords\":[\"Roda de Bar\u00e0\",\"sucesos\"],\"articleSection\":[\"Cr\u00f3nicas\",\"\u00daltimas noticias\"],\"inLanguage\":\"es\"},{\"@type\":\"WebPage\",\"@id\":\"https:\\\/\\\/radiociutat.com\\\/es\\\/ultimas-noticias\\\/cronicas\\\/muere-el-conductor-de-un-coche-en-un-choque-con-una-autocaravana-en-la-n-340-en-roda-de-bera\\\/\",\"url\":\"https:\\\/\\\/radiociutat.com\\\/es\\\/ultimas-noticias\\\/cronicas\\\/muere-el-conductor-de-un-coche-en-un-choque-con-una-autocaravana-en-la-n-340-en-roda-de-bera\\\/\",\"name\":\"Muere el conductor de un coche en un choque con una autocaravana en la N-340 en Roda de Ber\u00e0 - R\u00e0dio Ciutat de Tarragona\",\"isPartOf\":{\"@id\":\"https:\\\/\\\/radiociutat.com\\\/es\\\/#website\"},\"primaryImageOfPage\":{\"@id\":\"https:\\\/\\\/radiociutat.com\\\/es\\\/ultimas-noticias\\\/cronicas\\\/muere-el-conductor-de-un-coche-en-un-choque-con-una-autocaravana-en-la-n-340-en-roda-de-bera\\\/#primaryimage\"},\"image\":{\"@id\":\"https:\\\/\\\/radiociutat.com\\\/es\\\/ultimas-noticias\\\/cronicas\\\/muere-el-conductor-de-un-coche-en-un-choque-con-una-autocaravana-en-la-n-340-en-roda-de-bera\\\/#primaryimage\"},\"thumbnailUrl\":\"https:\\\/\\\/files.radiociutat.com\\\/rctgn\\\/wp-content\\\/uploads\\\/2026\\\/04\\\/Autocaravana-Roda-Bara-scaled-e1777303968624.jpg\",\"datePublished\":\"2026-04-27T15:35:36+00:00\",\"author\":{\"@id\":\"https:\\\/\\\/radiociutat.com\\\/es\\\/#\\\/schema\\\/person\\\/ea8722499f2255e1477bd2975629dc71\"},\"breadcrumb\":{\"@id\":\"https:\\\/\\\/radiociutat.com\\\/es\\\/ultimas-noticias\\\/cronicas\\\/muere-el-conductor-de-un-coche-en-un-choque-con-una-autocaravana-en-la-n-340-en-roda-de-bera\\\/#breadcrumb\"},\"inLanguage\":\"es\",\"potentialAction\":[{\"@type\":\"ReadAction\",\"target\":[\"https:\\\/\\\/radiociutat.com\\\/es\\\/ultimas-noticias\\\/cronicas\\\/muere-el-conductor-de-un-coche-en-un-choque-con-una-autocaravana-en-la-n-340-en-roda-de-bera\\\/\"]}]},{\"@type\":\"ImageObject\",\"inLanguage\":\"es\",\"@id\":\"https:\\\/\\\/radiociutat.com\\\/es\\\/ultimas-noticias\\\/cronicas\\\/muere-el-conductor-de-un-coche-en-un-choque-con-una-autocaravana-en-la-n-340-en-roda-de-bera\\\/#primaryimage\",\"url\":\"https:\\\/\\\/files.radiociutat.com\\\/rctgn\\\/wp-content\\\/uploads\\\/2026\\\/04\\\/Autocaravana-Roda-Bara-scaled-e1777303968624.jpg\",\"contentUrl\":\"https:\\\/\\\/files.radiociutat.com\\\/rctgn\\\/wp-content\\\/uploads\\\/2026\\\/04\\\/Autocaravana-Roda-Bara-scaled-e1777303968624.jpg\",\"width\":2560,\"height\":1707,\"caption\":\"Foto: ACN\"},{\"@type\":\"BreadcrumbList\",\"@id\":\"https:\\\/\\\/radiociutat.com\\\/es\\\/ultimas-noticias\\\/cronicas\\\/muere-el-conductor-de-un-coche-en-un-choque-con-una-autocaravana-en-la-n-340-en-roda-de-bera\\\/#breadcrumb\",\"itemListElement\":[{\"@type\":\"ListItem\",\"position\":1,\"name\":\"Inici\",\"item\":\"https:\\\/\\\/radiociutat.com\\\/es\\\/\"},{\"@type\":\"ListItem\",\"position\":2,\"name\":\"Muere el conductor de un coche en un choque con una autocaravana en la N-340 en Roda de Ber\u00e0\"}]},{\"@type\":\"WebSite\",\"@id\":\"https:\\\/\\\/radiociutat.com\\\/es\\\/#website\",\"url\":\"https:\\\/\\\/radiociutat.com\\\/es\\\/\",\"name\":\"R\u00e0dio Ciutat de Tarragona\",\"description\":\"R\u00e0dio Ciutat de Tarragona - RCTgn.cat R\u00e0dio Online\",\"potentialAction\":[{\"@type\":\"SearchAction\",\"target\":{\"@type\":\"EntryPoint\",\"urlTemplate\":\"https:\\\/\\\/radiociutat.com\\\/es\\\/?s={search_term_string}\"},\"query-input\":{\"@type\":\"PropertyValueSpecification\",\"valueRequired\":true,\"valueName\":\"search_term_string\"}}],\"inLanguage\":\"es\"},{\"@type\":\"Person\",\"@id\":\"https:\\\/\\\/radiociutat.com\\\/es\\\/#\\\/schema\\\/person\\\/ea8722499f2255e1477bd2975629dc71\",\"name\":\"ACN\",\"sameAs\":[\"https:\\\/\\\/radiociutat.com\\\/wp-content\\\/uploads\\\/2023\\\/09\\\/acn-e1694789176650.png\"],\"url\":\"https:\\\/\\\/radiociutat.com\\\/es\\\/author\\\/acn\\\/\"}]}<\/script>\n<!-- \/ Yoast SEO Premium plugin. -->","yoast_head_json":{"title":"Muere el conductor de un coche en un choque con una autocaravana en la N-340 en Roda de Ber\u00e0 - R\u00e0dio Ciutat de Tarragona","robots":{"index":"index","follow":"follow","max-snippet":"max-snippet:-1","max-image-preview":"max-image-preview:large","max-video-preview":"max-video-preview:-1"},"canonical":"https:\/\/radiociutat.com\/es\/ultimas-noticias\/cronicas\/muere-el-conductor-de-un-coche-en-un-choque-con-una-autocaravana-en-la-n-340-en-roda-de-bera\/","og_locale":"es_ES","og_type":"article","og_title":"Muere el conductor de un coche en un choque con una autocaravana en la N-340 en Roda de Ber\u00e0","og_description":"El conductor de un coche ha muerto este lunes en un choque frontal con una autocaravana en la N-340, a la altura de Roda de Ber\u00e0 (Tarragon\u00e8s). La v\u00edctima, de 47 a\u00f1os, era vecino de la Pobla de Montorn\u00e8s. Los Mossos d\u2019Esquadra han recibido el aviso a las 12.28 horas. El accidente ha sido en [&hellip;]","og_url":"https:\/\/radiociutat.com\/es\/ultimas-noticias\/cronicas\/muere-el-conductor-de-un-coche-en-un-choque-con-una-autocaravana-en-la-n-340-en-roda-de-bera\/","og_site_name":"R\u00e0dio Ciutat de Tarragona","article_publisher":"https:\/\/www.facebook.com\/rctgn","article_published_time":"2026-04-27T15:35:36+00:00","og_image":[{"width":3000,"height":3000,"url":"https:\/\/files.radiociutat.com\/rctgn\/wp-content\/uploads\/2021\/03\/LOGO-RCTGN-RADIO-CIUTAT-DE-TARRAGONA-TRANSPARENTE-TARRAGONA-2020-3000X3000-Redes1-copia.png","type":"image\/png"}],"author":"ACN","twitter_card":"summary_large_image","twitter_creator":"@RCTgn","twitter_site":"@RCTgn","twitter_misc":{"Escrito por":"ACN","Tiempo de lectura":"1 minuto"},"schema":{"@context":"https:\/\/schema.org","@graph":[{"@type":"Article","@id":"https:\/\/radiociutat.com\/es\/ultimas-noticias\/cronicas\/muere-el-conductor-de-un-coche-en-un-choque-con-una-autocaravana-en-la-n-340-en-roda-de-bera\/#article","isPartOf":{"@id":"https:\/\/radiociutat.com\/es\/ultimas-noticias\/cronicas\/muere-el-conductor-de-un-coche-en-un-choque-con-una-autocaravana-en-la-n-340-en-roda-de-bera\/"},"author":{"name":"ACN","@id":"https:\/\/radiociutat.com\/es\/#\/schema\/person\/ea8722499f2255e1477bd2975629dc71"},"headline":"Muere el conductor de un coche en un choque con una autocaravana en la N-340 en Roda de Ber\u00e0","datePublished":"2026-04-27T15:35:36+00:00","mainEntityOfPage":{"@id":"https:\/\/radiociutat.com\/es\/ultimas-noticias\/cronicas\/muere-el-conductor-de-un-coche-en-un-choque-con-una-autocaravana-en-la-n-340-en-roda-de-bera\/"},"wordCount":154,"image":{"@id":"https:\/\/radiociutat.com\/es\/ultimas-noticias\/cronicas\/muere-el-conductor-de-un-coche-en-un-choque-con-una-autocaravana-en-la-n-340-en-roda-de-bera\/#primaryimage"},"thumbnailUrl":"https:\/\/files.radiociutat.com\/rctgn\/wp-content\/uploads\/2026\/04\/Autocaravana-Roda-Bara-scaled-e1777303968624.jpg","keywords":["Roda de Bar\u00e0","sucesos"],"articleSection":["Cr\u00f3nicas","\u00daltimas noticias"],"inLanguage":"es"},{"@type":"WebPage","@id":"https:\/\/radiociutat.com\/es\/ultimas-noticias\/cronicas\/muere-el-conductor-de-un-coche-en-un-choque-con-una-autocaravana-en-la-n-340-en-roda-de-bera\/","url":"https:\/\/radiociutat.com\/es\/ultimas-noticias\/cronicas\/muere-el-conductor-de-un-coche-en-un-choque-con-una-autocaravana-en-la-n-340-en-roda-de-bera\/","name":"Muere el conductor de un coche en un choque con una autocaravana en la N-340 en Roda de Ber\u00e0 - R\u00e0dio Ciutat de Tarragona","isPartOf":{"@id":"https:\/\/radiociutat.com\/es\/#website"},"primaryImageOfPage":{"@id":"https:\/\/radiociutat.com\/es\/ultimas-noticias\/cronicas\/muere-el-conductor-de-un-coche-en-un-choque-con-una-autocaravana-en-la-n-340-en-roda-de-bera\/#primaryimage"},"image":{"@id":"https:\/\/radiociutat.com\/es\/ultimas-noticias\/cronicas\/muere-el-conductor-de-un-coche-en-un-choque-con-una-autocaravana-en-la-n-340-en-roda-de-bera\/#primaryimage"},"thumbnailUrl":"https:\/\/files.radiociutat.com\/rctgn\/wp-content\/uploads\/2026\/04\/Autocaravana-Roda-Bara-scaled-e1777303968624.jpg","datePublished":"2026-04-27T15:35:36+00:00","author":{"@id":"https:\/\/radiociutat.com\/es\/#\/schema\/person\/ea8722499f2255e1477bd2975629dc71"},"breadcrumb":{"@id":"https:\/\/radiociutat.com\/es\/ultimas-noticias\/cronicas\/muere-el-conductor-de-un-coche-en-un-choque-con-una-autocaravana-en-la-n-340-en-roda-de-bera\/#breadcrumb"},"inLanguage":"es","potentialAction":[{"@type":"ReadAction","target":["https:\/\/radiociutat.com\/es\/ultimas-noticias\/cronicas\/muere-el-conductor-de-un-coche-en-un-choque-con-una-autocaravana-en-la-n-340-en-roda-de-bera\/"]}]},{"@type":"ImageObject","inLanguage":"es","@id":"https:\/\/radiociutat.com\/es\/ultimas-noticias\/cronicas\/muere-el-conductor-de-un-coche-en-un-choque-con-una-autocaravana-en-la-n-340-en-roda-de-bera\/#primaryimage","url":"https:\/\/files.radiociutat.com\/rctgn\/wp-content\/uploads\/2026\/04\/Autocaravana-Roda-Bara-scaled-e1777303968624.jpg","contentUrl":"https:\/\/files.radiociutat.com\/rctgn\/wp-content\/uploads\/2026\/04\/Autocaravana-Roda-Bara-scaled-e1777303968624.jpg","width":2560,"height":1707,"caption":"Foto: ACN"},{"@type":"BreadcrumbList","@id":"https:\/\/radiociutat.com\/es\/ultimas-noticias\/cronicas\/muere-el-conductor-de-un-coche-en-un-choque-con-una-autocaravana-en-la-n-340-en-roda-de-bera\/#breadcrumb","itemListElement":[{"@type":"ListItem","position":1,"name":"Inici","item":"https:\/\/radiociutat.com\/es\/"},{"@type":"ListItem","position":2,"name":"Muere el conductor de un coche en un choque con una autocaravana en la N-340 en Roda de Ber\u00e0"}]},{"@type":"WebSite","@id":"https:\/\/radiociutat.com\/es\/#website","url":"https:\/\/radiociutat.com\/es\/","name":"R\u00e0dio Ciutat de Tarragona","description":"R\u00e0dio Ciutat de Tarragona - RCTgn.cat R\u00e0dio Online","potentialAction":[{"@type":"SearchAction","target":{"@type":"EntryPoint","urlTemplate":"https:\/\/radiociutat.com\/es\/?s={search_term_string}"},"query-input":{"@type":"PropertyValueSpecification","valueRequired":true,"valueName":"search_term_string"}}],"inLanguage":"es"},{"@type":"Person","@id":"https:\/\/radiociutat.com\/es\/#\/schema\/person\/ea8722499f2255e1477bd2975629dc71","name":"ACN","sameAs":["https:\/\/radiociutat.com\/wp-content\/uploads\/2023\/09\/acn-e1694789176650.png"],"url":"https:\/\/radiociutat.com\/es\/author\/acn\/"}]}},"_links":{"self":[{"href":"https:\/\/radiociutat.com\/es\/wp-json\/wp\/v2\/posts\/378300","targetHints":{"allow":["GET"]}}],"collection":[{"href":"https:\/\/radiociutat.com\/es\/wp-json\/wp\/v2\/posts"}],"about":[{"href":"https:\/\/radiociutat.com\/es\/wp-json\/wp\/v2\/types\/post"}],"author":[{"embeddable":true,"href":"https:\/\/radiociutat.com\/es\/wp-json\/wp\/v2\/users\/57"}],"replies":[{"embeddable":true,"href":"https:\/\/radiociutat.com\/es\/wp-json\/wp\/v2\/comments?post=378300"}],"version-history":[{"count":0,"href":"https:\/\/radiociutat.com\/es\/wp-json\/wp\/v2\/posts\/378300\/revisions"}],"wp:featuredmedia":[{"embeddable":true,"href":"https:\/\/radiociutat.com\/es\/wp-json\/wp\/v2\/media\/378271"}],"wp:attachment":[{"href":"https:\/\/radiociutat.com\/es\/wp-json\/wp\/v2\/media?parent=378300"}],"wp:term":[{"taxonomy":"category","embeddable":true,"href":"https:\/\/radiociutat.com\/es\/wp-json\/wp\/v2\/categories?post=378300"},{"taxonomy":"post_tag","embeddable":true,"href":"https:\/\/radiociutat.com\/es\/wp-json\/wp\/v2\/tags?post=378300"}],"curies":[{"name":"wp","href":"https:\/\/api.w.org\/{rel}","templated":true}]}}