{"id":378260,"date":"2026-04-27T17:11:24","date_gmt":"2026-04-27T15:11:24","guid":{"rendered":"https:\/\/radiociutat.com\/programes-podcast\/tgn-info-muere-un-conductor-en-un-choque-frontal-con-una-autocaravana-en-la-n-340-en-roda-de-bera\/"},"modified":"2026-04-27T17:11:24","modified_gmt":"2026-04-27T15:11:24","slug":"tgn-info-muere-un-conductor-en-un-choque-frontal-con-una-autocaravana-en-la-n-340-en-roda-de-bera","status":"publish","type":"post","link":"https:\/\/radiociutat.com\/es\/carrer-major-el-informativo-territorial-de-carrer-major\/tgn-info-muere-un-conductor-en-un-choque-frontal-con-una-autocaravana-en-la-n-340-en-roda-de-bera\/","title":{"rendered":"TGN Info | Muere un conductor en un choque frontal con una autocaravana en la N-340 en Roda de Ber\u00e0"},"content":{"rendered":"\n<p><strong>El conductor de un coche ha muerto este lunes en un choque frontal con una autocaravana en la N-340, a la altura de Roda de Ber\u00e0 (Tarragon\u00e8s). Los Mossos d\u2019Esquadra han recibido el aviso a las 12:28 horas. El accidente ha sido en el kil\u00f3metro 1.183,9.&nbsp;<\/strong><\/p>\n\n\n\n<p>Por causas que se investigan, el conductor del turismo ha invadido el carril contrario y ha chocado con la autocaravana, cuyo conductor ha resultado ileso. A ra\u00edz del siniestro se han activado cinco patrullas de los Mossos d\u2019Esquadra, cuatro dotaciones de los Bomberos y tres unidades del Sistema de Emergencias M\u00e9dicas (SEM). Desde principio de a\u00f1o, 30 personas han perdido la vida en 29 accidentes de tr\u00e1fico en las carreteras catalanas.<\/p>\n\n\n\n<p><strong>Simulacro de emergencia nuclear en Vandell\u00f2s i l&#8217;Hospitalet de l&#8217;Infant<\/strong><\/p>\n\n\n\n<p>Hoy lunes 27 de abril por la ma\u00f1ana se ha llevado a cabo el simulacro de emergencia nuclear con activaci\u00f3n del sistema de alertas en los tel\u00e9fonos m\u00f3viles (ES-ALERT) en el municipio. Maria Ribas, R\u00e0dio l\u2019Hospitalet de l\u2019Infant.<\/p>\n\n\n\n<p><strong>Renfe ha informado de que unas obras de mejora en la infraestructura entre Sant Vicen\u00e7 de Calders y la Plana-Picamoixons dejar\u00e1n sin servicio de tren la l\u00ednea R13 de Rodalies. Los trabajos durar\u00e1n dos meses y se ejecutar\u00e1n entre el 4 de mayo y el 6 de julio, seg\u00fan ha precisado la compa\u00f1\u00eda.&nbsp;<\/strong><\/p>\n\n\n\n<p>Renfe habilitar\u00e1 un servicio alternativo por carretera y, durante este periodo, los trenes de la R13 circular\u00e1n desviados por Reus haciendo el mismo recorrido que la l\u00ednea R14. Previamente, los d\u00edas 1 y 2 de mayo, Adif realizar\u00e1 otros trabajos de mejora de la infraestructura entre la Plana-Picamoixons y Reus que afectar\u00e1n a los trenes de las l\u00edneas R14 y RT1, y obligar\u00e1n a establecer un servicio alternativo por carretera entre la Plana-Picamoixons y Tarragona.<\/p>\n\n\n\n<p><strong>El Departamento de Salud cifra en un 5,2% el seguimiento durante la ma\u00f1ana de la huelga de m\u00e9dicos en los centros del sistema sanitario p\u00fablico (Siscat) de este lunes, seg\u00fan datos provisionales.&nbsp;<\/strong><\/p>\n\n\n\n<p>Por su parte, el sindicato convocante de la huelga, Metges de Catalunya, indica que el seguimiento del paro laboral es del 31%. Por \u00e1mbito asistencial, el sindicato calcula que es del 33% en la atenci\u00f3n primaria y del 25% en los hospitales. En la demarcaci\u00f3n de Tarragona el seguimiento ha sido de un 25%.<\/p>\n\n\n\n<p>Es la d\u00e9cima jornada de huelga de los m\u00e9dicos catalanes desde el oto\u00f1o y, como ha pasado en los \u00faltimos meses, vuelve a coincidir con un paro m\u00e1s amplio, en el \u00e1mbito estatal, convocado por la Confederaci\u00f3n Espa\u00f1ola de Sindicatos M\u00e9dicos (CESM) y al que Metges de Catalunya da apoyo.<\/p>\n\n\n\n<p><strong>La Universidad Rovira i Virgili ha acogido este a\u00f1o a m\u00e1s de 2.100 alumnos de secundaria en las Jornadas de Puertas Abiertas, celebradas en dos ediciones: una en febrero y otra el pasado viernes. Las doce facultades y escuelas de la universidad han abierto sus puertas para dar a conocer de primera mano la oferta de grados, as\u00ed como las instalaciones, equipamientos y servicios disponibles.<\/strong><\/p>\n\n\n\n<p>Los futuros estudiantes, mayoritariamente acompa\u00f1ados de familiares, han mostrado un especial inter\u00e9s por aspectos pr\u00e1cticos como las pr\u00e1cticas externas, las salidas profesionales y las oportunidades de movilidad internacional. Durante las visitas, han podido recorrer diversos espacios del campus, con especial atenci\u00f3n a los CRAI y a los laboratorios, m\u00e1s all\u00e1 de las aulas habituales.<\/p>\n\n\n\n<p>Las jornadas han contado con la participaci\u00f3n activa de profesorado y estudiantes universitarios, que han compartido sus experiencias y han resuelto las dudas de los asistentes. Adem\u00e1s, tambi\u00e9n se ha despertado inter\u00e9s por las actividades complementarias, como las deportivas y las iniciativas de voluntariado.<\/p>\n\n\n\n<p>Paralelamente a las visitas presenciales, la universidad ha ofrecido durante los \u00faltimos meses sesiones informativas en formato telem\u00e1tico para garantizar el acceso a la informaci\u00f3n a todas las personas interesadas.<\/p>\n\n\n\n<p><strong>El viticultor Jaume Balaguer de la bodega familiar Balaguer i Cabr\u00e9, de Gratallops (Priorat) ha sido proclamado este lunes nuevo presidente del Consejo Regulador de la Denominaci\u00f3n de Origen Calificada Priorat. Balaguer, de 54 a\u00f1os, es ingeniero inform\u00e1tico y ha estado vinculado profesionalmente a la Facultad de Inform\u00e1tica de la UPC y a la distribuci\u00f3n de copas de vino.&nbsp;<\/strong><\/p>\n\n\n\n<p>En 2010 retorn\u00f3 al Priorat desde donde ejerce de viticultor en la bodega familiar. Balaguer ocupa el cargo tras la muerte del anterior presidente del ente, Salus \u00c0lvarez. El nuevo responsable de la DOQ Priorat ha destacado \u00abla l\u00ednea continuista en el desarrollo de los proyectos estrat\u00e9gicos del Consejo Regulador de la DOQ Priorat\u00bb.<\/p>\n\n\n\n<p><strong>Los Mossos d\u2019Esquadra interceptaron el viernes pasado a un conductor de autob\u00fas que iba sin cintur\u00f3n de seguridad, con una tasa de alcoholemia de 0,81 mg\/l y seis pasajeros a bordo.&nbsp;<\/strong><\/p>\n\n\n\n<p>Los hechos ocurrieron el 24 de abril a las ocho menos cuarto de la tarde en el marco de un control policial habilitado en la Pineda (Tarragona). Por todos estos hechos, el conductor del transporte colectivo qued\u00f3 detenido por los agentes.<\/p>\n\n\n\n<p><strong>Este lunes han comenzado las obras del camino de ronda de la Savinosa. La previsi\u00f3n es que est\u00e9n terminadas a finales de a\u00f1o. Diputaci\u00f3n, Subdelegaci\u00f3n del Gobierno en Tarragona y Ayuntamiento decidieron ajustar el trazado del proyecto a las demandas de las entidades ecologistas para preservar el espacio.<\/strong><\/p>\n\n\n\n<p>El proyecto encara ahora su recta final tras la pol\u00e9mica que lo hab\u00eda rodeado en los \u00faltimos meses. Se ha acordado modificar el trazado del camino de ronda en su tramo inicial que toca a la Vall de l\u2019Arrabassada para seguir la pista existente y la parte central del Roquissar, tambi\u00e9n se ha respetado, seg\u00fan explican las asociaciones ecologistas. La subdelegada del Gobierno en Tarragona, Elisabet Romero, ha destacado que el proyecto modificado es mejor que el inicial.<\/p>\n\n\n\n<p>La ejecuci\u00f3n de la obra la llevar\u00e1 a cabo la empresa Seranco, con una inversi\u00f3n cercana al mill\u00f3n de euros.<\/p>\n\n\n\n<p><strong>El Partido Popular quiere impulsar una pol\u00edtica de Estado para poner fin a la inmigraci\u00f3n irregular, con el objetivo, aseguran, de \u201ccombinar la humanidad y la justicia\u201d. El grupo municipal del PP en Tarragona ha anunciado que defender\u00e1 una moci\u00f3n en el pr\u00f3ximo pleno del 15 de mayo para rechazar el actual proceso de regularizaci\u00f3n de inmigrantes impulsado por el gobierno del Estado.<\/strong><\/p>\n\n\n\n<p>La portavoz de los populares en Tarragona, Maria Merc\u00e8 Martorell, ha remarcado que su partido est\u00e1 a favor de la inmigraci\u00f3n, pero siempre que sea \u201clegal, ordenada y humana\u201d. Seg\u00fan ha explicado, el PP apuesta por establecer reglas claras y verificables, reforzar el control de fronteras y garantizar un retorno ordenado de las personas que no cumplan los requisitos.<\/p>\n\n\n\n<p>La portavoz popular tambi\u00e9n ha criticado duramente la pol\u00edtica del gobierno espa\u00f1ol, asegurando que la regularizaci\u00f3n masiva act\u00faa como una \u201ccortina de humo\u201d ante otros problemas, y ha acusado a otras formaciones de mantener discursos extremos. En este sentido, ha defendido que el PP apuesta por la integraci\u00f3n basada en criterios objetivos.<\/p>\n\n\n\n<p>Desde el grupo municipal tambi\u00e9n alertan de que esta medida est\u00e1 trasladando la presi\u00f3n asistencial a los ayuntamientos y a las entidades sociales, aunque \u201cse trata de una competencia estatal\u201d. Adem\u00e1s, consideran que el decreto actual no cumple con los principios europeos en materia migratoria ni con el Pacto Europeo de Migraci\u00f3n y Asilo.<\/p>\n\n\n\n<p><strong>El Ayuntamiento de Tarragona ha presentado la programaci\u00f3n del Estiu Jove 2026, una edici\u00f3n marcada por la conmemoraci\u00f3n de los 40 a\u00f1os de pol\u00edticas de juventud en la ciudad. La iniciativa combina la actividad veraniega con una clara voluntad institucional de poner en valor la evoluci\u00f3n de un modelo nacido en los a\u00f1os ochenta para dar respuesta a las demandas del movimiento juvenil.<\/strong><\/p>\n\n\n\n<p>Este a\u00f1o, el programa llega a las 115 actividades y 3.200 plazas, una cifra r\u00e9cord que confirma el crecimiento sostenido del servicio municipal. Desde el consistorio se ha remarcado especialmente el car\u00e1cter accesible y mayoritariamente gratuito de las propuestas, con el objetivo de garantizar la participaci\u00f3n de todos los j\u00f3venes, independientemente de su situaci\u00f3n econ\u00f3mica o barrio de residencia. En paralelo, tambi\u00e9n se pone en valor el papel de equipamientos como el Espai Jove Kesse, que este a\u00f1o celebra su 15\u00ba aniversario. El concejal Guillermo Garcia de Castro pone de relieve el crecimiento de las pol\u00edticas de juventud en la ciudad.<\/p>\n\n\n\n<p>Entre las principales novedades, sobresalen las actividades vinculadas al D\u00eda Mundial de la Juventud, que se desplegar\u00e1n en diversos barrios, as\u00ed como la consolidaci\u00f3n de la Korean Vibes Week, centrada en el K-pop y la cultura coreana. Tambi\u00e9n tendr\u00e1n un papel destacado las propuestas de observaci\u00f3n astron\u00f3mica coincidiendo con el eclipse solar del 12 de agosto.<\/p>\n\n\n\n<p>El programa incorpora, adem\u00e1s, iniciativas singulares como una carrera de hidropedales vinculada al paso del Tour de Francia. Las inscripciones se abrir\u00e1n el 30 de abril.<\/p>\n\n\n\n<p><strong>La Agencia Reus Promoci\u00f3 ampl\u00eda la programaci\u00f3n de actividades y los horarios de los principales equipamientos tur\u00edsticos y culturales con motivo del puente del 1 de mayo, con el objetivo de ofrecer a visitantes y ciudadan\u00eda una propuesta completa para disfrutar de la ciudad durante estos d\u00edas. La Oficina de Turismo del Gaud\u00ed Centre mantiene el horario habitual, de lunes a s\u00e1bado de 9:30 a 19 h y domingos y festivos de 10 a 14 h.&nbsp;<\/strong><\/p>\n\n\n\n<p>El Gaud\u00ed Centre se podr\u00e1 visitar de lunes a s\u00e1bado de 10 a 14 h y de 16 a 19 h, y domingos y festivos de 10 a 14 h. Otros espacios como el Pabell\u00f3n de los Distinguidos del Instituto Pere Mata, el Campanario de la Iglesia de Sant Pere y la Estaci\u00f3n Enol\u00f3gica \u2013 Casa del Vermut y del Vino ofrecer\u00e1n visitas los d\u00edas 1 y 2 de mayo de 11 a 14 h y de 16 a 18 h (o de 10 a 14 h en el caso de la Estaci\u00f3n Enol\u00f3gica), y el domingo 3 de mayo de 10 u 11 a 14 h seg\u00fan el equipamiento.<\/p>\n\n\n\n<p>En cuanto a las actividades, el s\u00e1bado 2 de mayo a las 11:30 h tendr\u00e1 lugar la Ruta del Modernismo \u201cLa huella de Llu\u00eds Dom\u00e8nech i Montaner\u201d, y a las 17:30 h la Ruta de los Comercios Hist\u00f3ricos. El domingo 3 de mayo a las 12 h, el Gaud\u00ed Centre acoger\u00e1 la actividad \u201cDescubrimos a Gaud\u00ed. Del genio a la persona\u201d. Adem\u00e1s, los visitantes podr\u00e1n disfrutar de un juego digital para familias que permite descubrir Reus de una manera interactiva. La programaci\u00f3n completa y la compra de entradas se pueden consultar en l\u00ednea en reusturisme.cat.<\/p>\n\n\n\n<p><strong>A partir de este lunes 27 de abril, las personas residentes en Reus pueden solicitar el informe de vulnerabilidad necesario para el proceso de Regularizaci\u00f3n Extraordinaria para Personas Migrantes 2026 en las oficinas del \u00c1rea de Servicios a las Personas y Derechos Sociales del Ayuntamiento de Reus, tanto de manera presencial en el antiguo hospital de la calle Sant Joan como por v\u00eda telem\u00e1tica.&nbsp;<\/strong><\/p>\n\n\n\n<p>Este informe es un documento clave dentro del procedimiento, ya que acredita la situaci\u00f3n personal y social de las personas solicitantes, y solo es necesario en caso de no poder demostrar otras circunstancias como haber trabajado, disponer de una oferta laboral o convivir con la unidad familiar.&nbsp;<\/p>\n\n\n\n<p>La regularizaci\u00f3n extraordinaria permite obtener un permiso de residencia y trabajo de un a\u00f1o, iniciar la actividad laboral desde la comunicaci\u00f3n de inicio del procedimiento y regularizar la situaci\u00f3n de las unidades familiares. Se pueden acoger personas que hayan solicitado protecci\u00f3n internacional antes del 1 de enero de 2026 o que vivan en Espa\u00f1a en situaci\u00f3n irregular desde antes de esa fecha y puedan acreditar arraigo laboral, familiar o una situaci\u00f3n de vulnerabilidad. Entre los requisitos, hay que disponer de documentaci\u00f3n de identidad, acreditar la residencia reciente en el pa\u00eds, no tener antecedentes penales ni prohibiciones de entrada, y abonar la tasa correspondiente.<\/p>\n\n\n\n<p><strong>Tres esculturas de elementos identificativos de la obra &#8216;El Principito&#8217; complementan desde este s\u00e1bado la ruta cultural de l&#8217;Hospitalet de l&#8217;Infant, dedicada al universo de este cl\u00e1sico de la literatura universal. Se trata de un zorro, una rosa y una boa que digiere un elefante, que se han colocado a lo largo del paseo mar\u00edtimo de la localidad.&nbsp;<\/strong><\/p>\n\n\n\n<p>Cada elemento cuenta con una placa con c\u00f3digos QR, que reproducen fragmentos del libro en cuatro idiomas y que han grabado alumnos de primaria de la escuela Mestral. El itinerario cultural se inspira en el aterrizaje de emergencia de Antoine de Saint-Exup\u00e9ry en l&#8217;Hospitalet de l&#8217;Infant en el a\u00f1o 1932. El ayuntamiento prev\u00e9 hacerlo crecer para invitar a la ciudadan\u00eda a adentrarse en este referente literario. Gemma Gonz\u00e1lez, coordinadora en el departamento de Turismo de l&#8217;Hospitalet de l&#8217;Infant, habla del v\u00ednculo entre el autor de la obra &#8216;El Principito&#8217; y l&#8217;Hospitalet.<\/p>\n\n\n\n<p>A partir de aqu\u00ed, la voluntad municipal es continuar ampliando la iniciativa cultural a\u00f1o tras a\u00f1o con nuevas propuestas art\u00edsticas que homenajeen una de las obras universales m\u00e1s destacadas.&nbsp;<\/p>\n\n\n\n<p><strong>El N\u00e0stic de Tarragona sufri\u00f3 una derrota dolorosa en el campo del FC Cartagena (0-1) en un partido que puede marcar un antes y un despu\u00e9s en la lucha por la permanencia. Los grana empezaron con \u00edmpetu y determinaci\u00f3n, generando ocasiones claras a trav\u00e9s de Marcos Baselga y Pau Mart\u00ednez, pero la falta de acierto volvi\u00f3 a penalizar a un equipo necesitado de puntos.<\/strong><\/p>\n\n\n\n<p>Con el paso de los minutos, el duelo se equilibr\u00f3 y lleg\u00f3 al descanso sin goles, pese a alguna intervenci\u00f3n meritoria de Dani Rebollo para mantener el empate. Pero en la reanudaci\u00f3n, el guion cambi\u00f3 completamente. El Cartagena asumi\u00f3 el control, mientras el N\u00e0stic se replegaba sin capacidad de respuesta ofensiva.<\/p>\n\n\n\n<p>El portero grana se convirti\u00f3 en el gran protagonista, sosteniendo al equipo con diversas paradas de m\u00e9rito. Todo parec\u00eda encaminado hacia un empate valioso, pero en el minuto 90 lleg\u00f3 el golpe definitivo. Un gol local, revisado sin \u00e9xito por una posible mano, acab\u00f3 condenando a los tarraconenses.<\/p>\n\n\n\n<p>Esta derrota deja al N\u00e0stic en posiciones de descenso y evidencia la urgencia de reaccionar si quiere evitar un desenlace dram\u00e1tico.<\/p>\n\n\n\n<p><strong>El Reus FC Reddis no falla y mantiene intacto el sue\u00f1o del play-off. El equipo rojinegro ha superado por 1 gol a 0 a la UE Olot, en un partido de ritmo alto marcado por la solvencia reusense.<\/strong>&nbsp;<\/p>\n\n\n\n<p>Sandro Toscano ha tenido la primera tras una recuperaci\u00f3n en el \u00e1rea rival, pero el remate ha topado con el palo. Los reusenses se han adelantado en el minuto 22, cuando Ricardo Vaz ha convertido en gol el penalti se\u00f1alado por una entrada clara a Xavi Jaime. A pesar de la delicada lesi\u00f3n de Alberto Benito, el equipo reusense ha gozado de los mejores minutos durante la primera media hora de juego, con grandes detalles de calidad individual que han espoleado al p\u00fablico.<\/p>\n\n\n\n<p>Ante la urgencia, el Olot ha empezado a dominar la posesi\u00f3n del bal\u00f3n, aunque sin inquietar a Dani Parra. Ya en la segunda parte, Pol Fern\u00e1ndez Serra ha dispuesto de dos ocasiones para poner el segundo: el primer remate ha sido anulado por fuera de juego previo, mientras que en la segunda ha fallado de manera incomprensible a porter\u00eda vac\u00eda.&nbsp;<\/p>\n\n\n\n<p>Resultado que mantiene a los reusenses en posici\u00f3n de play-off antes de la \u00faltima jornada. Los reusenses continuar\u00e1n dependiendo de s\u00ed mismos para mantener la plaza, aunque la remontada del Bar\u00e7a Atl\u00e8tic en el \u00faltimo minuto los obliga a, como m\u00ednimo, igualar su resultado en la \u00faltima jornada. El conjunto rojinegro visitar\u00e1 el domingo a las 12 del mediod\u00eda a un Terrassa que ya no se jugar\u00e1 nada, mientras que los azulgranas visitar\u00e1n al Torrent.<\/p>\n","protected":false},"excerpt":{"rendered":"<p>El conductor de un coche ha muerto este lunes en un choque frontal con una autocaravana en la N-340, a la altura de Roda de Ber\u00e0 (Tarragon\u00e8s). Los Mossos d\u2019Esquadra han recibido el aviso a las 12:28 horas. El accidente ha sido en el kil\u00f3metro 1.183,9.&nbsp; Por causas que se investigan, el conductor del turismo [&hellip;]<\/p>\n","protected":false},"author":84,"featured_media":345934,"comment_status":"closed","ping_status":"closed","sticky":false,"template":"","format":"standard","meta":{"footnotes":""},"categories":[13754],"tags":[19,13755],"class_list":["post-378260","post","type-post","status-publish","format-standard","has-post-thumbnail","hentry","category-carrer-major-el-informativo-territorial-de-carrer-major","tag-tarragona","tag-tgn-info-2"],"yoast_head":"<!-- This site is optimized with the Yoast SEO Premium plugin v27.4 (Yoast SEO v27.4) - https:\/\/yoast.com\/product\/yoast-seo-premium-wordpress\/ -->\n<title>TGN Info | Muere un conductor en un choque frontal con una autocaravana en la N-340 en Roda de Ber\u00e0 - R\u00e0dio Ciutat de Tarragona<\/title>\n<meta name=\"robots\" content=\"index, follow, max-snippet:-1, max-image-preview:large, max-video-preview:-1\" \/>\n<link rel=\"canonical\" href=\"https:\/\/radiociutat.com\/es\/carrer-major-el-informativo-territorial-de-carrer-major\/tgn-info-muere-un-conductor-en-un-choque-frontal-con-una-autocaravana-en-la-n-340-en-roda-de-bera\/\" \/>\n<meta property=\"og:locale\" content=\"es_ES\" \/>\n<meta property=\"og:type\" content=\"article\" \/>\n<meta property=\"og:title\" content=\"TGN Info | Muere un conductor en un choque frontal con una autocaravana en la N-340 en Roda de Ber\u00e0\" \/>\n<meta property=\"og:description\" content=\"El conductor de un coche ha muerto este lunes en un choque frontal con una autocaravana en la N-340, a la altura de Roda de Ber\u00e0 (Tarragon\u00e8s). Los Mossos d\u2019Esquadra han recibido el aviso a las 12:28 horas. El accidente ha sido en el kil\u00f3metro 1.183,9.&nbsp; Por causas que se investigan, el conductor del turismo [&hellip;]\" \/>\n<meta property=\"og:url\" content=\"https:\/\/radiociutat.com\/es\/carrer-major-el-informativo-territorial-de-carrer-major\/tgn-info-muere-un-conductor-en-un-choque-frontal-con-una-autocaravana-en-la-n-340-en-roda-de-bera\/\" \/>\n<meta property=\"og:site_name\" content=\"R\u00e0dio Ciutat de Tarragona\" \/>\n<meta property=\"article:publisher\" content=\"https:\/\/www.facebook.com\/rctgn\" \/>\n<meta property=\"article:published_time\" content=\"2026-04-27T15:11:24+00:00\" \/>\n<meta property=\"og:image\" content=\"https:\/\/files.radiociutat.com\/rctgn\/wp-content\/uploads\/2021\/03\/LOGO-RCTGN-RADIO-CIUTAT-DE-TARRAGONA-TRANSPARENTE-TARRAGONA-2020-3000X3000-Redes1-copia.png\" \/>\n\t<meta property=\"og:image:width\" content=\"3000\" \/>\n\t<meta property=\"og:image:height\" content=\"3000\" \/>\n\t<meta property=\"og:image:type\" content=\"image\/png\" \/>\n<meta name=\"author\" content=\"Adri\u00e0 Duch\" \/>\n<meta name=\"twitter:card\" content=\"summary_large_image\" \/>\n<meta name=\"twitter:creator\" content=\"@RCTgn\" \/>\n<meta name=\"twitter:site\" content=\"@RCTgn\" \/>\n<meta name=\"twitter:label1\" content=\"Escrito por\" \/>\n\t<meta name=\"twitter:data1\" content=\"Adri\u00e0 Duch\" \/>\n\t<meta name=\"twitter:label2\" content=\"Tiempo de lectura\" \/>\n\t<meta name=\"twitter:data2\" content=\"13 minutos\" \/>\n<script type=\"application\/ld+json\" class=\"yoast-schema-graph\">{\"@context\":\"https:\\\/\\\/schema.org\",\"@graph\":[{\"@type\":\"Article\",\"@id\":\"https:\\\/\\\/radiociutat.com\\\/es\\\/carrer-major-el-informativo-territorial-de-carrer-major\\\/tgn-info-muere-un-conductor-en-un-choque-frontal-con-una-autocaravana-en-la-n-340-en-roda-de-bera\\\/#article\",\"isPartOf\":{\"@id\":\"https:\\\/\\\/radiociutat.com\\\/es\\\/carrer-major-el-informativo-territorial-de-carrer-major\\\/tgn-info-muere-un-conductor-en-un-choque-frontal-con-una-autocaravana-en-la-n-340-en-roda-de-bera\\\/\"},\"author\":{\"name\":\"Adri\u00e0 Duch\",\"@id\":\"https:\\\/\\\/radiociutat.com\\\/es\\\/#\\\/schema\\\/person\\\/daeecbc4942e3432e8d8b8663bf7d714\"},\"headline\":\"TGN Info | Muere un conductor en un choque frontal con una autocaravana en la N-340 en Roda de Ber\u00e0\",\"datePublished\":\"2026-04-27T15:11:24+00:00\",\"mainEntityOfPage\":{\"@id\":\"https:\\\/\\\/radiociutat.com\\\/es\\\/carrer-major-el-informativo-territorial-de-carrer-major\\\/tgn-info-muere-un-conductor-en-un-choque-frontal-con-una-autocaravana-en-la-n-340-en-roda-de-bera\\\/\"},\"wordCount\":2716,\"image\":{\"@id\":\"https:\\\/\\\/radiociutat.com\\\/es\\\/carrer-major-el-informativo-territorial-de-carrer-major\\\/tgn-info-muere-un-conductor-en-un-choque-frontal-con-una-autocaravana-en-la-n-340-en-roda-de-bera\\\/#primaryimage\"},\"thumbnailUrl\":\"https:\\\/\\\/files.radiociutat.com\\\/rctgn\\\/wp-content\\\/uploads\\\/2024\\\/09\\\/Accident-carretera-e1725211721788.jpg\",\"keywords\":[\"Tarragona\",\"TGN INFO\"],\"articleSection\":[\"Carrer Major | El Informativo Territorial de Carrer Major\"],\"inLanguage\":\"es\"},{\"@type\":\"WebPage\",\"@id\":\"https:\\\/\\\/radiociutat.com\\\/es\\\/carrer-major-el-informativo-territorial-de-carrer-major\\\/tgn-info-muere-un-conductor-en-un-choque-frontal-con-una-autocaravana-en-la-n-340-en-roda-de-bera\\\/\",\"url\":\"https:\\\/\\\/radiociutat.com\\\/es\\\/carrer-major-el-informativo-territorial-de-carrer-major\\\/tgn-info-muere-un-conductor-en-un-choque-frontal-con-una-autocaravana-en-la-n-340-en-roda-de-bera\\\/\",\"name\":\"TGN Info | Muere un conductor en un choque frontal con una autocaravana en la N-340 en Roda de Ber\u00e0 - R\u00e0dio Ciutat de Tarragona\",\"isPartOf\":{\"@id\":\"https:\\\/\\\/radiociutat.com\\\/es\\\/#website\"},\"primaryImageOfPage\":{\"@id\":\"https:\\\/\\\/radiociutat.com\\\/es\\\/carrer-major-el-informativo-territorial-de-carrer-major\\\/tgn-info-muere-un-conductor-en-un-choque-frontal-con-una-autocaravana-en-la-n-340-en-roda-de-bera\\\/#primaryimage\"},\"image\":{\"@id\":\"https:\\\/\\\/radiociutat.com\\\/es\\\/carrer-major-el-informativo-territorial-de-carrer-major\\\/tgn-info-muere-un-conductor-en-un-choque-frontal-con-una-autocaravana-en-la-n-340-en-roda-de-bera\\\/#primaryimage\"},\"thumbnailUrl\":\"https:\\\/\\\/files.radiociutat.com\\\/rctgn\\\/wp-content\\\/uploads\\\/2024\\\/09\\\/Accident-carretera-e1725211721788.jpg\",\"datePublished\":\"2026-04-27T15:11:24+00:00\",\"author\":{\"@id\":\"https:\\\/\\\/radiociutat.com\\\/es\\\/#\\\/schema\\\/person\\\/daeecbc4942e3432e8d8b8663bf7d714\"},\"breadcrumb\":{\"@id\":\"https:\\\/\\\/radiociutat.com\\\/es\\\/carrer-major-el-informativo-territorial-de-carrer-major\\\/tgn-info-muere-un-conductor-en-un-choque-frontal-con-una-autocaravana-en-la-n-340-en-roda-de-bera\\\/#breadcrumb\"},\"inLanguage\":\"es\",\"potentialAction\":[{\"@type\":\"ReadAction\",\"target\":[\"https:\\\/\\\/radiociutat.com\\\/es\\\/carrer-major-el-informativo-territorial-de-carrer-major\\\/tgn-info-muere-un-conductor-en-un-choque-frontal-con-una-autocaravana-en-la-n-340-en-roda-de-bera\\\/\"]}]},{\"@type\":\"ImageObject\",\"inLanguage\":\"es\",\"@id\":\"https:\\\/\\\/radiociutat.com\\\/es\\\/carrer-major-el-informativo-territorial-de-carrer-major\\\/tgn-info-muere-un-conductor-en-un-choque-frontal-con-una-autocaravana-en-la-n-340-en-roda-de-bera\\\/#primaryimage\",\"url\":\"https:\\\/\\\/files.radiociutat.com\\\/rctgn\\\/wp-content\\\/uploads\\\/2024\\\/09\\\/Accident-carretera-e1725211721788.jpg\",\"contentUrl\":\"https:\\\/\\\/files.radiociutat.com\\\/rctgn\\\/wp-content\\\/uploads\\\/2024\\\/09\\\/Accident-carretera-e1725211721788.jpg\",\"width\":620,\"height\":413},{\"@type\":\"BreadcrumbList\",\"@id\":\"https:\\\/\\\/radiociutat.com\\\/es\\\/carrer-major-el-informativo-territorial-de-carrer-major\\\/tgn-info-muere-un-conductor-en-un-choque-frontal-con-una-autocaravana-en-la-n-340-en-roda-de-bera\\\/#breadcrumb\",\"itemListElement\":[{\"@type\":\"ListItem\",\"position\":1,\"name\":\"Inici\",\"item\":\"https:\\\/\\\/radiociutat.com\\\/es\\\/\"},{\"@type\":\"ListItem\",\"position\":2,\"name\":\"TGN Info | Muere un conductor en un choque frontal con una autocaravana en la N-340 en Roda de Ber\u00e0\"}]},{\"@type\":\"WebSite\",\"@id\":\"https:\\\/\\\/radiociutat.com\\\/es\\\/#website\",\"url\":\"https:\\\/\\\/radiociutat.com\\\/es\\\/\",\"name\":\"R\u00e0dio Ciutat de Tarragona\",\"description\":\"R\u00e0dio Ciutat de Tarragona - RCTgn.cat R\u00e0dio Online\",\"potentialAction\":[{\"@type\":\"SearchAction\",\"target\":{\"@type\":\"EntryPoint\",\"urlTemplate\":\"https:\\\/\\\/radiociutat.com\\\/es\\\/?s={search_term_string}\"},\"query-input\":{\"@type\":\"PropertyValueSpecification\",\"valueRequired\":true,\"valueName\":\"search_term_string\"}}],\"inLanguage\":\"es\"},{\"@type\":\"Person\",\"@id\":\"https:\\\/\\\/radiociutat.com\\\/es\\\/#\\\/schema\\\/person\\\/daeecbc4942e3432e8d8b8663bf7d714\",\"name\":\"Adri\u00e0 Duch\",\"sameAs\":[\"https:\\\/\\\/radiociutat.com\\\/wp-content\\\/uploads\\\/2024\\\/02\\\/ADRIA-DUCH.png\"],\"url\":\"https:\\\/\\\/radiociutat.com\\\/es\\\/author\\\/adria-duch\\\/\"}]}<\/script>\n<!-- \/ Yoast SEO Premium plugin. -->","yoast_head_json":{"title":"TGN Info | Muere un conductor en un choque frontal con una autocaravana en la N-340 en Roda de Ber\u00e0 - R\u00e0dio Ciutat de Tarragona","robots":{"index":"index","follow":"follow","max-snippet":"max-snippet:-1","max-image-preview":"max-image-preview:large","max-video-preview":"max-video-preview:-1"},"canonical":"https:\/\/radiociutat.com\/es\/carrer-major-el-informativo-territorial-de-carrer-major\/tgn-info-muere-un-conductor-en-un-choque-frontal-con-una-autocaravana-en-la-n-340-en-roda-de-bera\/","og_locale":"es_ES","og_type":"article","og_title":"TGN Info | Muere un conductor en un choque frontal con una autocaravana en la N-340 en Roda de Ber\u00e0","og_description":"El conductor de un coche ha muerto este lunes en un choque frontal con una autocaravana en la N-340, a la altura de Roda de Ber\u00e0 (Tarragon\u00e8s). Los Mossos d\u2019Esquadra han recibido el aviso a las 12:28 horas. El accidente ha sido en el kil\u00f3metro 1.183,9.&nbsp; Por causas que se investigan, el conductor del turismo [&hellip;]","og_url":"https:\/\/radiociutat.com\/es\/carrer-major-el-informativo-territorial-de-carrer-major\/tgn-info-muere-un-conductor-en-un-choque-frontal-con-una-autocaravana-en-la-n-340-en-roda-de-bera\/","og_site_name":"R\u00e0dio Ciutat de Tarragona","article_publisher":"https:\/\/www.facebook.com\/rctgn","article_published_time":"2026-04-27T15:11:24+00:00","og_image":[{"width":3000,"height":3000,"url":"https:\/\/files.radiociutat.com\/rctgn\/wp-content\/uploads\/2021\/03\/LOGO-RCTGN-RADIO-CIUTAT-DE-TARRAGONA-TRANSPARENTE-TARRAGONA-2020-3000X3000-Redes1-copia.png","type":"image\/png"}],"author":"Adri\u00e0 Duch","twitter_card":"summary_large_image","twitter_creator":"@RCTgn","twitter_site":"@RCTgn","twitter_misc":{"Escrito por":"Adri\u00e0 Duch","Tiempo de lectura":"13 minutos"},"schema":{"@context":"https:\/\/schema.org","@graph":[{"@type":"Article","@id":"https:\/\/radiociutat.com\/es\/carrer-major-el-informativo-territorial-de-carrer-major\/tgn-info-muere-un-conductor-en-un-choque-frontal-con-una-autocaravana-en-la-n-340-en-roda-de-bera\/#article","isPartOf":{"@id":"https:\/\/radiociutat.com\/es\/carrer-major-el-informativo-territorial-de-carrer-major\/tgn-info-muere-un-conductor-en-un-choque-frontal-con-una-autocaravana-en-la-n-340-en-roda-de-bera\/"},"author":{"name":"Adri\u00e0 Duch","@id":"https:\/\/radiociutat.com\/es\/#\/schema\/person\/daeecbc4942e3432e8d8b8663bf7d714"},"headline":"TGN Info | Muere un conductor en un choque frontal con una autocaravana en la N-340 en Roda de Ber\u00e0","datePublished":"2026-04-27T15:11:24+00:00","mainEntityOfPage":{"@id":"https:\/\/radiociutat.com\/es\/carrer-major-el-informativo-territorial-de-carrer-major\/tgn-info-muere-un-conductor-en-un-choque-frontal-con-una-autocaravana-en-la-n-340-en-roda-de-bera\/"},"wordCount":2716,"image":{"@id":"https:\/\/radiociutat.com\/es\/carrer-major-el-informativo-territorial-de-carrer-major\/tgn-info-muere-un-conductor-en-un-choque-frontal-con-una-autocaravana-en-la-n-340-en-roda-de-bera\/#primaryimage"},"thumbnailUrl":"https:\/\/files.radiociutat.com\/rctgn\/wp-content\/uploads\/2024\/09\/Accident-carretera-e1725211721788.jpg","keywords":["Tarragona","TGN INFO"],"articleSection":["Carrer Major | El Informativo Territorial de Carrer Major"],"inLanguage":"es"},{"@type":"WebPage","@id":"https:\/\/radiociutat.com\/es\/carrer-major-el-informativo-territorial-de-carrer-major\/tgn-info-muere-un-conductor-en-un-choque-frontal-con-una-autocaravana-en-la-n-340-en-roda-de-bera\/","url":"https:\/\/radiociutat.com\/es\/carrer-major-el-informativo-territorial-de-carrer-major\/tgn-info-muere-un-conductor-en-un-choque-frontal-con-una-autocaravana-en-la-n-340-en-roda-de-bera\/","name":"TGN Info | Muere un conductor en un choque frontal con una autocaravana en la N-340 en Roda de Ber\u00e0 - R\u00e0dio Ciutat de Tarragona","isPartOf":{"@id":"https:\/\/radiociutat.com\/es\/#website"},"primaryImageOfPage":{"@id":"https:\/\/radiociutat.com\/es\/carrer-major-el-informativo-territorial-de-carrer-major\/tgn-info-muere-un-conductor-en-un-choque-frontal-con-una-autocaravana-en-la-n-340-en-roda-de-bera\/#primaryimage"},"image":{"@id":"https:\/\/radiociutat.com\/es\/carrer-major-el-informativo-territorial-de-carrer-major\/tgn-info-muere-un-conductor-en-un-choque-frontal-con-una-autocaravana-en-la-n-340-en-roda-de-bera\/#primaryimage"},"thumbnailUrl":"https:\/\/files.radiociutat.com\/rctgn\/wp-content\/uploads\/2024\/09\/Accident-carretera-e1725211721788.jpg","datePublished":"2026-04-27T15:11:24+00:00","author":{"@id":"https:\/\/radiociutat.com\/es\/#\/schema\/person\/daeecbc4942e3432e8d8b8663bf7d714"},"breadcrumb":{"@id":"https:\/\/radiociutat.com\/es\/carrer-major-el-informativo-territorial-de-carrer-major\/tgn-info-muere-un-conductor-en-un-choque-frontal-con-una-autocaravana-en-la-n-340-en-roda-de-bera\/#breadcrumb"},"inLanguage":"es","potentialAction":[{"@type":"ReadAction","target":["https:\/\/radiociutat.com\/es\/carrer-major-el-informativo-territorial-de-carrer-major\/tgn-info-muere-un-conductor-en-un-choque-frontal-con-una-autocaravana-en-la-n-340-en-roda-de-bera\/"]}]},{"@type":"ImageObject","inLanguage":"es","@id":"https:\/\/radiociutat.com\/es\/carrer-major-el-informativo-territorial-de-carrer-major\/tgn-info-muere-un-conductor-en-un-choque-frontal-con-una-autocaravana-en-la-n-340-en-roda-de-bera\/#primaryimage","url":"https:\/\/files.radiociutat.com\/rctgn\/wp-content\/uploads\/2024\/09\/Accident-carretera-e1725211721788.jpg","contentUrl":"https:\/\/files.radiociutat.com\/rctgn\/wp-content\/uploads\/2024\/09\/Accident-carretera-e1725211721788.jpg","width":620,"height":413},{"@type":"BreadcrumbList","@id":"https:\/\/radiociutat.com\/es\/carrer-major-el-informativo-territorial-de-carrer-major\/tgn-info-muere-un-conductor-en-un-choque-frontal-con-una-autocaravana-en-la-n-340-en-roda-de-bera\/#breadcrumb","itemListElement":[{"@type":"ListItem","position":1,"name":"Inici","item":"https:\/\/radiociutat.com\/es\/"},{"@type":"ListItem","position":2,"name":"TGN Info | Muere un conductor en un choque frontal con una autocaravana en la N-340 en Roda de Ber\u00e0"}]},{"@type":"WebSite","@id":"https:\/\/radiociutat.com\/es\/#website","url":"https:\/\/radiociutat.com\/es\/","name":"R\u00e0dio Ciutat de Tarragona","description":"R\u00e0dio Ciutat de Tarragona - RCTgn.cat R\u00e0dio Online","potentialAction":[{"@type":"SearchAction","target":{"@type":"EntryPoint","urlTemplate":"https:\/\/radiociutat.com\/es\/?s={search_term_string}"},"query-input":{"@type":"PropertyValueSpecification","valueRequired":true,"valueName":"search_term_string"}}],"inLanguage":"es"},{"@type":"Person","@id":"https:\/\/radiociutat.com\/es\/#\/schema\/person\/daeecbc4942e3432e8d8b8663bf7d714","name":"Adri\u00e0 Duch","sameAs":["https:\/\/radiociutat.com\/wp-content\/uploads\/2024\/02\/ADRIA-DUCH.png"],"url":"https:\/\/radiociutat.com\/es\/author\/adria-duch\/"}]}},"_links":{"self":[{"href":"https:\/\/radiociutat.com\/es\/wp-json\/wp\/v2\/posts\/378260","targetHints":{"allow":["GET"]}}],"collection":[{"href":"https:\/\/radiociutat.com\/es\/wp-json\/wp\/v2\/posts"}],"about":[{"href":"https:\/\/radiociutat.com\/es\/wp-json\/wp\/v2\/types\/post"}],"author":[{"embeddable":true,"href":"https:\/\/radiociutat.com\/es\/wp-json\/wp\/v2\/users\/84"}],"replies":[{"embeddable":true,"href":"https:\/\/radiociutat.com\/es\/wp-json\/wp\/v2\/comments?post=378260"}],"version-history":[{"count":0,"href":"https:\/\/radiociutat.com\/es\/wp-json\/wp\/v2\/posts\/378260\/revisions"}],"wp:featuredmedia":[{"embeddable":true,"href":"https:\/\/radiociutat.com\/es\/wp-json\/wp\/v2\/media\/345934"}],"wp:attachment":[{"href":"https:\/\/radiociutat.com\/es\/wp-json\/wp\/v2\/media?parent=378260"}],"wp:term":[{"taxonomy":"category","embeddable":true,"href":"https:\/\/radiociutat.com\/es\/wp-json\/wp\/v2\/categories?post=378260"},{"taxonomy":"post_tag","embeddable":true,"href":"https:\/\/radiociutat.com\/es\/wp-json\/wp\/v2\/tags?post=378260"}],"curies":[{"name":"wp","href":"https:\/\/api.w.org\/{rel}","templated":true}]}}