{"id":378258,"date":"2026-04-27T17:12:56","date_gmt":"2026-04-27T15:12:56","guid":{"rendered":"https:\/\/radiociutat.com\/programes-podcast\/carrer-major-la-guerra-en-oriente-medio-duplica-el-precio-del-gasoil-para-los-pescadores-tarraconenses\/"},"modified":"2026-04-27T17:12:56","modified_gmt":"2026-04-27T15:12:56","slug":"carrer-major-la-guerra-en-oriente-medio-duplica-el-precio-del-gasoil-para-los-pescadores-tarraconenses","status":"publish","type":"post","link":"https:\/\/radiociutat.com\/es\/carrer-major-tarragona-secciones\/carrer-major-la-guerra-en-oriente-medio-duplica-el-precio-del-gasoil-para-los-pescadores-tarraconenses\/","title":{"rendered":"Carrer Major | La guerra en Oriente Medio duplica el precio del gasoil para los pescadores tarraconenses"},"content":{"rendered":"\n<p>La guerra en Oriente Medio est\u00e1 teniendo consecuencias directas en el sector pesquero de Tarragona. Seg\u00fan ha explicado a &#8216;Carrer Major&#8217; el secretario de la Federaci\u00f3n Territorial de Cofrad\u00edas de Pescadores, Xavier Dom\u00e8nech, el impacto principal es el aumento del coste del combustible, que en algunos casos se ha llegado a duplicar.<\/p>\n\n\n\n<p>Este incremento, muy superior al que ya se vivi\u00f3 a ra\u00edz de la guerra de Ucrania, est\u00e1 poniendo en riesgo la viabilidad econ\u00f3mica de muchas embarcaciones, especialmente las de arrastre, que son las que consumen m\u00e1s gasoil. El problema, sin embargo, es que los pescadores no pueden trasladar este sobrecoste al precio del pescado, ya que este se fija en subasta y est\u00e1 condicionado por la entrada de producto de otros mercados.<\/p>\n\n\n\n<p>Ante esta situaci\u00f3n, algunos pescadores ya han empezado a reducir d\u00edas de trabajo. Es el caso de los viernes, cuando el precio del pescado suele ser m\u00e1s bajo y muchas barcas optan por quedarse amarradas para evitar p\u00e9rdidas. Aunque todav\u00eda es una pr\u00e1ctica minoritaria, el sector advierte que podr\u00eda generalizarse si los precios del combustible se mantienen elevados.<\/p>\n\n\n\n<p>Dom\u00e8nech tambi\u00e9n ha se\u00f1alado que, a pesar de los esfuerzos de los \u00faltimos a\u00f1os por reducir el consumo \u2014con mejoras t\u00e9cnicas y cambios en las pr\u00e1cticas de pesca\u2014, el margen actual es muy limitado. Algunas embarcaciones estudian incorporar nuevas tecnolog\u00edas para ahorrar carburante, pero su eficacia a\u00fan debe comprobarse.<\/p>\n\n\n\n<p>En cuanto a las ayudas, el gobierno espa\u00f1ol ha aprobado una bonificaci\u00f3n de 20 c\u00e9ntimos por litro de combustible. Sin embargo, el sector critica que este dinero no se llega a percibir de manera inmediata, hecho que obliga a las empresas a adelantar unos costes muy elevados y genera problemas de liquidez.<\/p>\n\n\n\n<p>Adem\u00e1s, el contexto actual se a\u00f1ade a otras dificultades estructurales del sector, como la falta de relevo generacional y el exceso de regulaciones. Todo ello dificulta hacer atractiva una profesi\u00f3n que, seg\u00fan Dom\u00e8nech, contin\u00faa siendo vocacional y con futuro.<\/p>\n\n\n\n<p>Finalmente, el sector alerta que si la situaci\u00f3n se alarga, podr\u00eda haber menos salidas a pescar, lo que reducir\u00eda la oferta de pescado y acabar\u00eda repercutiendo en un aumento de los precios para el consumidor.<\/p>\n\n\n\n<p>Los pescadores, sin embargo, se muestran prudentes y conf\u00edan en que el mercado se pueda estabilizar en los pr\u00f3ximos meses. Mientras tanto, contin\u00faan trabajando en un escenario de incertidumbre marcado por el encarecimiento del combustible y la presi\u00f3n econ\u00f3mica creciente.<\/p>\n","protected":false},"excerpt":{"rendered":"<p>La guerra en Oriente Medio est\u00e1 teniendo consecuencias directas en el sector pesquero de Tarragona. Seg\u00fan ha explicado a &#8216;Carrer Major&#8217; el secretario de la Federaci\u00f3n Territorial de Cofrad\u00edas de Pescadores, Xavier Dom\u00e8nech, el impacto principal es el aumento del coste del combustible, que en algunos casos se ha llegado a duplicar. Este incremento, muy [&hellip;]<\/p>\n","protected":false},"author":33,"featured_media":378197,"comment_status":"closed","ping_status":"closed","sticky":false,"template":"","format":"standard","meta":{"footnotes":""},"categories":[13680],"tags":[128,6482,8638,88,260,14953,129,19,218],"class_list":["post-378258","post","type-post","status-publish","format-standard","has-post-thumbnail","hentry","category-carrer-major-tarragona-secciones","tag-actualitat","tag-confraria","tag-guerra","tag-info","tag-noticies","tag-pescadors","tag-societat","tag-tarragona","tag-tgn"],"yoast_head":"<!-- This site is optimized with the Yoast SEO Premium plugin v27.4 (Yoast SEO v27.4) - https:\/\/yoast.com\/product\/yoast-seo-premium-wordpress\/ -->\n<title>Carrer Major | La guerra en Oriente Medio duplica el precio del gasoil para los pescadores tarraconenses - R\u00e0dio Ciutat de Tarragona<\/title>\n<meta name=\"robots\" content=\"index, follow, max-snippet:-1, max-image-preview:large, max-video-preview:-1\" \/>\n<link rel=\"canonical\" href=\"https:\/\/radiociutat.com\/es\/carrer-major-tarragona-secciones\/carrer-major-la-guerra-en-oriente-medio-duplica-el-precio-del-gasoil-para-los-pescadores-tarraconenses\/\" \/>\n<meta property=\"og:locale\" content=\"es_ES\" \/>\n<meta property=\"og:type\" content=\"article\" \/>\n<meta property=\"og:title\" content=\"Carrer Major | La guerra en Oriente Medio duplica el precio del gasoil para los pescadores tarraconenses\" \/>\n<meta property=\"og:description\" content=\"La guerra en Oriente Medio est\u00e1 teniendo consecuencias directas en el sector pesquero de Tarragona. Seg\u00fan ha explicado a &#8216;Carrer Major&#8217; el secretario de la Federaci\u00f3n Territorial de Cofrad\u00edas de Pescadores, Xavier Dom\u00e8nech, el impacto principal es el aumento del coste del combustible, que en algunos casos se ha llegado a duplicar. Este incremento, muy [&hellip;]\" \/>\n<meta property=\"og:url\" content=\"https:\/\/radiociutat.com\/es\/carrer-major-tarragona-secciones\/carrer-major-la-guerra-en-oriente-medio-duplica-el-precio-del-gasoil-para-los-pescadores-tarraconenses\/\" \/>\n<meta property=\"og:site_name\" content=\"R\u00e0dio Ciutat de Tarragona\" \/>\n<meta property=\"article:publisher\" content=\"https:\/\/www.facebook.com\/rctgn\" \/>\n<meta property=\"article:published_time\" content=\"2026-04-27T15:12:56+00:00\" \/>\n<meta property=\"og:image\" content=\"https:\/\/files.radiociutat.com\/rctgn\/wp-content\/uploads\/2021\/03\/LOGO-RCTGN-RADIO-CIUTAT-DE-TARRAGONA-TRANSPARENTE-TARRAGONA-2020-3000X3000-Redes1-copia.png\" \/>\n\t<meta property=\"og:image:width\" content=\"3000\" \/>\n\t<meta property=\"og:image:height\" content=\"3000\" \/>\n\t<meta property=\"og:image:type\" content=\"image\/png\" \/>\n<meta name=\"author\" content=\"Adri\u00e0 Tella\" \/>\n<meta name=\"twitter:card\" content=\"summary_large_image\" \/>\n<meta name=\"twitter:creator\" content=\"@RCTgn\" \/>\n<meta name=\"twitter:site\" content=\"@RCTgn\" \/>\n<meta name=\"twitter:label1\" content=\"Escrito por\" \/>\n\t<meta name=\"twitter:data1\" content=\"Adri\u00e0 Tella\" \/>\n\t<meta name=\"twitter:label2\" content=\"Tiempo de lectura\" \/>\n\t<meta name=\"twitter:data2\" content=\"2 minutos\" \/>\n<script type=\"application\/ld+json\" class=\"yoast-schema-graph\">{\"@context\":\"https:\\\/\\\/schema.org\",\"@graph\":[{\"@type\":\"Article\",\"@id\":\"https:\\\/\\\/radiociutat.com\\\/es\\\/carrer-major-tarragona-secciones\\\/carrer-major-la-guerra-en-oriente-medio-duplica-el-precio-del-gasoil-para-los-pescadores-tarraconenses\\\/#article\",\"isPartOf\":{\"@id\":\"https:\\\/\\\/radiociutat.com\\\/es\\\/carrer-major-tarragona-secciones\\\/carrer-major-la-guerra-en-oriente-medio-duplica-el-precio-del-gasoil-para-los-pescadores-tarraconenses\\\/\"},\"author\":{\"name\":\"Adri\u00e0 Tella\",\"@id\":\"https:\\\/\\\/radiociutat.com\\\/es\\\/#\\\/schema\\\/person\\\/3086c6cfd718c2c9cb3329ff2a2ed197\"},\"headline\":\"Carrer Major | La guerra en Oriente Medio duplica el precio del gasoil para los pescadores tarraconenses\",\"datePublished\":\"2026-04-27T15:12:56+00:00\",\"mainEntityOfPage\":{\"@id\":\"https:\\\/\\\/radiociutat.com\\\/es\\\/carrer-major-tarragona-secciones\\\/carrer-major-la-guerra-en-oriente-medio-duplica-el-precio-del-gasoil-para-los-pescadores-tarraconenses\\\/\"},\"wordCount\":452,\"image\":{\"@id\":\"https:\\\/\\\/radiociutat.com\\\/es\\\/carrer-major-tarragona-secciones\\\/carrer-major-la-guerra-en-oriente-medio-duplica-el-precio-del-gasoil-para-los-pescadores-tarraconenses\\\/#primaryimage\"},\"thumbnailUrl\":\"https:\\\/\\\/files.radiociutat.com\\\/rctgn\\\/wp-content\\\/uploads\\\/2026\\\/04\\\/Xavier-Domenech-Confraria-pescadors-tarragona-e1777290509699.png\",\"keywords\":[\"Actualitat\",\"Confraria\",\"Guerra\",\"Info\",\"not\u00edcies\",\"pescadors\",\"Societat\",\"Tarragona\",\"TGN\"],\"articleSection\":[\"Carrer Major Tarragona | Secciones\"],\"inLanguage\":\"es\"},{\"@type\":\"WebPage\",\"@id\":\"https:\\\/\\\/radiociutat.com\\\/es\\\/carrer-major-tarragona-secciones\\\/carrer-major-la-guerra-en-oriente-medio-duplica-el-precio-del-gasoil-para-los-pescadores-tarraconenses\\\/\",\"url\":\"https:\\\/\\\/radiociutat.com\\\/es\\\/carrer-major-tarragona-secciones\\\/carrer-major-la-guerra-en-oriente-medio-duplica-el-precio-del-gasoil-para-los-pescadores-tarraconenses\\\/\",\"name\":\"Carrer Major | La guerra en Oriente Medio duplica el precio del gasoil para los pescadores tarraconenses - R\u00e0dio Ciutat de Tarragona\",\"isPartOf\":{\"@id\":\"https:\\\/\\\/radiociutat.com\\\/es\\\/#website\"},\"primaryImageOfPage\":{\"@id\":\"https:\\\/\\\/radiociutat.com\\\/es\\\/carrer-major-tarragona-secciones\\\/carrer-major-la-guerra-en-oriente-medio-duplica-el-precio-del-gasoil-para-los-pescadores-tarraconenses\\\/#primaryimage\"},\"image\":{\"@id\":\"https:\\\/\\\/radiociutat.com\\\/es\\\/carrer-major-tarragona-secciones\\\/carrer-major-la-guerra-en-oriente-medio-duplica-el-precio-del-gasoil-para-los-pescadores-tarraconenses\\\/#primaryimage\"},\"thumbnailUrl\":\"https:\\\/\\\/files.radiociutat.com\\\/rctgn\\\/wp-content\\\/uploads\\\/2026\\\/04\\\/Xavier-Domenech-Confraria-pescadors-tarragona-e1777290509699.png\",\"datePublished\":\"2026-04-27T15:12:56+00:00\",\"author\":{\"@id\":\"https:\\\/\\\/radiociutat.com\\\/es\\\/#\\\/schema\\\/person\\\/3086c6cfd718c2c9cb3329ff2a2ed197\"},\"breadcrumb\":{\"@id\":\"https:\\\/\\\/radiociutat.com\\\/es\\\/carrer-major-tarragona-secciones\\\/carrer-major-la-guerra-en-oriente-medio-duplica-el-precio-del-gasoil-para-los-pescadores-tarraconenses\\\/#breadcrumb\"},\"inLanguage\":\"es\",\"potentialAction\":[{\"@type\":\"ReadAction\",\"target\":[\"https:\\\/\\\/radiociutat.com\\\/es\\\/carrer-major-tarragona-secciones\\\/carrer-major-la-guerra-en-oriente-medio-duplica-el-precio-del-gasoil-para-los-pescadores-tarraconenses\\\/\"]}]},{\"@type\":\"ImageObject\",\"inLanguage\":\"es\",\"@id\":\"https:\\\/\\\/radiociutat.com\\\/es\\\/carrer-major-tarragona-secciones\\\/carrer-major-la-guerra-en-oriente-medio-duplica-el-precio-del-gasoil-para-los-pescadores-tarraconenses\\\/#primaryimage\",\"url\":\"https:\\\/\\\/files.radiociutat.com\\\/rctgn\\\/wp-content\\\/uploads\\\/2026\\\/04\\\/Xavier-Domenech-Confraria-pescadors-tarragona-e1777290509699.png\",\"contentUrl\":\"https:\\\/\\\/files.radiociutat.com\\\/rctgn\\\/wp-content\\\/uploads\\\/2026\\\/04\\\/Xavier-Domenech-Confraria-pescadors-tarragona-e1777290509699.png\",\"width\":1429,\"height\":799},{\"@type\":\"BreadcrumbList\",\"@id\":\"https:\\\/\\\/radiociutat.com\\\/es\\\/carrer-major-tarragona-secciones\\\/carrer-major-la-guerra-en-oriente-medio-duplica-el-precio-del-gasoil-para-los-pescadores-tarraconenses\\\/#breadcrumb\",\"itemListElement\":[{\"@type\":\"ListItem\",\"position\":1,\"name\":\"Inici\",\"item\":\"https:\\\/\\\/radiociutat.com\\\/es\\\/\"},{\"@type\":\"ListItem\",\"position\":2,\"name\":\"Carrer Major | La guerra en Oriente Medio duplica el precio del gasoil para los pescadores tarraconenses\"}]},{\"@type\":\"WebSite\",\"@id\":\"https:\\\/\\\/radiociutat.com\\\/es\\\/#website\",\"url\":\"https:\\\/\\\/radiociutat.com\\\/es\\\/\",\"name\":\"R\u00e0dio Ciutat de Tarragona\",\"description\":\"R\u00e0dio Ciutat de Tarragona - RCTgn.cat R\u00e0dio Online\",\"potentialAction\":[{\"@type\":\"SearchAction\",\"target\":{\"@type\":\"EntryPoint\",\"urlTemplate\":\"https:\\\/\\\/radiociutat.com\\\/es\\\/?s={search_term_string}\"},\"query-input\":{\"@type\":\"PropertyValueSpecification\",\"valueRequired\":true,\"valueName\":\"search_term_string\"}}],\"inLanguage\":\"es\"},{\"@type\":\"Person\",\"@id\":\"https:\\\/\\\/radiociutat.com\\\/es\\\/#\\\/schema\\\/person\\\/3086c6cfd718c2c9cb3329ff2a2ed197\",\"name\":\"Adri\u00e0 Tella\",\"sameAs\":[\"https:\\\/\\\/radiociutat.com\\\/wp-content\\\/uploads\\\/2023\\\/09\\\/adri-tella-1-1-e1694013359760.png\"],\"url\":\"https:\\\/\\\/radiociutat.com\\\/es\\\/author\\\/atella\\\/\"}]}<\/script>\n<!-- \/ Yoast SEO Premium plugin. -->","yoast_head_json":{"title":"Carrer Major | La guerra en Oriente Medio duplica el precio del gasoil para los pescadores tarraconenses - R\u00e0dio Ciutat de Tarragona","robots":{"index":"index","follow":"follow","max-snippet":"max-snippet:-1","max-image-preview":"max-image-preview:large","max-video-preview":"max-video-preview:-1"},"canonical":"https:\/\/radiociutat.com\/es\/carrer-major-tarragona-secciones\/carrer-major-la-guerra-en-oriente-medio-duplica-el-precio-del-gasoil-para-los-pescadores-tarraconenses\/","og_locale":"es_ES","og_type":"article","og_title":"Carrer Major | La guerra en Oriente Medio duplica el precio del gasoil para los pescadores tarraconenses","og_description":"La guerra en Oriente Medio est\u00e1 teniendo consecuencias directas en el sector pesquero de Tarragona. Seg\u00fan ha explicado a &#8216;Carrer Major&#8217; el secretario de la Federaci\u00f3n Territorial de Cofrad\u00edas de Pescadores, Xavier Dom\u00e8nech, el impacto principal es el aumento del coste del combustible, que en algunos casos se ha llegado a duplicar. Este incremento, muy [&hellip;]","og_url":"https:\/\/radiociutat.com\/es\/carrer-major-tarragona-secciones\/carrer-major-la-guerra-en-oriente-medio-duplica-el-precio-del-gasoil-para-los-pescadores-tarraconenses\/","og_site_name":"R\u00e0dio Ciutat de Tarragona","article_publisher":"https:\/\/www.facebook.com\/rctgn","article_published_time":"2026-04-27T15:12:56+00:00","og_image":[{"width":3000,"height":3000,"url":"https:\/\/files.radiociutat.com\/rctgn\/wp-content\/uploads\/2021\/03\/LOGO-RCTGN-RADIO-CIUTAT-DE-TARRAGONA-TRANSPARENTE-TARRAGONA-2020-3000X3000-Redes1-copia.png","type":"image\/png"}],"author":"Adri\u00e0 Tella","twitter_card":"summary_large_image","twitter_creator":"@RCTgn","twitter_site":"@RCTgn","twitter_misc":{"Escrito por":"Adri\u00e0 Tella","Tiempo de lectura":"2 minutos"},"schema":{"@context":"https:\/\/schema.org","@graph":[{"@type":"Article","@id":"https:\/\/radiociutat.com\/es\/carrer-major-tarragona-secciones\/carrer-major-la-guerra-en-oriente-medio-duplica-el-precio-del-gasoil-para-los-pescadores-tarraconenses\/#article","isPartOf":{"@id":"https:\/\/radiociutat.com\/es\/carrer-major-tarragona-secciones\/carrer-major-la-guerra-en-oriente-medio-duplica-el-precio-del-gasoil-para-los-pescadores-tarraconenses\/"},"author":{"name":"Adri\u00e0 Tella","@id":"https:\/\/radiociutat.com\/es\/#\/schema\/person\/3086c6cfd718c2c9cb3329ff2a2ed197"},"headline":"Carrer Major | La guerra en Oriente Medio duplica el precio del gasoil para los pescadores tarraconenses","datePublished":"2026-04-27T15:12:56+00:00","mainEntityOfPage":{"@id":"https:\/\/radiociutat.com\/es\/carrer-major-tarragona-secciones\/carrer-major-la-guerra-en-oriente-medio-duplica-el-precio-del-gasoil-para-los-pescadores-tarraconenses\/"},"wordCount":452,"image":{"@id":"https:\/\/radiociutat.com\/es\/carrer-major-tarragona-secciones\/carrer-major-la-guerra-en-oriente-medio-duplica-el-precio-del-gasoil-para-los-pescadores-tarraconenses\/#primaryimage"},"thumbnailUrl":"https:\/\/files.radiociutat.com\/rctgn\/wp-content\/uploads\/2026\/04\/Xavier-Domenech-Confraria-pescadors-tarragona-e1777290509699.png","keywords":["Actualitat","Confraria","Guerra","Info","not\u00edcies","pescadors","Societat","Tarragona","TGN"],"articleSection":["Carrer Major Tarragona | Secciones"],"inLanguage":"es"},{"@type":"WebPage","@id":"https:\/\/radiociutat.com\/es\/carrer-major-tarragona-secciones\/carrer-major-la-guerra-en-oriente-medio-duplica-el-precio-del-gasoil-para-los-pescadores-tarraconenses\/","url":"https:\/\/radiociutat.com\/es\/carrer-major-tarragona-secciones\/carrer-major-la-guerra-en-oriente-medio-duplica-el-precio-del-gasoil-para-los-pescadores-tarraconenses\/","name":"Carrer Major | La guerra en Oriente Medio duplica el precio del gasoil para los pescadores tarraconenses - R\u00e0dio Ciutat de Tarragona","isPartOf":{"@id":"https:\/\/radiociutat.com\/es\/#website"},"primaryImageOfPage":{"@id":"https:\/\/radiociutat.com\/es\/carrer-major-tarragona-secciones\/carrer-major-la-guerra-en-oriente-medio-duplica-el-precio-del-gasoil-para-los-pescadores-tarraconenses\/#primaryimage"},"image":{"@id":"https:\/\/radiociutat.com\/es\/carrer-major-tarragona-secciones\/carrer-major-la-guerra-en-oriente-medio-duplica-el-precio-del-gasoil-para-los-pescadores-tarraconenses\/#primaryimage"},"thumbnailUrl":"https:\/\/files.radiociutat.com\/rctgn\/wp-content\/uploads\/2026\/04\/Xavier-Domenech-Confraria-pescadors-tarragona-e1777290509699.png","datePublished":"2026-04-27T15:12:56+00:00","author":{"@id":"https:\/\/radiociutat.com\/es\/#\/schema\/person\/3086c6cfd718c2c9cb3329ff2a2ed197"},"breadcrumb":{"@id":"https:\/\/radiociutat.com\/es\/carrer-major-tarragona-secciones\/carrer-major-la-guerra-en-oriente-medio-duplica-el-precio-del-gasoil-para-los-pescadores-tarraconenses\/#breadcrumb"},"inLanguage":"es","potentialAction":[{"@type":"ReadAction","target":["https:\/\/radiociutat.com\/es\/carrer-major-tarragona-secciones\/carrer-major-la-guerra-en-oriente-medio-duplica-el-precio-del-gasoil-para-los-pescadores-tarraconenses\/"]}]},{"@type":"ImageObject","inLanguage":"es","@id":"https:\/\/radiociutat.com\/es\/carrer-major-tarragona-secciones\/carrer-major-la-guerra-en-oriente-medio-duplica-el-precio-del-gasoil-para-los-pescadores-tarraconenses\/#primaryimage","url":"https:\/\/files.radiociutat.com\/rctgn\/wp-content\/uploads\/2026\/04\/Xavier-Domenech-Confraria-pescadors-tarragona-e1777290509699.png","contentUrl":"https:\/\/files.radiociutat.com\/rctgn\/wp-content\/uploads\/2026\/04\/Xavier-Domenech-Confraria-pescadors-tarragona-e1777290509699.png","width":1429,"height":799},{"@type":"BreadcrumbList","@id":"https:\/\/radiociutat.com\/es\/carrer-major-tarragona-secciones\/carrer-major-la-guerra-en-oriente-medio-duplica-el-precio-del-gasoil-para-los-pescadores-tarraconenses\/#breadcrumb","itemListElement":[{"@type":"ListItem","position":1,"name":"Inici","item":"https:\/\/radiociutat.com\/es\/"},{"@type":"ListItem","position":2,"name":"Carrer Major | La guerra en Oriente Medio duplica el precio del gasoil para los pescadores tarraconenses"}]},{"@type":"WebSite","@id":"https:\/\/radiociutat.com\/es\/#website","url":"https:\/\/radiociutat.com\/es\/","name":"R\u00e0dio Ciutat de Tarragona","description":"R\u00e0dio Ciutat de Tarragona - RCTgn.cat R\u00e0dio Online","potentialAction":[{"@type":"SearchAction","target":{"@type":"EntryPoint","urlTemplate":"https:\/\/radiociutat.com\/es\/?s={search_term_string}"},"query-input":{"@type":"PropertyValueSpecification","valueRequired":true,"valueName":"search_term_string"}}],"inLanguage":"es"},{"@type":"Person","@id":"https:\/\/radiociutat.com\/es\/#\/schema\/person\/3086c6cfd718c2c9cb3329ff2a2ed197","name":"Adri\u00e0 Tella","sameAs":["https:\/\/radiociutat.com\/wp-content\/uploads\/2023\/09\/adri-tella-1-1-e1694013359760.png"],"url":"https:\/\/radiociutat.com\/es\/author\/atella\/"}]}},"_links":{"self":[{"href":"https:\/\/radiociutat.com\/es\/wp-json\/wp\/v2\/posts\/378258","targetHints":{"allow":["GET"]}}],"collection":[{"href":"https:\/\/radiociutat.com\/es\/wp-json\/wp\/v2\/posts"}],"about":[{"href":"https:\/\/radiociutat.com\/es\/wp-json\/wp\/v2\/types\/post"}],"author":[{"embeddable":true,"href":"https:\/\/radiociutat.com\/es\/wp-json\/wp\/v2\/users\/33"}],"replies":[{"embeddable":true,"href":"https:\/\/radiociutat.com\/es\/wp-json\/wp\/v2\/comments?post=378258"}],"version-history":[{"count":0,"href":"https:\/\/radiociutat.com\/es\/wp-json\/wp\/v2\/posts\/378258\/revisions"}],"wp:featuredmedia":[{"embeddable":true,"href":"https:\/\/radiociutat.com\/es\/wp-json\/wp\/v2\/media\/378197"}],"wp:attachment":[{"href":"https:\/\/radiociutat.com\/es\/wp-json\/wp\/v2\/media?parent=378258"}],"wp:term":[{"taxonomy":"category","embeddable":true,"href":"https:\/\/radiociutat.com\/es\/wp-json\/wp\/v2\/categories?post=378258"},{"taxonomy":"post_tag","embeddable":true,"href":"https:\/\/radiociutat.com\/es\/wp-json\/wp\/v2\/tags?post=378258"}],"curies":[{"name":"wp","href":"https:\/\/api.w.org\/{rel}","templated":true}]}}