{"id":378244,"date":"2026-04-27T16:36:22","date_gmt":"2026-04-27T14:36:22","guid":{"rendered":"https:\/\/radiociutat.com\/programes-podcast\/la-canonja-impulsa-una-campana-para-reducir-el-ruido-y-mejorar-la-calidad-de-vida\/"},"modified":"2026-04-27T16:36:22","modified_gmt":"2026-04-27T14:36:22","slug":"la-canonja-impulsa-una-campana-para-reducir-el-ruido-y-mejorar-la-calidad-de-vida","status":"publish","type":"post","link":"https:\/\/radiociutat.com\/es\/ultimas-noticias\/cronicas\/la-canonja-impulsa-una-campana-para-reducir-el-ruido-y-mejorar-la-calidad-de-vida\/","title":{"rendered":"La Canonja impulsa una campa\u00f1a para reducir el ruido y mejorar la calidad de vida"},"content":{"rendered":"\n<p>El Ayuntamiento de La Canonja ha puesto en marcha la campa\u00f1a <strong>\u201cLa Canonja suena mejor contigo\u201d<\/strong>, una iniciativa que busca <strong>reducir la contaminaci\u00f3n ac\u00fastica y mejorar la calidad de vida<\/strong> en el municipio. El consistorio quiere concienciar a la ciudadan\u00eda sobre el impacto del ruido y fomentar h\u00e1bitos m\u00e1s respetuosos con el entorno.<\/p>\n\n\n\n<p>Aunque la calidad ac\u00fastica es adecuada, el <strong>tr\u00e1fico rodado es la principal fuente de ruido<\/strong>. Por ello, la campa\u00f1a promueve acciones como <strong>conducir de manera suave, reducir la velocidad y respetar los horarios de descanso<\/strong>.<\/p>\n\n\n\n<p>La concejala de Medio Ambiente, Gloria Virgili, ha destacado que el ruido es una <strong>cuesti\u00f3n de salud p\u00fablica y convivencia<\/strong>, apelando a la responsabilidad colectiva.<\/p>\n\n\n\n<p>La iniciativa incluye <strong>charlas informativas el 8 de mayo<\/strong>, puntos itinerantes y <strong>talleres en los centros educativos<\/strong>. Con esta acci\u00f3n, el consistorio refuerza su compromiso con un <strong>municipio m\u00e1s saludable y habitable<\/strong>.<\/p>\n","protected":false},"excerpt":{"rendered":"<p>El Ayuntamiento de La Canonja ha puesto en marcha la campa\u00f1a \u201cLa Canonja suena mejor contigo\u201d, una iniciativa que busca reducir la contaminaci\u00f3n ac\u00fastica y mejorar la calidad de vida en el municipio. El consistorio quiere concienciar a la ciudadan\u00eda sobre el impacto del ruido y fomentar h\u00e1bitos m\u00e1s respetuosos con el entorno. Aunque la [&hellip;]<\/p>\n","protected":false},"author":1,"featured_media":378242,"comment_status":"closed","ping_status":"closed","sticky":false,"template":"","format":"standard","meta":{"footnotes":""},"categories":[13688],"tags":[14909,19],"class_list":["post-378244","post","type-post","status-publish","format-standard","has-post-thumbnail","hentry","category-cronicas","tag-la-canonja","tag-tarragona"],"yoast_head":"<!-- This site is optimized with the Yoast SEO Premium plugin v27.4 (Yoast SEO v27.4) - https:\/\/yoast.com\/product\/yoast-seo-premium-wordpress\/ -->\n<title>La Canonja impulsa una campa\u00f1a para reducir el ruido y mejorar la calidad de vida - R\u00e0dio Ciutat de Tarragona<\/title>\n<meta name=\"robots\" content=\"index, follow, max-snippet:-1, max-image-preview:large, max-video-preview:-1\" \/>\n<link rel=\"canonical\" href=\"https:\/\/radiociutat.com\/es\/ultimas-noticias\/cronicas\/la-canonja-impulsa-una-campana-para-reducir-el-ruido-y-mejorar-la-calidad-de-vida\/\" \/>\n<meta property=\"og:locale\" content=\"es_ES\" \/>\n<meta property=\"og:type\" content=\"article\" \/>\n<meta property=\"og:title\" content=\"La Canonja impulsa una campa\u00f1a para reducir el ruido y mejorar la calidad de vida\" \/>\n<meta property=\"og:description\" content=\"El Ayuntamiento de La Canonja ha puesto en marcha la campa\u00f1a \u201cLa Canonja suena mejor contigo\u201d, una iniciativa que busca reducir la contaminaci\u00f3n ac\u00fastica y mejorar la calidad de vida en el municipio. El consistorio quiere concienciar a la ciudadan\u00eda sobre el impacto del ruido y fomentar h\u00e1bitos m\u00e1s respetuosos con el entorno. Aunque la [&hellip;]\" \/>\n<meta property=\"og:url\" content=\"https:\/\/radiociutat.com\/es\/ultimas-noticias\/cronicas\/la-canonja-impulsa-una-campana-para-reducir-el-ruido-y-mejorar-la-calidad-de-vida\/\" \/>\n<meta property=\"og:site_name\" content=\"R\u00e0dio Ciutat de Tarragona\" \/>\n<meta property=\"article:publisher\" content=\"https:\/\/www.facebook.com\/rctgn\" \/>\n<meta property=\"article:published_time\" content=\"2026-04-27T14:36:22+00:00\" \/>\n<meta property=\"og:image\" content=\"https:\/\/files.radiociutat.com\/rctgn\/wp-content\/uploads\/2021\/03\/LOGO-RCTGN-RADIO-CIUTAT-DE-TARRAGONA-TRANSPARENTE-TARRAGONA-2020-3000X3000-Redes1-copia.png\" \/>\n\t<meta property=\"og:image:width\" content=\"3000\" \/>\n\t<meta property=\"og:image:height\" content=\"3000\" \/>\n\t<meta property=\"og:image:type\" content=\"image\/png\" \/>\n<meta name=\"author\" content=\"Redacci\u00f3\" \/>\n<meta name=\"twitter:card\" content=\"summary_large_image\" \/>\n<meta name=\"twitter:creator\" content=\"@RCTgn\" \/>\n<meta name=\"twitter:site\" content=\"@RCTgn\" \/>\n<meta name=\"twitter:label1\" content=\"Escrito por\" \/>\n\t<meta name=\"twitter:data1\" content=\"Redacci\u00f3\" \/>\n\t<meta name=\"twitter:label2\" content=\"Tiempo de lectura\" \/>\n\t<meta name=\"twitter:data2\" content=\"1 minuto\" \/>\n<script type=\"application\/ld+json\" class=\"yoast-schema-graph\">{\"@context\":\"https:\\\/\\\/schema.org\",\"@graph\":[{\"@type\":\"Article\",\"@id\":\"https:\\\/\\\/radiociutat.com\\\/es\\\/ultimas-noticias\\\/cronicas\\\/la-canonja-impulsa-una-campana-para-reducir-el-ruido-y-mejorar-la-calidad-de-vida\\\/#article\",\"isPartOf\":{\"@id\":\"https:\\\/\\\/radiociutat.com\\\/es\\\/ultimas-noticias\\\/cronicas\\\/la-canonja-impulsa-una-campana-para-reducir-el-ruido-y-mejorar-la-calidad-de-vida\\\/\"},\"author\":{\"name\":\"Redacci\u00f3\",\"@id\":\"https:\\\/\\\/radiociutat.com\\\/es\\\/#\\\/schema\\\/person\\\/04b6638f9d2a9ea77408db76c5d8f0b5\"},\"headline\":\"La Canonja impulsa una campa\u00f1a para reducir el ruido y mejorar la calidad de vida\",\"datePublished\":\"2026-04-27T14:36:22+00:00\",\"mainEntityOfPage\":{\"@id\":\"https:\\\/\\\/radiociutat.com\\\/es\\\/ultimas-noticias\\\/cronicas\\\/la-canonja-impulsa-una-campana-para-reducir-el-ruido-y-mejorar-la-calidad-de-vida\\\/\"},\"wordCount\":173,\"image\":{\"@id\":\"https:\\\/\\\/radiociutat.com\\\/es\\\/ultimas-noticias\\\/cronicas\\\/la-canonja-impulsa-una-campana-para-reducir-el-ruido-y-mejorar-la-calidad-de-vida\\\/#primaryimage\"},\"thumbnailUrl\":\"https:\\\/\\\/files.radiociutat.com\\\/rctgn\\\/wp-content\\\/uploads\\\/2026\\\/04\\\/Carrer-Marina-2024-05-23-4.jpg\",\"keywords\":[\"La Canonja\",\"Tarragona\"],\"articleSection\":[\"Cr\u00f3nicas\"],\"inLanguage\":\"es\"},{\"@type\":\"WebPage\",\"@id\":\"https:\\\/\\\/radiociutat.com\\\/es\\\/ultimas-noticias\\\/cronicas\\\/la-canonja-impulsa-una-campana-para-reducir-el-ruido-y-mejorar-la-calidad-de-vida\\\/\",\"url\":\"https:\\\/\\\/radiociutat.com\\\/es\\\/ultimas-noticias\\\/cronicas\\\/la-canonja-impulsa-una-campana-para-reducir-el-ruido-y-mejorar-la-calidad-de-vida\\\/\",\"name\":\"La Canonja impulsa una campa\u00f1a para reducir el ruido y mejorar la calidad de vida - R\u00e0dio Ciutat de Tarragona\",\"isPartOf\":{\"@id\":\"https:\\\/\\\/radiociutat.com\\\/es\\\/#website\"},\"primaryImageOfPage\":{\"@id\":\"https:\\\/\\\/radiociutat.com\\\/es\\\/ultimas-noticias\\\/cronicas\\\/la-canonja-impulsa-una-campana-para-reducir-el-ruido-y-mejorar-la-calidad-de-vida\\\/#primaryimage\"},\"image\":{\"@id\":\"https:\\\/\\\/radiociutat.com\\\/es\\\/ultimas-noticias\\\/cronicas\\\/la-canonja-impulsa-una-campana-para-reducir-el-ruido-y-mejorar-la-calidad-de-vida\\\/#primaryimage\"},\"thumbnailUrl\":\"https:\\\/\\\/files.radiociutat.com\\\/rctgn\\\/wp-content\\\/uploads\\\/2026\\\/04\\\/Carrer-Marina-2024-05-23-4.jpg\",\"datePublished\":\"2026-04-27T14:36:22+00:00\",\"author\":{\"@id\":\"https:\\\/\\\/radiociutat.com\\\/es\\\/#\\\/schema\\\/person\\\/04b6638f9d2a9ea77408db76c5d8f0b5\"},\"breadcrumb\":{\"@id\":\"https:\\\/\\\/radiociutat.com\\\/es\\\/ultimas-noticias\\\/cronicas\\\/la-canonja-impulsa-una-campana-para-reducir-el-ruido-y-mejorar-la-calidad-de-vida\\\/#breadcrumb\"},\"inLanguage\":\"es\",\"potentialAction\":[{\"@type\":\"ReadAction\",\"target\":[\"https:\\\/\\\/radiociutat.com\\\/es\\\/ultimas-noticias\\\/cronicas\\\/la-canonja-impulsa-una-campana-para-reducir-el-ruido-y-mejorar-la-calidad-de-vida\\\/\"]}]},{\"@type\":\"ImageObject\",\"inLanguage\":\"es\",\"@id\":\"https:\\\/\\\/radiociutat.com\\\/es\\\/ultimas-noticias\\\/cronicas\\\/la-canonja-impulsa-una-campana-para-reducir-el-ruido-y-mejorar-la-calidad-de-vida\\\/#primaryimage\",\"url\":\"https:\\\/\\\/files.radiociutat.com\\\/rctgn\\\/wp-content\\\/uploads\\\/2026\\\/04\\\/Carrer-Marina-2024-05-23-4.jpg\",\"contentUrl\":\"https:\\\/\\\/files.radiociutat.com\\\/rctgn\\\/wp-content\\\/uploads\\\/2026\\\/04\\\/Carrer-Marina-2024-05-23-4.jpg\",\"width\":2200,\"height\":1500},{\"@type\":\"BreadcrumbList\",\"@id\":\"https:\\\/\\\/radiociutat.com\\\/es\\\/ultimas-noticias\\\/cronicas\\\/la-canonja-impulsa-una-campana-para-reducir-el-ruido-y-mejorar-la-calidad-de-vida\\\/#breadcrumb\",\"itemListElement\":[{\"@type\":\"ListItem\",\"position\":1,\"name\":\"Inici\",\"item\":\"https:\\\/\\\/radiociutat.com\\\/es\\\/\"},{\"@type\":\"ListItem\",\"position\":2,\"name\":\"La Canonja impulsa una campa\u00f1a para reducir el ruido y mejorar la calidad de vida\"}]},{\"@type\":\"WebSite\",\"@id\":\"https:\\\/\\\/radiociutat.com\\\/es\\\/#website\",\"url\":\"https:\\\/\\\/radiociutat.com\\\/es\\\/\",\"name\":\"R\u00e0dio Ciutat de Tarragona\",\"description\":\"R\u00e0dio Ciutat de Tarragona - RCTgn.cat R\u00e0dio Online\",\"potentialAction\":[{\"@type\":\"SearchAction\",\"target\":{\"@type\":\"EntryPoint\",\"urlTemplate\":\"https:\\\/\\\/radiociutat.com\\\/es\\\/?s={search_term_string}\"},\"query-input\":{\"@type\":\"PropertyValueSpecification\",\"valueRequired\":true,\"valueName\":\"search_term_string\"}}],\"inLanguage\":\"es\"},{\"@type\":\"Person\",\"@id\":\"https:\\\/\\\/radiociutat.com\\\/es\\\/#\\\/schema\\\/person\\\/04b6638f9d2a9ea77408db76c5d8f0b5\",\"name\":\"Redacci\u00f3\",\"sameAs\":[\"https:\\\/\\\/radiociutat.com\\\/wp-content\\\/uploads\\\/2023\\\/09\\\/LOGO-RCTGN-CUADRAT.png\"],\"url\":\"https:\\\/\\\/radiociutat.com\\\/es\\\/author\\\/jespinosa\\\/\"}]}<\/script>\n<!-- \/ Yoast SEO Premium plugin. -->","yoast_head_json":{"title":"La Canonja impulsa una campa\u00f1a para reducir el ruido y mejorar la calidad de vida - R\u00e0dio Ciutat de Tarragona","robots":{"index":"index","follow":"follow","max-snippet":"max-snippet:-1","max-image-preview":"max-image-preview:large","max-video-preview":"max-video-preview:-1"},"canonical":"https:\/\/radiociutat.com\/es\/ultimas-noticias\/cronicas\/la-canonja-impulsa-una-campana-para-reducir-el-ruido-y-mejorar-la-calidad-de-vida\/","og_locale":"es_ES","og_type":"article","og_title":"La Canonja impulsa una campa\u00f1a para reducir el ruido y mejorar la calidad de vida","og_description":"El Ayuntamiento de La Canonja ha puesto en marcha la campa\u00f1a \u201cLa Canonja suena mejor contigo\u201d, una iniciativa que busca reducir la contaminaci\u00f3n ac\u00fastica y mejorar la calidad de vida en el municipio. El consistorio quiere concienciar a la ciudadan\u00eda sobre el impacto del ruido y fomentar h\u00e1bitos m\u00e1s respetuosos con el entorno. Aunque la [&hellip;]","og_url":"https:\/\/radiociutat.com\/es\/ultimas-noticias\/cronicas\/la-canonja-impulsa-una-campana-para-reducir-el-ruido-y-mejorar-la-calidad-de-vida\/","og_site_name":"R\u00e0dio Ciutat de Tarragona","article_publisher":"https:\/\/www.facebook.com\/rctgn","article_published_time":"2026-04-27T14:36:22+00:00","og_image":[{"width":3000,"height":3000,"url":"https:\/\/files.radiociutat.com\/rctgn\/wp-content\/uploads\/2021\/03\/LOGO-RCTGN-RADIO-CIUTAT-DE-TARRAGONA-TRANSPARENTE-TARRAGONA-2020-3000X3000-Redes1-copia.png","type":"image\/png"}],"author":"Redacci\u00f3","twitter_card":"summary_large_image","twitter_creator":"@RCTgn","twitter_site":"@RCTgn","twitter_misc":{"Escrito por":"Redacci\u00f3","Tiempo de lectura":"1 minuto"},"schema":{"@context":"https:\/\/schema.org","@graph":[{"@type":"Article","@id":"https:\/\/radiociutat.com\/es\/ultimas-noticias\/cronicas\/la-canonja-impulsa-una-campana-para-reducir-el-ruido-y-mejorar-la-calidad-de-vida\/#article","isPartOf":{"@id":"https:\/\/radiociutat.com\/es\/ultimas-noticias\/cronicas\/la-canonja-impulsa-una-campana-para-reducir-el-ruido-y-mejorar-la-calidad-de-vida\/"},"author":{"name":"Redacci\u00f3","@id":"https:\/\/radiociutat.com\/es\/#\/schema\/person\/04b6638f9d2a9ea77408db76c5d8f0b5"},"headline":"La Canonja impulsa una campa\u00f1a para reducir el ruido y mejorar la calidad de vida","datePublished":"2026-04-27T14:36:22+00:00","mainEntityOfPage":{"@id":"https:\/\/radiociutat.com\/es\/ultimas-noticias\/cronicas\/la-canonja-impulsa-una-campana-para-reducir-el-ruido-y-mejorar-la-calidad-de-vida\/"},"wordCount":173,"image":{"@id":"https:\/\/radiociutat.com\/es\/ultimas-noticias\/cronicas\/la-canonja-impulsa-una-campana-para-reducir-el-ruido-y-mejorar-la-calidad-de-vida\/#primaryimage"},"thumbnailUrl":"https:\/\/files.radiociutat.com\/rctgn\/wp-content\/uploads\/2026\/04\/Carrer-Marina-2024-05-23-4.jpg","keywords":["La Canonja","Tarragona"],"articleSection":["Cr\u00f3nicas"],"inLanguage":"es"},{"@type":"WebPage","@id":"https:\/\/radiociutat.com\/es\/ultimas-noticias\/cronicas\/la-canonja-impulsa-una-campana-para-reducir-el-ruido-y-mejorar-la-calidad-de-vida\/","url":"https:\/\/radiociutat.com\/es\/ultimas-noticias\/cronicas\/la-canonja-impulsa-una-campana-para-reducir-el-ruido-y-mejorar-la-calidad-de-vida\/","name":"La Canonja impulsa una campa\u00f1a para reducir el ruido y mejorar la calidad de vida - R\u00e0dio Ciutat de Tarragona","isPartOf":{"@id":"https:\/\/radiociutat.com\/es\/#website"},"primaryImageOfPage":{"@id":"https:\/\/radiociutat.com\/es\/ultimas-noticias\/cronicas\/la-canonja-impulsa-una-campana-para-reducir-el-ruido-y-mejorar-la-calidad-de-vida\/#primaryimage"},"image":{"@id":"https:\/\/radiociutat.com\/es\/ultimas-noticias\/cronicas\/la-canonja-impulsa-una-campana-para-reducir-el-ruido-y-mejorar-la-calidad-de-vida\/#primaryimage"},"thumbnailUrl":"https:\/\/files.radiociutat.com\/rctgn\/wp-content\/uploads\/2026\/04\/Carrer-Marina-2024-05-23-4.jpg","datePublished":"2026-04-27T14:36:22+00:00","author":{"@id":"https:\/\/radiociutat.com\/es\/#\/schema\/person\/04b6638f9d2a9ea77408db76c5d8f0b5"},"breadcrumb":{"@id":"https:\/\/radiociutat.com\/es\/ultimas-noticias\/cronicas\/la-canonja-impulsa-una-campana-para-reducir-el-ruido-y-mejorar-la-calidad-de-vida\/#breadcrumb"},"inLanguage":"es","potentialAction":[{"@type":"ReadAction","target":["https:\/\/radiociutat.com\/es\/ultimas-noticias\/cronicas\/la-canonja-impulsa-una-campana-para-reducir-el-ruido-y-mejorar-la-calidad-de-vida\/"]}]},{"@type":"ImageObject","inLanguage":"es","@id":"https:\/\/radiociutat.com\/es\/ultimas-noticias\/cronicas\/la-canonja-impulsa-una-campana-para-reducir-el-ruido-y-mejorar-la-calidad-de-vida\/#primaryimage","url":"https:\/\/files.radiociutat.com\/rctgn\/wp-content\/uploads\/2026\/04\/Carrer-Marina-2024-05-23-4.jpg","contentUrl":"https:\/\/files.radiociutat.com\/rctgn\/wp-content\/uploads\/2026\/04\/Carrer-Marina-2024-05-23-4.jpg","width":2200,"height":1500},{"@type":"BreadcrumbList","@id":"https:\/\/radiociutat.com\/es\/ultimas-noticias\/cronicas\/la-canonja-impulsa-una-campana-para-reducir-el-ruido-y-mejorar-la-calidad-de-vida\/#breadcrumb","itemListElement":[{"@type":"ListItem","position":1,"name":"Inici","item":"https:\/\/radiociutat.com\/es\/"},{"@type":"ListItem","position":2,"name":"La Canonja impulsa una campa\u00f1a para reducir el ruido y mejorar la calidad de vida"}]},{"@type":"WebSite","@id":"https:\/\/radiociutat.com\/es\/#website","url":"https:\/\/radiociutat.com\/es\/","name":"R\u00e0dio Ciutat de Tarragona","description":"R\u00e0dio Ciutat de Tarragona - RCTgn.cat R\u00e0dio Online","potentialAction":[{"@type":"SearchAction","target":{"@type":"EntryPoint","urlTemplate":"https:\/\/radiociutat.com\/es\/?s={search_term_string}"},"query-input":{"@type":"PropertyValueSpecification","valueRequired":true,"valueName":"search_term_string"}}],"inLanguage":"es"},{"@type":"Person","@id":"https:\/\/radiociutat.com\/es\/#\/schema\/person\/04b6638f9d2a9ea77408db76c5d8f0b5","name":"Redacci\u00f3","sameAs":["https:\/\/radiociutat.com\/wp-content\/uploads\/2023\/09\/LOGO-RCTGN-CUADRAT.png"],"url":"https:\/\/radiociutat.com\/es\/author\/jespinosa\/"}]}},"_links":{"self":[{"href":"https:\/\/radiociutat.com\/es\/wp-json\/wp\/v2\/posts\/378244","targetHints":{"allow":["GET"]}}],"collection":[{"href":"https:\/\/radiociutat.com\/es\/wp-json\/wp\/v2\/posts"}],"about":[{"href":"https:\/\/radiociutat.com\/es\/wp-json\/wp\/v2\/types\/post"}],"author":[{"embeddable":true,"href":"https:\/\/radiociutat.com\/es\/wp-json\/wp\/v2\/users\/1"}],"replies":[{"embeddable":true,"href":"https:\/\/radiociutat.com\/es\/wp-json\/wp\/v2\/comments?post=378244"}],"version-history":[{"count":0,"href":"https:\/\/radiociutat.com\/es\/wp-json\/wp\/v2\/posts\/378244\/revisions"}],"wp:featuredmedia":[{"embeddable":true,"href":"https:\/\/radiociutat.com\/es\/wp-json\/wp\/v2\/media\/378242"}],"wp:attachment":[{"href":"https:\/\/radiociutat.com\/es\/wp-json\/wp\/v2\/media?parent=378244"}],"wp:term":[{"taxonomy":"category","embeddable":true,"href":"https:\/\/radiociutat.com\/es\/wp-json\/wp\/v2\/categories?post=378244"},{"taxonomy":"post_tag","embeddable":true,"href":"https:\/\/radiociutat.com\/es\/wp-json\/wp\/v2\/tags?post=378244"}],"curies":[{"name":"wp","href":"https:\/\/api.w.org\/{rel}","templated":true}]}}